{"id":7021,"date":"2008-12-09T17:40:23","date_gmt":"2008-12-09T16:40:23","guid":{"rendered":"http:\/\/www.visit-ulcinj.com\/blog\/?p=7021"},"modified":"2008-12-09T17:40:23","modified_gmt":"2008-12-09T16:40:23","slug":"a-do-te-behemi-popull-pa-identitet","status":"publish","type":"post","link":"https:\/\/www.visit-ulcinj.com\/blog\/2008\/12\/09\/a-do-te-behemi-popull-pa-identitet\/","title":{"rendered":"A do t\u00eb b\u00ebhemi popull pa identitet?!"},"content":{"rendered":"<p><a href=\"http:\/\/www.visit-ulcinj.com\/blog\/wp-content\/uploads\/2008\/12\/popull-pa-identitet.jpg\"><img loading=\"lazy\" class=\"alignleft size-medium wp-image-7022\" title=\"popull-pa-identitet\" src=\"http:\/\/www.visit-ulcinj.com\/blog\/wp-content\/uploads\/2008\/12\/popull-pa-identitet.jpg\" alt=\"\" width=\"379\" height=\"286\" \/><\/a><strong>Dita kur u suprimua festa e flamurit komb\u00ebtar n\u00eb Kosov\u00eb<\/strong><br \/>\n\u00ebse kan\u00eb pasur droj\u00eb se kjo fest\u00eb \u00ebsht\u00eb fest\u00eb e Republik\u00ebs s\u00eb Shqip\u00ebris\u00eb, at\u00ebher\u00eb e kan\u00eb gabim. Dita e Flamurit nuk \u00ebsht\u00eb fest\u00eb e Shqip\u00ebris\u00eb, ajo \u00ebsht\u00eb fest\u00eb e shqiptar\u00ebve etnik\u00eb kudo n\u00eb bot\u00eb. A kemi aq pak dinjitet dhe vet\u00ebrespekt q\u00eb t\u00eb heqim dor\u00eb nga dita jon\u00eb m\u00eb e madhe.<br \/>\nSivjet, p\u00ebr t\u00eb par\u00ebn her\u00eb n\u00eb histori, n\u00eb Kosov\u00eb, Dita e Flamurit nuk sh\u00ebnohet si fest\u00eb shtet\u00ebrore, por, si &#8220;Dit\u00eb e Shqiptar\u00ebve&#8221;. Madje, as si e till\u00eb kjo nuk sh\u00ebnohet n\u00eb nivel zyrtar. \u00cbsht\u00eb dashur q\u00eb Kosova t\u00eb b\u00ebhet e lir\u00eb p\u00ebr tzu degraduar nj\u00eb nga datat q\u00eb e sh\u00ebnojn\u00eb identitetin etnik dhe kulturor t\u00eb shqiptar\u00ebve. Sa p\u00ebr k\u00ebshtu, nuk \u00ebsht\u00eb dashur t\u00eb pritet \u00e7lirimi i Kosov\u00ebs. S\u00eb paku, do t\u00eb ishin kursyer jetrat e t\u00eb gjith\u00eb atyre q\u00eb vdiq\u00ebn p\u00ebr t\u00eb. Sepse, n\u00eb fillim do ta kishin t\u00eb ditur q\u00eb n\u00eb k\u00ebt\u00eb bot\u00eb nuk ekziston asnj\u00eb ideal p\u00ebr t\u00eb cilin duhet sakrifikuar jet\u00ebn.<br \/>\nNga kush kan\u00eb pasur frik\u00eb ata t\u00eb cil\u00ebt kan\u00eb vendosur k\u00ebshtu? Mos kan\u00eb menduar se n\u00eb k\u00ebt\u00eb m\u00ebnyr\u00eb do tzia plot\u00ebsojn\u00eb d\u00ebshir\u00ebn dikujt?<br \/>\nN\u00ebse kan\u00eb pasur droj\u00eb se kjo fest\u00eb \u00ebsht\u00eb fest\u00eb e Republik\u00ebs s\u00eb Shqip\u00ebris\u00eb, at\u00ebher\u00eb e kan\u00eb gabim. Dita e Flamurit nuk \u00ebsht\u00eb fest\u00eb e Shqip\u00ebris\u00eb, ajo \u00ebsht\u00eb fest\u00eb e shqiptar\u00ebve etnik\u00eb kudo n\u00eb bot\u00eb. A kemi aq pak dinjitet dhe vet\u00ebrespekt q\u00eb t\u00eb heqim dor\u00eb nga dita jon\u00eb m\u00eb e madhe.<br \/>\nPse amerikan\u00ebt kudo n\u00eb bot\u00eb e festojn\u00eb 4 Korrikun? Po, ata jan\u00eb amerikan\u00eb, fuqi bot\u00ebrore, do t\u00eb logjikonin ata shqiptar\u00eb q\u00eb e degraduan fest\u00ebn ton\u00eb. E kush jemi ne? Ne jemi vet\u00ebm shqiptar\u00eb, logjikojn\u00eb ata.<br \/>\nTa paramendojm\u00eb q\u00eb nj\u00ebri nd\u00ebr popujt shtyll\u00eb t\u00eb civilizimit, francez\u00ebt, t\u00eb heqin dor\u00eb nga 14 korriku, dit\u00eb e r\u00ebnies s\u00eb Bastij\u00ebs. As q\u00eb mund t\u00eb paramendohet. Sepse, po t\u00eb ndodhte k\u00ebshtu, nuk do t\u00eb ishin m\u00eb francez\u00eb. A duhet tzu vij\u00eb turp gjerman\u00ebve nga himni i tyre &#8220;Deutschland ueber alles&#8221; q\u00eb ishte edhe n\u00eb koh\u00ebn e Hitlerit?! Jo! Assesi. N\u00eb mote t\u00eb mira e t\u00eb k\u00ebqija, identiteti \u00ebsht\u00eb identitet dhe nuk mund tzi ik\u00ebsh.<br \/>\nNdodhi q\u00eb derisa po shkruaja k\u00ebt\u00eb tekst n\u00eb Aj Pod (iPod) ishte bendi karakteristik irlandez &#8220;The Cranberries&#8221; dhe &#8220;Ode to my family&#8221;. M\u00eb ra nd\u00ebr mend se \u00e7far\u00eb do t\u00eb mbetej nga irlandez\u00ebt sikur t\u00eb mos ekzistonin t\u00eb gjitha ato q\u00eb e sh\u00ebnojn\u00eb identitetin irlandez: muzika e tyre karakteristike, personaliteti i Sh\u00ebn Patrikut nga shek. XII, i cili edhe sot \u00ebsht\u00eb boshti i identitetit irlandez, Bobby Sands, Bernadette Devlin, k\u00ebng\u00ebtarja Enya, festat pagane, megalitet e Stonehange-it, flamuri me ngjyr\u00eb t\u00eb gjelb\u00ebr t\u00eb kullosave irlandeze, John Kennedy president amerikan p\u00ebr t\u00eb cilin kudo n\u00eb bot\u00eb asociacioni i par\u00eb \u00ebsht\u00eb &#8220;i ri, reformist dhe irlandez&#8221;?<br \/>\nN\u00ebse jemi injorant\u00eb duhet t\u00eb m\u00ebsojm\u00eb nga t\u00eb tjer\u00ebt q\u00eb e kan\u00eb pasur fatin e ngjash\u00ebm. Nga hebrenjt\u00eb, p.sh. Askush n\u00eb bot\u00eb nuk ka pasur histori m\u00eb tragjike dhe askush nuk ka luftuar m\u00eb shum\u00eb p\u00ebr ta ruajtur identitetin e vet burimor m\u00eb mir\u00eb se ata.<br \/>\nSa identitete do tzi nd\u00ebrrojm\u00eb ne derisa t\u00eb shuhemi si etnos?! Sepse, jeta me identitet t\u00eb huaj nuk \u00ebsht\u00eb jet\u00eb. Zakonisht arsyetohemi me histori t\u00eb r\u00ebnd\u00eb. Po, edhe t\u00eb tjer\u00ebt kan\u00eb pasur histori t\u00eb r\u00ebnd\u00eb e nuk e kan\u00eb nd\u00ebrruar identitetin. Kush na pengon sot, n\u00eb nj\u00eb bot\u00eb t\u00eb lir\u00eb, ta kultivojm\u00eb identitetin burimor? Askush! Jo, neve na duket se asnj\u00ebher\u00eb nuk jemi p\u00ebrulur aq sa kemi mundur t\u00eb p\u00ebrulemi!<br \/>\nNjeriu nuk \u00ebsht\u00eb bim\u00eb as nuk \u00ebsht\u00eb shtaz\u00eb q\u00eb ta ket\u00eb nj\u00ebjt\u00eb se si do ta quajn\u00eb. Sa gj\u00ebra t\u00eb p\u00ebrbashk\u00ebta kemi ne si shqiptar\u00eb q\u00eb jetojm\u00eb n\u00eb pjes\u00ebt e ndryshme t\u00eb Ballkanit dhe t\u00eb bot\u00ebs. Pak. Nj\u00ebra nd\u00ebr ato ka qen\u00eb Dita e Flamurit. Apropo flamurit, m\u00eb duhet t\u00eb jem malicioze dhe t\u00eb konstatoj se flamuri instant i Kosov\u00ebs duket si reklam\u00eb p\u00ebr ndonj\u00eb pomp\u00eb t\u00eb benzin\u00ebs.<br \/>\nQeveria e Kosov\u00ebs po thot\u00eb k\u00ebto dit\u00eb lidhur me gjasht\u00eb pikat diskutabile t\u00eb EULEX-it, &#8220;Jo, askurr\u00eb!&#8221; Do t\u00eb shohim m\u00eb 10 dhjetor se a do t\u00eb jet\u00eb k\u00ebshtu. Sepse, p\u00ebr \u00e7far\u00eb pavar\u00ebsie mund t\u00eb flitet n\u00ebse Serbia ende i rregullon pun\u00ebt n\u00eb Kosov\u00eb!<br \/>\n<strong><span><span style=\"font-family: Verdana; font-size: x-small;\">Xhoana M. Perkaj<\/span><\/span><\/strong><strong><br \/>\nxhoanaperkaj@yahoo.com<br \/>\nKoha Javore<\/strong><\/p>\n","protected":false},"excerpt":{"rendered":"<p>Dita kur u suprimua festa e flamurit komb\u00ebtar n\u00eb Kosov\u00eb \u00ebse kan\u00eb pasur droj\u00eb se kjo fest\u00eb \u00ebsht\u00eb fest\u00eb e Republik\u00ebs s\u00eb Shqip\u00ebris\u00eb, at\u00ebher\u00eb e kan\u00eb gabim. Dita e Flamurit nuk \u00ebsht\u00eb fest\u00eb e Shqip\u00ebris\u00eb, ajo \u00ebsht\u00eb fest\u00eb e shqiptar\u00ebve etnik\u00eb kudo n\u00eb bot\u00eb. A kemi aq pak dinjitet dhe vet\u00ebrespekt q\u00eb t\u00eb heqim dor\u00eb [&hellip;]<\/p>\n","protected":false},"author":1,"featured_media":0,"comment_status":"open","ping_status":"closed","sticky":false,"template":"","format":"standard","meta":{"spay_email":"","jetpack_publicize_message":"","jetpack_is_tweetstorm":false,"jetpack_publicize_feature_enabled":true},"categories":[14],"tags":[49,95,50,18],"jetpack_publicize_connections":[],"yoast_head":"<!-- This site is optimized with the Yoast SEO plugin v19.1 - https:\/\/yoast.com\/wordpress\/plugins\/seo\/ -->\n<title>A do t\u00eb b\u00ebhemi popull pa identitet?! - Lajme nga Ulqini<\/title>\n<meta name=\"description\" content=\"Dita kur u suprimua festa e flamurit komb\u00ebtar n\u00eb Kosov\u00eb \u00ebse kan\u00eb pasur droj\u00eb se kjo fest\u00eb \u00ebsht\u00eb fest\u00eb e Republik\u00ebs s\u00eb Shqip\u00ebris\u00eb, at\u00ebher\u00eb e kan\u00eb gabim.\" \/>\n<meta name=\"robots\" content=\"index, follow, max-snippet:-1, max-image-preview:large, max-video-preview:-1\" \/>\n<link rel=\"canonical\" href=\"https:\/\/www.visit-ulcinj.com\/blog\/2008\/12\/09\/a-do-te-behemi-popull-pa-identitet\/\" \/>\n<meta property=\"og:locale\" content=\"en_US\" \/>\n<meta property=\"og:type\" content=\"article\" \/>\n<meta property=\"og:title\" content=\"A do t\u00eb b\u00ebhemi popull pa identitet?! - Lajme nga Ulqini\" \/>\n<meta property=\"og:description\" content=\"Dita kur u suprimua festa e flamurit komb\u00ebtar n\u00eb Kosov\u00eb \u00ebse kan\u00eb pasur droj\u00eb se kjo fest\u00eb \u00ebsht\u00eb fest\u00eb e Republik\u00ebs s\u00eb Shqip\u00ebris\u00eb, at\u00ebher\u00eb e kan\u00eb gabim.\" \/>\n<meta property=\"og:url\" content=\"https:\/\/www.visit-ulcinj.com\/blog\/2008\/12\/09\/a-do-te-behemi-popull-pa-identitet\/\" \/>\n<meta property=\"og:site_name\" content=\"Lajme nga Ulqini\" \/>\n<meta property=\"article:published_time\" content=\"2008-12-09T16:40:23+00:00\" \/>\n<meta property=\"og:image\" content=\"http:\/\/www.visit-ulcinj.com\/blog\/wp-content\/uploads\/2008\/12\/popull-pa-identitet.jpg\" \/>\n<meta name=\"twitter:label1\" content=\"Written by\" \/>\n\t<meta name=\"twitter:data1\" content=\"ulqini\" \/>\n\t<meta name=\"twitter:label2\" content=\"Est. reading time\" \/>\n\t<meta name=\"twitter:data2\" content=\"4 minutes\" \/>\n<script type=\"application\/ld+json\" class=\"yoast-schema-graph\">{\"@context\":\"https:\/\/schema.org\",\"@graph\":[{\"@type\":\"WebSite\",\"@id\":\"https:\/\/www.visit-ulcinj.com\/blog\/#website\",\"url\":\"https:\/\/www.visit-ulcinj.com\/blog\/\",\"name\":\"Lajme nga Ulqini\",\"description\":\"Lajme,Vijesti,Ulqini,Ulqin,Crna Gora,Mali i Zi\",\"potentialAction\":[{\"@type\":\"SearchAction\",\"target\":{\"@type\":\"EntryPoint\",\"urlTemplate\":\"https:\/\/www.visit-ulcinj.com\/blog\/?s={search_term_string}\"},\"query-input\":\"required name=search_term_string\"}],\"inLanguage\":\"en-US\"},{\"@type\":\"ImageObject\",\"inLanguage\":\"en-US\",\"@id\":\"https:\/\/www.visit-ulcinj.com\/blog\/2008\/12\/09\/a-do-te-behemi-popull-pa-identitet\/#primaryimage\",\"url\":\"http:\/\/www.visit-ulcinj.com\/blog\/wp-content\/uploads\/2008\/12\/popull-pa-identitet.jpg\",\"contentUrl\":\"http:\/\/www.visit-ulcinj.com\/blog\/wp-content\/uploads\/2008\/12\/popull-pa-identitet.jpg\"},{\"@type\":\"WebPage\",\"@id\":\"https:\/\/www.visit-ulcinj.com\/blog\/2008\/12\/09\/a-do-te-behemi-popull-pa-identitet\/#webpage\",\"url\":\"https:\/\/www.visit-ulcinj.com\/blog\/2008\/12\/09\/a-do-te-behemi-popull-pa-identitet\/\",\"name\":\"A do t\u00eb b\u00ebhemi popull pa identitet?! - Lajme nga Ulqini\",\"isPartOf\":{\"@id\":\"https:\/\/www.visit-ulcinj.com\/blog\/#website\"},\"primaryImageOfPage\":{\"@id\":\"https:\/\/www.visit-ulcinj.com\/blog\/2008\/12\/09\/a-do-te-behemi-popull-pa-identitet\/#primaryimage\"},\"datePublished\":\"2008-12-09T16:40:23+00:00\",\"dateModified\":\"2008-12-09T16:40:23+00:00\",\"author\":{\"@id\":\"https:\/\/www.visit-ulcinj.com\/blog\/#\/schema\/person\/dcab619c614d3038751c63bc2aadc06d\"},\"description\":\"Dita kur u suprimua festa e flamurit komb\u00ebtar n\u00eb Kosov\u00eb \u00ebse kan\u00eb pasur droj\u00eb se kjo fest\u00eb \u00ebsht\u00eb fest\u00eb e Republik\u00ebs s\u00eb Shqip\u00ebris\u00eb, at\u00ebher\u00eb e kan\u00eb gabim.\",\"breadcrumb\":{\"@id\":\"https:\/\/www.visit-ulcinj.com\/blog\/2008\/12\/09\/a-do-te-behemi-popull-pa-identitet\/#breadcrumb\"},\"inLanguage\":\"en-US\",\"potentialAction\":[{\"@type\":\"ReadAction\",\"target\":[\"https:\/\/www.visit-ulcinj.com\/blog\/2008\/12\/09\/a-do-te-behemi-popull-pa-identitet\/\"]}]},{\"@type\":\"BreadcrumbList\",\"@id\":\"https:\/\/www.visit-ulcinj.com\/blog\/2008\/12\/09\/a-do-te-behemi-popull-pa-identitet\/#breadcrumb\",\"itemListElement\":[{\"@type\":\"ListItem\",\"position\":1,\"name\":\"A do t\u00eb b\u00ebhemi popull pa identitet?!\"}]},{\"@type\":\"Person\",\"@id\":\"https:\/\/www.visit-ulcinj.com\/blog\/#\/schema\/person\/dcab619c614d3038751c63bc2aadc06d\",\"name\":\"ulqini\",\"sameAs\":[\"http:\/\/www.visit-ulcinj.com\"],\"url\":\"https:\/\/www.visit-ulcinj.com\/blog\/author\/admin\/\"}]}<\/script>\n<!-- \/ Yoast SEO plugin. -->","yoast_head_json":{"title":"A do t\u00eb b\u00ebhemi popull pa identitet?! - Lajme nga Ulqini","description":"Dita kur u suprimua festa e flamurit komb\u00ebtar n\u00eb Kosov\u00eb \u00ebse kan\u00eb pasur droj\u00eb se kjo fest\u00eb \u00ebsht\u00eb fest\u00eb e Republik\u00ebs s\u00eb Shqip\u00ebris\u00eb, at\u00ebher\u00eb e kan\u00eb gabim.","robots":{"index":"index","follow":"follow","max-snippet":"max-snippet:-1","max-image-preview":"max-image-preview:large","max-video-preview":"max-video-preview:-1"},"canonical":"https:\/\/www.visit-ulcinj.com\/blog\/2008\/12\/09\/a-do-te-behemi-popull-pa-identitet\/","og_locale":"en_US","og_type":"article","og_title":"A do t\u00eb b\u00ebhemi popull pa identitet?! - Lajme nga Ulqini","og_description":"Dita kur u suprimua festa e flamurit komb\u00ebtar n\u00eb Kosov\u00eb \u00ebse kan\u00eb pasur droj\u00eb se kjo fest\u00eb \u00ebsht\u00eb fest\u00eb e Republik\u00ebs s\u00eb Shqip\u00ebris\u00eb, at\u00ebher\u00eb e kan\u00eb gabim.","og_url":"https:\/\/www.visit-ulcinj.com\/blog\/2008\/12\/09\/a-do-te-behemi-popull-pa-identitet\/","og_site_name":"Lajme nga Ulqini","article_published_time":"2008-12-09T16:40:23+00:00","og_image":[{"url":"http:\/\/www.visit-ulcinj.com\/blog\/wp-content\/uploads\/2008\/12\/popull-pa-identitet.jpg"}],"twitter_misc":{"Written by":"ulqini","Est. reading time":"4 minutes"},"schema":{"@context":"https:\/\/schema.org","@graph":[{"@type":"WebSite","@id":"https:\/\/www.visit-ulcinj.com\/blog\/#website","url":"https:\/\/www.visit-ulcinj.com\/blog\/","name":"Lajme nga Ulqini","description":"Lajme,Vijesti,Ulqini,Ulqin,Crna Gora,Mali i Zi","potentialAction":[{"@type":"SearchAction","target":{"@type":"EntryPoint","urlTemplate":"https:\/\/www.visit-ulcinj.com\/blog\/?s={search_term_string}"},"query-input":"required name=search_term_string"}],"inLanguage":"en-US"},{"@type":"ImageObject","inLanguage":"en-US","@id":"https:\/\/www.visit-ulcinj.com\/blog\/2008\/12\/09\/a-do-te-behemi-popull-pa-identitet\/#primaryimage","url":"http:\/\/www.visit-ulcinj.com\/blog\/wp-content\/uploads\/2008\/12\/popull-pa-identitet.jpg","contentUrl":"http:\/\/www.visit-ulcinj.com\/blog\/wp-content\/uploads\/2008\/12\/popull-pa-identitet.jpg"},{"@type":"WebPage","@id":"https:\/\/www.visit-ulcinj.com\/blog\/2008\/12\/09\/a-do-te-behemi-popull-pa-identitet\/#webpage","url":"https:\/\/www.visit-ulcinj.com\/blog\/2008\/12\/09\/a-do-te-behemi-popull-pa-identitet\/","name":"A do t\u00eb b\u00ebhemi popull pa identitet?! - Lajme nga Ulqini","isPartOf":{"@id":"https:\/\/www.visit-ulcinj.com\/blog\/#website"},"primaryImageOfPage":{"@id":"https:\/\/www.visit-ulcinj.com\/blog\/2008\/12\/09\/a-do-te-behemi-popull-pa-identitet\/#primaryimage"},"datePublished":"2008-12-09T16:40:23+00:00","dateModified":"2008-12-09T16:40:23+00:00","author":{"@id":"https:\/\/www.visit-ulcinj.com\/blog\/#\/schema\/person\/dcab619c614d3038751c63bc2aadc06d"},"description":"Dita kur u suprimua festa e flamurit komb\u00ebtar n\u00eb Kosov\u00eb \u00ebse kan\u00eb pasur droj\u00eb se kjo fest\u00eb \u00ebsht\u00eb fest\u00eb e Republik\u00ebs s\u00eb Shqip\u00ebris\u00eb, at\u00ebher\u00eb e kan\u00eb gabim.","breadcrumb":{"@id":"https:\/\/www.visit-ulcinj.com\/blog\/2008\/12\/09\/a-do-te-behemi-popull-pa-identitet\/#breadcrumb"},"inLanguage":"en-US","potentialAction":[{"@type":"ReadAction","target":["https:\/\/www.visit-ulcinj.com\/blog\/2008\/12\/09\/a-do-te-behemi-popull-pa-identitet\/"]}]},{"@type":"BreadcrumbList","@id":"https:\/\/www.visit-ulcinj.com\/blog\/2008\/12\/09\/a-do-te-behemi-popull-pa-identitet\/#breadcrumb","itemListElement":[{"@type":"ListItem","position":1,"name":"A do t\u00eb b\u00ebhemi popull pa identitet?!"}]},{"@type":"Person","@id":"https:\/\/www.visit-ulcinj.com\/blog\/#\/schema\/person\/dcab619c614d3038751c63bc2aadc06d","name":"ulqini","sameAs":["http:\/\/www.visit-ulcinj.com"],"url":"https:\/\/www.visit-ulcinj.com\/blog\/author\/admin\/"}]}},"jetpack_featured_media_url":"","jetpack_sharing_enabled":true,"jetpack_shortlink":"https:\/\/wp.me\/pe6lTn-1Pf","_links":{"self":[{"href":"https:\/\/www.visit-ulcinj.com\/blog\/wp-json\/wp\/v2\/posts\/7021"}],"collection":[{"href":"https:\/\/www.visit-ulcinj.com\/blog\/wp-json\/wp\/v2\/posts"}],"about":[{"href":"https:\/\/www.visit-ulcinj.com\/blog\/wp-json\/wp\/v2\/types\/post"}],"author":[{"embeddable":true,"href":"https:\/\/www.visit-ulcinj.com\/blog\/wp-json\/wp\/v2\/users\/1"}],"replies":[{"embeddable":true,"href":"https:\/\/www.visit-ulcinj.com\/blog\/wp-json\/wp\/v2\/comments?post=7021"}],"version-history":[{"count":0,"href":"https:\/\/www.visit-ulcinj.com\/blog\/wp-json\/wp\/v2\/posts\/7021\/revisions"}],"wp:attachment":[{"href":"https:\/\/www.visit-ulcinj.com\/blog\/wp-json\/wp\/v2\/media?parent=7021"}],"wp:term":[{"taxonomy":"category","embeddable":true,"href":"https:\/\/www.visit-ulcinj.com\/blog\/wp-json\/wp\/v2\/categories?post=7021"},{"taxonomy":"post_tag","embeddable":true,"href":"https:\/\/www.visit-ulcinj.com\/blog\/wp-json\/wp\/v2\/tags?post=7021"}],"curies":[{"name":"wp","href":"https:\/\/api.w.org\/{rel}","templated":true}]}}