{"id":70216,"date":"2013-04-01T00:46:43","date_gmt":"2013-03-31T23:46:43","guid":{"rendered":"http:\/\/www.visit-ulcinj.com\/blog\/?p=70216"},"modified":"2013-04-04T16:08:33","modified_gmt":"2013-04-04T15:08:33","slug":"perkujtim-dhe-homazh-per-viktimat-e-tivarit-ne-tivar-31-03-2013","status":"publish","type":"post","link":"https:\/\/www.visit-ulcinj.com\/blog\/2013\/04\/01\/perkujtim-dhe-homazh-per-viktimat-e-tivarit-ne-tivar-31-03-2013\/","title":{"rendered":"P\u00ebrkujtim dhe homazh p\u00ebr viktimat e Tivarit n\u00eb Tivar 31.03.2013"},"content":{"rendered":"<p><a href=\"http:\/\/www.visit-ulcinj.com\/blog\/wp-content\/uploads\/2013\/04\/Homazh-per-viktimat-e-Tivarit-ne-Tivar.jpg\"><img loading=\"lazy\" class=\"alignleft  wp-image-70217\" alt=\"Homazh per viktimat e Tivarit ne Tivar\" src=\"http:\/\/www.visit-ulcinj.com\/blog\/wp-content\/uploads\/2013\/04\/Homazh-per-viktimat-e-Tivarit-ne-Tivar.jpg\" width=\"508\" height=\"360\" \/><\/a>Konferenca i zhvilloi punimet n\u00eb dy seanca, ku mor\u00ebn pjes\u00eb shum\u00eb studiues t\u00eb njohur nga Shqip\u00ebria, Kosova, Maqedonia dhe Mali i Zi. U lexuan 16 kumtesa interesante n\u00eb lidhje me k\u00ebt\u00eb ngjarje t\u00eb r\u00ebnd\u00eb tragjike p\u00ebr shqiptar\u00ebt q\u00eb ndodhi 68 vite m\u00eb par\u00eb. Konferenca do t\u00eb vazhdoj\u00eb me punimet e veta edhe sot, m\u00eb 31 mars 2013.<br \/>\n<a href=\"http:\/\/www.visit-ulcinj.com\/blog\/wp-content\/uploads\/2013\/04\/fabrika-e-duvanit-Masakra-e-Tivarit.jpg\"><img loading=\"lazy\" class=\"alignleft size-full wp-image-70247\" alt=\"fabrika e duvanit-Masakra e Tivarit\" src=\"http:\/\/www.visit-ulcinj.com\/blog\/wp-content\/uploads\/2013\/04\/fabrika-e-duvanit-Masakra-e-Tivarit.jpg\" width=\"508\" height=\"300\" \/><\/a><br \/>\nPas p\u00ebrfundimit t\u00eb Konferenc\u00ebs Shkencore ,,Masakra e Tivarit 1945\u2033, sot m\u00eb 31 mars 2012 studiuesit t\u00eb njohur nga Shqip\u00ebria, Kosova, Maqedonia dhe Mali i Zi shkuan edhe n\u00eb Tivar, t\u00eb Monopoli i duhanit, n\u00eb Breg t\u00eb Tivarit, aty ku ndodhi kjo masak\u00ebr dhe u vendosen nj\u00eb kuror\u00eb me lule. Ishte kjo Konferenca e par\u00eb q\u00eb organizohet p\u00ebr k\u00ebt\u00eb ngjarje t\u00eb dhimbshme, p\u00ebr k\u00ebt\u00eb masak\u00ebr, p\u00ebr k\u00ebt\u00eb gjenocid t\u00eb papar\u00eb ndaj trimave kosovar\u00eb.<\/p>\n<p><a href=\"http:\/\/www.visit-ulcinj.com\/blog\/wp-content\/uploads\/2013\/04\/Homazh-per-viktimat-e-Tivarit-ne-Tivar.26.jpg\"><img loading=\"lazy\" class=\"alignleft size-full wp-image-70242\" alt=\"Homazh per viktimat e Tivarit ne Tivar.26\" src=\"http:\/\/www.visit-ulcinj.com\/blog\/wp-content\/uploads\/2013\/04\/Homazh-per-viktimat-e-Tivarit-ne-Tivar.26.jpg\" width=\"508\" height=\"300\" \/><\/a><br \/>\nPrandaj edhe kjo dit\u00eb k\u00ebtu n\u00eb Ulqin dhe Tivar mund t\u00eb cil\u00ebsohet si nj\u00eb vazhdim\u00ebsi e k\u00ebsaj veprimtarie n\u00eb trevat e tjera shqiptare p\u00ebr t\u00eb p\u00ebrkujtuar Masakr\u00ebn e Tivarit, k\u00ebt\u00eb ngjarje t\u00eb r\u00ebnd\u00eb tragjike p\u00ebr shqiptar\u00ebt q\u00eb ndodhi 68 vite m\u00eb par\u00eb. Jo m\u00eb kot \u00ebsht\u00eb zgjedhur 31 marsi p\u00ebr t\u00eb b\u00ebr\u00eb &#8221; P\u00ebrkujtim dhe homazh p\u00ebr viktimat e Tivarit &#8220;. Kjo dat\u00eb p\u00ebrkon me dit\u00ebn e kryerjes s\u00eb krimit ndaj t\u00eb rinjve shqiptar\u00eb nga Kosova, t\u00eb mobilizuar me dhun\u00eb nga Ushtria jugosllave.<\/p>\n<p><a href=\"https:\/\/www.facebook.com\/media\/set\/?set=a.325909520845733.1073741862.100002800640206&amp;type=3\" target=\"_blank\"><strong>P\u00ebr m\u00eb teper Fotografi Bahri Brisku Facebook<\/strong><\/a><br \/>\n\n\t\t<style type=\"text\/css\">\n\t\t\t#gallery-1 {\n\t\t\t\tmargin: auto;\n\t\t\t}\n\t\t\t#gallery-1 .gallery-item {\n\t\t\t\tfloat: left;\n\t\t\t\tmargin-top: 10px;\n\t\t\t\ttext-align: center;\n\t\t\t\twidth: 33%;\n\t\t\t}\n\t\t\t#gallery-1 img {\n\t\t\t\tborder: 2px solid #cfcfcf;\n\t\t\t}\n\t\t\t#gallery-1 .gallery-caption {\n\t\t\t\tmargin-left: 0;\n\t\t\t}\n\t\t\t\/* see gallery_shortcode() in wp-includes\/media.php *\/\n\t\t<\/style>\n\t\t<div id='gallery-1' class='gallery galleryid-70216 gallery-columns-3 gallery-size-thumbnail'><dl class='gallery-item'>\n\t\t\t<dt class='gallery-icon landscape'>\n\t\t\t\t<a href='https:\/\/www.visit-ulcinj.com\/blog\/2013\/04\/01\/perkujtim-dhe-homazh-per-viktimat-e-tivarit-ne-tivar-31-03-2013\/fabrika-e-duvanit-masakra-e-tivarit-1\/'><img width=\"150\" height=\"150\" src=\"https:\/\/www.visit-ulcinj.com\/blog\/wp-content\/uploads\/2013\/04\/fabrika-e-duvanit-Masakra-e-Tivarit.1-150x150.jpg\" class=\"attachment-thumbnail size-thumbnail\" alt=\"\" loading=\"lazy\" \/><\/a>\n\t\t\t<\/dt><\/dl><dl class='gallery-item'>\n\t\t\t<dt class='gallery-icon landscape'>\n\t\t\t\t<a href='https:\/\/www.visit-ulcinj.com\/blog\/2013\/04\/01\/perkujtim-dhe-homazh-per-viktimat-e-tivarit-ne-tivar-31-03-2013\/homazh-per-viktimat-e-tivarit-ne-tivar-28\/'><img width=\"150\" height=\"150\" src=\"https:\/\/www.visit-ulcinj.com\/blog\/wp-content\/uploads\/2013\/04\/Homazh-per-viktimat-e-Tivarit-ne-Tivar.28-150x150.jpg\" class=\"attachment-thumbnail size-thumbnail\" alt=\"\" loading=\"lazy\" \/><\/a>\n\t\t\t<\/dt><\/dl><dl class='gallery-item'>\n\t\t\t<dt class='gallery-icon landscape'>\n\t\t\t\t<a href='https:\/\/www.visit-ulcinj.com\/blog\/2013\/04\/01\/perkujtim-dhe-homazh-per-viktimat-e-tivarit-ne-tivar-31-03-2013\/homazh-per-viktimat-e-tivarit-ne-tivar-27\/'><img width=\"150\" height=\"150\" src=\"https:\/\/www.visit-ulcinj.com\/blog\/wp-content\/uploads\/2013\/04\/Homazh-per-viktimat-e-Tivarit-ne-Tivar.27-150x150.jpg\" class=\"attachment-thumbnail size-thumbnail\" alt=\"\" loading=\"lazy\" \/><\/a>\n\t\t\t<\/dt><\/dl><br style=\"clear: both\" \/><dl class='gallery-item'>\n\t\t\t<dt class='gallery-icon landscape'>\n\t\t\t\t<a href='https:\/\/www.visit-ulcinj.com\/blog\/2013\/04\/01\/perkujtim-dhe-homazh-per-viktimat-e-tivarit-ne-tivar-31-03-2013\/homazh-per-viktimat-e-tivarit-ne-tivar-26\/'><img width=\"150\" height=\"150\" src=\"https:\/\/www.visit-ulcinj.com\/blog\/wp-content\/uploads\/2013\/04\/Homazh-per-viktimat-e-Tivarit-ne-Tivar.26-150x150.jpg\" class=\"attachment-thumbnail size-thumbnail\" alt=\"\" loading=\"lazy\" \/><\/a>\n\t\t\t<\/dt><\/dl><dl class='gallery-item'>\n\t\t\t<dt class='gallery-icon landscape'>\n\t\t\t\t<a href='https:\/\/www.visit-ulcinj.com\/blog\/2013\/04\/01\/perkujtim-dhe-homazh-per-viktimat-e-tivarit-ne-tivar-31-03-2013\/homazh-per-viktimat-e-tivarit-ne-tivar-25\/'><img width=\"150\" height=\"150\" src=\"https:\/\/www.visit-ulcinj.com\/blog\/wp-content\/uploads\/2013\/04\/Homazh-per-viktimat-e-Tivarit-ne-Tivar.25-150x150.jpg\" class=\"attachment-thumbnail size-thumbnail\" alt=\"\" loading=\"lazy\" \/><\/a>\n\t\t\t<\/dt><\/dl><dl class='gallery-item'>\n\t\t\t<dt class='gallery-icon landscape'>\n\t\t\t\t<a href='https:\/\/www.visit-ulcinj.com\/blog\/2013\/04\/01\/perkujtim-dhe-homazh-per-viktimat-e-tivarit-ne-tivar-31-03-2013\/homazh-per-viktimat-e-tivarit-ne-tivar-24\/'><img width=\"150\" height=\"150\" src=\"https:\/\/www.visit-ulcinj.com\/blog\/wp-content\/uploads\/2013\/04\/Homazh-per-viktimat-e-Tivarit-ne-Tivar.24-150x150.jpg\" class=\"attachment-thumbnail size-thumbnail\" alt=\"\" loading=\"lazy\" \/><\/a>\n\t\t\t<\/dt><\/dl><br style=\"clear: both\" \/><dl class='gallery-item'>\n\t\t\t<dt class='gallery-icon landscape'>\n\t\t\t\t<a href='https:\/\/www.visit-ulcinj.com\/blog\/2013\/04\/01\/perkujtim-dhe-homazh-per-viktimat-e-tivarit-ne-tivar-31-03-2013\/homazh-per-viktimat-e-tivarit-ne-tivar-23\/'><img width=\"150\" height=\"150\" src=\"https:\/\/www.visit-ulcinj.com\/blog\/wp-content\/uploads\/2013\/04\/Homazh-per-viktimat-e-Tivarit-ne-Tivar.23-150x150.jpg\" class=\"attachment-thumbnail size-thumbnail\" alt=\"\" loading=\"lazy\" \/><\/a>\n\t\t\t<\/dt><\/dl><dl class='gallery-item'>\n\t\t\t<dt class='gallery-icon landscape'>\n\t\t\t\t<a href='https:\/\/www.visit-ulcinj.com\/blog\/2013\/04\/01\/perkujtim-dhe-homazh-per-viktimat-e-tivarit-ne-tivar-31-03-2013\/fabrika-e-duvanit-masakra-e-tivarit\/'><img width=\"150\" height=\"150\" src=\"https:\/\/www.visit-ulcinj.com\/blog\/wp-content\/uploads\/2013\/04\/fabrika-e-duvanit-Masakra-e-Tivarit-150x150.jpg\" class=\"attachment-thumbnail size-thumbnail\" alt=\"\" loading=\"lazy\" \/><\/a>\n\t\t\t<\/dt><\/dl><dl class='gallery-item'>\n\t\t\t<dt class='gallery-icon landscape'>\n\t\t\t\t<a href='https:\/\/www.visit-ulcinj.com\/blog\/2013\/04\/01\/perkujtim-dhe-homazh-per-viktimat-e-tivarit-ne-tivar-31-03-2013\/homazh-per-viktimat-e-tivarit-ne-tivar-22\/'><img width=\"150\" height=\"150\" src=\"https:\/\/www.visit-ulcinj.com\/blog\/wp-content\/uploads\/2013\/04\/Homazh-per-viktimat-e-Tivarit-ne-Tivar.22-150x150.jpg\" class=\"attachment-thumbnail size-thumbnail\" alt=\"\" loading=\"lazy\" \/><\/a>\n\t\t\t<\/dt><\/dl><br style=\"clear: both\" \/><dl class='gallery-item'>\n\t\t\t<dt class='gallery-icon landscape'>\n\t\t\t\t<a href='https:\/\/www.visit-ulcinj.com\/blog\/2013\/04\/01\/perkujtim-dhe-homazh-per-viktimat-e-tivarit-ne-tivar-31-03-2013\/homazh-per-viktimat-e-tivarit-ne-tivar-21\/'><img width=\"150\" height=\"150\" src=\"https:\/\/www.visit-ulcinj.com\/blog\/wp-content\/uploads\/2013\/04\/Homazh-per-viktimat-e-Tivarit-ne-Tivar.21-150x150.jpg\" class=\"attachment-thumbnail size-thumbnail\" alt=\"\" loading=\"lazy\" \/><\/a>\n\t\t\t<\/dt><\/dl><dl class='gallery-item'>\n\t\t\t<dt class='gallery-icon landscape'>\n\t\t\t\t<a href='https:\/\/www.visit-ulcinj.com\/blog\/2013\/04\/01\/perkujtim-dhe-homazh-per-viktimat-e-tivarit-ne-tivar-31-03-2013\/homazh-per-viktimat-e-tivarit-ne-tivar-20\/'><img width=\"150\" height=\"150\" src=\"https:\/\/www.visit-ulcinj.com\/blog\/wp-content\/uploads\/2013\/04\/Homazh-per-viktimat-e-Tivarit-ne-Tivar.20-150x150.jpg\" class=\"attachment-thumbnail size-thumbnail\" alt=\"\" loading=\"lazy\" \/><\/a>\n\t\t\t<\/dt><\/dl><dl class='gallery-item'>\n\t\t\t<dt class='gallery-icon landscape'>\n\t\t\t\t<a href='https:\/\/www.visit-ulcinj.com\/blog\/2013\/04\/01\/perkujtim-dhe-homazh-per-viktimat-e-tivarit-ne-tivar-31-03-2013\/homazh-per-viktimat-e-tivarit-ne-tivar-19\/'><img width=\"150\" height=\"150\" src=\"https:\/\/www.visit-ulcinj.com\/blog\/wp-content\/uploads\/2013\/04\/Homazh-per-viktimat-e-Tivarit-ne-Tivar.19-150x150.jpg\" class=\"attachment-thumbnail size-thumbnail\" alt=\"\" loading=\"lazy\" \/><\/a>\n\t\t\t<\/dt><\/dl><br style=\"clear: both\" \/><dl class='gallery-item'>\n\t\t\t<dt class='gallery-icon landscape'>\n\t\t\t\t<a href='https:\/\/www.visit-ulcinj.com\/blog\/2013\/04\/01\/perkujtim-dhe-homazh-per-viktimat-e-tivarit-ne-tivar-31-03-2013\/homazh-per-viktimat-e-tivarit-ne-tivar-18\/'><img width=\"150\" height=\"150\" src=\"https:\/\/www.visit-ulcinj.com\/blog\/wp-content\/uploads\/2013\/04\/Homazh-per-viktimat-e-Tivarit-ne-Tivar.18-150x150.jpg\" class=\"attachment-thumbnail size-thumbnail\" alt=\"\" loading=\"lazy\" \/><\/a>\n\t\t\t<\/dt><\/dl><dl class='gallery-item'>\n\t\t\t<dt class='gallery-icon landscape'>\n\t\t\t\t<a href='https:\/\/www.visit-ulcinj.com\/blog\/2013\/04\/01\/perkujtim-dhe-homazh-per-viktimat-e-tivarit-ne-tivar-31-03-2013\/homazh-per-viktimat-e-tivarit-ne-tivar-17\/'><img width=\"150\" height=\"150\" src=\"https:\/\/www.visit-ulcinj.com\/blog\/wp-content\/uploads\/2013\/04\/Homazh-per-viktimat-e-Tivarit-ne-Tivar.17-150x150.jpg\" class=\"attachment-thumbnail size-thumbnail\" alt=\"\" loading=\"lazy\" \/><\/a>\n\t\t\t<\/dt><\/dl><dl class='gallery-item'>\n\t\t\t<dt class='gallery-icon landscape'>\n\t\t\t\t<a href='https:\/\/www.visit-ulcinj.com\/blog\/2013\/04\/01\/perkujtim-dhe-homazh-per-viktimat-e-tivarit-ne-tivar-31-03-2013\/homazh-per-viktimat-e-tivarit-ne-tivar-16\/'><img width=\"150\" height=\"150\" src=\"https:\/\/www.visit-ulcinj.com\/blog\/wp-content\/uploads\/2013\/04\/Homazh-per-viktimat-e-Tivarit-ne-Tivar.16-150x150.jpg\" class=\"attachment-thumbnail size-thumbnail\" alt=\"\" loading=\"lazy\" \/><\/a>\n\t\t\t<\/dt><\/dl><br style=\"clear: both\" \/><dl class='gallery-item'>\n\t\t\t<dt class='gallery-icon landscape'>\n\t\t\t\t<a href='https:\/\/www.visit-ulcinj.com\/blog\/2013\/04\/01\/perkujtim-dhe-homazh-per-viktimat-e-tivarit-ne-tivar-31-03-2013\/homazh-per-viktimat-e-tivarit-ne-tivar-12\/'><img width=\"150\" height=\"150\" src=\"https:\/\/www.visit-ulcinj.com\/blog\/wp-content\/uploads\/2013\/04\/Homazh-per-viktimat-e-Tivarit-ne-Tivar.12-150x150.jpg\" class=\"attachment-thumbnail size-thumbnail\" alt=\"\" loading=\"lazy\" \/><\/a>\n\t\t\t<\/dt><\/dl><dl class='gallery-item'>\n\t\t\t<dt class='gallery-icon landscape'>\n\t\t\t\t<a href='https:\/\/www.visit-ulcinj.com\/blog\/2013\/04\/01\/perkujtim-dhe-homazh-per-viktimat-e-tivarit-ne-tivar-31-03-2013\/homazh-per-viktimat-e-tivarit-ne-tivar-13\/'><img width=\"150\" height=\"150\" src=\"https:\/\/www.visit-ulcinj.com\/blog\/wp-content\/uploads\/2013\/04\/Homazh-per-viktimat-e-Tivarit-ne-Tivar.13-150x150.jpg\" class=\"attachment-thumbnail size-thumbnail\" alt=\"\" loading=\"lazy\" \/><\/a>\n\t\t\t<\/dt><\/dl><dl class='gallery-item'>\n\t\t\t<dt class='gallery-icon landscape'>\n\t\t\t\t<a href='https:\/\/www.visit-ulcinj.com\/blog\/2013\/04\/01\/perkujtim-dhe-homazh-per-viktimat-e-tivarit-ne-tivar-31-03-2013\/homazh-per-viktimat-e-tivarit-ne-tivar-14\/'><img width=\"150\" height=\"150\" src=\"https:\/\/www.visit-ulcinj.com\/blog\/wp-content\/uploads\/2013\/04\/Homazh-per-viktimat-e-Tivarit-ne-Tivar.14-150x150.jpg\" class=\"attachment-thumbnail size-thumbnail\" alt=\"\" loading=\"lazy\" \/><\/a>\n\t\t\t<\/dt><\/dl><br style=\"clear: both\" \/><dl class='gallery-item'>\n\t\t\t<dt class='gallery-icon landscape'>\n\t\t\t\t<a href='https:\/\/www.visit-ulcinj.com\/blog\/2013\/04\/01\/perkujtim-dhe-homazh-per-viktimat-e-tivarit-ne-tivar-31-03-2013\/homazh-per-viktimat-e-tivarit-ne-tivar-15\/'><img width=\"150\" height=\"150\" src=\"https:\/\/www.visit-ulcinj.com\/blog\/wp-content\/uploads\/2013\/04\/Homazh-per-viktimat-e-Tivarit-ne-Tivar.15-150x150.jpg\" class=\"attachment-thumbnail size-thumbnail\" alt=\"\" loading=\"lazy\" \/><\/a>\n\t\t\t<\/dt><\/dl><dl class='gallery-item'>\n\t\t\t<dt class='gallery-icon landscape'>\n\t\t\t\t<a href='https:\/\/www.visit-ulcinj.com\/blog\/2013\/04\/01\/perkujtim-dhe-homazh-per-viktimat-e-tivarit-ne-tivar-31-03-2013\/homazh-per-viktimat-e-tivarit-ne-tivar-1\/'><img width=\"150\" height=\"150\" src=\"https:\/\/www.visit-ulcinj.com\/blog\/wp-content\/uploads\/2013\/04\/Homazh-per-viktimat-e-Tivarit-ne-Tivar.1-150x150.jpg\" class=\"attachment-thumbnail size-thumbnail\" alt=\"\" loading=\"lazy\" \/><\/a>\n\t\t\t<\/dt><\/dl><dl class='gallery-item'>\n\t\t\t<dt class='gallery-icon landscape'>\n\t\t\t\t<a href='https:\/\/www.visit-ulcinj.com\/blog\/2013\/04\/01\/perkujtim-dhe-homazh-per-viktimat-e-tivarit-ne-tivar-31-03-2013\/homazh-per-viktimat-e-tivarit-ne-tivar-11\/'><img width=\"150\" height=\"150\" src=\"https:\/\/www.visit-ulcinj.com\/blog\/wp-content\/uploads\/2013\/04\/Homazh-per-viktimat-e-Tivarit-ne-Tivar.11-150x150.jpg\" class=\"attachment-thumbnail size-thumbnail\" alt=\"\" loading=\"lazy\" \/><\/a>\n\t\t\t<\/dt><\/dl><br style=\"clear: both\" \/><dl class='gallery-item'>\n\t\t\t<dt class='gallery-icon landscape'>\n\t\t\t\t<a href='https:\/\/www.visit-ulcinj.com\/blog\/2013\/04\/01\/perkujtim-dhe-homazh-per-viktimat-e-tivarit-ne-tivar-31-03-2013\/homazh-per-viktimat-e-tivarit-ne-tivar-10\/'><img width=\"150\" height=\"150\" src=\"https:\/\/www.visit-ulcinj.com\/blog\/wp-content\/uploads\/2013\/04\/Homazh-per-viktimat-e-Tivarit-ne-Tivar.10-150x150.jpg\" class=\"attachment-thumbnail size-thumbnail\" alt=\"\" loading=\"lazy\" \/><\/a>\n\t\t\t<\/dt><\/dl><dl class='gallery-item'>\n\t\t\t<dt class='gallery-icon landscape'>\n\t\t\t\t<a href='https:\/\/www.visit-ulcinj.com\/blog\/2013\/04\/01\/perkujtim-dhe-homazh-per-viktimat-e-tivarit-ne-tivar-31-03-2013\/homazh-per-viktimat-e-tivarit-ne-tivar-9\/'><img width=\"150\" height=\"150\" src=\"https:\/\/www.visit-ulcinj.com\/blog\/wp-content\/uploads\/2013\/04\/Homazh-per-viktimat-e-Tivarit-ne-Tivar.9-150x150.jpg\" class=\"attachment-thumbnail size-thumbnail\" alt=\"\" loading=\"lazy\" \/><\/a>\n\t\t\t<\/dt><\/dl><dl class='gallery-item'>\n\t\t\t<dt class='gallery-icon landscape'>\n\t\t\t\t<a href='https:\/\/www.visit-ulcinj.com\/blog\/2013\/04\/01\/perkujtim-dhe-homazh-per-viktimat-e-tivarit-ne-tivar-31-03-2013\/homazh-per-viktimat-e-tivarit-ne-tivar-8\/'><img width=\"150\" height=\"150\" src=\"https:\/\/www.visit-ulcinj.com\/blog\/wp-content\/uploads\/2013\/04\/Homazh-per-viktimat-e-Tivarit-ne-Tivar.8-150x150.jpg\" class=\"attachment-thumbnail size-thumbnail\" alt=\"\" loading=\"lazy\" \/><\/a>\n\t\t\t<\/dt><\/dl><br style=\"clear: both\" \/><dl class='gallery-item'>\n\t\t\t<dt class='gallery-icon landscape'>\n\t\t\t\t<a href='https:\/\/www.visit-ulcinj.com\/blog\/2013\/04\/01\/perkujtim-dhe-homazh-per-viktimat-e-tivarit-ne-tivar-31-03-2013\/homazh-per-viktimat-e-tivarit-ne-tivar-7\/'><img width=\"150\" height=\"150\" src=\"https:\/\/www.visit-ulcinj.com\/blog\/wp-content\/uploads\/2013\/04\/Homazh-per-viktimat-e-Tivarit-ne-Tivar.7-150x150.jpg\" class=\"attachment-thumbnail size-thumbnail\" alt=\"\" loading=\"lazy\" \/><\/a>\n\t\t\t<\/dt><\/dl><dl class='gallery-item'>\n\t\t\t<dt class='gallery-icon landscape'>\n\t\t\t\t<a href='https:\/\/www.visit-ulcinj.com\/blog\/2013\/04\/01\/perkujtim-dhe-homazh-per-viktimat-e-tivarit-ne-tivar-31-03-2013\/homazh-per-viktimat-e-tivarit-ne-tivar-6\/'><img width=\"150\" height=\"150\" src=\"https:\/\/www.visit-ulcinj.com\/blog\/wp-content\/uploads\/2013\/04\/Homazh-per-viktimat-e-Tivarit-ne-Tivar.6-150x150.jpg\" class=\"attachment-thumbnail size-thumbnail\" alt=\"\" loading=\"lazy\" \/><\/a>\n\t\t\t<\/dt><\/dl><dl class='gallery-item'>\n\t\t\t<dt class='gallery-icon landscape'>\n\t\t\t\t<a href='https:\/\/www.visit-ulcinj.com\/blog\/2013\/04\/01\/perkujtim-dhe-homazh-per-viktimat-e-tivarit-ne-tivar-31-03-2013\/homazh-per-viktimat-e-tivarit-ne-tivar-5\/'><img width=\"150\" height=\"150\" src=\"https:\/\/www.visit-ulcinj.com\/blog\/wp-content\/uploads\/2013\/04\/Homazh-per-viktimat-e-Tivarit-ne-Tivar.5-150x150.jpg\" class=\"attachment-thumbnail size-thumbnail\" alt=\"\" loading=\"lazy\" \/><\/a>\n\t\t\t<\/dt><\/dl><br style=\"clear: both\" \/><dl class='gallery-item'>\n\t\t\t<dt class='gallery-icon landscape'>\n\t\t\t\t<a href='https:\/\/www.visit-ulcinj.com\/blog\/2013\/04\/01\/perkujtim-dhe-homazh-per-viktimat-e-tivarit-ne-tivar-31-03-2013\/homazh-per-viktimat-e-tivarit-ne-tivar-4\/'><img width=\"150\" height=\"150\" src=\"https:\/\/www.visit-ulcinj.com\/blog\/wp-content\/uploads\/2013\/04\/Homazh-per-viktimat-e-Tivarit-ne-Tivar.4-150x150.jpg\" class=\"attachment-thumbnail size-thumbnail\" alt=\"\" loading=\"lazy\" \/><\/a>\n\t\t\t<\/dt><\/dl><dl class='gallery-item'>\n\t\t\t<dt class='gallery-icon landscape'>\n\t\t\t\t<a href='https:\/\/www.visit-ulcinj.com\/blog\/2013\/04\/01\/perkujtim-dhe-homazh-per-viktimat-e-tivarit-ne-tivar-31-03-2013\/homazh-per-viktimat-e-tivarit-ne-tivar-3\/'><img width=\"150\" height=\"150\" src=\"https:\/\/www.visit-ulcinj.com\/blog\/wp-content\/uploads\/2013\/04\/Homazh-per-viktimat-e-Tivarit-ne-Tivar.3-150x150.jpg\" class=\"attachment-thumbnail size-thumbnail\" alt=\"\" loading=\"lazy\" \/><\/a>\n\t\t\t<\/dt><\/dl><dl class='gallery-item'>\n\t\t\t<dt class='gallery-icon landscape'>\n\t\t\t\t<a href='https:\/\/www.visit-ulcinj.com\/blog\/2013\/04\/01\/perkujtim-dhe-homazh-per-viktimat-e-tivarit-ne-tivar-31-03-2013\/homazh-per-viktimat-e-tivarit-ne-tivar-2\/'><img width=\"150\" height=\"150\" src=\"https:\/\/www.visit-ulcinj.com\/blog\/wp-content\/uploads\/2013\/04\/Homazh-per-viktimat-e-Tivarit-ne-Tivar.2-150x150.jpg\" class=\"attachment-thumbnail size-thumbnail\" alt=\"\" loading=\"lazy\" \/><\/a>\n\t\t\t<\/dt><\/dl><br style=\"clear: both\" \/>\n\t\t<\/div>\n<\/p>\n","protected":false},"excerpt":{"rendered":"<p>Konferenca i zhvilloi punimet n\u00eb dy seanca, ku mor\u00ebn pjes\u00eb shum\u00eb studiues t\u00eb njohur nga Shqip\u00ebria, Kosova, Maqedonia dhe Mali i Zi. U lexuan 16 kumtesa interesante n\u00eb lidhje me k\u00ebt\u00eb ngjarje t\u00eb r\u00ebnd\u00eb tragjike p\u00ebr shqiptar\u00ebt q\u00eb ndodhi 68 vite m\u00eb par\u00eb. Konferenca do t\u00eb vazhdoj\u00eb me punimet e veta edhe sot, m\u00eb 31 [&hellip;]<\/p>\n","protected":false},"author":1,"featured_media":0,"comment_status":"open","ping_status":"closed","sticky":false,"template":"","format":"standard","meta":{"spay_email":"","jetpack_publicize_message":"","jetpack_is_tweetstorm":false,"jetpack_publicize_feature_enabled":true},"categories":[1,12],"tags":[21512,21521,212,21522,17828,21239,17834,3382,21237,18370,17811,21523,21242,20884,7930,17831,18362,14353,17808,14354,12340,17840,17839,17468,8161,18363,21524,21221,21525,21222,18532,17835,21240,17814,17810,17816,2326,17071,2319,21246,10400,17807,21526,21253,21468,21469,19517,3516,14652,17837,2322,10529,17827,18023,21219,21907,21416,8470,21244,21906,21494,2338,21238,21905,21527,21248,14358,21528,222,2321,17802,17812,17803,2323,3584,17820,1499,21236,21250,21529,17825,21530,17817,21531,21973,17805,21252,3169,305,21251,840,17823,2325,17832,3506,17818,3499,214,21231,3993,21892,5913,17680,2327,14362,21532,14363,18371,21493,21230,21241,21513,21533,3507,730,21471,21249,17800,498,3500,21421,21534,21228,21255,115,14364,21234,18694,21254,21535,21536,21223,21418,21537,17799,21538,3327,21226,17841,3944,17826,15213,18236,3512,17806,21539,18399,11648,18289,21233,21540,17838,499,21541,95,2331,21542,21543,2348,21427,17813,21544,17804,21545,15141,347,21546,19495,17836,14366,21547,21510,2332,3875,79,17073,18294,612,318,118,18368,18369,21417,21891,21257,21258,1653,21420,21426,21419,21548,2304,21261,2360,21232,1909,21972,21549,21550,21551,16430,21243,21224,14367,500,21552,21553,21235,13393,2354,5380,21554,17801,2306,2334,2335,21470,18360,21227,21950,3577,17822,14368,14369,21555,208,21225,21492,18527,17824,14370,4244,21247,18291,16228,21556,21259,2083,3231,14371,21220,41,3617,5040,3582,2350,3722,21260,2310,14372,17844,17821,2312,21557,5589,18372,21256,17830,17077,2800,18295,14375,17833,17829,899,21245,20894,2337,3797,3583,1655,21558,21559,21229,21560,200,18,21785,21786,10421,17819,21561,21974,21562,2339,4243,16445,3333,17809,21563,2340,4265,14376],"jetpack_publicize_connections":[],"yoast_head":"<!-- This site is optimized with the Yoast SEO plugin v19.1 - https:\/\/yoast.com\/wordpress\/plugins\/seo\/ -->\n<title>P\u00ebrkujtim dhe homazh p\u00ebr viktimat e Tivarit n\u00eb Tivar 31.03.2013 - Lajme nga Ulqini<\/title>\n<meta name=\"description\" content=\"Konferenca i zhvilloi punimet n\u00eb dy seanca, ku mor\u00ebn pjes\u00eb shum\u00eb studiues t\u00eb njohur nga Shqip\u00ebria, Kosova, Maqedonia dhe Mali i Zi. U lexuan 16 kumtesa\" \/>\n<meta name=\"robots\" content=\"index, follow, max-snippet:-1, max-image-preview:large, max-video-preview:-1\" \/>\n<link rel=\"canonical\" href=\"https:\/\/www.visit-ulcinj.com\/blog\/2013\/04\/01\/perkujtim-dhe-homazh-per-viktimat-e-tivarit-ne-tivar-31-03-2013\/\" \/>\n<meta property=\"og:locale\" content=\"en_US\" \/>\n<meta property=\"og:type\" content=\"article\" \/>\n<meta property=\"og:title\" content=\"P\u00ebrkujtim dhe homazh p\u00ebr viktimat e Tivarit n\u00eb Tivar 31.03.2013 - Lajme nga Ulqini\" \/>\n<meta property=\"og:description\" content=\"Konferenca i zhvilloi punimet n\u00eb dy seanca, ku mor\u00ebn pjes\u00eb shum\u00eb studiues t\u00eb njohur nga Shqip\u00ebria, Kosova, Maqedonia dhe Mali i Zi. U lexuan 16 kumtesa\" \/>\n<meta property=\"og:url\" content=\"https:\/\/www.visit-ulcinj.com\/blog\/2013\/04\/01\/perkujtim-dhe-homazh-per-viktimat-e-tivarit-ne-tivar-31-03-2013\/\" \/>\n<meta property=\"og:site_name\" content=\"Lajme nga Ulqini\" \/>\n<meta property=\"article:published_time\" content=\"2013-03-31T23:46:43+00:00\" \/>\n<meta property=\"article:modified_time\" content=\"2013-04-04T15:08:33+00:00\" \/>\n<meta property=\"og:image\" content=\"https:\/\/www.visit-ulcinj.com\/blog\/wp-content\/uploads\/2013\/04\/fabrika-e-duvanit-Masakra-e-Tivarit.1-150x150.jpg\" \/>\n<meta name=\"twitter:label1\" content=\"Written by\" \/>\n\t<meta name=\"twitter:data1\" content=\"ulqini\" \/>\n\t<meta name=\"twitter:label2\" content=\"Est. reading time\" \/>\n\t<meta name=\"twitter:data2\" content=\"1 minute\" \/>\n<script type=\"application\/ld+json\" class=\"yoast-schema-graph\">{\"@context\":\"https:\/\/schema.org\",\"@graph\":[{\"@type\":\"WebSite\",\"@id\":\"https:\/\/www.visit-ulcinj.com\/blog\/#website\",\"url\":\"https:\/\/www.visit-ulcinj.com\/blog\/\",\"name\":\"Lajme nga Ulqini\",\"description\":\"Lajme,Vijesti,Ulqini,Ulqin,Crna Gora,Mali i Zi\",\"potentialAction\":[{\"@type\":\"SearchAction\",\"target\":{\"@type\":\"EntryPoint\",\"urlTemplate\":\"https:\/\/www.visit-ulcinj.com\/blog\/?s={search_term_string}\"},\"query-input\":\"required name=search_term_string\"}],\"inLanguage\":\"en-US\"},{\"@type\":\"ImageObject\",\"inLanguage\":\"en-US\",\"@id\":\"https:\/\/www.visit-ulcinj.com\/blog\/2013\/04\/01\/perkujtim-dhe-homazh-per-viktimat-e-tivarit-ne-tivar-31-03-2013\/#primaryimage\",\"url\":\"https:\/\/www.visit-ulcinj.com\/blog\/wp-content\/uploads\/2013\/04\/Homazh-per-viktimat-e-Tivarit-ne-Tivar.jpg\",\"contentUrl\":\"https:\/\/www.visit-ulcinj.com\/blog\/wp-content\/uploads\/2013\/04\/Homazh-per-viktimat-e-Tivarit-ne-Tivar.jpg\",\"width\":960,\"height\":720},{\"@type\":\"WebPage\",\"@id\":\"https:\/\/www.visit-ulcinj.com\/blog\/2013\/04\/01\/perkujtim-dhe-homazh-per-viktimat-e-tivarit-ne-tivar-31-03-2013\/#webpage\",\"url\":\"https:\/\/www.visit-ulcinj.com\/blog\/2013\/04\/01\/perkujtim-dhe-homazh-per-viktimat-e-tivarit-ne-tivar-31-03-2013\/\",\"name\":\"P\u00ebrkujtim dhe homazh p\u00ebr viktimat e Tivarit n\u00eb Tivar 31.03.2013 - Lajme nga Ulqini\",\"isPartOf\":{\"@id\":\"https:\/\/www.visit-ulcinj.com\/blog\/#website\"},\"primaryImageOfPage\":{\"@id\":\"https:\/\/www.visit-ulcinj.com\/blog\/2013\/04\/01\/perkujtim-dhe-homazh-per-viktimat-e-tivarit-ne-tivar-31-03-2013\/#primaryimage\"},\"datePublished\":\"2013-03-31T23:46:43+00:00\",\"dateModified\":\"2013-04-04T15:08:33+00:00\",\"author\":{\"@id\":\"https:\/\/www.visit-ulcinj.com\/blog\/#\/schema\/person\/dcab619c614d3038751c63bc2aadc06d\"},\"description\":\"Konferenca i zhvilloi punimet n\u00eb dy seanca, ku mor\u00ebn pjes\u00eb shum\u00eb studiues t\u00eb njohur nga Shqip\u00ebria, Kosova, Maqedonia dhe Mali i Zi. U lexuan 16 kumtesa\",\"breadcrumb\":{\"@id\":\"https:\/\/www.visit-ulcinj.com\/blog\/2013\/04\/01\/perkujtim-dhe-homazh-per-viktimat-e-tivarit-ne-tivar-31-03-2013\/#breadcrumb\"},\"inLanguage\":\"en-US\",\"potentialAction\":[{\"@type\":\"ReadAction\",\"target\":[\"https:\/\/www.visit-ulcinj.com\/blog\/2013\/04\/01\/perkujtim-dhe-homazh-per-viktimat-e-tivarit-ne-tivar-31-03-2013\/\"]}]},{\"@type\":\"BreadcrumbList\",\"@id\":\"https:\/\/www.visit-ulcinj.com\/blog\/2013\/04\/01\/perkujtim-dhe-homazh-per-viktimat-e-tivarit-ne-tivar-31-03-2013\/#breadcrumb\",\"itemListElement\":[{\"@type\":\"ListItem\",\"position\":1,\"name\":\"P\u00ebrkujtim dhe homazh p\u00ebr viktimat e Tivarit n\u00eb Tivar 31.03.2013\"}]},{\"@type\":\"Person\",\"@id\":\"https:\/\/www.visit-ulcinj.com\/blog\/#\/schema\/person\/dcab619c614d3038751c63bc2aadc06d\",\"name\":\"ulqini\",\"sameAs\":[\"http:\/\/www.visit-ulcinj.com\"],\"url\":\"https:\/\/www.visit-ulcinj.com\/blog\/author\/admin\/\"}]}<\/script>\n<!-- \/ Yoast SEO plugin. -->","yoast_head_json":{"title":"P\u00ebrkujtim dhe homazh p\u00ebr viktimat e Tivarit n\u00eb Tivar 31.03.2013 - Lajme nga Ulqini","description":"Konferenca i zhvilloi punimet n\u00eb dy seanca, ku mor\u00ebn pjes\u00eb shum\u00eb studiues t\u00eb njohur nga Shqip\u00ebria, Kosova, Maqedonia dhe Mali i Zi. U lexuan 16 kumtesa","robots":{"index":"index","follow":"follow","max-snippet":"max-snippet:-1","max-image-preview":"max-image-preview:large","max-video-preview":"max-video-preview:-1"},"canonical":"https:\/\/www.visit-ulcinj.com\/blog\/2013\/04\/01\/perkujtim-dhe-homazh-per-viktimat-e-tivarit-ne-tivar-31-03-2013\/","og_locale":"en_US","og_type":"article","og_title":"P\u00ebrkujtim dhe homazh p\u00ebr viktimat e Tivarit n\u00eb Tivar 31.03.2013 - Lajme nga Ulqini","og_description":"Konferenca i zhvilloi punimet n\u00eb dy seanca, ku mor\u00ebn pjes\u00eb shum\u00eb studiues t\u00eb njohur nga Shqip\u00ebria, Kosova, Maqedonia dhe Mali i Zi. U lexuan 16 kumtesa","og_url":"https:\/\/www.visit-ulcinj.com\/blog\/2013\/04\/01\/perkujtim-dhe-homazh-per-viktimat-e-tivarit-ne-tivar-31-03-2013\/","og_site_name":"Lajme nga Ulqini","article_published_time":"2013-03-31T23:46:43+00:00","article_modified_time":"2013-04-04T15:08:33+00:00","og_image":[{"url":"https:\/\/www.visit-ulcinj.com\/blog\/wp-content\/uploads\/2013\/04\/fabrika-e-duvanit-Masakra-e-Tivarit.1-150x150.jpg"}],"twitter_misc":{"Written by":"ulqini","Est. reading time":"1 minute"},"schema":{"@context":"https:\/\/schema.org","@graph":[{"@type":"WebSite","@id":"https:\/\/www.visit-ulcinj.com\/blog\/#website","url":"https:\/\/www.visit-ulcinj.com\/blog\/","name":"Lajme nga Ulqini","description":"Lajme,Vijesti,Ulqini,Ulqin,Crna Gora,Mali i Zi","potentialAction":[{"@type":"SearchAction","target":{"@type":"EntryPoint","urlTemplate":"https:\/\/www.visit-ulcinj.com\/blog\/?s={search_term_string}"},"query-input":"required name=search_term_string"}],"inLanguage":"en-US"},{"@type":"ImageObject","inLanguage":"en-US","@id":"https:\/\/www.visit-ulcinj.com\/blog\/2013\/04\/01\/perkujtim-dhe-homazh-per-viktimat-e-tivarit-ne-tivar-31-03-2013\/#primaryimage","url":"https:\/\/www.visit-ulcinj.com\/blog\/wp-content\/uploads\/2013\/04\/Homazh-per-viktimat-e-Tivarit-ne-Tivar.jpg","contentUrl":"https:\/\/www.visit-ulcinj.com\/blog\/wp-content\/uploads\/2013\/04\/Homazh-per-viktimat-e-Tivarit-ne-Tivar.jpg","width":960,"height":720},{"@type":"WebPage","@id":"https:\/\/www.visit-ulcinj.com\/blog\/2013\/04\/01\/perkujtim-dhe-homazh-per-viktimat-e-tivarit-ne-tivar-31-03-2013\/#webpage","url":"https:\/\/www.visit-ulcinj.com\/blog\/2013\/04\/01\/perkujtim-dhe-homazh-per-viktimat-e-tivarit-ne-tivar-31-03-2013\/","name":"P\u00ebrkujtim dhe homazh p\u00ebr viktimat e Tivarit n\u00eb Tivar 31.03.2013 - Lajme nga Ulqini","isPartOf":{"@id":"https:\/\/www.visit-ulcinj.com\/blog\/#website"},"primaryImageOfPage":{"@id":"https:\/\/www.visit-ulcinj.com\/blog\/2013\/04\/01\/perkujtim-dhe-homazh-per-viktimat-e-tivarit-ne-tivar-31-03-2013\/#primaryimage"},"datePublished":"2013-03-31T23:46:43+00:00","dateModified":"2013-04-04T15:08:33+00:00","author":{"@id":"https:\/\/www.visit-ulcinj.com\/blog\/#\/schema\/person\/dcab619c614d3038751c63bc2aadc06d"},"description":"Konferenca i zhvilloi punimet n\u00eb dy seanca, ku mor\u00ebn pjes\u00eb shum\u00eb studiues t\u00eb njohur nga Shqip\u00ebria, Kosova, Maqedonia dhe Mali i Zi. U lexuan 16 kumtesa","breadcrumb":{"@id":"https:\/\/www.visit-ulcinj.com\/blog\/2013\/04\/01\/perkujtim-dhe-homazh-per-viktimat-e-tivarit-ne-tivar-31-03-2013\/#breadcrumb"},"inLanguage":"en-US","potentialAction":[{"@type":"ReadAction","target":["https:\/\/www.visit-ulcinj.com\/blog\/2013\/04\/01\/perkujtim-dhe-homazh-per-viktimat-e-tivarit-ne-tivar-31-03-2013\/"]}]},{"@type":"BreadcrumbList","@id":"https:\/\/www.visit-ulcinj.com\/blog\/2013\/04\/01\/perkujtim-dhe-homazh-per-viktimat-e-tivarit-ne-tivar-31-03-2013\/#breadcrumb","itemListElement":[{"@type":"ListItem","position":1,"name":"P\u00ebrkujtim dhe homazh p\u00ebr viktimat e Tivarit n\u00eb Tivar 31.03.2013"}]},{"@type":"Person","@id":"https:\/\/www.visit-ulcinj.com\/blog\/#\/schema\/person\/dcab619c614d3038751c63bc2aadc06d","name":"ulqini","sameAs":["http:\/\/www.visit-ulcinj.com"],"url":"https:\/\/www.visit-ulcinj.com\/blog\/author\/admin\/"}]}},"jetpack_featured_media_url":"","jetpack_sharing_enabled":true,"jetpack_shortlink":"https:\/\/wp.me\/pe6lTn-igw","_links":{"self":[{"href":"https:\/\/www.visit-ulcinj.com\/blog\/wp-json\/wp\/v2\/posts\/70216"}],"collection":[{"href":"https:\/\/www.visit-ulcinj.com\/blog\/wp-json\/wp\/v2\/posts"}],"about":[{"href":"https:\/\/www.visit-ulcinj.com\/blog\/wp-json\/wp\/v2\/types\/post"}],"author":[{"embeddable":true,"href":"https:\/\/www.visit-ulcinj.com\/blog\/wp-json\/wp\/v2\/users\/1"}],"replies":[{"embeddable":true,"href":"https:\/\/www.visit-ulcinj.com\/blog\/wp-json\/wp\/v2\/comments?post=70216"}],"version-history":[{"count":4,"href":"https:\/\/www.visit-ulcinj.com\/blog\/wp-json\/wp\/v2\/posts\/70216\/revisions"}],"predecessor-version":[{"id":70327,"href":"https:\/\/www.visit-ulcinj.com\/blog\/wp-json\/wp\/v2\/posts\/70216\/revisions\/70327"}],"wp:attachment":[{"href":"https:\/\/www.visit-ulcinj.com\/blog\/wp-json\/wp\/v2\/media?parent=70216"}],"wp:term":[{"taxonomy":"category","embeddable":true,"href":"https:\/\/www.visit-ulcinj.com\/blog\/wp-json\/wp\/v2\/categories?post=70216"},{"taxonomy":"post_tag","embeddable":true,"href":"https:\/\/www.visit-ulcinj.com\/blog\/wp-json\/wp\/v2\/tags?post=70216"}],"curies":[{"name":"wp","href":"https:\/\/api.w.org\/{rel}","templated":true}]}}