{"id":7024,"date":"2008-12-09T17:47:04","date_gmt":"2008-12-09T16:47:04","guid":{"rendered":"http:\/\/www.visit-ulcinj.com\/blog\/?p=7024"},"modified":"2008-12-09T17:47:04","modified_gmt":"2008-12-09T16:47:04","slug":"si-tu-besojme-lidereve-tane","status":"publish","type":"post","link":"https:\/\/www.visit-ulcinj.com\/blog\/2008\/12\/09\/si-tu-besojme-lidereve-tane\/","title":{"rendered":"Si t`u besojm\u00eb lider\u00ebve tan\u00eb"},"content":{"rendered":"<p><a href=\"http:\/\/www.visit-ulcinj.com\/blog\/wp-content\/uploads\/2008\/05\/shaban-peraj-2.jpg\"><img loading=\"lazy\" class=\"alignleft size-medium wp-image-1576\" title=\"Shaban Peraj\" src=\"http:\/\/www.visit-ulcinj.com\/blog\/wp-content\/uploads\/2008\/05\/shaban-peraj-2.jpg\" alt=\"\" width=\"352\" height=\"347\" \/><\/a><strong>Partit\u00eb politike shqiptare dhe lider\u00ebt e tyre<\/strong><br \/>\nP\u00ebrplasjet e pariparueshme n\u00eb mes t\u00eb subjekteve politike shqiptare n\u00eb Mal t\u00eb Zi te votuesit gjejn\u00eb pak p\u00ebrkrahje duke qen\u00eb t\u00eb bindur se lider\u00ebve t\u00eb tyre nuk u intereson e ardhmja e komunitetit dhe se ata nuk brengosen aq shum\u00eb p\u00ebr hallet q\u00eb p\u00ebrjetojn\u00eb \u00e7do dit\u00eb bashk\u00ebqytetar\u00ebt e tyre, qoft\u00eb n\u00eb politik\u00eb, qoft\u00eb n\u00eb ekonomi ku e kan\u00eb zhytur popullin me fraza boshe, gjoja se nj\u00eb dit\u00eb do t\u00eb b\u00ebhet m\u00eb mir\u00eb.<br \/>\nKjo q\u00eb shkruhet e thuhet se subjektet politike shqiptare n\u00eb Mal t\u00eb Zi paskan arritur rezultate t\u00eb m\u00ebdha p\u00ebr k\u00ebto 18 apo 15 vjet t\u00eb veprimit n\u00eb t\u00eb gjitha fushat e jet\u00ebs shoq\u00ebrore \u00ebsht\u00eb m\u00eb tep\u00ebr sesa fjal\u00eb ose propagand\u00eb e atyre q\u00eb u p\u00eblqen t\u00eb merren me mashtrime e premtime q\u00eb nuk provohen e q\u00eb nuk do t`i realizonin kurr\u00eb n\u00ebse p\u00ebr t\u00eb &#8220;arriturat&#8221; e tyre nuk ka vendosur dikush tjet\u00ebr jasht\u00eb tyre dhe t\u00eb nj\u00ebjtit e kan\u00eb aminuar duke th\u00ebn\u00eb &#8220;ashtu qoft\u00eb&#8221;.<br \/>\nShqiptar\u00ebt n\u00eb Mal t\u00eb Zi e kuptuan dhe gjithnj\u00eb vazhdon t\u00eb rritet numri i atyre q\u00eb duan t\u00eb kuptojn\u00eb se me nj\u00eb propagand\u00eb t\u00eb till\u00eb, si\u00e7 b\u00ebjn\u00eb krer\u00ebt e subjekteve politike shqiptare, mund t\u00eb fitojn\u00eb p\u00ebr t\u00eb mbajtur gjall\u00eb sundimin mbi popull q\u00eb ai t\u00eb haj\u00eb sapunin p\u00ebr djath\u00eb. T\u00eb zhg\u00ebnjyer nga puna dhe rezultatet e k\u00ebtyre udh\u00ebheq\u00ebsve, komuniteti i k\u00ebtush\u00ebm \u00ebsht\u00eb kthyer n\u00eb nostalgji, ndaj kjo mas\u00eb e shumt\u00eb e rinis\u00eb son\u00eb endet rrug\u00ebve pa ndonj\u00eb shpres\u00eb p\u00ebr t\u00eb ardhmen, ose kan\u00eb marr\u00eb arratin\u00eb p\u00ebrtej oqeanit dhe lider\u00ebt e k\u00ebtush\u00ebm lavdim\u00ebdhenj u premtojn\u00eb \u00e7far\u00eb jo e pastaj i bindin se edhe atje do t\u00eb gjejn\u00eb begati.<br \/>\nNga th\u00ebniet dhe b\u00ebmat e tyre hasim n\u00eb nj\u00eb varg konceptesh t\u00eb ndryshme \u00e7ka ndikon negativisht te nj\u00eb num\u00ebr jo i vog\u00ebl i atyre q\u00eb dalin me ide, pro et contra, ndaj interpretimeve t\u00eb tyre, nga ku personalisht mendoj se k\u00ebtu q\u00ebndron thelbi kryesor prej nga burojn\u00eb problemet tona, ndaj k\u00ebta avokat\u00eb mbrojt\u00ebs marrin p\u00ebrsip\u00ebr q\u00eb t\u00eb na mbushin mendjen se aktet e sjella prej tyre jan\u00eb nj\u00eb e v\u00ebrtet\u00eb q\u00eb u takon vet\u00ebm atyre dhe askujt tjet\u00ebr. Duke iu referuar deklaratave t\u00eb tyre p\u00ebr arritjet n\u00eb politik\u00eb, sigurisht se ata kan\u00eb parasysh q\u00eb duhet vazhduar me &#8220;p\u00ebrralla&#8221;, t\u00eb bindur edhe ata vet\u00eb se ora ka ngecur diku dhe p\u00ebr k\u00ebt\u00eb nuk jan\u00eb fajtor\u00eb votuesit, por vet\u00eb politika d\u00ebshtuese e ndjekur me koncepte komuniste.<br \/>\nP\u00ebrplasjet e pariparueshme n\u00eb mes t\u00eb subjekteve politike shqiptare n\u00eb Mal t\u00eb Zi te votuesit gjejn\u00eb pak p\u00ebrkrahje duke qen\u00eb t\u00eb bindur se lider\u00ebve t\u00eb tyre nuk u intereson e ardhmja e komunitetit dhe se ata nuk brengosen aq shum\u00eb p\u00ebr hallet q\u00eb p\u00ebrjetojn\u00eb \u00e7do dit\u00eb bashk\u00ebqytetar\u00ebt e tyre, qoft\u00eb n\u00eb politik\u00eb, qoft\u00eb n\u00eb ekonomi ku e kan\u00eb zhytur popullin me fraza boshe, gjoja se nj\u00eb dit\u00eb do t\u00eb b\u00ebhet m\u00eb mir\u00eb. K\u00ebta nga ajo q\u00eb deklarojn\u00eb k\u00ebrkojn\u00eb t\u00eb na heqin t\u00eb drejt\u00ebn p\u00eb t`u shprehur lirsh\u00ebm p\u00ebr \u00e7\u00ebshtjet q\u00eb na takojn\u00eb si pjes\u00eb e k\u00ebtij komuniteti! Vazhdimi i politik\u00ebs q\u00eb ushtrojn\u00eb do t\u00eb thot\u00eb vazhdim i mosmarr\u00ebveshjeve, konflikteve e injoranc\u00ebs p\u00ebr \u00e7dokend q\u00eb nuk p\u00ebrfshihet n\u00eb konceptin e tyre. K\u00ebto konflikte shprehen qartas dhe tani kan\u00eb dal\u00eb p\u00ebr ledin\u00eb edhe kur sh\u00ebnohen p\u00ebrvjetore partiake, edhe kur sh\u00ebnohet 100-vjetori i Kongresit t\u00eb Manastirit, edhe kur sh\u00ebnohet Dita e Flamurit Komb\u00ebtar, edhe kur debatohet n\u00eb K\u00ebshillin e Sigurimit p\u00ebr \u00e7\u00ebshtjen e Kosov\u00ebs.<br \/>\n\u00c7\u00ebshtja e 6-pik\u00ebshit e planit t\u00eb Sekretarit t\u00eb P\u00ebrgjithsh\u00ebm t\u00eb OKB-\u00ebs, Ban Ki Mun, lidhur me p\u00ebrfshirjen e EULEX-it n\u00eb Kosov\u00eb tregon qart\u00eb se nuk \u00ebsht\u00eb preokupim i tyre, andaj nuk e than\u00eb asnj\u00eb fjal\u00eb qoft\u00eb edhe p\u00ebr t\u00eb kund\u00ebrshtuar nj\u00eb plan t\u00eb till\u00eb. K\u00ebshtu edhe p\u00ebr vendime t\u00eb tjera t\u00eb marra p\u00ebr \u00e7\u00ebshtjen komb\u00ebtare shqiptare nuk i pyet askush, dhe kur vjen puna q\u00eb ndonj\u00eb projekt me r\u00ebnd\u00ebsi komb\u00ebtare t\u00eb dal\u00eb fitues, k\u00ebta vrapojn\u00eb p\u00ebr ta p\u00ebshkruar si merit\u00eb t\u00eb veten gj\u00eb q\u00eb nuk \u00ebsht\u00eb realisht e mundur. Edhe kur Evropa, por edhe OKB-ja sot vazhdojn\u00eb me avazin e vjet\u00ebr dhe me nj\u00eb seriozitet q\u00eb tashm\u00eb ka dal\u00eb p\u00ebr ledin\u00eb p\u00ebr t\u00eb k\u00ebrc\u00ebnuar Kosov\u00ebn edhe nj\u00eb her\u00eb, ne jemi b\u00ebr\u00eb pik\u00eb e pes\u00eb, t\u00eb p\u00ebr\u00e7ar\u00eb, b\u00ebhemi Sk\u00ebnderbegas, Ded\u00eb Gjon Lula, Baca Kurta e \u00e7far\u00eb jo p\u00ebr t`u th\u00ebn\u00eb shqiptar\u00ebve t\u00eb k\u00ebtuesh\u00ebm se ja ne do t\u00eb avancojm\u00eb pozit\u00ebn tuaj aty ku u takon! Sipas k\u00ebsaj atyre u takon t\u00eb hidhen n\u00eb &#8220;gremin\u00eb&#8221; pa pasur ndonj\u00eb shpres\u00eb se nes\u00ebr do t\u00eb b\u00ebhet m\u00eb mir\u00eb p\u00ebr ta. Kjo jo me fajin e tyre, por pik\u00ebrisht me fajin e atyre q\u00eb i kan\u00eb dalur zot k\u00ebtij populli p\u00ebr ta udh\u00ebhequr.<br \/>\nA nuk shohin apo b\u00ebhen sikur nuk shohin k\u00ebta udh\u00ebheq\u00ebs t\u00eb forcave politike shqiptare n\u00eb Mal t\u00eb Zi se ne jetojm\u00eb n\u00eb nj\u00eb koh\u00eb me shum\u00eb probleme, duke u nisur nga fukarall\u00ebku e deri te partit\u00eb politike shqiptare nga ku nuk del asnj\u00eb fjal\u00eb p\u00ebr ide t\u00eb reja, p\u00ebr persona q\u00eb do t\u00eb b\u00ebnin di\u00e7ka ndryshe nga kjo q\u00eb \u00ebsht\u00eb b\u00ebr\u00eb p\u00ebr k\u00ebto 18 e 15 vjet, ku nuk shihen reforma brenda partive aktuale, shihen vet\u00ebm t\u00eb nj\u00ebjtit persona q\u00eb kan\u00eb z\u00ebn\u00eb fotele t\u00eb pal\u00ebvizshme. T\u00eb nj\u00ebjtit jan\u00eb shk\u00ebputur nga populli, prandaj nuk e kuptojn\u00eb se \u00e7far\u00eb k\u00ebrkon ai, cilat jan\u00eb nevojat e tyre, p\u00ebr t\u00eb mos u paraqitur k\u00ebta udh\u00ebheq\u00ebs sikur kan\u00eb besimin e tyre nga premtimet q\u00eb u jepen me vite t\u00eb t\u00ebra.<br \/>\nDhe k\u00ebshtu derisa nj\u00ebra pal\u00eb pretendon se ka pasur t\u00eb arritura duke menduar se mund t\u00eb jetohet me t\u00eb kaluar\u00ebn, krahu tjet\u00ebr ka r\u00ebn\u00eb n\u00eb gjum\u00eb, sepse nuk ka \u00e7ka t\u00eb thot\u00eb m\u00eb tep\u00ebr, ndaj b\u00ebhen sikur t\u00eb tjer\u00ebt duhet t\u00eb shkruajn\u00eb histori p\u00ebr ta. Kjo nuk ka p\u00ebr t\u00eb ngjar\u00eb, jo se nuk i kan\u00eb sh\u00ebrbyer, por se nuk kan\u00eb b\u00ebr\u00eb ndonj\u00eb vep\u00ebr, apo ndonj\u00eb fjal\u00eb e th\u00ebn\u00eb prej tyre q\u00eb do t\u00eb mbet\u00ebte n\u00eb kujtes\u00ebn e atyre q\u00eb do t\u00eb pasojn\u00eb n\u00eb periudha. \u00cbsht\u00eb shum\u00eb i habitsh\u00ebm fakti se n\u00eb k\u00ebto koh\u00eb pas luft\u00ebs u b\u00ebn\u00eb shum\u00eb gjeneral\u00eb e patriot\u00eb sa kurr\u00eb m\u00eb par\u00eb, prandaj vrapojn\u00eb t\u00eb marrin dekorata me merita t\u00eb huaja! K\u00ebta m\u00eb tep\u00ebr b\u00ebjn\u00eb pun\u00ebn e akrobat\u00ebve duke ngrehur dolli p\u00ebr pun\u00ebn q\u00eb nuk e kan\u00eb b\u00ebr\u00eb k\u00ebta, po edhe asnj\u00eb nga subjektet politike shqiptare n\u00eb Mal t\u00eb Zi. \u00cbsht\u00eb shum\u00eb rrezik p\u00ebr ne q\u00eb t\u00eb nj\u00ebjtit ngrejn\u00eb gishtin n\u00eb em\u00ebr t\u00eb patriotizmit p\u00ebr t\u00eb manipuluar me vot\u00ebn e zgjedh\u00ebsve n\u00eb em\u00ebr t\u00eb k\u00ebtyre t\u00eb fundit. Ata rr\u00ebfejn\u00eb p\u00ebr t\u00eb kaluar\u00ebn e tyre, pun\u00ebt q\u00eb gjoja kan\u00eb b\u00ebr\u00eb dhe ne jemi m\u00ebsuar t`i d\u00ebgjojm\u00eb tashm\u00eb n\u00eb fjalorin e tyre, revokojn\u00eb pandash\u00ebm t\u00eb kaluar\u00ebn nga ku asnj\u00ebri nuk lodhet shum\u00eb p\u00ebr k\u00ebt\u00eb sepse fajtori \u00ebsht\u00eb jasht\u00eb sfer\u00ebs personale dhe faji mbetet te partia, jo tek individi. K\u00ebt\u00eb e d\u00ebshmojn\u00eb edhe festat e N\u00ebntorit ku nuk u ngrit asnj\u00eb dolli p\u00ebr t\u00eb uruar nj\u00ebri-tjetrin sikur k\u00ebtu nuk dalim t\u00eb gjith\u00eb shqiptar\u00eb. Duke formuar parti t\u00eb reja u cop\u00ebtua trungu votues i shqiptar\u00ebve t\u00eb k\u00ebtush\u00ebm dhe pik\u00ebrisht duke shpartalluar t\u00eb gjith\u00eb &#8220;kund\u00ebrshtar\u00ebt politik\u00eb&#8221; pa pyetur p\u00ebr mjete dhe kosto pretendojn\u00eb se jan\u00eb nj\u00ebsha sk\u00ebnderbegas q\u00eb i kan\u00eb v\u00ebn\u00eb p\u00ebrfundi t\u00eb gjith\u00eb.<br \/>\n\u00cbsht\u00eb e drejt\u00eb e jona q\u00eb t`i shohim gj\u00ebrat n\u00eb m\u00ebnyr\u00ebn e rrjedhave ekzistuese p\u00ebr popullin ton\u00eb, po aq \u00ebsht\u00eb e drejt\u00eb e tyre p\u00ebr t\u00eb pranuar realitetin lidhur me pozit\u00ebn e shqiptar\u00ebve n\u00eb Mal t\u00eb Zi, dhe n\u00ebse duhet t\u00eb shkojm\u00eb n\u00eb &#8220;sofr\u00ebn&#8221; e Gjukanoviqit apo t\u00eb kujtdo tjet\u00ebr q\u00eb nes\u00ebr do t\u00eb ishte n\u00eb pushtet, at\u00ebher\u00eb nuk kemi nevoj\u00eb p\u00ebr nd\u00ebrmjet\u00ebs, sepse sipas mod\u00ebs s\u00eb krijuar nuk ka asgj\u00eb t\u00eb keqe pasi tashm\u00eb \u00ebsht\u00eb e qart\u00eb se vet\u00ebm n\u00eb Mal t\u00eb Zi ndodh q\u00eb shqiptar\u00ebt t\u00eb jen\u00eb aktiv\u00eb n\u00eb partit\u00eb malazeze, kjo jo me fajin e popullit, por pik\u00ebrisht t\u00eb atyre q\u00eb nuk pat\u00ebn forc\u00ebn p\u00ebr t`i bashkuar ata rreth nj\u00eb trungu t\u00eb p\u00ebrbashk\u00ebt nga ku n\u00eb m\u00ebnyr\u00eb legale do t\u00eb krijohej mir\u00ebbesimi i nd\u00ebsjell\u00eb n\u00eb mes pal\u00ebve konkurruese.<br \/>\n<strong>Shaban Peraj<br \/>\nKoha Javore<\/strong><\/p>\n","protected":false},"excerpt":{"rendered":"<p>Partit\u00eb politike shqiptare dhe lider\u00ebt e tyre P\u00ebrplasjet e pariparueshme n\u00eb mes t\u00eb subjekteve politike shqiptare n\u00eb Mal t\u00eb Zi te votuesit gjejn\u00eb pak p\u00ebrkrahje duke qen\u00eb t\u00eb bindur se lider\u00ebve t\u00eb tyre nuk u intereson e ardhmja e komunitetit dhe se ata nuk brengosen aq shum\u00eb p\u00ebr hallet q\u00eb p\u00ebrjetojn\u00eb \u00e7do dit\u00eb bashk\u00ebqytetar\u00ebt e [&hellip;]<\/p>\n","protected":false},"author":1,"featured_media":0,"comment_status":"open","ping_status":"closed","sticky":false,"template":"","format":"standard","meta":{"spay_email":"","jetpack_publicize_message":"","jetpack_is_tweetstorm":false,"jetpack_publicize_feature_enabled":true},"categories":[14],"tags":[325,3180,200],"jetpack_publicize_connections":[],"yoast_head":"<!-- This site is optimized with the Yoast SEO plugin v19.1 - https:\/\/yoast.com\/wordpress\/plugins\/seo\/ -->\n<title>Si t`u besojm\u00eb lider\u00ebve tan\u00eb - Lajme nga Ulqini<\/title>\n<meta name=\"description\" content=\"Partit\u00eb politike shqiptare dhe lider\u00ebt e tyre P\u00ebrplasjet e pariparueshme n\u00eb mes t\u00eb subjekteve politike shqiptare n\u00eb Mal t\u00eb Zi te votuesit gjejn\u00eb pak\" \/>\n<meta name=\"robots\" content=\"index, follow, max-snippet:-1, max-image-preview:large, max-video-preview:-1\" \/>\n<link rel=\"canonical\" href=\"https:\/\/www.visit-ulcinj.com\/blog\/2008\/12\/09\/si-tu-besojme-lidereve-tane\/\" \/>\n<meta property=\"og:locale\" content=\"en_US\" \/>\n<meta property=\"og:type\" content=\"article\" \/>\n<meta property=\"og:title\" content=\"Si t`u besojm\u00eb lider\u00ebve tan\u00eb - Lajme nga Ulqini\" \/>\n<meta property=\"og:description\" content=\"Partit\u00eb politike shqiptare dhe lider\u00ebt e tyre P\u00ebrplasjet e pariparueshme n\u00eb mes t\u00eb subjekteve politike shqiptare n\u00eb Mal t\u00eb Zi te votuesit gjejn\u00eb pak\" \/>\n<meta property=\"og:url\" content=\"https:\/\/www.visit-ulcinj.com\/blog\/2008\/12\/09\/si-tu-besojme-lidereve-tane\/\" \/>\n<meta property=\"og:site_name\" content=\"Lajme nga Ulqini\" \/>\n<meta property=\"article:published_time\" content=\"2008-12-09T16:47:04+00:00\" \/>\n<meta property=\"og:image\" content=\"http:\/\/www.visit-ulcinj.com\/blog\/wp-content\/uploads\/2008\/05\/shaban-peraj-2.jpg\" \/>\n<meta name=\"twitter:label1\" content=\"Written by\" \/>\n\t<meta name=\"twitter:data1\" content=\"ulqini\" \/>\n\t<meta name=\"twitter:label2\" content=\"Est. reading time\" \/>\n\t<meta name=\"twitter:data2\" content=\"8 minutes\" \/>\n<script type=\"application\/ld+json\" class=\"yoast-schema-graph\">{\"@context\":\"https:\/\/schema.org\",\"@graph\":[{\"@type\":\"WebSite\",\"@id\":\"https:\/\/www.visit-ulcinj.com\/blog\/#website\",\"url\":\"https:\/\/www.visit-ulcinj.com\/blog\/\",\"name\":\"Lajme nga Ulqini\",\"description\":\"Lajme,Vijesti,Ulqini,Ulqin,Crna Gora,Mali i Zi\",\"potentialAction\":[{\"@type\":\"SearchAction\",\"target\":{\"@type\":\"EntryPoint\",\"urlTemplate\":\"https:\/\/www.visit-ulcinj.com\/blog\/?s={search_term_string}\"},\"query-input\":\"required name=search_term_string\"}],\"inLanguage\":\"en-US\"},{\"@type\":\"ImageObject\",\"inLanguage\":\"en-US\",\"@id\":\"https:\/\/www.visit-ulcinj.com\/blog\/2008\/12\/09\/si-tu-besojme-lidereve-tane\/#primaryimage\",\"url\":\"http:\/\/www.visit-ulcinj.com\/blog\/wp-content\/uploads\/2008\/05\/shaban-peraj-2.jpg\",\"contentUrl\":\"http:\/\/www.visit-ulcinj.com\/blog\/wp-content\/uploads\/2008\/05\/shaban-peraj-2.jpg\"},{\"@type\":\"WebPage\",\"@id\":\"https:\/\/www.visit-ulcinj.com\/blog\/2008\/12\/09\/si-tu-besojme-lidereve-tane\/#webpage\",\"url\":\"https:\/\/www.visit-ulcinj.com\/blog\/2008\/12\/09\/si-tu-besojme-lidereve-tane\/\",\"name\":\"Si t`u besojm\u00eb lider\u00ebve tan\u00eb - Lajme nga Ulqini\",\"isPartOf\":{\"@id\":\"https:\/\/www.visit-ulcinj.com\/blog\/#website\"},\"primaryImageOfPage\":{\"@id\":\"https:\/\/www.visit-ulcinj.com\/blog\/2008\/12\/09\/si-tu-besojme-lidereve-tane\/#primaryimage\"},\"datePublished\":\"2008-12-09T16:47:04+00:00\",\"dateModified\":\"2008-12-09T16:47:04+00:00\",\"author\":{\"@id\":\"https:\/\/www.visit-ulcinj.com\/blog\/#\/schema\/person\/dcab619c614d3038751c63bc2aadc06d\"},\"description\":\"Partit\u00eb politike shqiptare dhe lider\u00ebt e tyre P\u00ebrplasjet e pariparueshme n\u00eb mes t\u00eb subjekteve politike shqiptare n\u00eb Mal t\u00eb Zi te votuesit gjejn\u00eb pak\",\"breadcrumb\":{\"@id\":\"https:\/\/www.visit-ulcinj.com\/blog\/2008\/12\/09\/si-tu-besojme-lidereve-tane\/#breadcrumb\"},\"inLanguage\":\"en-US\",\"potentialAction\":[{\"@type\":\"ReadAction\",\"target\":[\"https:\/\/www.visit-ulcinj.com\/blog\/2008\/12\/09\/si-tu-besojme-lidereve-tane\/\"]}]},{\"@type\":\"BreadcrumbList\",\"@id\":\"https:\/\/www.visit-ulcinj.com\/blog\/2008\/12\/09\/si-tu-besojme-lidereve-tane\/#breadcrumb\",\"itemListElement\":[{\"@type\":\"ListItem\",\"position\":1,\"name\":\"Si t`u besojm\u00eb lider\u00ebve tan\u00eb\"}]},{\"@type\":\"Person\",\"@id\":\"https:\/\/www.visit-ulcinj.com\/blog\/#\/schema\/person\/dcab619c614d3038751c63bc2aadc06d\",\"name\":\"ulqini\",\"sameAs\":[\"http:\/\/www.visit-ulcinj.com\"],\"url\":\"https:\/\/www.visit-ulcinj.com\/blog\/author\/admin\/\"}]}<\/script>\n<!-- \/ Yoast SEO plugin. -->","yoast_head_json":{"title":"Si t`u besojm\u00eb lider\u00ebve tan\u00eb - Lajme nga Ulqini","description":"Partit\u00eb politike shqiptare dhe lider\u00ebt e tyre P\u00ebrplasjet e pariparueshme n\u00eb mes t\u00eb subjekteve politike shqiptare n\u00eb Mal t\u00eb Zi te votuesit gjejn\u00eb pak","robots":{"index":"index","follow":"follow","max-snippet":"max-snippet:-1","max-image-preview":"max-image-preview:large","max-video-preview":"max-video-preview:-1"},"canonical":"https:\/\/www.visit-ulcinj.com\/blog\/2008\/12\/09\/si-tu-besojme-lidereve-tane\/","og_locale":"en_US","og_type":"article","og_title":"Si t`u besojm\u00eb lider\u00ebve tan\u00eb - Lajme nga Ulqini","og_description":"Partit\u00eb politike shqiptare dhe lider\u00ebt e tyre P\u00ebrplasjet e pariparueshme n\u00eb mes t\u00eb subjekteve politike shqiptare n\u00eb Mal t\u00eb Zi te votuesit gjejn\u00eb pak","og_url":"https:\/\/www.visit-ulcinj.com\/blog\/2008\/12\/09\/si-tu-besojme-lidereve-tane\/","og_site_name":"Lajme nga Ulqini","article_published_time":"2008-12-09T16:47:04+00:00","og_image":[{"url":"http:\/\/www.visit-ulcinj.com\/blog\/wp-content\/uploads\/2008\/05\/shaban-peraj-2.jpg"}],"twitter_misc":{"Written by":"ulqini","Est. reading time":"8 minutes"},"schema":{"@context":"https:\/\/schema.org","@graph":[{"@type":"WebSite","@id":"https:\/\/www.visit-ulcinj.com\/blog\/#website","url":"https:\/\/www.visit-ulcinj.com\/blog\/","name":"Lajme nga Ulqini","description":"Lajme,Vijesti,Ulqini,Ulqin,Crna Gora,Mali i Zi","potentialAction":[{"@type":"SearchAction","target":{"@type":"EntryPoint","urlTemplate":"https:\/\/www.visit-ulcinj.com\/blog\/?s={search_term_string}"},"query-input":"required name=search_term_string"}],"inLanguage":"en-US"},{"@type":"ImageObject","inLanguage":"en-US","@id":"https:\/\/www.visit-ulcinj.com\/blog\/2008\/12\/09\/si-tu-besojme-lidereve-tane\/#primaryimage","url":"http:\/\/www.visit-ulcinj.com\/blog\/wp-content\/uploads\/2008\/05\/shaban-peraj-2.jpg","contentUrl":"http:\/\/www.visit-ulcinj.com\/blog\/wp-content\/uploads\/2008\/05\/shaban-peraj-2.jpg"},{"@type":"WebPage","@id":"https:\/\/www.visit-ulcinj.com\/blog\/2008\/12\/09\/si-tu-besojme-lidereve-tane\/#webpage","url":"https:\/\/www.visit-ulcinj.com\/blog\/2008\/12\/09\/si-tu-besojme-lidereve-tane\/","name":"Si t`u besojm\u00eb lider\u00ebve tan\u00eb - Lajme nga Ulqini","isPartOf":{"@id":"https:\/\/www.visit-ulcinj.com\/blog\/#website"},"primaryImageOfPage":{"@id":"https:\/\/www.visit-ulcinj.com\/blog\/2008\/12\/09\/si-tu-besojme-lidereve-tane\/#primaryimage"},"datePublished":"2008-12-09T16:47:04+00:00","dateModified":"2008-12-09T16:47:04+00:00","author":{"@id":"https:\/\/www.visit-ulcinj.com\/blog\/#\/schema\/person\/dcab619c614d3038751c63bc2aadc06d"},"description":"Partit\u00eb politike shqiptare dhe lider\u00ebt e tyre P\u00ebrplasjet e pariparueshme n\u00eb mes t\u00eb subjekteve politike shqiptare n\u00eb Mal t\u00eb Zi te votuesit gjejn\u00eb pak","breadcrumb":{"@id":"https:\/\/www.visit-ulcinj.com\/blog\/2008\/12\/09\/si-tu-besojme-lidereve-tane\/#breadcrumb"},"inLanguage":"en-US","potentialAction":[{"@type":"ReadAction","target":["https:\/\/www.visit-ulcinj.com\/blog\/2008\/12\/09\/si-tu-besojme-lidereve-tane\/"]}]},{"@type":"BreadcrumbList","@id":"https:\/\/www.visit-ulcinj.com\/blog\/2008\/12\/09\/si-tu-besojme-lidereve-tane\/#breadcrumb","itemListElement":[{"@type":"ListItem","position":1,"name":"Si t`u besojm\u00eb lider\u00ebve tan\u00eb"}]},{"@type":"Person","@id":"https:\/\/www.visit-ulcinj.com\/blog\/#\/schema\/person\/dcab619c614d3038751c63bc2aadc06d","name":"ulqini","sameAs":["http:\/\/www.visit-ulcinj.com"],"url":"https:\/\/www.visit-ulcinj.com\/blog\/author\/admin\/"}]}},"jetpack_featured_media_url":"","jetpack_sharing_enabled":true,"jetpack_shortlink":"https:\/\/wp.me\/pe6lTn-1Pi","_links":{"self":[{"href":"https:\/\/www.visit-ulcinj.com\/blog\/wp-json\/wp\/v2\/posts\/7024"}],"collection":[{"href":"https:\/\/www.visit-ulcinj.com\/blog\/wp-json\/wp\/v2\/posts"}],"about":[{"href":"https:\/\/www.visit-ulcinj.com\/blog\/wp-json\/wp\/v2\/types\/post"}],"author":[{"embeddable":true,"href":"https:\/\/www.visit-ulcinj.com\/blog\/wp-json\/wp\/v2\/users\/1"}],"replies":[{"embeddable":true,"href":"https:\/\/www.visit-ulcinj.com\/blog\/wp-json\/wp\/v2\/comments?post=7024"}],"version-history":[{"count":0,"href":"https:\/\/www.visit-ulcinj.com\/blog\/wp-json\/wp\/v2\/posts\/7024\/revisions"}],"wp:attachment":[{"href":"https:\/\/www.visit-ulcinj.com\/blog\/wp-json\/wp\/v2\/media?parent=7024"}],"wp:term":[{"taxonomy":"category","embeddable":true,"href":"https:\/\/www.visit-ulcinj.com\/blog\/wp-json\/wp\/v2\/categories?post=7024"},{"taxonomy":"post_tag","embeddable":true,"href":"https:\/\/www.visit-ulcinj.com\/blog\/wp-json\/wp\/v2\/tags?post=7024"}],"curies":[{"name":"wp","href":"https:\/\/api.w.org\/{rel}","templated":true}]}}