{"id":70252,"date":"2013-04-01T09:06:24","date_gmt":"2013-04-01T08:06:24","guid":{"rendered":"http:\/\/www.visit-ulcinj.com\/blog\/?p=70252"},"modified":"2013-04-01T09:06:44","modified_gmt":"2013-04-01T08:06:44","slug":"emir-dervishi-nga-albulena-kampion-i-malit-te-zi","status":"publish","type":"post","link":"https:\/\/www.visit-ulcinj.com\/blog\/2013\/04\/01\/emir-dervishi-nga-albulena-kampion-i-malit-te-zi\/","title":{"rendered":"Emir Dervishi nga \u201cAlbulena\u201d, kampion i Malit t\u00eb Zi"},"content":{"rendered":"<p><a href=\"http:\/\/www.visit-ulcinj.com\/blog\/wp-content\/uploads\/2013\/04\/Emir-Dervishi-klub-Albulena-kampion-i-Malit-t\u00eb-Zi.jpg\"><img loading=\"lazy\" class=\"alignleft  wp-image-70253\" alt=\"Emir Dervishi - klub -Albulena, kampion i Malit t\u00eb Zi\" src=\"http:\/\/www.visit-ulcinj.com\/blog\/wp-content\/uploads\/2013\/04\/Emir-Dervishi-klub-Albulena-kampion-i-Malit-t\u00eb-Zi.jpg\" width=\"508\" height=\"360\" \/><\/a>T\u00eb shtun\u00ebn n\u00eb Budv\u00eb \u00ebsht\u00eb mbajtur\u00a0Kupa e Malit t\u00eb Zi n\u00eb kik boks dhe\u00a0Turneu Memorial \u201cSemir Usenagiq\u201d.\u00a0N\u00eb hapje t\u00eb tij i \u00ebsht\u00eb b\u00ebr\u00eb homazh\u00a0Semir Usenagiqit, nj\u00ebrit prej kik boksier\u00ebve\u00a0dhe mjesht\u00ebrve m\u00eb t\u00eb mir\u00eb t\u00eb\u00a0arteve luftarake jo vet\u00ebm n\u00eb Mal t\u00eb\u00a0Zi, por edhe n\u00eb ish-Jugosllavi, i vrar\u00eb\u00a0n\u00eb vitin 2001 n\u00eb Podgoric\u00eb. Me k\u00ebt\u00eb\u00a0rast \u00ebsht\u00eb shfaqur filmi dokumentar\u00a0kushtuar atij.\u00a0Klubi i Kik Boksit \u201cAlbulena\u201d nga Ulqini\u00a0\u00ebsht\u00eb p\u00ebrfaq\u00ebsuar nga pes\u00eb garues,\u00a0t\u00eb cil\u00ebt kan\u00eb fituar nj\u00eb medalje\u00a0t\u00eb art\u00eb, tri medalje t\u00eb argjendta dhe\u00a0nj\u00eb medalje t\u00eb bronzt\u00eb.<br \/>\n<a href=\"http:\/\/www.visit-ulcinj.com\/blog\/wp-content\/uploads\/2013\/04\/Emir-Dervishi-klub-Albulena-kampion-i-Malit-t\u00eb-Zi.1.jpg\"><img loading=\"lazy\" class=\"alignleft  wp-image-70254\" alt=\"Emir Dervishi - klub -Albulena, kampion i Malit t\u00eb Zi.1\" src=\"http:\/\/www.visit-ulcinj.com\/blog\/wp-content\/uploads\/2013\/04\/Emir-Dervishi-klub-Albulena-kampion-i-Malit-t\u00eb-Zi.1.jpg\" width=\"508\" height=\"600\" \/><\/a><\/p>\n<p>Garuesi m\u00eb i suksessh\u00ebm nga radh\u00ebt\u00a0e \u201cAlbulen\u00ebs\u201d ka qen\u00eb Emir Dervishi\u00a0n\u00eb kategorin\u00eb -81kg, disiplina lou kik,\u00a0i cili ka fituar medaljen e art\u00eb duke u shpallur kampion i Malit t\u00eb Zi. Ai ka\u00a0arritur q\u00eb t\u00eb fitoj\u00eb kund\u00ebrshtarin e tij\u00a0nga klubi \u201cAriston\u201d pas nd\u00ebrprerjes s\u00eb\u00a0me\u00e7it q\u00eb n\u00eb raundin e par\u00eb.<br \/>\n<a href=\"http:\/\/www.visit-ulcinj.com\/blog\/wp-content\/uploads\/2013\/04\/Klubi-i-Kik-Boksit-Albulena-Ulqin.jpg\"><img loading=\"lazy\" class=\"alignleft  wp-image-70255\" alt=\"Klubi i Kik Boksit Albulena Ulqin\" src=\"http:\/\/www.visit-ulcinj.com\/blog\/wp-content\/uploads\/2013\/04\/Klubi-i-Kik-Boksit-Albulena-Ulqin.jpg\" width=\"508\" height=\"300\" \/><\/a><br \/>\nDrejtuesit e Klubit \u201cAlbulena\u201d theksojn\u00eb\u00a0se me k\u00ebt\u00eb fitore Dervishi, i cili\u00a0koh\u00ebs s\u00eb fundit ka shfaqur r\u00ebnie evidente\u00a0t\u00eb form\u00ebs, ka treguar se \u00ebsht\u00eb\u00a0rikthyer n\u00eb dit\u00ebt e tij m\u00eb t\u00eb mira. Ata\u00a0madje shpresojn\u00eb se ai shum\u00eb shpejt\u00a0do t\u00eb veshi s\u00ebrish fanel\u00ebn e P\u00ebrfaq\u00ebsueses\u00a0s\u00eb Malit t\u00eb Zi, por tashm\u00eb n\u00eb\u00a0nj\u00eb kategori m\u00eb lart.\u00a0Me medalje t\u00eb argjendta nga klubi\u00a0\u201cAlbulena\u201d jan\u00eb kuror\u00ebzuar Ahmet\u00a0Haxhimehmedoviqi, Armend Nimanbegu\u00a0dhe Beqir Lika. Edhe pse ka\u00a0punuar mir\u00eb, Haxhimehmedoviqi ka\u00a0humbur me pik\u00eb nga kund\u00ebrshtari i\u00a0tij nga klubi \u201cUniverzum\u201d Rozhaj\u00eb, i cili \u00ebsht\u00eb fitues i vendit t\u00eb tret\u00eb n\u00eb bot\u00eb.\u00a0Medaljen e vetme t\u00eb bronzt\u00eb p\u00ebr \u201cAlbulen\u00ebn\u201d\u00a0e ka fituar Ismail Ismaili, i cili\u00a0ka humbur nga Remzija Daciq, garues\u00a0me shum\u00eb p\u00ebrvoj\u00eb nga \u201cAriston\u201d-i i\u00a0Podgoric\u00ebs.<\/p>\n<p>Sipas trajner\u00ebve t\u00eb \u201cAlbulen\u00ebs\u201d,\u00a0Zeqir Tafa dhe Agron Ujkashi,\u00a0Ismaili ka zhvilluar nj\u00eb me\u00e7 t\u00eb mir\u00eb\u00a0dhe \u00ebsht\u00eb dashur ta fitoj\u00eb at\u00eb, por\u00a0refer\u00ebt kan\u00eb qen\u00eb n\u00eb an\u00ebn e Daciqit,\u00a0p\u00ebr shkak se ai \u00ebsht\u00eb p\u00ebrfaq\u00ebsues i\u00a0Malit t\u00eb Zi dhe fitues i disa medaljeve\u00a0n\u00eb nivel nd\u00ebrkomb\u00ebtar.\u00a0Gara e ardhshme ku do t\u00eb marrin\u00a0pjes\u00eb kikboksier\u00ebt e Klubit \u201cAlbulena\u201d\u00a0do t\u00eb mbahet n\u00eb muajin maj n\u00eb Cetin\u00eb,\u00a0kurse n\u00eb fillim t\u00eb qershorit \u201cAlbulena\u201d\u00a0do t\u00eb jet\u00eb organizator i \u201cMontenegro\u00a0Golden Glove 2013\u201d n\u00eb Ulqin.<\/p>\n<p>&nbsp;<\/p>\n<p><strong>i.k.\u00a0<\/strong><br \/>\n<strong> Koha Javore<\/strong><\/p>\n","protected":false},"excerpt":{"rendered":"<p>T\u00eb shtun\u00ebn n\u00eb Budv\u00eb \u00ebsht\u00eb mbajtur\u00a0Kupa e Malit t\u00eb Zi n\u00eb kik boks dhe\u00a0Turneu Memorial \u201cSemir Usenagiq\u201d.\u00a0N\u00eb hapje t\u00eb tij i \u00ebsht\u00eb b\u00ebr\u00eb homazh\u00a0Semir Usenagiqit, nj\u00ebrit prej kik boksier\u00ebve\u00a0dhe mjesht\u00ebrve m\u00eb t\u00eb mir\u00eb t\u00eb\u00a0arteve luftarake jo vet\u00ebm n\u00eb Mal t\u00eb\u00a0Zi, por edhe n\u00eb ish-Jugosllavi, i vrar\u00eb\u00a0n\u00eb vitin 2001 n\u00eb Podgoric\u00eb. Me k\u00ebt\u00eb\u00a0rast \u00ebsht\u00eb shfaqur filmi [&hellip;]<\/p>\n","protected":false},"author":1,"featured_media":0,"comment_status":"open","ping_status":"closed","sticky":false,"template":"","format":"standard","meta":{"spay_email":"","jetpack_publicize_message":"","jetpack_is_tweetstorm":false,"jetpack_publicize_feature_enabled":true},"categories":[3],"tags":[15489],"jetpack_publicize_connections":[],"yoast_head":"<!-- This site is optimized with the Yoast SEO plugin v19.1 - https:\/\/yoast.com\/wordpress\/plugins\/seo\/ -->\n<title>Emir Dervishi nga \u201cAlbulena\u201d, kampion i Malit t\u00eb Zi - Lajme nga Ulqini<\/title>\n<meta name=\"description\" content=\"T\u00eb shtun\u00ebn n\u00eb Budv\u00eb \u00ebsht\u00eb mbajtur\u00a0Kupa e Malit t\u00eb Zi n\u00eb kik boks dhe\u00a0Turneu Memorial \u201cSemir Usenagiq\u201d.\u00a0N\u00eb hapje t\u00eb tij i \u00ebsht\u00eb b\u00ebr\u00eb homazh\u00a0Semir\" \/>\n<meta name=\"robots\" content=\"index, follow, max-snippet:-1, max-image-preview:large, max-video-preview:-1\" \/>\n<link rel=\"canonical\" href=\"https:\/\/www.visit-ulcinj.com\/blog\/2013\/04\/01\/emir-dervishi-nga-albulena-kampion-i-malit-te-zi\/\" \/>\n<meta property=\"og:locale\" content=\"en_US\" \/>\n<meta property=\"og:type\" content=\"article\" \/>\n<meta property=\"og:title\" content=\"Emir Dervishi nga \u201cAlbulena\u201d, kampion i Malit t\u00eb Zi - Lajme nga Ulqini\" \/>\n<meta property=\"og:description\" content=\"T\u00eb shtun\u00ebn n\u00eb Budv\u00eb \u00ebsht\u00eb mbajtur\u00a0Kupa e Malit t\u00eb Zi n\u00eb kik boks dhe\u00a0Turneu Memorial \u201cSemir Usenagiq\u201d.\u00a0N\u00eb hapje t\u00eb tij i \u00ebsht\u00eb b\u00ebr\u00eb homazh\u00a0Semir\" \/>\n<meta property=\"og:url\" content=\"https:\/\/www.visit-ulcinj.com\/blog\/2013\/04\/01\/emir-dervishi-nga-albulena-kampion-i-malit-te-zi\/\" \/>\n<meta property=\"og:site_name\" content=\"Lajme nga Ulqini\" \/>\n<meta property=\"article:published_time\" content=\"2013-04-01T08:06:24+00:00\" \/>\n<meta property=\"article:modified_time\" content=\"2013-04-01T08:06:44+00:00\" \/>\n<meta property=\"og:image\" content=\"http:\/\/www.visit-ulcinj.com\/blog\/wp-content\/uploads\/2013\/04\/Klubi-i-Kik-Boksit-Albulena-Ulqin.jpg\" \/>\n<meta name=\"twitter:label1\" content=\"Written by\" \/>\n\t<meta name=\"twitter:data1\" content=\"ulqini\" \/>\n\t<meta name=\"twitter:label2\" content=\"Est. reading time\" \/>\n\t<meta name=\"twitter:data2\" content=\"2 minutes\" \/>\n<script type=\"application\/ld+json\" class=\"yoast-schema-graph\">{\"@context\":\"https:\/\/schema.org\",\"@graph\":[{\"@type\":\"WebSite\",\"@id\":\"https:\/\/www.visit-ulcinj.com\/blog\/#website\",\"url\":\"https:\/\/www.visit-ulcinj.com\/blog\/\",\"name\":\"Lajme nga Ulqini\",\"description\":\"Lajme,Vijesti,Ulqini,Ulqin,Crna Gora,Mali i Zi\",\"potentialAction\":[{\"@type\":\"SearchAction\",\"target\":{\"@type\":\"EntryPoint\",\"urlTemplate\":\"https:\/\/www.visit-ulcinj.com\/blog\/?s={search_term_string}\"},\"query-input\":\"required name=search_term_string\"}],\"inLanguage\":\"en-US\"},{\"@type\":\"ImageObject\",\"inLanguage\":\"en-US\",\"@id\":\"https:\/\/www.visit-ulcinj.com\/blog\/2013\/04\/01\/emir-dervishi-nga-albulena-kampion-i-malit-te-zi\/#primaryimage\",\"url\":\"https:\/\/www.visit-ulcinj.com\/blog\/wp-content\/uploads\/2013\/04\/Klubi-i-Kik-Boksit-Albulena-Ulqin.jpg\",\"contentUrl\":\"https:\/\/www.visit-ulcinj.com\/blog\/wp-content\/uploads\/2013\/04\/Klubi-i-Kik-Boksit-Albulena-Ulqin.jpg\",\"width\":960,\"height\":717},{\"@type\":\"WebPage\",\"@id\":\"https:\/\/www.visit-ulcinj.com\/blog\/2013\/04\/01\/emir-dervishi-nga-albulena-kampion-i-malit-te-zi\/#webpage\",\"url\":\"https:\/\/www.visit-ulcinj.com\/blog\/2013\/04\/01\/emir-dervishi-nga-albulena-kampion-i-malit-te-zi\/\",\"name\":\"Emir Dervishi nga \u201cAlbulena\u201d, kampion i Malit t\u00eb Zi - Lajme nga Ulqini\",\"isPartOf\":{\"@id\":\"https:\/\/www.visit-ulcinj.com\/blog\/#website\"},\"primaryImageOfPage\":{\"@id\":\"https:\/\/www.visit-ulcinj.com\/blog\/2013\/04\/01\/emir-dervishi-nga-albulena-kampion-i-malit-te-zi\/#primaryimage\"},\"datePublished\":\"2013-04-01T08:06:24+00:00\",\"dateModified\":\"2013-04-01T08:06:44+00:00\",\"author\":{\"@id\":\"https:\/\/www.visit-ulcinj.com\/blog\/#\/schema\/person\/dcab619c614d3038751c63bc2aadc06d\"},\"description\":\"T\u00eb shtun\u00ebn n\u00eb Budv\u00eb \u00ebsht\u00eb mbajtur\u00a0Kupa e Malit t\u00eb Zi n\u00eb kik boks dhe\u00a0Turneu Memorial \u201cSemir Usenagiq\u201d.\u00a0N\u00eb hapje t\u00eb tij i \u00ebsht\u00eb b\u00ebr\u00eb homazh\u00a0Semir\",\"breadcrumb\":{\"@id\":\"https:\/\/www.visit-ulcinj.com\/blog\/2013\/04\/01\/emir-dervishi-nga-albulena-kampion-i-malit-te-zi\/#breadcrumb\"},\"inLanguage\":\"en-US\",\"potentialAction\":[{\"@type\":\"ReadAction\",\"target\":[\"https:\/\/www.visit-ulcinj.com\/blog\/2013\/04\/01\/emir-dervishi-nga-albulena-kampion-i-malit-te-zi\/\"]}]},{\"@type\":\"BreadcrumbList\",\"@id\":\"https:\/\/www.visit-ulcinj.com\/blog\/2013\/04\/01\/emir-dervishi-nga-albulena-kampion-i-malit-te-zi\/#breadcrumb\",\"itemListElement\":[{\"@type\":\"ListItem\",\"position\":1,\"name\":\"Emir Dervishi nga \u201cAlbulena\u201d, kampion i Malit t\u00eb Zi\"}]},{\"@type\":\"Person\",\"@id\":\"https:\/\/www.visit-ulcinj.com\/blog\/#\/schema\/person\/dcab619c614d3038751c63bc2aadc06d\",\"name\":\"ulqini\",\"sameAs\":[\"http:\/\/www.visit-ulcinj.com\"],\"url\":\"https:\/\/www.visit-ulcinj.com\/blog\/author\/admin\/\"}]}<\/script>\n<!-- \/ Yoast SEO plugin. -->","yoast_head_json":{"title":"Emir Dervishi nga \u201cAlbulena\u201d, kampion i Malit t\u00eb Zi - Lajme nga Ulqini","description":"T\u00eb shtun\u00ebn n\u00eb Budv\u00eb \u00ebsht\u00eb mbajtur\u00a0Kupa e Malit t\u00eb Zi n\u00eb kik boks dhe\u00a0Turneu Memorial \u201cSemir Usenagiq\u201d.\u00a0N\u00eb hapje t\u00eb tij i \u00ebsht\u00eb b\u00ebr\u00eb homazh\u00a0Semir","robots":{"index":"index","follow":"follow","max-snippet":"max-snippet:-1","max-image-preview":"max-image-preview:large","max-video-preview":"max-video-preview:-1"},"canonical":"https:\/\/www.visit-ulcinj.com\/blog\/2013\/04\/01\/emir-dervishi-nga-albulena-kampion-i-malit-te-zi\/","og_locale":"en_US","og_type":"article","og_title":"Emir Dervishi nga \u201cAlbulena\u201d, kampion i Malit t\u00eb Zi - Lajme nga Ulqini","og_description":"T\u00eb shtun\u00ebn n\u00eb Budv\u00eb \u00ebsht\u00eb mbajtur\u00a0Kupa e Malit t\u00eb Zi n\u00eb kik boks dhe\u00a0Turneu Memorial \u201cSemir Usenagiq\u201d.\u00a0N\u00eb hapje t\u00eb tij i \u00ebsht\u00eb b\u00ebr\u00eb homazh\u00a0Semir","og_url":"https:\/\/www.visit-ulcinj.com\/blog\/2013\/04\/01\/emir-dervishi-nga-albulena-kampion-i-malit-te-zi\/","og_site_name":"Lajme nga Ulqini","article_published_time":"2013-04-01T08:06:24+00:00","article_modified_time":"2013-04-01T08:06:44+00:00","og_image":[{"url":"http:\/\/www.visit-ulcinj.com\/blog\/wp-content\/uploads\/2013\/04\/Klubi-i-Kik-Boksit-Albulena-Ulqin.jpg"}],"twitter_misc":{"Written by":"ulqini","Est. reading time":"2 minutes"},"schema":{"@context":"https:\/\/schema.org","@graph":[{"@type":"WebSite","@id":"https:\/\/www.visit-ulcinj.com\/blog\/#website","url":"https:\/\/www.visit-ulcinj.com\/blog\/","name":"Lajme nga Ulqini","description":"Lajme,Vijesti,Ulqini,Ulqin,Crna Gora,Mali i Zi","potentialAction":[{"@type":"SearchAction","target":{"@type":"EntryPoint","urlTemplate":"https:\/\/www.visit-ulcinj.com\/blog\/?s={search_term_string}"},"query-input":"required name=search_term_string"}],"inLanguage":"en-US"},{"@type":"ImageObject","inLanguage":"en-US","@id":"https:\/\/www.visit-ulcinj.com\/blog\/2013\/04\/01\/emir-dervishi-nga-albulena-kampion-i-malit-te-zi\/#primaryimage","url":"https:\/\/www.visit-ulcinj.com\/blog\/wp-content\/uploads\/2013\/04\/Klubi-i-Kik-Boksit-Albulena-Ulqin.jpg","contentUrl":"https:\/\/www.visit-ulcinj.com\/blog\/wp-content\/uploads\/2013\/04\/Klubi-i-Kik-Boksit-Albulena-Ulqin.jpg","width":960,"height":717},{"@type":"WebPage","@id":"https:\/\/www.visit-ulcinj.com\/blog\/2013\/04\/01\/emir-dervishi-nga-albulena-kampion-i-malit-te-zi\/#webpage","url":"https:\/\/www.visit-ulcinj.com\/blog\/2013\/04\/01\/emir-dervishi-nga-albulena-kampion-i-malit-te-zi\/","name":"Emir Dervishi nga \u201cAlbulena\u201d, kampion i Malit t\u00eb Zi - Lajme nga Ulqini","isPartOf":{"@id":"https:\/\/www.visit-ulcinj.com\/blog\/#website"},"primaryImageOfPage":{"@id":"https:\/\/www.visit-ulcinj.com\/blog\/2013\/04\/01\/emir-dervishi-nga-albulena-kampion-i-malit-te-zi\/#primaryimage"},"datePublished":"2013-04-01T08:06:24+00:00","dateModified":"2013-04-01T08:06:44+00:00","author":{"@id":"https:\/\/www.visit-ulcinj.com\/blog\/#\/schema\/person\/dcab619c614d3038751c63bc2aadc06d"},"description":"T\u00eb shtun\u00ebn n\u00eb Budv\u00eb \u00ebsht\u00eb mbajtur\u00a0Kupa e Malit t\u00eb Zi n\u00eb kik boks dhe\u00a0Turneu Memorial \u201cSemir Usenagiq\u201d.\u00a0N\u00eb hapje t\u00eb tij i \u00ebsht\u00eb b\u00ebr\u00eb homazh\u00a0Semir","breadcrumb":{"@id":"https:\/\/www.visit-ulcinj.com\/blog\/2013\/04\/01\/emir-dervishi-nga-albulena-kampion-i-malit-te-zi\/#breadcrumb"},"inLanguage":"en-US","potentialAction":[{"@type":"ReadAction","target":["https:\/\/www.visit-ulcinj.com\/blog\/2013\/04\/01\/emir-dervishi-nga-albulena-kampion-i-malit-te-zi\/"]}]},{"@type":"BreadcrumbList","@id":"https:\/\/www.visit-ulcinj.com\/blog\/2013\/04\/01\/emir-dervishi-nga-albulena-kampion-i-malit-te-zi\/#breadcrumb","itemListElement":[{"@type":"ListItem","position":1,"name":"Emir Dervishi nga \u201cAlbulena\u201d, kampion i Malit t\u00eb Zi"}]},{"@type":"Person","@id":"https:\/\/www.visit-ulcinj.com\/blog\/#\/schema\/person\/dcab619c614d3038751c63bc2aadc06d","name":"ulqini","sameAs":["http:\/\/www.visit-ulcinj.com"],"url":"https:\/\/www.visit-ulcinj.com\/blog\/author\/admin\/"}]}},"jetpack_featured_media_url":"","jetpack_sharing_enabled":true,"jetpack_shortlink":"https:\/\/wp.me\/pe6lTn-ih6","_links":{"self":[{"href":"https:\/\/www.visit-ulcinj.com\/blog\/wp-json\/wp\/v2\/posts\/70252"}],"collection":[{"href":"https:\/\/www.visit-ulcinj.com\/blog\/wp-json\/wp\/v2\/posts"}],"about":[{"href":"https:\/\/www.visit-ulcinj.com\/blog\/wp-json\/wp\/v2\/types\/post"}],"author":[{"embeddable":true,"href":"https:\/\/www.visit-ulcinj.com\/blog\/wp-json\/wp\/v2\/users\/1"}],"replies":[{"embeddable":true,"href":"https:\/\/www.visit-ulcinj.com\/blog\/wp-json\/wp\/v2\/comments?post=70252"}],"version-history":[{"count":2,"href":"https:\/\/www.visit-ulcinj.com\/blog\/wp-json\/wp\/v2\/posts\/70252\/revisions"}],"predecessor-version":[{"id":70257,"href":"https:\/\/www.visit-ulcinj.com\/blog\/wp-json\/wp\/v2\/posts\/70252\/revisions\/70257"}],"wp:attachment":[{"href":"https:\/\/www.visit-ulcinj.com\/blog\/wp-json\/wp\/v2\/media?parent=70252"}],"wp:term":[{"taxonomy":"category","embeddable":true,"href":"https:\/\/www.visit-ulcinj.com\/blog\/wp-json\/wp\/v2\/categories?post=70252"},{"taxonomy":"post_tag","embeddable":true,"href":"https:\/\/www.visit-ulcinj.com\/blog\/wp-json\/wp\/v2\/tags?post=70252"}],"curies":[{"name":"wp","href":"https:\/\/api.w.org\/{rel}","templated":true}]}}