{"id":70262,"date":"2013-04-02T10:42:20","date_gmt":"2013-04-02T09:42:20","guid":{"rendered":"http:\/\/www.visit-ulcinj.com\/blog\/?p=70262"},"modified":"2013-04-02T10:42:20","modified_gmt":"2013-04-02T09:42:20","slug":"port-milena-do-kraja-aprila","status":"publish","type":"post","link":"https:\/\/www.visit-ulcinj.com\/blog\/2013\/04\/02\/port-milena-do-kraja-aprila\/","title":{"rendered":"Port Milena do kraja aprila"},"content":{"rendered":"<p><a href=\"http:\/\/www.visit-ulcinj.com\/blog\/wp-content\/uploads\/2013\/04\/Most-Port-Milena-Ulcinj.jpg\"><img loading=\"lazy\" class=\"alignleft  wp-image-70263\" alt=\"Most Port Milena Ulcinj\" src=\"http:\/\/www.visit-ulcinj.com\/blog\/wp-content\/uploads\/2013\/04\/Most-Port-Milena-Ulcinj.jpg\" width=\"508\" height=\"360\" \/><\/a>Najzna\u010dajnija infrastrukturna investicija, te\u0161ka skoro 14 miliona eura-most Port Milena u Ulcinju-po najavama iz resornog ministarstva trebalo je da bude zavr\u0161en krajem marta, a otvoren \u00a0po\u010detkom ovog mjeseca.No, kako smo zakora\u010dil \u00a0u april, a radovi jo\u0161 nijesu zavr\u0161eni-pitali smo direktora Direkcije za saobra\u0107aj Veselina Grbovi\u0107a gdje je zapelo-kada \u0107e biti presje\u010dena vrpca na Port Mileni:<\/p>\n<p><b>\u201c<\/b> Ako ki\u0161a prestane, radovi \u0107e biti zavr\u0161eni za sedmicu. U me\u0111uvremenu \u0107emo uraditi tehni\u010dki prijam i nakon toga o\u010dekujemo da ga do kraja\u00a0 aprila pu\u0161timo u saobra\u0107aj\u201d. <b>\u00a0<\/b><\/p>\n<p>Iako nije bio razlog za ka\u0161njenje, prvi \u010dovjek Ulcinja Nazif Cungu napominje da je op\u0161tina trazila bitnu korekciju na projektu.Evo o \u010demu je rije\u010d:<\/p>\n<p>\u201c Da se dodatno asortira jedan dio ove saobra\u0107ajnice, zna\u010di kad se silazi sa mosta, kad se ve\u0107 pre\u0111e na Veliku pla\u017eu. Mi smo u obavezi\u00a0 da radimo jedan drugi dio projekta i da tu pristupimo eksproprijaciji, obzirom da zahvata i privatne posjede. To ostaje da se zavr\u0161i u narednih nekoliko dana\u201d.<\/p>\n<p>Kad se sve zbroji -Ulcinj \u0107e dobiti \u00a0most du\u017eine 350 metara, dok je \u0161irina, sa \u010detiri saobra\u0107ajne trake i pje\u0161a\u010dkim stazama\u00a0 20,30 metara. A o zna\u010daju Port Milene, Cungu ka\u017ee:<\/p>\n<p>\u201cRazvoj op\u0161tine Ulcinj je nezamisliv bez tog mosta, jer to je usko grlo, stari, mali most, \u010dekanja su bila i po 2 sata u tom dijelu.\u201d<\/p>\n<p>Podsje\u0107amo, izgradnja Port Milene po\u010dela je krajem oktobra 2010. dok je \u00a0ugovoreni rok \u00a0za zavr\u0161etak radova bio 15. jun pro\u0161le godine. Konce su, me\u0111utim pomrsili finansijski problemi slovena\u010dke kompanije Primorje, koja je bila izvo\u0111a\u010d radova, pa je ve\u0107 u martu 2012 bilo jasno da se kasni.<\/p>\n<p>Nakon toga, tempo nije mogao biti ubrazan, jer je izvo\u0111a\u010d oti\u0161ao pod ste\u010daj, a ugovor o izvo\u0111enju radova je raskinut, \u0161to je zna\u010dilo da su radovi privremeno obustavljeni po\u010detkom juna.<\/p>\n<p>Raskidom ugovora Direkcija za saobra\u0107aj naplatila je bankovnu garanciju od\u00a0 695 hiljada eura, tako da \u00a0je gradnja na Port Mileni\u00a0 nastavljena u septembru 2012. na osnovu zaklju\u010daka Vlade, \u00a0kojima je odobreno da podizvo\u0111a\u010di zavr\u0161e preostale radove.<\/p>\n<p><strong>Jelena \u0106etkovi\u0107<\/strong><br \/>\n<strong>Antena M<\/strong><\/p>\n<p>&nbsp;<\/p>\n","protected":false},"excerpt":{"rendered":"<p>Najzna\u010dajnija infrastrukturna investicija, te\u0161ka skoro 14 miliona eura-most Port Milena u Ulcinju-po najavama iz resornog ministarstva trebalo je da bude zavr\u0161en krajem marta, a otvoren \u00a0po\u010detkom ovog mjeseca.No, kako smo zakora\u010dil \u00a0u april, a radovi jo\u0161 nijesu zavr\u0161eni-pitali smo direktora Direkcije za saobra\u0107aj Veselina Grbovi\u0107a gdje je zapelo-kada \u0107e biti presje\u010dena vrpca na Port Mileni: [&hellip;]<\/p>\n","protected":false},"author":1,"featured_media":0,"comment_status":"open","ping_status":"closed","sticky":false,"template":"","format":"standard","meta":{"spay_email":"","jetpack_publicize_message":"","jetpack_is_tweetstorm":false,"jetpack_publicize_feature_enabled":true},"categories":[8337],"tags":[15010,19],"jetpack_publicize_connections":[],"yoast_head":"<!-- This site is optimized with the Yoast SEO plugin v19.1 - https:\/\/yoast.com\/wordpress\/plugins\/seo\/ -->\n<title>Port Milena do kraja aprila - Lajme nga Ulqini<\/title>\n<meta name=\"description\" content=\"Najzna\u010dajnija infrastrukturna investicija, te\u0161ka skoro 14 miliona eura-most Port Milena u Ulcinju-po najavama iz resornog ministarstva trebalo je da bude\" \/>\n<meta name=\"robots\" content=\"index, follow, max-snippet:-1, max-image-preview:large, max-video-preview:-1\" \/>\n<link rel=\"canonical\" href=\"https:\/\/www.visit-ulcinj.com\/blog\/2013\/04\/02\/port-milena-do-kraja-aprila\/\" \/>\n<meta property=\"og:locale\" content=\"en_US\" \/>\n<meta property=\"og:type\" content=\"article\" \/>\n<meta property=\"og:title\" content=\"Port Milena do kraja aprila - Lajme nga Ulqini\" \/>\n<meta property=\"og:description\" content=\"Najzna\u010dajnija infrastrukturna investicija, te\u0161ka skoro 14 miliona eura-most Port Milena u Ulcinju-po najavama iz resornog ministarstva trebalo je da bude\" \/>\n<meta property=\"og:url\" content=\"https:\/\/www.visit-ulcinj.com\/blog\/2013\/04\/02\/port-milena-do-kraja-aprila\/\" \/>\n<meta property=\"og:site_name\" content=\"Lajme nga Ulqini\" \/>\n<meta property=\"article:published_time\" content=\"2013-04-02T09:42:20+00:00\" \/>\n<meta property=\"og:image\" content=\"http:\/\/www.visit-ulcinj.com\/blog\/wp-content\/uploads\/2013\/04\/Most-Port-Milena-Ulcinj.jpg\" \/>\n<meta name=\"twitter:label1\" content=\"Written by\" \/>\n\t<meta name=\"twitter:data1\" content=\"ulqini\" \/>\n\t<meta name=\"twitter:label2\" content=\"Est. reading time\" \/>\n\t<meta name=\"twitter:data2\" content=\"2 minutes\" \/>\n<script type=\"application\/ld+json\" class=\"yoast-schema-graph\">{\"@context\":\"https:\/\/schema.org\",\"@graph\":[{\"@type\":\"WebSite\",\"@id\":\"https:\/\/www.visit-ulcinj.com\/blog\/#website\",\"url\":\"https:\/\/www.visit-ulcinj.com\/blog\/\",\"name\":\"Lajme nga Ulqini\",\"description\":\"Lajme,Vijesti,Ulqini,Ulqin,Crna Gora,Mali i Zi\",\"potentialAction\":[{\"@type\":\"SearchAction\",\"target\":{\"@type\":\"EntryPoint\",\"urlTemplate\":\"https:\/\/www.visit-ulcinj.com\/blog\/?s={search_term_string}\"},\"query-input\":\"required name=search_term_string\"}],\"inLanguage\":\"en-US\"},{\"@type\":\"ImageObject\",\"inLanguage\":\"en-US\",\"@id\":\"https:\/\/www.visit-ulcinj.com\/blog\/2013\/04\/02\/port-milena-do-kraja-aprila\/#primaryimage\",\"url\":\"https:\/\/www.visit-ulcinj.com\/blog\/wp-content\/uploads\/2013\/04\/Most-Port-Milena-Ulcinj.jpg\",\"contentUrl\":\"https:\/\/www.visit-ulcinj.com\/blog\/wp-content\/uploads\/2013\/04\/Most-Port-Milena-Ulcinj.jpg\",\"width\":960,\"height\":722},{\"@type\":\"WebPage\",\"@id\":\"https:\/\/www.visit-ulcinj.com\/blog\/2013\/04\/02\/port-milena-do-kraja-aprila\/#webpage\",\"url\":\"https:\/\/www.visit-ulcinj.com\/blog\/2013\/04\/02\/port-milena-do-kraja-aprila\/\",\"name\":\"Port Milena do kraja aprila - Lajme nga Ulqini\",\"isPartOf\":{\"@id\":\"https:\/\/www.visit-ulcinj.com\/blog\/#website\"},\"primaryImageOfPage\":{\"@id\":\"https:\/\/www.visit-ulcinj.com\/blog\/2013\/04\/02\/port-milena-do-kraja-aprila\/#primaryimage\"},\"datePublished\":\"2013-04-02T09:42:20+00:00\",\"dateModified\":\"2013-04-02T09:42:20+00:00\",\"author\":{\"@id\":\"https:\/\/www.visit-ulcinj.com\/blog\/#\/schema\/person\/dcab619c614d3038751c63bc2aadc06d\"},\"description\":\"Najzna\u010dajnija infrastrukturna investicija, te\u0161ka skoro 14 miliona eura-most Port Milena u Ulcinju-po najavama iz resornog ministarstva trebalo je da bude\",\"breadcrumb\":{\"@id\":\"https:\/\/www.visit-ulcinj.com\/blog\/2013\/04\/02\/port-milena-do-kraja-aprila\/#breadcrumb\"},\"inLanguage\":\"en-US\",\"potentialAction\":[{\"@type\":\"ReadAction\",\"target\":[\"https:\/\/www.visit-ulcinj.com\/blog\/2013\/04\/02\/port-milena-do-kraja-aprila\/\"]}]},{\"@type\":\"BreadcrumbList\",\"@id\":\"https:\/\/www.visit-ulcinj.com\/blog\/2013\/04\/02\/port-milena-do-kraja-aprila\/#breadcrumb\",\"itemListElement\":[{\"@type\":\"ListItem\",\"position\":1,\"name\":\"Port Milena do kraja aprila\"}]},{\"@type\":\"Person\",\"@id\":\"https:\/\/www.visit-ulcinj.com\/blog\/#\/schema\/person\/dcab619c614d3038751c63bc2aadc06d\",\"name\":\"ulqini\",\"sameAs\":[\"http:\/\/www.visit-ulcinj.com\"],\"url\":\"https:\/\/www.visit-ulcinj.com\/blog\/author\/admin\/\"}]}<\/script>\n<!-- \/ Yoast SEO plugin. -->","yoast_head_json":{"title":"Port Milena do kraja aprila - Lajme nga Ulqini","description":"Najzna\u010dajnija infrastrukturna investicija, te\u0161ka skoro 14 miliona eura-most Port Milena u Ulcinju-po najavama iz resornog ministarstva trebalo je da bude","robots":{"index":"index","follow":"follow","max-snippet":"max-snippet:-1","max-image-preview":"max-image-preview:large","max-video-preview":"max-video-preview:-1"},"canonical":"https:\/\/www.visit-ulcinj.com\/blog\/2013\/04\/02\/port-milena-do-kraja-aprila\/","og_locale":"en_US","og_type":"article","og_title":"Port Milena do kraja aprila - Lajme nga Ulqini","og_description":"Najzna\u010dajnija infrastrukturna investicija, te\u0161ka skoro 14 miliona eura-most Port Milena u Ulcinju-po najavama iz resornog ministarstva trebalo je da bude","og_url":"https:\/\/www.visit-ulcinj.com\/blog\/2013\/04\/02\/port-milena-do-kraja-aprila\/","og_site_name":"Lajme nga Ulqini","article_published_time":"2013-04-02T09:42:20+00:00","og_image":[{"url":"http:\/\/www.visit-ulcinj.com\/blog\/wp-content\/uploads\/2013\/04\/Most-Port-Milena-Ulcinj.jpg"}],"twitter_misc":{"Written by":"ulqini","Est. reading time":"2 minutes"},"schema":{"@context":"https:\/\/schema.org","@graph":[{"@type":"WebSite","@id":"https:\/\/www.visit-ulcinj.com\/blog\/#website","url":"https:\/\/www.visit-ulcinj.com\/blog\/","name":"Lajme nga Ulqini","description":"Lajme,Vijesti,Ulqini,Ulqin,Crna Gora,Mali i Zi","potentialAction":[{"@type":"SearchAction","target":{"@type":"EntryPoint","urlTemplate":"https:\/\/www.visit-ulcinj.com\/blog\/?s={search_term_string}"},"query-input":"required name=search_term_string"}],"inLanguage":"en-US"},{"@type":"ImageObject","inLanguage":"en-US","@id":"https:\/\/www.visit-ulcinj.com\/blog\/2013\/04\/02\/port-milena-do-kraja-aprila\/#primaryimage","url":"https:\/\/www.visit-ulcinj.com\/blog\/wp-content\/uploads\/2013\/04\/Most-Port-Milena-Ulcinj.jpg","contentUrl":"https:\/\/www.visit-ulcinj.com\/blog\/wp-content\/uploads\/2013\/04\/Most-Port-Milena-Ulcinj.jpg","width":960,"height":722},{"@type":"WebPage","@id":"https:\/\/www.visit-ulcinj.com\/blog\/2013\/04\/02\/port-milena-do-kraja-aprila\/#webpage","url":"https:\/\/www.visit-ulcinj.com\/blog\/2013\/04\/02\/port-milena-do-kraja-aprila\/","name":"Port Milena do kraja aprila - Lajme nga Ulqini","isPartOf":{"@id":"https:\/\/www.visit-ulcinj.com\/blog\/#website"},"primaryImageOfPage":{"@id":"https:\/\/www.visit-ulcinj.com\/blog\/2013\/04\/02\/port-milena-do-kraja-aprila\/#primaryimage"},"datePublished":"2013-04-02T09:42:20+00:00","dateModified":"2013-04-02T09:42:20+00:00","author":{"@id":"https:\/\/www.visit-ulcinj.com\/blog\/#\/schema\/person\/dcab619c614d3038751c63bc2aadc06d"},"description":"Najzna\u010dajnija infrastrukturna investicija, te\u0161ka skoro 14 miliona eura-most Port Milena u Ulcinju-po najavama iz resornog ministarstva trebalo je da bude","breadcrumb":{"@id":"https:\/\/www.visit-ulcinj.com\/blog\/2013\/04\/02\/port-milena-do-kraja-aprila\/#breadcrumb"},"inLanguage":"en-US","potentialAction":[{"@type":"ReadAction","target":["https:\/\/www.visit-ulcinj.com\/blog\/2013\/04\/02\/port-milena-do-kraja-aprila\/"]}]},{"@type":"BreadcrumbList","@id":"https:\/\/www.visit-ulcinj.com\/blog\/2013\/04\/02\/port-milena-do-kraja-aprila\/#breadcrumb","itemListElement":[{"@type":"ListItem","position":1,"name":"Port Milena do kraja aprila"}]},{"@type":"Person","@id":"https:\/\/www.visit-ulcinj.com\/blog\/#\/schema\/person\/dcab619c614d3038751c63bc2aadc06d","name":"ulqini","sameAs":["http:\/\/www.visit-ulcinj.com"],"url":"https:\/\/www.visit-ulcinj.com\/blog\/author\/admin\/"}]}},"jetpack_featured_media_url":"","jetpack_sharing_enabled":true,"jetpack_shortlink":"https:\/\/wp.me\/pe6lTn-ihg","_links":{"self":[{"href":"https:\/\/www.visit-ulcinj.com\/blog\/wp-json\/wp\/v2\/posts\/70262"}],"collection":[{"href":"https:\/\/www.visit-ulcinj.com\/blog\/wp-json\/wp\/v2\/posts"}],"about":[{"href":"https:\/\/www.visit-ulcinj.com\/blog\/wp-json\/wp\/v2\/types\/post"}],"author":[{"embeddable":true,"href":"https:\/\/www.visit-ulcinj.com\/blog\/wp-json\/wp\/v2\/users\/1"}],"replies":[{"embeddable":true,"href":"https:\/\/www.visit-ulcinj.com\/blog\/wp-json\/wp\/v2\/comments?post=70262"}],"version-history":[{"count":1,"href":"https:\/\/www.visit-ulcinj.com\/blog\/wp-json\/wp\/v2\/posts\/70262\/revisions"}],"predecessor-version":[{"id":70264,"href":"https:\/\/www.visit-ulcinj.com\/blog\/wp-json\/wp\/v2\/posts\/70262\/revisions\/70264"}],"wp:attachment":[{"href":"https:\/\/www.visit-ulcinj.com\/blog\/wp-json\/wp\/v2\/media?parent=70262"}],"wp:term":[{"taxonomy":"category","embeddable":true,"href":"https:\/\/www.visit-ulcinj.com\/blog\/wp-json\/wp\/v2\/categories?post=70262"},{"taxonomy":"post_tag","embeddable":true,"href":"https:\/\/www.visit-ulcinj.com\/blog\/wp-json\/wp\/v2\/tags?post=70262"}],"curies":[{"name":"wp","href":"https:\/\/api.w.org\/{rel}","templated":true}]}}