{"id":70265,"date":"2013-04-02T10:53:24","date_gmt":"2013-04-02T09:53:24","guid":{"rendered":"http:\/\/www.visit-ulcinj.com\/blog\/?p=70265"},"modified":"2013-04-02T10:53:24","modified_gmt":"2013-04-02T09:53:24","slug":"cungu-spremni-za-dobar-docek-brojnih-turista","status":"publish","type":"post","link":"https:\/\/www.visit-ulcinj.com\/blog\/2013\/04\/02\/cungu-spremni-za-dobar-docek-brojnih-turista\/","title":{"rendered":"Cungu: Spremni za dobar do\u010dek brojnih turista"},"content":{"rendered":"<p><a href=\"http:\/\/www.visit-ulcinj.com\/blog\/wp-content\/uploads\/2013\/04\/nazif-cungu.jpg\"><img loading=\"lazy\" class=\"alignleft size-full wp-image-70266\" alt=\"nazif-cungu\" src=\"http:\/\/www.visit-ulcinj.com\/blog\/wp-content\/uploads\/2013\/04\/nazif-cungu.jpg\" width=\"440\" height=\"291\" srcset=\"https:\/\/www.visit-ulcinj.com\/blog\/wp-content\/uploads\/2013\/04\/nazif-cungu.jpg 440w, https:\/\/www.visit-ulcinj.com\/blog\/wp-content\/uploads\/2013\/04\/nazif-cungu-300x198.jpg 300w\" sizes=\"(max-width: 440px) 100vw, 440px\" \/><\/a>Turisti\u010dka ponuda Ulcinja je sve bolja. Ove godine vi\u0161e \u0107emo se fokusirati na organizaciju brojnih manifestacija- rekao je predsjednik op\u0161tine Nazif Cungu<\/p>\n<p><strong>ULCINJ \u2013 U susret Danu op\u0161tine i novoj ljetnjoj turisti\u010dkoj sezoni razgovarali smo sa predsjednikom op\u0161tine Ulcinj Nazifom Cunguom o pripremama za novo ljeto i dolazak turista, o investicijama, punjenju bud\u017eeta i politi\u010dkim temama.<\/strong><\/p>\n<p><strong>Pobjeda:<\/strong> Ulcinj \u0107e prve subote aprila proslaviti Dan op\u0161tine. Na koji na\u010din \u0107e to u\u010diniti ove godine?<\/p>\n<p><strong>Cungu:<\/strong> Proslava Dana Ulcinja uklju\u010duje dvodnevne aktivnosti i manifestacije. U subotu, 6. aprila, bi\u0107e odr\u017eana sve\u010dana sjednica, nakon koje slijede\u00a0Sajam maslina i zanatskih proizvoda i koncert za mlade na Pristanu. Dan ranije bi\u0107e organizovana Peta me\u0111unarodna nau\u010dna konferencija na temu: ,,Investicija u funkciji ekonomskog razvoja i integracionih procesa\u201c i uru\u010divanje stipendija najboljim studentima.<\/p>\n<p><strong>Pobjeda<\/strong>: \u0160to \u0107e novo Ulcinj ponuditi turistima u nastupaju\u0107oj sezoni?<\/p>\n<p><strong>Cungu:<\/strong> Po\u010detak turisti\u010dke sezone zapravo \u0107e obilje\u017eiti otvaranje turisti\u010dko-informativnih punktova\u00a0 koji \u0107e biti snabdjeveni svim propagandnim materijalom i na usluzi gra\u0111anima, kao servis koji daje informacije iz svih oblasti koje bi mogle interesovati turiste na na\u0161oj rivijeri. Frekvencija turista tokom sezone izuzetno je velika i zbog toga je neophodno otvoriti ovakve punktove. Turisti\u010dka ponuda Ulcinja je sve bolja. Ove godine vi\u0161e \u0107emo se fokusirati na organizaciju brojnih manifestacija.<\/p>\n<p><strong>Pobjeda<\/strong>: Pored tradicionalnih, ove godine \u0107e biti odr\u017eano i nekoliko novih manifestacija, radi produ\u017eenja sezone. Recite nam vi\u0161e o ovim doga\u0111ajima.<\/p>\n<p><strong>Cungu<\/strong>: \u00a0Po\u010dinjemo od 1. maja, manifestacijom ,,Svi za turizam\u201d, kojom \u0107emo i zvani\u010dno otvoriti ovogodi\u0161nju ljetnju sezonu. Slijedi\u00a0 ,,Kite surf Competition\u201d na pla\u017ei Dolcinium, gdje \u0107e\u00a0 se odr\u017eati me\u0111unarodno takmi\u010denje kite surfinga u tri discipline: Free Ride, Hang time, Free Style. Krajem juna, prvi put u Crnoj Gori, u saradnji sa diskografi\u010dkom ku\u0107om \u201eWah Wah 45s\u201c, oganizujemo festival soul, fanki, lound\u017e i d\u017eez muzike. Tradicionalni Sajam knjiga i Ljetnja scena planirani su za kraj jula, odnosno po\u010detak avgusta. Turisti\u010dka organizacija, u saradnji sa lokalnom samoupravom i Centrom za kulturu, podr\u017ea\u0107e i druge sli\u010dne manifestacije, kao sto su izlozbe, Motorijada, Old tajmer fest.<\/p>\n<p><strong>Pobjeda:<\/strong> Najju\u017enija op\u0161tina u Crnoj Gori u novu sezonu ulazi optere\u0107ena \u00a0\u00a0dugovanjima. Koliki je dug op\u0161tine prema posljednjim izvje\u0161tajima?<\/p>\n<p><strong>Cungu<\/strong>:\u00a0 Ukupan dug op\u0161tine i javnih preduze\u0107a 31.decembra pro\u0161le godine iznosio je 22.976.372,94 eura. Dug op\u0161tine je \u00a020.322.296,04 eura. Dug JP Centar za kulturu iznosio je 284.903,77 eura, JP Komunalne djelatnosti \u2013 664.094,83 eura, JP Vodovod i kanalizacija -1.216.887,81 eura, JP Ulcinj- za za\u0161titu i uzgoj divlja\u010di \u2013 165.425,00 eura, Agencije za izgradnju i razvoj Ulcinja d.o.o. \u2013 186.216,08 eura, a dug RTV Ulcinj je 136.549,41 euro.<\/p>\n<p><strong>Pobjeda:<\/strong> Kakva je dinamika punjenja bud\u017eeta u odnosu na projektovanu?<\/p>\n<p><strong>Cungu<\/strong>:\u00a0 Tokom pro\u0161le godine ostvareni su ukupni prihodi od 4.382.330,23 eura, \u0161to je 18.23 odsto vi\u0161e u odnosu na 2011.godinu. Od po\u010detka 2013. do danas prihodovano je 790.203,86 eura ili 9,11 odsto planiranih prihoda za bud\u017eetsku godinu.<\/p>\n<p><strong>Pobjeda:<\/strong> Koji su projekti realizovani u izgradnji infrastrukture i kolika je podr\u0161ka Vlade CG u realizaciji ovih projekata?<\/p>\n<p><strong>Cungu<\/strong>:\u00a0 Kapitalni projekti koji su vezani za realizaciju pobolj\u0161anje infrastrukture u op\u0161tini Ulcinj, koje finansira Vlada u posljednjih pet godina su most na Port Mileni, dvije faze puta Sukobin- Ulcinj, zajedni\u010dka sanitarna deponija Mo\u017eura i regionalni vodovod. Vrijednost ovih investicija, \u00a0ne ra\u010dunaju\u0107i regionalni vodovod, iznosi \u00a025,7 miliona eura. Tu je i u\u010de\u0161\u0107e Vlade u realizaciji izgradnje javne rasvjete na magistralnom putu od Ulcinja prema Baru i prema Vladimiru, u du\u017eini od 11,05 kilometara, asfaltiranje i rekonstrukcija gradskih ulica, kao i \u00a0asfaltiranje prigradskih i seoskih puteva na \u010ditavoj teritoriji op\u0161tine, u iznosu od oko 1,5 miliona eura.<\/p>\n<p><strong>Ana \u017divanovi\u0107<\/strong><br \/>\n<strong>Izvor: Pobjeda<\/strong><\/p>\n","protected":false},"excerpt":{"rendered":"<p>Turisti\u010dka ponuda Ulcinja je sve bolja. Ove godine vi\u0161e \u0107emo se fokusirati na organizaciju brojnih manifestacija- rekao je predsjednik op\u0161tine Nazif Cungu ULCINJ \u2013 U susret Danu op\u0161tine i novoj ljetnjoj turisti\u010dkoj sezoni razgovarali smo sa predsjednikom op\u0161tine Ulcinj Nazifom Cunguom o pripremama za novo ljeto i dolazak turista, o investicijama, punjenju bud\u017eeta i politi\u010dkim [&hellip;]<\/p>\n","protected":false},"author":1,"featured_media":0,"comment_status":"open","ping_status":"closed","sticky":false,"template":"","format":"standard","meta":{"spay_email":"","jetpack_publicize_message":"","jetpack_is_tweetstorm":false,"jetpack_publicize_feature_enabled":true},"categories":[6950],"tags":[118,19],"jetpack_publicize_connections":[],"yoast_head":"<!-- This site is optimized with the Yoast SEO plugin v19.1 - https:\/\/yoast.com\/wordpress\/plugins\/seo\/ -->\n<title>Cungu: Spremni za dobar do\u010dek brojnih turista - Lajme nga Ulqini<\/title>\n<meta name=\"description\" content=\"Turisti\u010dka ponuda Ulcinja je sve bolja. Ove godine vi\u0161e \u0107emo se fokusirati na organizaciju brojnih manifestacija- rekao je predsjednik op\u0161tine Nazif Cungu\" \/>\n<meta name=\"robots\" content=\"index, follow, max-snippet:-1, max-image-preview:large, max-video-preview:-1\" \/>\n<link rel=\"canonical\" href=\"https:\/\/www.visit-ulcinj.com\/blog\/2013\/04\/02\/cungu-spremni-za-dobar-docek-brojnih-turista\/\" \/>\n<meta property=\"og:locale\" content=\"en_US\" \/>\n<meta property=\"og:type\" content=\"article\" \/>\n<meta property=\"og:title\" content=\"Cungu: Spremni za dobar do\u010dek brojnih turista - Lajme nga Ulqini\" \/>\n<meta property=\"og:description\" content=\"Turisti\u010dka ponuda Ulcinja je sve bolja. Ove godine vi\u0161e \u0107emo se fokusirati na organizaciju brojnih manifestacija- rekao je predsjednik op\u0161tine Nazif Cungu\" \/>\n<meta property=\"og:url\" content=\"https:\/\/www.visit-ulcinj.com\/blog\/2013\/04\/02\/cungu-spremni-za-dobar-docek-brojnih-turista\/\" \/>\n<meta property=\"og:site_name\" content=\"Lajme nga Ulqini\" \/>\n<meta property=\"article:published_time\" content=\"2013-04-02T09:53:24+00:00\" \/>\n<meta property=\"og:image\" content=\"http:\/\/www.visit-ulcinj.com\/blog\/wp-content\/uploads\/2013\/04\/nazif-cungu.jpg\" \/>\n<meta name=\"twitter:label1\" content=\"Written by\" \/>\n\t<meta name=\"twitter:data1\" content=\"ulqini\" \/>\n\t<meta name=\"twitter:label2\" content=\"Est. reading time\" \/>\n\t<meta name=\"twitter:data2\" content=\"3 minutes\" \/>\n<script type=\"application\/ld+json\" class=\"yoast-schema-graph\">{\"@context\":\"https:\/\/schema.org\",\"@graph\":[{\"@type\":\"WebSite\",\"@id\":\"https:\/\/www.visit-ulcinj.com\/blog\/#website\",\"url\":\"https:\/\/www.visit-ulcinj.com\/blog\/\",\"name\":\"Lajme nga Ulqini\",\"description\":\"Lajme,Vijesti,Ulqini,Ulqin,Crna Gora,Mali i Zi\",\"potentialAction\":[{\"@type\":\"SearchAction\",\"target\":{\"@type\":\"EntryPoint\",\"urlTemplate\":\"https:\/\/www.visit-ulcinj.com\/blog\/?s={search_term_string}\"},\"query-input\":\"required name=search_term_string\"}],\"inLanguage\":\"en-US\"},{\"@type\":\"ImageObject\",\"inLanguage\":\"en-US\",\"@id\":\"https:\/\/www.visit-ulcinj.com\/blog\/2013\/04\/02\/cungu-spremni-za-dobar-docek-brojnih-turista\/#primaryimage\",\"url\":\"https:\/\/www.visit-ulcinj.com\/blog\/wp-content\/uploads\/2013\/04\/nazif-cungu.jpg\",\"contentUrl\":\"https:\/\/www.visit-ulcinj.com\/blog\/wp-content\/uploads\/2013\/04\/nazif-cungu.jpg\",\"width\":440,\"height\":291},{\"@type\":\"WebPage\",\"@id\":\"https:\/\/www.visit-ulcinj.com\/blog\/2013\/04\/02\/cungu-spremni-za-dobar-docek-brojnih-turista\/#webpage\",\"url\":\"https:\/\/www.visit-ulcinj.com\/blog\/2013\/04\/02\/cungu-spremni-za-dobar-docek-brojnih-turista\/\",\"name\":\"Cungu: Spremni za dobar do\u010dek brojnih turista - Lajme nga Ulqini\",\"isPartOf\":{\"@id\":\"https:\/\/www.visit-ulcinj.com\/blog\/#website\"},\"primaryImageOfPage\":{\"@id\":\"https:\/\/www.visit-ulcinj.com\/blog\/2013\/04\/02\/cungu-spremni-za-dobar-docek-brojnih-turista\/#primaryimage\"},\"datePublished\":\"2013-04-02T09:53:24+00:00\",\"dateModified\":\"2013-04-02T09:53:24+00:00\",\"author\":{\"@id\":\"https:\/\/www.visit-ulcinj.com\/blog\/#\/schema\/person\/dcab619c614d3038751c63bc2aadc06d\"},\"description\":\"Turisti\u010dka ponuda Ulcinja je sve bolja. Ove godine vi\u0161e \u0107emo se fokusirati na organizaciju brojnih manifestacija- rekao je predsjednik op\u0161tine Nazif Cungu\",\"breadcrumb\":{\"@id\":\"https:\/\/www.visit-ulcinj.com\/blog\/2013\/04\/02\/cungu-spremni-za-dobar-docek-brojnih-turista\/#breadcrumb\"},\"inLanguage\":\"en-US\",\"potentialAction\":[{\"@type\":\"ReadAction\",\"target\":[\"https:\/\/www.visit-ulcinj.com\/blog\/2013\/04\/02\/cungu-spremni-za-dobar-docek-brojnih-turista\/\"]}]},{\"@type\":\"BreadcrumbList\",\"@id\":\"https:\/\/www.visit-ulcinj.com\/blog\/2013\/04\/02\/cungu-spremni-za-dobar-docek-brojnih-turista\/#breadcrumb\",\"itemListElement\":[{\"@type\":\"ListItem\",\"position\":1,\"name\":\"Cungu: Spremni za dobar do\u010dek brojnih turista\"}]},{\"@type\":\"Person\",\"@id\":\"https:\/\/www.visit-ulcinj.com\/blog\/#\/schema\/person\/dcab619c614d3038751c63bc2aadc06d\",\"name\":\"ulqini\",\"sameAs\":[\"http:\/\/www.visit-ulcinj.com\"],\"url\":\"https:\/\/www.visit-ulcinj.com\/blog\/author\/admin\/\"}]}<\/script>\n<!-- \/ Yoast SEO plugin. -->","yoast_head_json":{"title":"Cungu: Spremni za dobar do\u010dek brojnih turista - Lajme nga Ulqini","description":"Turisti\u010dka ponuda Ulcinja je sve bolja. Ove godine vi\u0161e \u0107emo se fokusirati na organizaciju brojnih manifestacija- rekao je predsjednik op\u0161tine Nazif Cungu","robots":{"index":"index","follow":"follow","max-snippet":"max-snippet:-1","max-image-preview":"max-image-preview:large","max-video-preview":"max-video-preview:-1"},"canonical":"https:\/\/www.visit-ulcinj.com\/blog\/2013\/04\/02\/cungu-spremni-za-dobar-docek-brojnih-turista\/","og_locale":"en_US","og_type":"article","og_title":"Cungu: Spremni za dobar do\u010dek brojnih turista - Lajme nga Ulqini","og_description":"Turisti\u010dka ponuda Ulcinja je sve bolja. Ove godine vi\u0161e \u0107emo se fokusirati na organizaciju brojnih manifestacija- rekao je predsjednik op\u0161tine Nazif Cungu","og_url":"https:\/\/www.visit-ulcinj.com\/blog\/2013\/04\/02\/cungu-spremni-za-dobar-docek-brojnih-turista\/","og_site_name":"Lajme nga Ulqini","article_published_time":"2013-04-02T09:53:24+00:00","og_image":[{"url":"http:\/\/www.visit-ulcinj.com\/blog\/wp-content\/uploads\/2013\/04\/nazif-cungu.jpg"}],"twitter_misc":{"Written by":"ulqini","Est. reading time":"3 minutes"},"schema":{"@context":"https:\/\/schema.org","@graph":[{"@type":"WebSite","@id":"https:\/\/www.visit-ulcinj.com\/blog\/#website","url":"https:\/\/www.visit-ulcinj.com\/blog\/","name":"Lajme nga Ulqini","description":"Lajme,Vijesti,Ulqini,Ulqin,Crna Gora,Mali i Zi","potentialAction":[{"@type":"SearchAction","target":{"@type":"EntryPoint","urlTemplate":"https:\/\/www.visit-ulcinj.com\/blog\/?s={search_term_string}"},"query-input":"required name=search_term_string"}],"inLanguage":"en-US"},{"@type":"ImageObject","inLanguage":"en-US","@id":"https:\/\/www.visit-ulcinj.com\/blog\/2013\/04\/02\/cungu-spremni-za-dobar-docek-brojnih-turista\/#primaryimage","url":"https:\/\/www.visit-ulcinj.com\/blog\/wp-content\/uploads\/2013\/04\/nazif-cungu.jpg","contentUrl":"https:\/\/www.visit-ulcinj.com\/blog\/wp-content\/uploads\/2013\/04\/nazif-cungu.jpg","width":440,"height":291},{"@type":"WebPage","@id":"https:\/\/www.visit-ulcinj.com\/blog\/2013\/04\/02\/cungu-spremni-za-dobar-docek-brojnih-turista\/#webpage","url":"https:\/\/www.visit-ulcinj.com\/blog\/2013\/04\/02\/cungu-spremni-za-dobar-docek-brojnih-turista\/","name":"Cungu: Spremni za dobar do\u010dek brojnih turista - Lajme nga Ulqini","isPartOf":{"@id":"https:\/\/www.visit-ulcinj.com\/blog\/#website"},"primaryImageOfPage":{"@id":"https:\/\/www.visit-ulcinj.com\/blog\/2013\/04\/02\/cungu-spremni-za-dobar-docek-brojnih-turista\/#primaryimage"},"datePublished":"2013-04-02T09:53:24+00:00","dateModified":"2013-04-02T09:53:24+00:00","author":{"@id":"https:\/\/www.visit-ulcinj.com\/blog\/#\/schema\/person\/dcab619c614d3038751c63bc2aadc06d"},"description":"Turisti\u010dka ponuda Ulcinja je sve bolja. Ove godine vi\u0161e \u0107emo se fokusirati na organizaciju brojnih manifestacija- rekao je predsjednik op\u0161tine Nazif Cungu","breadcrumb":{"@id":"https:\/\/www.visit-ulcinj.com\/blog\/2013\/04\/02\/cungu-spremni-za-dobar-docek-brojnih-turista\/#breadcrumb"},"inLanguage":"en-US","potentialAction":[{"@type":"ReadAction","target":["https:\/\/www.visit-ulcinj.com\/blog\/2013\/04\/02\/cungu-spremni-za-dobar-docek-brojnih-turista\/"]}]},{"@type":"BreadcrumbList","@id":"https:\/\/www.visit-ulcinj.com\/blog\/2013\/04\/02\/cungu-spremni-za-dobar-docek-brojnih-turista\/#breadcrumb","itemListElement":[{"@type":"ListItem","position":1,"name":"Cungu: Spremni za dobar do\u010dek brojnih turista"}]},{"@type":"Person","@id":"https:\/\/www.visit-ulcinj.com\/blog\/#\/schema\/person\/dcab619c614d3038751c63bc2aadc06d","name":"ulqini","sameAs":["http:\/\/www.visit-ulcinj.com"],"url":"https:\/\/www.visit-ulcinj.com\/blog\/author\/admin\/"}]}},"jetpack_featured_media_url":"","jetpack_sharing_enabled":true,"jetpack_shortlink":"https:\/\/wp.me\/pe6lTn-ihj","_links":{"self":[{"href":"https:\/\/www.visit-ulcinj.com\/blog\/wp-json\/wp\/v2\/posts\/70265"}],"collection":[{"href":"https:\/\/www.visit-ulcinj.com\/blog\/wp-json\/wp\/v2\/posts"}],"about":[{"href":"https:\/\/www.visit-ulcinj.com\/blog\/wp-json\/wp\/v2\/types\/post"}],"author":[{"embeddable":true,"href":"https:\/\/www.visit-ulcinj.com\/blog\/wp-json\/wp\/v2\/users\/1"}],"replies":[{"embeddable":true,"href":"https:\/\/www.visit-ulcinj.com\/blog\/wp-json\/wp\/v2\/comments?post=70265"}],"version-history":[{"count":1,"href":"https:\/\/www.visit-ulcinj.com\/blog\/wp-json\/wp\/v2\/posts\/70265\/revisions"}],"predecessor-version":[{"id":70267,"href":"https:\/\/www.visit-ulcinj.com\/blog\/wp-json\/wp\/v2\/posts\/70265\/revisions\/70267"}],"wp:attachment":[{"href":"https:\/\/www.visit-ulcinj.com\/blog\/wp-json\/wp\/v2\/media?parent=70265"}],"wp:term":[{"taxonomy":"category","embeddable":true,"href":"https:\/\/www.visit-ulcinj.com\/blog\/wp-json\/wp\/v2\/categories?post=70265"},{"taxonomy":"post_tag","embeddable":true,"href":"https:\/\/www.visit-ulcinj.com\/blog\/wp-json\/wp\/v2\/tags?post=70265"}],"curies":[{"name":"wp","href":"https:\/\/api.w.org\/{rel}","templated":true}]}}