{"id":70280,"date":"2013-04-02T19:25:40","date_gmt":"2013-04-02T18:25:40","guid":{"rendered":"http:\/\/www.visit-ulcinj.com\/blog\/?p=70280"},"modified":"2013-04-02T19:25:54","modified_gmt":"2013-04-02T18:25:54","slug":"xheladin-zeneli-asnjeri-kandidat-nuk-meriton-voten-e-shqiptareve","status":"publish","type":"post","link":"https:\/\/www.visit-ulcinj.com\/blog\/2013\/04\/02\/xheladin-zeneli-asnjeri-kandidat-nuk-meriton-voten-e-shqiptareve\/","title":{"rendered":"Xheladin Zeneli: Asnj\u00ebri kandidat, nuk meriton vot\u00ebn e shqiptar\u00ebve"},"content":{"rendered":"<p style=\"text-align: left;\"><a href=\"http:\/\/www.visit-ulcinj.com\/blog\/wp-content\/uploads\/2013\/02\/XheladinZeneli.jpg\"><img loading=\"lazy\" class=\"alignleft size-full wp-image-69344\" alt=\"XheladinZeneli\" src=\"http:\/\/www.visit-ulcinj.com\/blog\/wp-content\/uploads\/2013\/02\/XheladinZeneli.jpg\" width=\"165\" height=\"220\" \/><\/a>( V\u00ebshtrim lidhur me zgjedhjet presidenciale n\u00eb Mal t\u00eb Zi )<\/p>\n<p>T\u00eb Diel\u00ebn e ardhshme, me 7 Prill 2013 do t\u00eb mbahen zgjedhjet presidenciale n\u00eb Mal t\u00eb Zi. Dy kandidat\u00ebt kryesor\u00eb n\u00eb k\u00ebt\u00eb gar\u00eb jan\u00eb, kandidati i partis\u00eb n\u00eb pushtet (PDS),Filip Vujanoviq i cili konsiderohet \u00a0dora e djatht\u00eb e kryeministrit t\u00eb Malit t\u00eb Zi,Millo Gjukanoviq dhe kandidati i dyt\u00eb \u00ebsht\u00eb \u00a0Miodrag Lekiq i cili n\u00eb \u00a0zgjedhjet e kaluara ishte kandidat i Frontit Demokratik dhe q\u00eb k\u00ebsaj rradhe do t\u00eb paraqitet si kandidat i pavarur,por q\u00eb nj\u00ebkoh\u00ebsisht ka p\u00ebrkrahjen e partis\u00eb m\u00eb t\u00eb madhe opozitare, t\u00eb Partis\u00eb Popullore Socialiste \u00a0(SNP).<br \/>\nDerisa n\u00eb nj\u00ebr\u00ebn an\u00eb z. Lekiq shihet si kandidat me orientime \u00a0pro serbe dhe si i till\u00eb v\u00ebshtir\u00eb se do t\u00eb mbledh votat e shqiptar\u00ebve,n\u00eb an\u00ebn tjet\u00ebr \u00a0z. Vujanoviq (me ndihm\u00ebn e partis\u00eb \u00a0n\u00eb pushtet) shpenzoi shuma t\u00eb m\u00ebdha financiare n\u00eb fushat\u00ebn parazgjedhore ,duke p\u00ebrfshir\u00eb fushat\u00ebn edhe n\u00eb \u00a0trevat shqiptare.Gjat\u00eb k\u00ebsaj fushate ai u mundua q\u00eb t\u00eb portretizoj\u00eb \u00a0vet\u00ebvehten si &#8220;pro europian&#8221; , apo si &#8220;mbrojt\u00ebs&#8221; i t\u00eb drejtave t\u00eb popujve pakic\u00eb dhe sa i p\u00ebrket k\u00ebsaj,z.Vujanoviq ka arritur t\u00eb \u00a0bind nj\u00eb \u00a0pjes\u00eb t\u00eb elektoratit shqiptar,fal\u00eb ndihm\u00ebs dhe p\u00ebrkrahjes q\u00eb \u00a0i kan\u00eb dh\u00ebn\u00eb,edhe disa subjekte politike shqiptare,qofshin ata pjes\u00eb e koalicionit qeveritar apo t\u00eb opozit\u00ebs. Kjo u v\u00ebrejt haptas \u00a0posa\u00e7\u00ebrisht gjat\u00eb tubimeve promovuese q\u00eb u mbajt\u00ebn muajin e kaluar n\u00eb Ulqin, Kat\u00ebrkoll\u00eb(An\u00eb t\u00eb Malit) dhe Ostros ( Kraj\u00eb).<br \/>\nPor,cili \u00ebsht\u00eb angazhimi i z.Vujanoviq \u00a0p\u00ebr t\u00eb drejtat e shqiptar\u00ebve ,n\u00ebse mund t\u00eb flitet p\u00ebr angazhim?Filip Vujanoviq,i cili tashm\u00eb nj\u00eb koh\u00eb t\u00eb gjat\u00eb gjindet n\u00eb sken\u00ebn politike malazeze,her\u00eb si kryetar dhe her\u00eb si kryeminist\u00ebr i Malit t\u00eb Zi,ka pasur mund\u00ebsi dhe kapacitet q\u00eb n\u00eb cil\u00ebsin e pozitave t\u00eb tija t\u00eb larta , t\u00eb b\u00ebj m\u00eb shum\u00eb p\u00ebr avancimin e t\u00eb drejtave t\u00eb shqiptar\u00ebve,por p\u00ebrkundrazi,gjat\u00eb gjith\u00eb k\u00ebsaj kohe ka \u00a0demonstruar mosgatishm\u00ebri dhe vullnet jo t\u00eb mir\u00eb p\u00ebr zgjidhjen e \u00e7\u00ebshtjeve kontestuese t\u00eb \u00a0shqiptar\u00ebve n\u00eb republik\u00eb.Z.Vujanoviq, gjat\u00eb fushatave t\u00eb ndryshme zgjedhore,ve\u00e7an\u00ebrisht kur viziton trevat shqiptare ,trumbeton me nj\u00eb retorik\u00eb t\u00eb ngjajshme \u00a0p\u00ebr realizimin dhe arritjen e t\u00eb drejtave komb\u00ebtare t\u00eb shqiptar\u00ebve.Por,veprimet dhe sjelljet e tia, flasin t\u00eb kund\u00ebrt\u00ebn.<br \/>\nGjat\u00eb mandatit t\u00eb tij presidencial u aprovuan disa ligje tep\u00ebr diskriminuese ndaj shqipatr\u00ebve, u sh\u00ebmb ekonomia e vendbanimeve shqiptare e cila si pasoj\u00eb e k\u00ebsaj, erdhi deri te \u00a0 papun\u00ebsia e lart\u00eb dhe paperspektiva e banor\u00ebve t\u00eb k\u00ebtyre vendbanimeve. Gjithashtu, gjat\u00eb gjith\u00eb mandatit t\u00eb tij presidencial, vazhdoi dhe gjitnj\u00eb deri m\u00eb sot vazhdon t\u00eb zvarritet realizimi i komun\u00ebs me t\u00eb drejta t\u00eb plota t\u00eb Tuzit.Kurse,n\u00eb raport me Kosov\u00ebn, Vujanoviq vazhdimisht ka \u00a0kusht\u00ebzuar vendosjen e marr\u00ebdh\u00ebnieve diplomatike me Kosov\u00ebn, me zgjidhjen e statusit kushtetues t\u00eb pakic\u00ebs malazeze n\u00eb k\u00ebt\u00eb shtet. A do t\u00eb \u00a0ishte e drejt\u00eb dhe e logjikshme,q\u00eb p\u00ebrpara \u00a0se t\u00eb k\u00ebrkohet zgjidhja e statusit t\u00eb pakic\u00ebs malazeze n\u00eb Kosov\u00eb, m\u00eb par\u00eb t\u00eb zgjidhet statusi i shqiptar\u00ebve n\u00eb Mal t\u00eb zi,megjith\u00ebse krahasimi i dy entiteteve \u00ebsht\u00eb i pavend.<br \/>\nPoashtu, gjat\u00eb koh\u00ebs s\u00eb tij si president,n\u00eb Mal t\u00eb Zi vazhdoi t\u00eb lul\u00ebzoi korrupcioni politik dhe ai ekonomik, dhe sot Mal i ZI njihet si nd\u00ebr shtetet m\u00eb t\u00eb korruptuara t\u00eb Europ\u00ebs.<br \/>\nShqiptar\u00ebt n\u00eb k\u00ebto zgjedhje nuk \u00a0kan\u00eb opcione t\u00eb arsyeshme apo ndonj\u00eb opcion q\u00eb do t\u00eb favorizonte \u00e7\u00ebshtjen e tyre,k\u00ebshtu q\u00eb nga ky v\u00ebshtrim, ata mund ushtrojn\u00eb \u00a0t\u00eb drejt\u00ebn e tyre qytetare t\u00eb apstenimit apo mosvotimit p\u00ebr asnj\u00ebrin kandidat.N\u00ebse ,votuesit shqiptar zgjedhin q\u00eb t\u00eb mosvotojn\u00eb \u00a0n\u00eb zgjedhjet presidenciale t\u00eb 7 Prillit,at\u00ebher\u00eb kjo do t\u00eb ishte \u00a0nj\u00eb mesazh i fuqish\u00ebm ndaj politik\u00ebs qendrore n\u00eb Mal t\u00eb Zi n\u00eb aspektin e shprehjes s\u00eb pak\u00ebnaq\u00ebsis\u00eb s\u00eb tyre lidhur me trajtimin inferior nga ana pushtetit malazez karshi k\u00ebrkesave t\u00eb tyre t\u00eb vazhdueshme \u00a0p\u00ebr p\u00ebrmir\u00ebsimin e statusit t\u00eb tyre politik dhe shoq\u00ebror.<br \/>\nNd\u00ebrsa, ata q\u00eb kan\u00eb vendosur q\u00eb t\u00eb \u00a0votojn\u00eb n\u00eb k\u00ebto zgjedhje presidenciale,pa marr\u00eb parasysh se p\u00ebr t\u00eb cilin kandidat do t\u00eb votojn\u00eb, nj\u00eb \u00a0gj\u00eb \u00ebsht\u00eb m\u00eb s\u00eb e qart\u00eb,se vota e tyre do t\u00eb jet\u00eb vot\u00eb p\u00ebr status quo-n \u00a0e shqiptar\u00ebve n\u00eb Mal t\u00eb Zi, do t\u00eb jet\u00eb vot\u00eb ndaj mandatit t\u00eb vazhdim\u00ebsis\u00eb s\u00eb kurrupcionit politik shtet\u00ebror dhe si e till\u00eb do t\u00eb jet\u00eb vot\u00eb kund\u00ebr dinjitetit t\u00eb tyre qytetar dhe komb\u00ebtar.<\/p>\n<p>&nbsp;<\/p>\n<p><strong>Xheladin Zeneli<\/strong><br \/>\n<strong> 2 Prill \u00a02013<\/strong><\/p>\n","protected":false},"excerpt":{"rendered":"<p>( V\u00ebshtrim lidhur me zgjedhjet presidenciale n\u00eb Mal t\u00eb Zi ) T\u00eb Diel\u00ebn e ardhshme, me 7 Prill 2013 do t\u00eb mbahen zgjedhjet presidenciale n\u00eb Mal t\u00eb Zi. Dy kandidat\u00ebt kryesor\u00eb n\u00eb k\u00ebt\u00eb gar\u00eb jan\u00eb, kandidati i partis\u00eb n\u00eb pushtet (PDS),Filip Vujanoviq i cili konsiderohet \u00a0dora e djatht\u00eb e kryeministrit t\u00eb Malit t\u00eb Zi,Millo Gjukanoviq [&hellip;]<\/p>\n","protected":false},"author":1,"featured_media":0,"comment_status":"open","ping_status":"closed","sticky":false,"template":"","format":"standard","meta":{"spay_email":"","jetpack_publicize_message":"","jetpack_is_tweetstorm":false,"jetpack_publicize_feature_enabled":true},"categories":[14249],"tags":[11863],"jetpack_publicize_connections":[],"yoast_head":"<!-- This site is optimized with the Yoast SEO plugin v19.1 - https:\/\/yoast.com\/wordpress\/plugins\/seo\/ -->\n<title>Xheladin Zeneli: Asnj\u00ebri kandidat, nuk meriton vot\u00ebn e shqiptar\u00ebve - Lajme nga Ulqini<\/title>\n<meta name=\"description\" content=\"( V\u00ebshtrim lidhur me zgjedhjet presidenciale n\u00eb Mal t\u00eb Zi ) T\u00eb Diel\u00ebn e ardhshme, me 7 Prill 2013 do t\u00eb mbahen zgjedhjet presidenciale n\u00eb Mal t\u00eb Zi. Dy\" \/>\n<meta name=\"robots\" content=\"index, follow, max-snippet:-1, max-image-preview:large, max-video-preview:-1\" \/>\n<link rel=\"canonical\" href=\"https:\/\/www.visit-ulcinj.com\/blog\/2013\/04\/02\/xheladin-zeneli-asnjeri-kandidat-nuk-meriton-voten-e-shqiptareve\/\" \/>\n<meta property=\"og:locale\" content=\"en_US\" \/>\n<meta property=\"og:type\" content=\"article\" \/>\n<meta property=\"og:title\" content=\"Xheladin Zeneli: Asnj\u00ebri kandidat, nuk meriton vot\u00ebn e shqiptar\u00ebve - Lajme nga Ulqini\" \/>\n<meta property=\"og:description\" content=\"( V\u00ebshtrim lidhur me zgjedhjet presidenciale n\u00eb Mal t\u00eb Zi ) T\u00eb Diel\u00ebn e ardhshme, me 7 Prill 2013 do t\u00eb mbahen zgjedhjet presidenciale n\u00eb Mal t\u00eb Zi. Dy\" \/>\n<meta property=\"og:url\" content=\"https:\/\/www.visit-ulcinj.com\/blog\/2013\/04\/02\/xheladin-zeneli-asnjeri-kandidat-nuk-meriton-voten-e-shqiptareve\/\" \/>\n<meta property=\"og:site_name\" content=\"Lajme nga Ulqini\" \/>\n<meta property=\"article:published_time\" content=\"2013-04-02T18:25:40+00:00\" \/>\n<meta property=\"article:modified_time\" content=\"2013-04-02T18:25:54+00:00\" \/>\n<meta property=\"og:image\" content=\"http:\/\/www.visit-ulcinj.com\/blog\/wp-content\/uploads\/2013\/02\/XheladinZeneli.jpg\" \/>\n<meta name=\"twitter:label1\" content=\"Written by\" \/>\n\t<meta name=\"twitter:data1\" content=\"ulqini\" \/>\n\t<meta name=\"twitter:label2\" content=\"Est. reading time\" \/>\n\t<meta name=\"twitter:data2\" content=\"4 minutes\" \/>\n<script type=\"application\/ld+json\" class=\"yoast-schema-graph\">{\"@context\":\"https:\/\/schema.org\",\"@graph\":[{\"@type\":\"WebSite\",\"@id\":\"https:\/\/www.visit-ulcinj.com\/blog\/#website\",\"url\":\"https:\/\/www.visit-ulcinj.com\/blog\/\",\"name\":\"Lajme nga Ulqini\",\"description\":\"Lajme,Vijesti,Ulqini,Ulqin,Crna Gora,Mali i Zi\",\"potentialAction\":[{\"@type\":\"SearchAction\",\"target\":{\"@type\":\"EntryPoint\",\"urlTemplate\":\"https:\/\/www.visit-ulcinj.com\/blog\/?s={search_term_string}\"},\"query-input\":\"required name=search_term_string\"}],\"inLanguage\":\"en-US\"},{\"@type\":\"ImageObject\",\"inLanguage\":\"en-US\",\"@id\":\"https:\/\/www.visit-ulcinj.com\/blog\/2013\/04\/02\/xheladin-zeneli-asnjeri-kandidat-nuk-meriton-voten-e-shqiptareve\/#primaryimage\",\"url\":\"https:\/\/www.visit-ulcinj.com\/blog\/wp-content\/uploads\/2013\/02\/XheladinZeneli.jpg\",\"contentUrl\":\"https:\/\/www.visit-ulcinj.com\/blog\/wp-content\/uploads\/2013\/02\/XheladinZeneli.jpg\",\"width\":165,\"height\":220},{\"@type\":\"WebPage\",\"@id\":\"https:\/\/www.visit-ulcinj.com\/blog\/2013\/04\/02\/xheladin-zeneli-asnjeri-kandidat-nuk-meriton-voten-e-shqiptareve\/#webpage\",\"url\":\"https:\/\/www.visit-ulcinj.com\/blog\/2013\/04\/02\/xheladin-zeneli-asnjeri-kandidat-nuk-meriton-voten-e-shqiptareve\/\",\"name\":\"Xheladin Zeneli: Asnj\u00ebri kandidat, nuk meriton vot\u00ebn e shqiptar\u00ebve - Lajme nga Ulqini\",\"isPartOf\":{\"@id\":\"https:\/\/www.visit-ulcinj.com\/blog\/#website\"},\"primaryImageOfPage\":{\"@id\":\"https:\/\/www.visit-ulcinj.com\/blog\/2013\/04\/02\/xheladin-zeneli-asnjeri-kandidat-nuk-meriton-voten-e-shqiptareve\/#primaryimage\"},\"datePublished\":\"2013-04-02T18:25:40+00:00\",\"dateModified\":\"2013-04-02T18:25:54+00:00\",\"author\":{\"@id\":\"https:\/\/www.visit-ulcinj.com\/blog\/#\/schema\/person\/dcab619c614d3038751c63bc2aadc06d\"},\"description\":\"( V\u00ebshtrim lidhur me zgjedhjet presidenciale n\u00eb Mal t\u00eb Zi ) T\u00eb Diel\u00ebn e ardhshme, me 7 Prill 2013 do t\u00eb mbahen zgjedhjet presidenciale n\u00eb Mal t\u00eb Zi. Dy\",\"breadcrumb\":{\"@id\":\"https:\/\/www.visit-ulcinj.com\/blog\/2013\/04\/02\/xheladin-zeneli-asnjeri-kandidat-nuk-meriton-voten-e-shqiptareve\/#breadcrumb\"},\"inLanguage\":\"en-US\",\"potentialAction\":[{\"@type\":\"ReadAction\",\"target\":[\"https:\/\/www.visit-ulcinj.com\/blog\/2013\/04\/02\/xheladin-zeneli-asnjeri-kandidat-nuk-meriton-voten-e-shqiptareve\/\"]}]},{\"@type\":\"BreadcrumbList\",\"@id\":\"https:\/\/www.visit-ulcinj.com\/blog\/2013\/04\/02\/xheladin-zeneli-asnjeri-kandidat-nuk-meriton-voten-e-shqiptareve\/#breadcrumb\",\"itemListElement\":[{\"@type\":\"ListItem\",\"position\":1,\"name\":\"Xheladin Zeneli: Asnj\u00ebri kandidat, nuk meriton vot\u00ebn e shqiptar\u00ebve\"}]},{\"@type\":\"Person\",\"@id\":\"https:\/\/www.visit-ulcinj.com\/blog\/#\/schema\/person\/dcab619c614d3038751c63bc2aadc06d\",\"name\":\"ulqini\",\"sameAs\":[\"http:\/\/www.visit-ulcinj.com\"],\"url\":\"https:\/\/www.visit-ulcinj.com\/blog\/author\/admin\/\"}]}<\/script>\n<!-- \/ Yoast SEO plugin. -->","yoast_head_json":{"title":"Xheladin Zeneli: Asnj\u00ebri kandidat, nuk meriton vot\u00ebn e shqiptar\u00ebve - Lajme nga Ulqini","description":"( V\u00ebshtrim lidhur me zgjedhjet presidenciale n\u00eb Mal t\u00eb Zi ) T\u00eb Diel\u00ebn e ardhshme, me 7 Prill 2013 do t\u00eb mbahen zgjedhjet presidenciale n\u00eb Mal t\u00eb Zi. Dy","robots":{"index":"index","follow":"follow","max-snippet":"max-snippet:-1","max-image-preview":"max-image-preview:large","max-video-preview":"max-video-preview:-1"},"canonical":"https:\/\/www.visit-ulcinj.com\/blog\/2013\/04\/02\/xheladin-zeneli-asnjeri-kandidat-nuk-meriton-voten-e-shqiptareve\/","og_locale":"en_US","og_type":"article","og_title":"Xheladin Zeneli: Asnj\u00ebri kandidat, nuk meriton vot\u00ebn e shqiptar\u00ebve - Lajme nga Ulqini","og_description":"( V\u00ebshtrim lidhur me zgjedhjet presidenciale n\u00eb Mal t\u00eb Zi ) T\u00eb Diel\u00ebn e ardhshme, me 7 Prill 2013 do t\u00eb mbahen zgjedhjet presidenciale n\u00eb Mal t\u00eb Zi. Dy","og_url":"https:\/\/www.visit-ulcinj.com\/blog\/2013\/04\/02\/xheladin-zeneli-asnjeri-kandidat-nuk-meriton-voten-e-shqiptareve\/","og_site_name":"Lajme nga Ulqini","article_published_time":"2013-04-02T18:25:40+00:00","article_modified_time":"2013-04-02T18:25:54+00:00","og_image":[{"url":"http:\/\/www.visit-ulcinj.com\/blog\/wp-content\/uploads\/2013\/02\/XheladinZeneli.jpg"}],"twitter_misc":{"Written by":"ulqini","Est. reading time":"4 minutes"},"schema":{"@context":"https:\/\/schema.org","@graph":[{"@type":"WebSite","@id":"https:\/\/www.visit-ulcinj.com\/blog\/#website","url":"https:\/\/www.visit-ulcinj.com\/blog\/","name":"Lajme nga Ulqini","description":"Lajme,Vijesti,Ulqini,Ulqin,Crna Gora,Mali i Zi","potentialAction":[{"@type":"SearchAction","target":{"@type":"EntryPoint","urlTemplate":"https:\/\/www.visit-ulcinj.com\/blog\/?s={search_term_string}"},"query-input":"required name=search_term_string"}],"inLanguage":"en-US"},{"@type":"ImageObject","inLanguage":"en-US","@id":"https:\/\/www.visit-ulcinj.com\/blog\/2013\/04\/02\/xheladin-zeneli-asnjeri-kandidat-nuk-meriton-voten-e-shqiptareve\/#primaryimage","url":"https:\/\/www.visit-ulcinj.com\/blog\/wp-content\/uploads\/2013\/02\/XheladinZeneli.jpg","contentUrl":"https:\/\/www.visit-ulcinj.com\/blog\/wp-content\/uploads\/2013\/02\/XheladinZeneli.jpg","width":165,"height":220},{"@type":"WebPage","@id":"https:\/\/www.visit-ulcinj.com\/blog\/2013\/04\/02\/xheladin-zeneli-asnjeri-kandidat-nuk-meriton-voten-e-shqiptareve\/#webpage","url":"https:\/\/www.visit-ulcinj.com\/blog\/2013\/04\/02\/xheladin-zeneli-asnjeri-kandidat-nuk-meriton-voten-e-shqiptareve\/","name":"Xheladin Zeneli: Asnj\u00ebri kandidat, nuk meriton vot\u00ebn e shqiptar\u00ebve - Lajme nga Ulqini","isPartOf":{"@id":"https:\/\/www.visit-ulcinj.com\/blog\/#website"},"primaryImageOfPage":{"@id":"https:\/\/www.visit-ulcinj.com\/blog\/2013\/04\/02\/xheladin-zeneli-asnjeri-kandidat-nuk-meriton-voten-e-shqiptareve\/#primaryimage"},"datePublished":"2013-04-02T18:25:40+00:00","dateModified":"2013-04-02T18:25:54+00:00","author":{"@id":"https:\/\/www.visit-ulcinj.com\/blog\/#\/schema\/person\/dcab619c614d3038751c63bc2aadc06d"},"description":"( V\u00ebshtrim lidhur me zgjedhjet presidenciale n\u00eb Mal t\u00eb Zi ) T\u00eb Diel\u00ebn e ardhshme, me 7 Prill 2013 do t\u00eb mbahen zgjedhjet presidenciale n\u00eb Mal t\u00eb Zi. Dy","breadcrumb":{"@id":"https:\/\/www.visit-ulcinj.com\/blog\/2013\/04\/02\/xheladin-zeneli-asnjeri-kandidat-nuk-meriton-voten-e-shqiptareve\/#breadcrumb"},"inLanguage":"en-US","potentialAction":[{"@type":"ReadAction","target":["https:\/\/www.visit-ulcinj.com\/blog\/2013\/04\/02\/xheladin-zeneli-asnjeri-kandidat-nuk-meriton-voten-e-shqiptareve\/"]}]},{"@type":"BreadcrumbList","@id":"https:\/\/www.visit-ulcinj.com\/blog\/2013\/04\/02\/xheladin-zeneli-asnjeri-kandidat-nuk-meriton-voten-e-shqiptareve\/#breadcrumb","itemListElement":[{"@type":"ListItem","position":1,"name":"Xheladin Zeneli: Asnj\u00ebri kandidat, nuk meriton vot\u00ebn e shqiptar\u00ebve"}]},{"@type":"Person","@id":"https:\/\/www.visit-ulcinj.com\/blog\/#\/schema\/person\/dcab619c614d3038751c63bc2aadc06d","name":"ulqini","sameAs":["http:\/\/www.visit-ulcinj.com"],"url":"https:\/\/www.visit-ulcinj.com\/blog\/author\/admin\/"}]}},"jetpack_featured_media_url":"","jetpack_sharing_enabled":true,"jetpack_shortlink":"https:\/\/wp.me\/pe6lTn-ihy","_links":{"self":[{"href":"https:\/\/www.visit-ulcinj.com\/blog\/wp-json\/wp\/v2\/posts\/70280"}],"collection":[{"href":"https:\/\/www.visit-ulcinj.com\/blog\/wp-json\/wp\/v2\/posts"}],"about":[{"href":"https:\/\/www.visit-ulcinj.com\/blog\/wp-json\/wp\/v2\/types\/post"}],"author":[{"embeddable":true,"href":"https:\/\/www.visit-ulcinj.com\/blog\/wp-json\/wp\/v2\/users\/1"}],"replies":[{"embeddable":true,"href":"https:\/\/www.visit-ulcinj.com\/blog\/wp-json\/wp\/v2\/comments?post=70280"}],"version-history":[{"count":2,"href":"https:\/\/www.visit-ulcinj.com\/blog\/wp-json\/wp\/v2\/posts\/70280\/revisions"}],"predecessor-version":[{"id":70282,"href":"https:\/\/www.visit-ulcinj.com\/blog\/wp-json\/wp\/v2\/posts\/70280\/revisions\/70282"}],"wp:attachment":[{"href":"https:\/\/www.visit-ulcinj.com\/blog\/wp-json\/wp\/v2\/media?parent=70280"}],"wp:term":[{"taxonomy":"category","embeddable":true,"href":"https:\/\/www.visit-ulcinj.com\/blog\/wp-json\/wp\/v2\/categories?post=70280"},{"taxonomy":"post_tag","embeddable":true,"href":"https:\/\/www.visit-ulcinj.com\/blog\/wp-json\/wp\/v2\/tags?post=70280"}],"curies":[{"name":"wp","href":"https:\/\/api.w.org\/{rel}","templated":true}]}}