{"id":7029,"date":"2008-12-09T18:10:56","date_gmt":"2008-12-09T17:10:56","guid":{"rendered":"http:\/\/www.visit-ulcinj.com\/blog\/?p=7029"},"modified":"2008-12-09T19:44:32","modified_gmt":"2008-12-09T18:44:32","slug":"shqiptaret-ne-mal-te-zi-diku-bashke-e-diku-ndaras","status":"publish","type":"post","link":"https:\/\/www.visit-ulcinj.com\/blog\/2008\/12\/09\/shqiptaret-ne-mal-te-zi-diku-bashke-e-diku-ndaras\/","title":{"rendered":"Shqiptar\u00ebt n\u00eb Mal t\u00eb Zi, diku bashk\u00eb e diku ndaras"},"content":{"rendered":"<p><a href=\"http:\/\/www.visit-ulcinj.com\/blog\/wp-content\/uploads\/2008\/12\/ldne-mz.jpg\"><img loading=\"lazy\" class=\"alignleft size-medium wp-image-7030\" title=\"ldne-mz\" src=\"http:\/\/www.visit-ulcinj.com\/blog\/wp-content\/uploads\/2008\/12\/ldne-mz.jpg\" alt=\"\" width=\"372\" height=\"198\" \/><\/a><strong>Shqiptar\u00ebt n\u00eb Mal t\u00eb Zi kremtuan 28 n\u00ebntorin &#8211; dit\u00ebn e flamurit<\/strong><br \/>\nN\u00ebntor ishte i ve\u00e7ant\u00eb p\u00ebr shqiptar\u00ebt sepse i gjeti ata n\u00eb nj\u00eb realitet t\u00eb ri, me dy shtete. Shqiptar\u00ebt n\u00eb Mal t\u00eb Zi kremtuan k\u00ebt\u00eb fest\u00eb diku bashk\u00eb e diku ndaras, n\u00eb ambiente t\u00eb mbyllura p\u00ebr shkak se Ligji mbi p\u00ebrdorimin e simboleve nacionale nuk lejon q\u00eb flamuri nacional, n\u00eb k\u00ebt\u00eb rast ai shqiptar, t\u00eb p\u00ebrdoret edhe n\u00eb ceremoni publike.<br \/>\nDeg\u00ebt e subjekteve shqiptare n\u00eb Mal\u00ebsi, dhe disa SHKA nga Mal\u00ebsia (&#8220;Rapsha&#8221;, &#8220;Gruda&#8221;, &#8220;Ded\u00eb GjozLuli&#8221;, &#8220;Besa e Trieshit&#8221; dhe &#8220;Shqiponja&#8221; n\u00eb Sht\u00ebpin\u00eb e Kultur\u00ebs n\u00eb Sukruq festuan 28 N\u00ebntorin- Dit\u00ebn e Flamurit. Auditoriumit t\u00eb shumt\u00eb iu drejtua kryetari i KU t\u00eb Tuzit, Smajl Maliq \u00c7unmulaj, i cili duke p\u00ebrsh\u00ebndetur t\u00eb pranishmit dhe duke uruar 28 N\u00ebntorin-Dit\u00ebn e Flamurit ve\u00e7oi se &#8220;96 vjet m\u00eb par\u00eb plaku i urt\u00eb dhe patriot, Ismail Qemali me bashk\u00ebluft\u00ebtar\u00ebt e vet ngriti n\u00eb Vlor\u00eb flamurin shqiptar dhe e shpalli Shqip\u00ebrin\u00eb e Pavarur.<br \/>\n&#8220;K\u00ebtu n\u00eb Mal\u00ebsi edhe neve po i bashkohemi g\u00ebzimit t\u00eb miliona shqiptar\u00ebve kudo n\u00eb bot\u00eb p\u00ebr k\u00ebt\u00eb dit\u00eb t\u00eb sh\u00ebnuar, me urime q\u00eb t\u00eb jemi t\u00eb bashkuar n\u00eb \u00e7do p\u00ebrpjekje q\u00eb \u00e7on drejt prosperitetit dhe lumturis\u00eb s\u00eb popullit shqiptar&#8221; tha \u00c7unmulaj, duke shtuar se &#8220;festa e flamurit \u00ebsht\u00eb nj\u00eb dit\u00eb e g\u00ebzuar p\u00ebr mbar\u00eb popullin shqiptar, duke p\u00ebrfshir\u00eb k\u00ebtu edhe bashkatdhetar\u00ebt tan\u00eb q\u00eb ndodhen n\u00eb diaspor\u00eb, kontributi i t\u00eb cil\u00ebve ishte tejet i r\u00ebnd\u00ebsish\u00ebm n\u00eb historin\u00eb ton\u00eb t\u00eb re, duke u angazhuar k\u00ebshtu p\u00ebr Pavars\u00ebsin\u00eb e Kosov\u00ebs.<br \/>\nN\u00eb fund Kryetari \u00c7unmulaj p\u00ebrmendi edhe 100- vejtorin e Kongresit t\u00eb Manastirit.<br \/>\nDisa k\u00ebng\u00ebtar\u00eb t\u00eb shoqatave t\u00eb lartp\u00ebrmendura recituan, k\u00ebnduan k\u00ebng\u00eb dhe luajt\u00ebn valle. P\u00ebr nder t\u00eb 28 N\u00ebntorit, LD n\u00eb MZ -dega e Mal\u00ebsis\u00eb organizoi n\u00eb restorantin &#8220;Niagara&#8221; nj\u00eb dark\u00eb p\u00ebr simpatizuesit dhe adhuruesit e vet.<br \/>\nEdhe n\u00eb Kraj\u00eb, si n\u00eb t\u00eb gjitha trevat e tjera shqiptare n\u00eb Mal t\u00eb Zi me nderime dhe respekt u sh\u00ebnua 28 N\u00ebntori-Dita e Flamurit. Salla e Sht\u00ebpis\u00eb s\u00eb Kultur\u00ebs n\u00eb Ostros ishte mbushur p\u00ebrplot me manifestues t\u00eb cil\u00ebt me flamuj komb\u00ebtar e dekoruan edhe m\u00eb tep\u00ebr ambientin ku u mbajt manifestimi.<br \/>\nLidhur me ngjarjen e 28 N\u00ebntorit foli kryetari i LD n\u00eb MZ-Dega e Kraj\u00ebs, Ali Gje\u00e7britaj, i cili me rastin e 28 N\u00ebntorit, p\u00ebrkujtoi gjithashtu edhe 100-vjetorin e Kongresit t\u00eb Manastirit dhe 100-vjetorin e lindjes e gjuh\u00ebtarit t\u00eb njohur shqiptar, Eqrem \u00c7abejt.<br \/>\nNx\u00ebn\u00ebsit e SHF &#8220;Gjergj Kastrioti-Sk\u00ebnderbeu&#8221; nga Ostrosi recituan vargje p\u00ebr flamurin komb\u00ebtar t\u00eb autor\u00ebve shqiptar\u00eb.<br \/>\nPas manifestimit organizatori shtroi nj\u00eb koktej. K\u00ebt\u00eb manifestim e ka mb\u00ebshtetur K\u00ebshilli Nacional i Shqiptar\u00ebve n\u00eb Mal t\u00eb Zi.<a href=\"http:\/\/www.visit-ulcinj.com\/blog\/wp-content\/uploads\/2008\/12\/nazif-cungu_dita-flamurit.jpg\"><img loading=\"lazy\" class=\"alignright size-medium wp-image-7031\" title=\"nazif-cungu_dita-flamurit\" src=\"http:\/\/www.visit-ulcinj.com\/blog\/wp-content\/uploads\/2008\/12\/nazif-cungu_dita-flamurit-300x240.jpg\" alt=\"\" width=\"300\" height=\"240\" srcset=\"https:\/\/www.visit-ulcinj.com\/blog\/wp-content\/uploads\/2008\/12\/nazif-cungu_dita-flamurit-300x240.jpg 300w, https:\/\/www.visit-ulcinj.com\/blog\/wp-content\/uploads\/2008\/12\/nazif-cungu_dita-flamurit.jpg 500w\" sizes=\"(max-width: 300px) 100vw, 300px\" \/><\/a><br \/>\nEdhe Forca e Re Demokratike kremtoi n\u00eb QKI &#8220;Mal\u00ebsia&#8221; n\u00eb Tuz p\u00ebrvjetorin e 96-t\u00eb t\u00eb Dit\u00ebs s\u00eb Flamurit.<br \/>\nKryetari i Forc\u00ebs s\u00eb Re Demokratike, Nazif Cungu, pohoi se &#8220;Dita e Flamurit na p\u00ebrkujton 6 Prillin e vitit 1911, kur kryengrit\u00ebsit shqiptar\u00eb nga Mal\u00ebsia e Madhe m\u00eb n\u00eb krye me Ded\u00eb Gjoz Lulin, n\u00eb De\u00e7iq ngrit\u00ebn Flamurin Komb\u00ebtar, duke treguar k\u00ebshtu akte heroizmi dhe lavdie. Shqiptar\u00ebt, shtoi m\u00eb tej Cungu, kan\u00eb dy N\u00ebntora t\u00eb m\u00ebdhenj. I pari \u00ebsht\u00eb 28 N\u00ebntori i vitit 1443 i Gjergj Kastriotit-Sk\u00ebnderbeut dhe i dyti i takon Ismail Qemalit, i cili m\u00eb 28 N\u00ebntor 1912 ngriti Flamurin Komb\u00ebtar dhe e shpalli Shqip\u00ebrin\u00eb e Pavarur.<br \/>\nCungu tha se edhe pas shum\u00eb viteve, dekadave dhe shekujve shoq\u00ebria jon\u00eb p\u00ebrs\u00ebri ka nevoj\u00eb p\u00ebr integrime. &#8220;Integrimet tona duhet t\u00eb jen\u00eb bashk\u00ebkohore dhe demokratike, pa iluzione dhe romantiz\u00ebm. Pra, ashtu si\u00e7 ka b\u00ebr\u00eb i t\u00ebr\u00eb Bashtk\u00ebsia Europiane&#8221;, p\u00ebrfundoi mes tjerash, kryetari i Forc\u00ebs, Nazif Cungu.<br \/>\nN\u00eb k\u00ebt\u00eb kuad\u00ebr edhe LD n\u00eb MZ dhe UDSH-Deg\u00ebt n\u00eb Rozhaj\u00eb festuan s\u00eb bashku 28 N\u00ebntorin- Dit\u00ebn e Flamurit. N\u00eb em\u00ebr t\u00eb k\u00ebtyre subjekteve fjal\u00ebn e rastin e mbajt\u00ebn, Ali Daci, kryetar i LD n\u00eb MZ-dega n\u00eb Rozhaj\u00eb dhe Sokol Daci, kryetar i UDSH-Dega n\u00eb Rozhaj\u00eb.<br \/>\nP\u00ebr nder t\u00eb k\u00ebsaj feste komb\u00ebtare, organizator\u00ebt shtruan nj\u00eb dark\u00eb solemne p\u00ebr an\u00ebtar\u00ebt dhe simpatizuesit e vet n\u00eb restorantin &#8220;Monako&#8221;. T\u00eb rinjt\u00eb e k\u00ebsaj ane me k\u00ebng\u00eb dhe valle festuan deri n\u00eb or\u00ebt e vona -Dit\u00ebn e Flamurit.<br \/>\nGjithashtu edhe Grupi letrar &#8220;Jehona&#8221; i SHM &#8220;25 Maji&#8221; n\u00eb Tuz p\u00ebr nder t\u00eb 28 N\u00ebntorin-Dit\u00ebs s\u00eb Flamurit ka organizuar nj\u00eb or\u00eb letrare. N\u00eb em\u00ebr t\u00eb k\u00ebtij gupi letrar t\u00eb pranishmit i p\u00ebrsh\u00ebndeti, Pr\u00ebl\u00eb Gjolaj, profesor i let\u00ebrsis\u00eb dhe gjuh\u00ebs shqipe.<br \/>\nNd\u00ebrkaq, p\u00ebr r\u00ebnd\u00ebsin\u00eb e k\u00ebsaj date foli, Nua Sinishtaj, profesor i historis\u00eb.<br \/>\nNx\u00ebn\u00ebsit e k\u00ebsaj shkolle, Merita Dedivanaj, Dorontin\u00eb Berishaj dhe Anton Lulgjuraj recituan vargje kushtuar k\u00ebsaj date historike.<br \/>\n<strong>rr.d.<br \/>\nKoha Javore<\/strong><\/p>\n<!--YouTube Error: bad URL entered-->\n","protected":false},"excerpt":{"rendered":"<p>Shqiptar\u00ebt n\u00eb Mal t\u00eb Zi kremtuan 28 n\u00ebntorin &#8211; dit\u00ebn e flamurit N\u00ebntor ishte i ve\u00e7ant\u00eb p\u00ebr shqiptar\u00ebt sepse i gjeti ata n\u00eb nj\u00eb realitet t\u00eb ri, me dy shtete. Shqiptar\u00ebt n\u00eb Mal t\u00eb Zi kremtuan k\u00ebt\u00eb fest\u00eb diku bashk\u00eb e diku ndaras, n\u00eb ambiente t\u00eb mbyllura p\u00ebr shkak se Ligji mbi p\u00ebrdorimin e simboleve [&hellip;]<\/p>\n","protected":false},"author":1,"featured_media":0,"comment_status":"open","ping_status":"closed","sticky":false,"template":"","format":"standard","meta":{"spay_email":"","jetpack_publicize_message":"","jetpack_is_tweetstorm":false,"jetpack_publicize_feature_enabled":true},"categories":[6],"tags":[5185,128,118,5186,2394],"jetpack_publicize_connections":[],"yoast_head":"<!-- This site is optimized with the Yoast SEO plugin v19.1 - https:\/\/yoast.com\/wordpress\/plugins\/seo\/ -->\n<title>Shqiptar\u00ebt n\u00eb Mal t\u00eb Zi, diku bashk\u00eb e diku ndaras - Lajme nga Ulqini<\/title>\n<meta name=\"description\" content=\"Shqiptar\u00ebt n\u00eb Mal t\u00eb Zi kremtuan 28 n\u00ebntorin - dit\u00ebn e flamurit N\u00ebntor ishte i ve\u00e7ant\u00eb p\u00ebr shqiptar\u00ebt sepse i gjeti ata n\u00eb nj\u00eb realitet t\u00eb ri, me dy\" \/>\n<meta name=\"robots\" content=\"index, follow, max-snippet:-1, max-image-preview:large, max-video-preview:-1\" \/>\n<link rel=\"canonical\" href=\"https:\/\/www.visit-ulcinj.com\/blog\/2008\/12\/09\/shqiptaret-ne-mal-te-zi-diku-bashke-e-diku-ndaras\/\" \/>\n<meta property=\"og:locale\" content=\"en_US\" \/>\n<meta property=\"og:type\" content=\"article\" \/>\n<meta property=\"og:title\" content=\"Shqiptar\u00ebt n\u00eb Mal t\u00eb Zi, diku bashk\u00eb e diku ndaras - Lajme nga Ulqini\" \/>\n<meta property=\"og:description\" content=\"Shqiptar\u00ebt n\u00eb Mal t\u00eb Zi kremtuan 28 n\u00ebntorin - dit\u00ebn e flamurit N\u00ebntor ishte i ve\u00e7ant\u00eb p\u00ebr shqiptar\u00ebt sepse i gjeti ata n\u00eb nj\u00eb realitet t\u00eb ri, me dy\" \/>\n<meta property=\"og:url\" content=\"https:\/\/www.visit-ulcinj.com\/blog\/2008\/12\/09\/shqiptaret-ne-mal-te-zi-diku-bashke-e-diku-ndaras\/\" \/>\n<meta property=\"og:site_name\" content=\"Lajme nga Ulqini\" \/>\n<meta property=\"article:published_time\" content=\"2008-12-09T17:10:56+00:00\" \/>\n<meta property=\"article:modified_time\" content=\"2008-12-09T18:44:32+00:00\" \/>\n<meta property=\"og:image\" content=\"http:\/\/www.visit-ulcinj.com\/blog\/wp-content\/uploads\/2008\/12\/ldne-mz.jpg\" \/>\n<meta name=\"twitter:label1\" content=\"Written by\" \/>\n\t<meta name=\"twitter:data1\" content=\"ulqini\" \/>\n\t<meta name=\"twitter:label2\" content=\"Est. reading time\" \/>\n\t<meta name=\"twitter:data2\" content=\"4 minutes\" \/>\n<script type=\"application\/ld+json\" class=\"yoast-schema-graph\">{\"@context\":\"https:\/\/schema.org\",\"@graph\":[{\"@type\":\"WebSite\",\"@id\":\"https:\/\/www.visit-ulcinj.com\/blog\/#website\",\"url\":\"https:\/\/www.visit-ulcinj.com\/blog\/\",\"name\":\"Lajme nga Ulqini\",\"description\":\"Lajme,Vijesti,Ulqini,Ulqin,Crna Gora,Mali i Zi\",\"potentialAction\":[{\"@type\":\"SearchAction\",\"target\":{\"@type\":\"EntryPoint\",\"urlTemplate\":\"https:\/\/www.visit-ulcinj.com\/blog\/?s={search_term_string}\"},\"query-input\":\"required name=search_term_string\"}],\"inLanguage\":\"en-US\"},{\"@type\":\"ImageObject\",\"inLanguage\":\"en-US\",\"@id\":\"https:\/\/www.visit-ulcinj.com\/blog\/2008\/12\/09\/shqiptaret-ne-mal-te-zi-diku-bashke-e-diku-ndaras\/#primaryimage\",\"url\":\"http:\/\/www.visit-ulcinj.com\/blog\/wp-content\/uploads\/2008\/12\/ldne-mz.jpg\",\"contentUrl\":\"http:\/\/www.visit-ulcinj.com\/blog\/wp-content\/uploads\/2008\/12\/ldne-mz.jpg\"},{\"@type\":\"WebPage\",\"@id\":\"https:\/\/www.visit-ulcinj.com\/blog\/2008\/12\/09\/shqiptaret-ne-mal-te-zi-diku-bashke-e-diku-ndaras\/#webpage\",\"url\":\"https:\/\/www.visit-ulcinj.com\/blog\/2008\/12\/09\/shqiptaret-ne-mal-te-zi-diku-bashke-e-diku-ndaras\/\",\"name\":\"Shqiptar\u00ebt n\u00eb Mal t\u00eb Zi, diku bashk\u00eb e diku ndaras - Lajme nga Ulqini\",\"isPartOf\":{\"@id\":\"https:\/\/www.visit-ulcinj.com\/blog\/#website\"},\"primaryImageOfPage\":{\"@id\":\"https:\/\/www.visit-ulcinj.com\/blog\/2008\/12\/09\/shqiptaret-ne-mal-te-zi-diku-bashke-e-diku-ndaras\/#primaryimage\"},\"datePublished\":\"2008-12-09T17:10:56+00:00\",\"dateModified\":\"2008-12-09T18:44:32+00:00\",\"author\":{\"@id\":\"https:\/\/www.visit-ulcinj.com\/blog\/#\/schema\/person\/dcab619c614d3038751c63bc2aadc06d\"},\"description\":\"Shqiptar\u00ebt n\u00eb Mal t\u00eb Zi kremtuan 28 n\u00ebntorin - dit\u00ebn e flamurit N\u00ebntor ishte i ve\u00e7ant\u00eb p\u00ebr shqiptar\u00ebt sepse i gjeti ata n\u00eb nj\u00eb realitet t\u00eb ri, me dy\",\"breadcrumb\":{\"@id\":\"https:\/\/www.visit-ulcinj.com\/blog\/2008\/12\/09\/shqiptaret-ne-mal-te-zi-diku-bashke-e-diku-ndaras\/#breadcrumb\"},\"inLanguage\":\"en-US\",\"potentialAction\":[{\"@type\":\"ReadAction\",\"target\":[\"https:\/\/www.visit-ulcinj.com\/blog\/2008\/12\/09\/shqiptaret-ne-mal-te-zi-diku-bashke-e-diku-ndaras\/\"]}]},{\"@type\":\"BreadcrumbList\",\"@id\":\"https:\/\/www.visit-ulcinj.com\/blog\/2008\/12\/09\/shqiptaret-ne-mal-te-zi-diku-bashke-e-diku-ndaras\/#breadcrumb\",\"itemListElement\":[{\"@type\":\"ListItem\",\"position\":1,\"name\":\"Shqiptar\u00ebt n\u00eb Mal t\u00eb Zi, diku bashk\u00eb e diku ndaras\"}]},{\"@type\":\"Person\",\"@id\":\"https:\/\/www.visit-ulcinj.com\/blog\/#\/schema\/person\/dcab619c614d3038751c63bc2aadc06d\",\"name\":\"ulqini\",\"sameAs\":[\"http:\/\/www.visit-ulcinj.com\"],\"url\":\"https:\/\/www.visit-ulcinj.com\/blog\/author\/admin\/\"}]}<\/script>\n<!-- \/ Yoast SEO plugin. -->","yoast_head_json":{"title":"Shqiptar\u00ebt n\u00eb Mal t\u00eb Zi, diku bashk\u00eb e diku ndaras - Lajme nga Ulqini","description":"Shqiptar\u00ebt n\u00eb Mal t\u00eb Zi kremtuan 28 n\u00ebntorin - dit\u00ebn e flamurit N\u00ebntor ishte i ve\u00e7ant\u00eb p\u00ebr shqiptar\u00ebt sepse i gjeti ata n\u00eb nj\u00eb realitet t\u00eb ri, me dy","robots":{"index":"index","follow":"follow","max-snippet":"max-snippet:-1","max-image-preview":"max-image-preview:large","max-video-preview":"max-video-preview:-1"},"canonical":"https:\/\/www.visit-ulcinj.com\/blog\/2008\/12\/09\/shqiptaret-ne-mal-te-zi-diku-bashke-e-diku-ndaras\/","og_locale":"en_US","og_type":"article","og_title":"Shqiptar\u00ebt n\u00eb Mal t\u00eb Zi, diku bashk\u00eb e diku ndaras - Lajme nga Ulqini","og_description":"Shqiptar\u00ebt n\u00eb Mal t\u00eb Zi kremtuan 28 n\u00ebntorin - dit\u00ebn e flamurit N\u00ebntor ishte i ve\u00e7ant\u00eb p\u00ebr shqiptar\u00ebt sepse i gjeti ata n\u00eb nj\u00eb realitet t\u00eb ri, me dy","og_url":"https:\/\/www.visit-ulcinj.com\/blog\/2008\/12\/09\/shqiptaret-ne-mal-te-zi-diku-bashke-e-diku-ndaras\/","og_site_name":"Lajme nga Ulqini","article_published_time":"2008-12-09T17:10:56+00:00","article_modified_time":"2008-12-09T18:44:32+00:00","og_image":[{"url":"http:\/\/www.visit-ulcinj.com\/blog\/wp-content\/uploads\/2008\/12\/ldne-mz.jpg"}],"twitter_misc":{"Written by":"ulqini","Est. reading time":"4 minutes"},"schema":{"@context":"https:\/\/schema.org","@graph":[{"@type":"WebSite","@id":"https:\/\/www.visit-ulcinj.com\/blog\/#website","url":"https:\/\/www.visit-ulcinj.com\/blog\/","name":"Lajme nga Ulqini","description":"Lajme,Vijesti,Ulqini,Ulqin,Crna Gora,Mali i Zi","potentialAction":[{"@type":"SearchAction","target":{"@type":"EntryPoint","urlTemplate":"https:\/\/www.visit-ulcinj.com\/blog\/?s={search_term_string}"},"query-input":"required name=search_term_string"}],"inLanguage":"en-US"},{"@type":"ImageObject","inLanguage":"en-US","@id":"https:\/\/www.visit-ulcinj.com\/blog\/2008\/12\/09\/shqiptaret-ne-mal-te-zi-diku-bashke-e-diku-ndaras\/#primaryimage","url":"http:\/\/www.visit-ulcinj.com\/blog\/wp-content\/uploads\/2008\/12\/ldne-mz.jpg","contentUrl":"http:\/\/www.visit-ulcinj.com\/blog\/wp-content\/uploads\/2008\/12\/ldne-mz.jpg"},{"@type":"WebPage","@id":"https:\/\/www.visit-ulcinj.com\/blog\/2008\/12\/09\/shqiptaret-ne-mal-te-zi-diku-bashke-e-diku-ndaras\/#webpage","url":"https:\/\/www.visit-ulcinj.com\/blog\/2008\/12\/09\/shqiptaret-ne-mal-te-zi-diku-bashke-e-diku-ndaras\/","name":"Shqiptar\u00ebt n\u00eb Mal t\u00eb Zi, diku bashk\u00eb e diku ndaras - Lajme nga Ulqini","isPartOf":{"@id":"https:\/\/www.visit-ulcinj.com\/blog\/#website"},"primaryImageOfPage":{"@id":"https:\/\/www.visit-ulcinj.com\/blog\/2008\/12\/09\/shqiptaret-ne-mal-te-zi-diku-bashke-e-diku-ndaras\/#primaryimage"},"datePublished":"2008-12-09T17:10:56+00:00","dateModified":"2008-12-09T18:44:32+00:00","author":{"@id":"https:\/\/www.visit-ulcinj.com\/blog\/#\/schema\/person\/dcab619c614d3038751c63bc2aadc06d"},"description":"Shqiptar\u00ebt n\u00eb Mal t\u00eb Zi kremtuan 28 n\u00ebntorin - dit\u00ebn e flamurit N\u00ebntor ishte i ve\u00e7ant\u00eb p\u00ebr shqiptar\u00ebt sepse i gjeti ata n\u00eb nj\u00eb realitet t\u00eb ri, me dy","breadcrumb":{"@id":"https:\/\/www.visit-ulcinj.com\/blog\/2008\/12\/09\/shqiptaret-ne-mal-te-zi-diku-bashke-e-diku-ndaras\/#breadcrumb"},"inLanguage":"en-US","potentialAction":[{"@type":"ReadAction","target":["https:\/\/www.visit-ulcinj.com\/blog\/2008\/12\/09\/shqiptaret-ne-mal-te-zi-diku-bashke-e-diku-ndaras\/"]}]},{"@type":"BreadcrumbList","@id":"https:\/\/www.visit-ulcinj.com\/blog\/2008\/12\/09\/shqiptaret-ne-mal-te-zi-diku-bashke-e-diku-ndaras\/#breadcrumb","itemListElement":[{"@type":"ListItem","position":1,"name":"Shqiptar\u00ebt n\u00eb Mal t\u00eb Zi, diku bashk\u00eb e diku ndaras"}]},{"@type":"Person","@id":"https:\/\/www.visit-ulcinj.com\/blog\/#\/schema\/person\/dcab619c614d3038751c63bc2aadc06d","name":"ulqini","sameAs":["http:\/\/www.visit-ulcinj.com"],"url":"https:\/\/www.visit-ulcinj.com\/blog\/author\/admin\/"}]}},"jetpack_featured_media_url":"","jetpack_sharing_enabled":true,"jetpack_shortlink":"https:\/\/wp.me\/pe6lTn-1Pn","_links":{"self":[{"href":"https:\/\/www.visit-ulcinj.com\/blog\/wp-json\/wp\/v2\/posts\/7029"}],"collection":[{"href":"https:\/\/www.visit-ulcinj.com\/blog\/wp-json\/wp\/v2\/posts"}],"about":[{"href":"https:\/\/www.visit-ulcinj.com\/blog\/wp-json\/wp\/v2\/types\/post"}],"author":[{"embeddable":true,"href":"https:\/\/www.visit-ulcinj.com\/blog\/wp-json\/wp\/v2\/users\/1"}],"replies":[{"embeddable":true,"href":"https:\/\/www.visit-ulcinj.com\/blog\/wp-json\/wp\/v2\/comments?post=7029"}],"version-history":[{"count":0,"href":"https:\/\/www.visit-ulcinj.com\/blog\/wp-json\/wp\/v2\/posts\/7029\/revisions"}],"wp:attachment":[{"href":"https:\/\/www.visit-ulcinj.com\/blog\/wp-json\/wp\/v2\/media?parent=7029"}],"wp:term":[{"taxonomy":"category","embeddable":true,"href":"https:\/\/www.visit-ulcinj.com\/blog\/wp-json\/wp\/v2\/categories?post=7029"},{"taxonomy":"post_tag","embeddable":true,"href":"https:\/\/www.visit-ulcinj.com\/blog\/wp-json\/wp\/v2\/tags?post=7029"}],"curies":[{"name":"wp","href":"https:\/\/api.w.org\/{rel}","templated":true}]}}