{"id":70297,"date":"2013-04-04T14:56:15","date_gmt":"2013-04-04T13:56:15","guid":{"rendered":"http:\/\/www.visit-ulcinj.com\/blog\/?p=70297"},"modified":"2013-04-06T08:15:53","modified_gmt":"2013-04-06T07:15:53","slug":"programi-i-dites-se-komunes-se-ulqinit","status":"publish","type":"post","link":"https:\/\/www.visit-ulcinj.com\/blog\/2013\/04\/04\/programi-i-dites-se-komunes-se-ulqinit\/","title":{"rendered":"Programi i Dites se Komunes se Ulqinit"},"content":{"rendered":"<p align=\"center\"><b><a href=\"http:\/\/www.visit-ulcinj.com\/blog\/wp-content\/uploads\/2013\/04\/dita-e-komunes-se-Ulqinit.jpg\"><img loading=\"lazy\" class=\"alignleft  wp-image-70315\" alt=\"dita e komunes se Ulqinit\" src=\"http:\/\/www.visit-ulcinj.com\/blog\/wp-content\/uploads\/2013\/04\/dita-e-komunes-se-Ulqinit.jpg\" width=\"508\" height=\"360\" \/><\/a>\u00a0<\/b><\/p>\n<p align=\"center\"><b>Programi i aktiviteteve me rastin e Dit<\/b><b>\u00ebs s\u00eb Komun\u00ebs Ulqinit &#8211; 2013<\/b><\/p>\n<p><b>\u00a0<\/b><\/p>\n<p><b>\u00a0<\/b><\/p>\n<p><b>E premte,m\u00eb 5 prill:\u00a0\u00a0 \u00a011:00h<\/b> &#8211; Konferenca e pest\u00eb shkencore nd\u00ebrkomb\u00ebtare me tem\u00eb:<\/p>\n<p>\u2018\u2019Investimet n\u00eb funksion t\u00eb zhvillimit ekonomik<\/p>\n<p>dhe proceset integruese\u2019\u2019<\/p>\n<p><i>\u00a0\u00a0\u00a0\u00a0\u00a0\u00a0\u00a0\u00a0\u00a0\u00a0\u00a0\u00a0\u00a0\u00a0\u00a0\u00a0\u00a0\u00a0\u00a0\u00a0\u00a0\u00a0\u00a0\u00a0\u00a0\u00a0\u00a0\u00a0\u00a0\u00a0\u00a0\u00a0\u00a0\u00a0\u00a0\u00a0\u00a0\u00a0\u00a0\u00a0\u00a0\u00a0\u00a0\u00a0\u00a0\u00a0\u00a0\u00a0\u00a0\u00a0\u00a0\u00a0\u00a0\u00a0\u00a0\u00a0\u00a0\u00a0 \u00a0\u00a0\u00a0\u00a0\u00a0\u00a0\u00a0\u00a0\u00a0\u00a0(Salla e madhe e kuvendit)<\/i><\/p>\n<p><b>\u00a0\u00a0\u00a0\u00a0\u00a0\u00a0\u00a0\u00a0\u00a0\u00a0\u00a0\u00a0\u00a0\u00a0\u00a0\u00a0\u00a0\u00a0\u00a0\u00a0\u00a0\u00a0\u00a0\u00a0\u00a0\u00a0\u00a0\u00a0\u00a0\u00a0\u00a0\u00a0\u00a0 \u00a0\u00a0\u00a0\u00a0\u00a0\u00a0\u00a0\u00a0\u00a0\u00a0\u00a0\u00a012:00h<\/b> &#8211;\u00a0 Ndarja e bursave p\u00ebr studentet m\u00eb t\u00eb dalluar<\/p>\n<p>(salla e kabinetit)<\/p>\n<p>&nbsp;<\/p>\n<p><b>E shtun\u00eb, m\u00eb 6 prill:\u00a0\u00a0\u00a0 11:00h<\/b> &#8211; Kuvendi Solemn \u00a0<i>(Qendra p\u00ebr Kultur\u00eb)<\/i><\/p>\n<p><b>12:30h<\/b> &#8211; Koktej solemn\u00a0 <i>(Hotel Mediteran)<\/i><\/p>\n<p><b>14:00h<\/b> &#8211; Panairi i ullirit dhe produkteve artizanale<\/p>\n<p><i>\u00a0\u00a0\u00a0\u00a0\u00a0\u00a0\u00a0\u00a0\u00a0\u00a0\u00a0\u00a0\u00a0\u00a0\u00a0\u00a0\u00a0\u00a0\u00a0\u00a0\u00a0\u00a0\u00a0\u00a0\u00a0\u00a0\u00a0\u00a0\u00a0\u00a0\u00a0\u00a0\u00a0\u00a0\u00a0\u00a0\u00a0\u00a0\u00a0\u00a0\u00a0\u00a0\u00a0\u00a0\u00a0\u00a0\u00a0\u00a0\u00a0\u00a0\u00a0\u00a0\u00a0\u00a0\u00a0\u00a0\u00a0\u00a0\u00a0\u00a0\u00a0\u00a0\u00a0\u00a0 (Plazhi i vog\u00ebl)<\/i><\/p>\n<p><i>\u00a0\u00a0\u00a0\u00a0\u00a0\u00a0\u00a0\u00a0\u00a0\u00a0\u00a0\u00a0\u00a0\u00a0\u00a0\u00a0\u00a0\u00a0\u00a0\u00a0\u00a0\u00a0\u00a0\u00a0\u00a0\u00a0\u00a0\u00a0\u00a0\u00a0\u00a0\u00a0\u00a0\u00a0\u00a0\u00a0\u00a0\u00a0\u00a0\u00a0\u00a0\u00a0\u00a0\u00a0\u00a0 <\/i><b>19:00h <\/b>&#8211; Koncert me muzik\u00eb klasike nga Akademia e arteve \u2013 Cetin\u00eb<\/p>\n<p><i>(Qendra p\u00ebr Kultur\u00eb)<\/i><\/p>\n<p><b>21:00h<\/b> &#8211; Koncert festiv p\u00ebr t\u00eb rinj<\/p>\n<p style=\"text-align: center;\"><i>(Plazhi i vog\u00ebl)<\/i><\/p>\n<p style=\"text-align: left;\"><strong>Op\u0161tina Ulcinj \/ Komuna e Ulqinit<\/strong><br \/>\nTel: +382 30 412 050<br \/>\nFax: +382 30 412 413<br \/>\nAdresa: Bul. Skenderbeu bb, 85360 Ulcinj, MNE<\/p>\n","protected":false},"excerpt":{"rendered":"<p>\u00a0 Programi i aktiviteteve me rastin e Dit\u00ebs s\u00eb Komun\u00ebs Ulqinit &#8211; 2013 \u00a0 \u00a0 E premte,m\u00eb 5 prill:\u00a0\u00a0 \u00a011:00h &#8211; Konferenca e pest\u00eb shkencore nd\u00ebrkomb\u00ebtare me tem\u00eb: \u2018\u2019Investimet n\u00eb funksion t\u00eb zhvillimit ekonomik dhe proceset integruese\u2019\u2019 \u00a0\u00a0\u00a0\u00a0\u00a0\u00a0\u00a0\u00a0\u00a0\u00a0\u00a0\u00a0\u00a0\u00a0\u00a0\u00a0\u00a0\u00a0\u00a0\u00a0\u00a0\u00a0\u00a0\u00a0\u00a0\u00a0\u00a0\u00a0\u00a0\u00a0\u00a0\u00a0\u00a0\u00a0\u00a0\u00a0\u00a0\u00a0\u00a0\u00a0\u00a0\u00a0\u00a0\u00a0\u00a0\u00a0\u00a0\u00a0\u00a0\u00a0\u00a0\u00a0\u00a0\u00a0\u00a0\u00a0\u00a0\u00a0 \u00a0\u00a0\u00a0\u00a0\u00a0\u00a0\u00a0\u00a0\u00a0\u00a0(Salla e madhe e kuvendit) \u00a0\u00a0\u00a0\u00a0\u00a0\u00a0\u00a0\u00a0\u00a0\u00a0\u00a0\u00a0\u00a0\u00a0\u00a0\u00a0\u00a0\u00a0\u00a0\u00a0\u00a0\u00a0\u00a0\u00a0\u00a0\u00a0\u00a0\u00a0\u00a0\u00a0\u00a0\u00a0\u00a0 \u00a0\u00a0\u00a0\u00a0\u00a0\u00a0\u00a0\u00a0\u00a0\u00a0\u00a0\u00a012:00h &#8211;\u00a0 Ndarja e bursave p\u00ebr studentet m\u00eb t\u00eb dalluar (salla [&hellip;]<\/p>\n","protected":false},"author":1,"featured_media":0,"comment_status":"open","ping_status":"closed","sticky":false,"template":"","format":"standard","meta":{"spay_email":"","jetpack_publicize_message":"","jetpack_is_tweetstorm":false,"jetpack_publicize_feature_enabled":true},"categories":[1],"tags":[8685],"jetpack_publicize_connections":[],"yoast_head":"<!-- This site is optimized with the Yoast SEO plugin v19.1 - https:\/\/yoast.com\/wordpress\/plugins\/seo\/ -->\n<title>Programi i Dites se Komunes se Ulqinit - Lajme nga Ulqini<\/title>\n<meta name=\"description\" content=\"\u00a0 Programi i aktiviteteve me rastin e Dit\u00ebs s\u00eb Komun\u00ebs Ulqinit - 2013 \u00a0 \u00a0 E premte,m\u00eb 5 prill:\u00a0\u00a0 \u00a011:00h - Konferenca e pest\u00eb shkencore nd\u00ebrkomb\u00ebtare me\" \/>\n<meta name=\"robots\" content=\"index, follow, max-snippet:-1, max-image-preview:large, max-video-preview:-1\" \/>\n<link rel=\"canonical\" href=\"https:\/\/www.visit-ulcinj.com\/blog\/2013\/04\/04\/programi-i-dites-se-komunes-se-ulqinit\/\" \/>\n<meta property=\"og:locale\" content=\"en_US\" \/>\n<meta property=\"og:type\" content=\"article\" \/>\n<meta property=\"og:title\" content=\"Programi i Dites se Komunes se Ulqinit - Lajme nga Ulqini\" \/>\n<meta property=\"og:description\" content=\"\u00a0 Programi i aktiviteteve me rastin e Dit\u00ebs s\u00eb Komun\u00ebs Ulqinit - 2013 \u00a0 \u00a0 E premte,m\u00eb 5 prill:\u00a0\u00a0 \u00a011:00h - Konferenca e pest\u00eb shkencore nd\u00ebrkomb\u00ebtare me\" \/>\n<meta property=\"og:url\" content=\"https:\/\/www.visit-ulcinj.com\/blog\/2013\/04\/04\/programi-i-dites-se-komunes-se-ulqinit\/\" \/>\n<meta property=\"og:site_name\" content=\"Lajme nga Ulqini\" \/>\n<meta property=\"article:published_time\" content=\"2013-04-04T13:56:15+00:00\" \/>\n<meta property=\"article:modified_time\" content=\"2013-04-06T07:15:53+00:00\" \/>\n<meta property=\"og:image\" content=\"http:\/\/www.visit-ulcinj.com\/blog\/wp-content\/uploads\/2013\/04\/dita-e-komunes-se-Ulqinit.jpg\" \/>\n<meta name=\"twitter:label1\" content=\"Written by\" \/>\n\t<meta name=\"twitter:data1\" content=\"ulqini\" \/>\n\t<meta name=\"twitter:label2\" content=\"Est. reading time\" \/>\n\t<meta name=\"twitter:data2\" content=\"1 minute\" \/>\n<script type=\"application\/ld+json\" class=\"yoast-schema-graph\">{\"@context\":\"https:\/\/schema.org\",\"@graph\":[{\"@type\":\"WebSite\",\"@id\":\"https:\/\/www.visit-ulcinj.com\/blog\/#website\",\"url\":\"https:\/\/www.visit-ulcinj.com\/blog\/\",\"name\":\"Lajme nga Ulqini\",\"description\":\"Lajme,Vijesti,Ulqini,Ulqin,Crna Gora,Mali i Zi\",\"potentialAction\":[{\"@type\":\"SearchAction\",\"target\":{\"@type\":\"EntryPoint\",\"urlTemplate\":\"https:\/\/www.visit-ulcinj.com\/blog\/?s={search_term_string}\"},\"query-input\":\"required name=search_term_string\"}],\"inLanguage\":\"en-US\"},{\"@type\":\"ImageObject\",\"inLanguage\":\"en-US\",\"@id\":\"https:\/\/www.visit-ulcinj.com\/blog\/2013\/04\/04\/programi-i-dites-se-komunes-se-ulqinit\/#primaryimage\",\"url\":\"https:\/\/www.visit-ulcinj.com\/blog\/wp-content\/uploads\/2013\/04\/dita-e-komunes-se-Ulqinit.jpg\",\"contentUrl\":\"https:\/\/www.visit-ulcinj.com\/blog\/wp-content\/uploads\/2013\/04\/dita-e-komunes-se-Ulqinit.jpg\",\"width\":880,\"height\":374},{\"@type\":\"WebPage\",\"@id\":\"https:\/\/www.visit-ulcinj.com\/blog\/2013\/04\/04\/programi-i-dites-se-komunes-se-ulqinit\/#webpage\",\"url\":\"https:\/\/www.visit-ulcinj.com\/blog\/2013\/04\/04\/programi-i-dites-se-komunes-se-ulqinit\/\",\"name\":\"Programi i Dites se Komunes se Ulqinit - Lajme nga Ulqini\",\"isPartOf\":{\"@id\":\"https:\/\/www.visit-ulcinj.com\/blog\/#website\"},\"primaryImageOfPage\":{\"@id\":\"https:\/\/www.visit-ulcinj.com\/blog\/2013\/04\/04\/programi-i-dites-se-komunes-se-ulqinit\/#primaryimage\"},\"datePublished\":\"2013-04-04T13:56:15+00:00\",\"dateModified\":\"2013-04-06T07:15:53+00:00\",\"author\":{\"@id\":\"https:\/\/www.visit-ulcinj.com\/blog\/#\/schema\/person\/dcab619c614d3038751c63bc2aadc06d\"},\"description\":\"\u00a0 Programi i aktiviteteve me rastin e Dit\u00ebs s\u00eb Komun\u00ebs Ulqinit - 2013 \u00a0 \u00a0 E premte,m\u00eb 5 prill:\u00a0\u00a0 \u00a011:00h - Konferenca e pest\u00eb shkencore nd\u00ebrkomb\u00ebtare me\",\"breadcrumb\":{\"@id\":\"https:\/\/www.visit-ulcinj.com\/blog\/2013\/04\/04\/programi-i-dites-se-komunes-se-ulqinit\/#breadcrumb\"},\"inLanguage\":\"en-US\",\"potentialAction\":[{\"@type\":\"ReadAction\",\"target\":[\"https:\/\/www.visit-ulcinj.com\/blog\/2013\/04\/04\/programi-i-dites-se-komunes-se-ulqinit\/\"]}]},{\"@type\":\"BreadcrumbList\",\"@id\":\"https:\/\/www.visit-ulcinj.com\/blog\/2013\/04\/04\/programi-i-dites-se-komunes-se-ulqinit\/#breadcrumb\",\"itemListElement\":[{\"@type\":\"ListItem\",\"position\":1,\"name\":\"Programi i Dites se Komunes se Ulqinit\"}]},{\"@type\":\"Person\",\"@id\":\"https:\/\/www.visit-ulcinj.com\/blog\/#\/schema\/person\/dcab619c614d3038751c63bc2aadc06d\",\"name\":\"ulqini\",\"sameAs\":[\"http:\/\/www.visit-ulcinj.com\"],\"url\":\"https:\/\/www.visit-ulcinj.com\/blog\/author\/admin\/\"}]}<\/script>\n<!-- \/ Yoast SEO plugin. -->","yoast_head_json":{"title":"Programi i Dites se Komunes se Ulqinit - Lajme nga Ulqini","description":"\u00a0 Programi i aktiviteteve me rastin e Dit\u00ebs s\u00eb Komun\u00ebs Ulqinit - 2013 \u00a0 \u00a0 E premte,m\u00eb 5 prill:\u00a0\u00a0 \u00a011:00h - Konferenca e pest\u00eb shkencore nd\u00ebrkomb\u00ebtare me","robots":{"index":"index","follow":"follow","max-snippet":"max-snippet:-1","max-image-preview":"max-image-preview:large","max-video-preview":"max-video-preview:-1"},"canonical":"https:\/\/www.visit-ulcinj.com\/blog\/2013\/04\/04\/programi-i-dites-se-komunes-se-ulqinit\/","og_locale":"en_US","og_type":"article","og_title":"Programi i Dites se Komunes se Ulqinit - Lajme nga Ulqini","og_description":"\u00a0 Programi i aktiviteteve me rastin e Dit\u00ebs s\u00eb Komun\u00ebs Ulqinit - 2013 \u00a0 \u00a0 E premte,m\u00eb 5 prill:\u00a0\u00a0 \u00a011:00h - Konferenca e pest\u00eb shkencore nd\u00ebrkomb\u00ebtare me","og_url":"https:\/\/www.visit-ulcinj.com\/blog\/2013\/04\/04\/programi-i-dites-se-komunes-se-ulqinit\/","og_site_name":"Lajme nga Ulqini","article_published_time":"2013-04-04T13:56:15+00:00","article_modified_time":"2013-04-06T07:15:53+00:00","og_image":[{"url":"http:\/\/www.visit-ulcinj.com\/blog\/wp-content\/uploads\/2013\/04\/dita-e-komunes-se-Ulqinit.jpg"}],"twitter_misc":{"Written by":"ulqini","Est. reading time":"1 minute"},"schema":{"@context":"https:\/\/schema.org","@graph":[{"@type":"WebSite","@id":"https:\/\/www.visit-ulcinj.com\/blog\/#website","url":"https:\/\/www.visit-ulcinj.com\/blog\/","name":"Lajme nga Ulqini","description":"Lajme,Vijesti,Ulqini,Ulqin,Crna Gora,Mali i Zi","potentialAction":[{"@type":"SearchAction","target":{"@type":"EntryPoint","urlTemplate":"https:\/\/www.visit-ulcinj.com\/blog\/?s={search_term_string}"},"query-input":"required name=search_term_string"}],"inLanguage":"en-US"},{"@type":"ImageObject","inLanguage":"en-US","@id":"https:\/\/www.visit-ulcinj.com\/blog\/2013\/04\/04\/programi-i-dites-se-komunes-se-ulqinit\/#primaryimage","url":"https:\/\/www.visit-ulcinj.com\/blog\/wp-content\/uploads\/2013\/04\/dita-e-komunes-se-Ulqinit.jpg","contentUrl":"https:\/\/www.visit-ulcinj.com\/blog\/wp-content\/uploads\/2013\/04\/dita-e-komunes-se-Ulqinit.jpg","width":880,"height":374},{"@type":"WebPage","@id":"https:\/\/www.visit-ulcinj.com\/blog\/2013\/04\/04\/programi-i-dites-se-komunes-se-ulqinit\/#webpage","url":"https:\/\/www.visit-ulcinj.com\/blog\/2013\/04\/04\/programi-i-dites-se-komunes-se-ulqinit\/","name":"Programi i Dites se Komunes se Ulqinit - Lajme nga Ulqini","isPartOf":{"@id":"https:\/\/www.visit-ulcinj.com\/blog\/#website"},"primaryImageOfPage":{"@id":"https:\/\/www.visit-ulcinj.com\/blog\/2013\/04\/04\/programi-i-dites-se-komunes-se-ulqinit\/#primaryimage"},"datePublished":"2013-04-04T13:56:15+00:00","dateModified":"2013-04-06T07:15:53+00:00","author":{"@id":"https:\/\/www.visit-ulcinj.com\/blog\/#\/schema\/person\/dcab619c614d3038751c63bc2aadc06d"},"description":"\u00a0 Programi i aktiviteteve me rastin e Dit\u00ebs s\u00eb Komun\u00ebs Ulqinit - 2013 \u00a0 \u00a0 E premte,m\u00eb 5 prill:\u00a0\u00a0 \u00a011:00h - Konferenca e pest\u00eb shkencore nd\u00ebrkomb\u00ebtare me","breadcrumb":{"@id":"https:\/\/www.visit-ulcinj.com\/blog\/2013\/04\/04\/programi-i-dites-se-komunes-se-ulqinit\/#breadcrumb"},"inLanguage":"en-US","potentialAction":[{"@type":"ReadAction","target":["https:\/\/www.visit-ulcinj.com\/blog\/2013\/04\/04\/programi-i-dites-se-komunes-se-ulqinit\/"]}]},{"@type":"BreadcrumbList","@id":"https:\/\/www.visit-ulcinj.com\/blog\/2013\/04\/04\/programi-i-dites-se-komunes-se-ulqinit\/#breadcrumb","itemListElement":[{"@type":"ListItem","position":1,"name":"Programi i Dites se Komunes se Ulqinit"}]},{"@type":"Person","@id":"https:\/\/www.visit-ulcinj.com\/blog\/#\/schema\/person\/dcab619c614d3038751c63bc2aadc06d","name":"ulqini","sameAs":["http:\/\/www.visit-ulcinj.com"],"url":"https:\/\/www.visit-ulcinj.com\/blog\/author\/admin\/"}]}},"jetpack_featured_media_url":"","jetpack_sharing_enabled":true,"jetpack_shortlink":"https:\/\/wp.me\/pe6lTn-ihP","_links":{"self":[{"href":"https:\/\/www.visit-ulcinj.com\/blog\/wp-json\/wp\/v2\/posts\/70297"}],"collection":[{"href":"https:\/\/www.visit-ulcinj.com\/blog\/wp-json\/wp\/v2\/posts"}],"about":[{"href":"https:\/\/www.visit-ulcinj.com\/blog\/wp-json\/wp\/v2\/types\/post"}],"author":[{"embeddable":true,"href":"https:\/\/www.visit-ulcinj.com\/blog\/wp-json\/wp\/v2\/users\/1"}],"replies":[{"embeddable":true,"href":"https:\/\/www.visit-ulcinj.com\/blog\/wp-json\/wp\/v2\/comments?post=70297"}],"version-history":[{"count":10,"href":"https:\/\/www.visit-ulcinj.com\/blog\/wp-json\/wp\/v2\/posts\/70297\/revisions"}],"predecessor-version":[{"id":70395,"href":"https:\/\/www.visit-ulcinj.com\/blog\/wp-json\/wp\/v2\/posts\/70297\/revisions\/70395"}],"wp:attachment":[{"href":"https:\/\/www.visit-ulcinj.com\/blog\/wp-json\/wp\/v2\/media?parent=70297"}],"wp:term":[{"taxonomy":"category","embeddable":true,"href":"https:\/\/www.visit-ulcinj.com\/blog\/wp-json\/wp\/v2\/categories?post=70297"},{"taxonomy":"post_tag","embeddable":true,"href":"https:\/\/www.visit-ulcinj.com\/blog\/wp-json\/wp\/v2\/tags?post=70297"}],"curies":[{"name":"wp","href":"https:\/\/api.w.org\/{rel}","templated":true}]}}