{"id":70307,"date":"2013-04-04T15:23:22","date_gmt":"2013-04-04T14:23:22","guid":{"rendered":"http:\/\/www.visit-ulcinj.com\/blog\/?p=70307"},"modified":"2013-04-04T15:52:01","modified_gmt":"2013-04-04T14:52:01","slug":"organizohet-koncert-akademik-ne-qendren-e-kultures-ulqin","status":"publish","type":"post","link":"https:\/\/www.visit-ulcinj.com\/blog\/2013\/04\/04\/organizohet-koncert-akademik-ne-qendren-e-kultures-ulqin\/","title":{"rendered":"Organizohet koncert akademik n\u00eb Qendr\u00ebn e Kultur\u00ebs Ulqin"},"content":{"rendered":"<p><a href=\"http:\/\/www.visit-ulcinj.com\/blog\/wp-content\/uploads\/2013\/04\/press-template-2Ulcinj.jpg\"><img loading=\"lazy\" class=\"alignleft  wp-image-70308\" alt=\"press-template-2Ulcinj\" src=\"http:\/\/www.visit-ulcinj.com\/blog\/wp-content\/uploads\/2013\/04\/press-template-2Ulcinj.jpg\" width=\"508\" height=\"360\" \/><\/a>Ju njoftojm\u00eb se me rastin e Dit\u00ebs s\u00eb Komun\u00ebs s\u00eb Ulqinit, t\u00eb shtun\u00ebn me 6 prill 2013 n\u00eb ora 19.00 n\u00eb sall\u00ebn e Qendr\u00ebs s\u00eb Kultur\u00ebs organizohet koncert akademik me muzik\u00eb klasike, me artist\u00eb\u00a0 nga Ulqini, Shkodra dhe Cetina.<\/p>\n<p>&nbsp;<\/p>\n<p>Ju ftojm\u00eb q\u00eb t\u00eb na bashkangjiteni n\u00eb k\u00ebt\u00eb koncert solemn!<\/p>\n<p>K\u00ebshilli organizativ<\/p>\n<p>&nbsp;<\/p>\n<p><strong>Op\u0161tina Ulcinj \/ Komuna e Ulqinit<\/strong><br \/>\nTel: +382 30 412 050<br \/>\nFax: +382 30 412 413<br \/>\nAdresa: Bul. Skenderbeu bb, 85360 Ulcinj, MNE<\/p>\n","protected":false},"excerpt":{"rendered":"<p>Ju njoftojm\u00eb se me rastin e Dit\u00ebs s\u00eb Komun\u00ebs s\u00eb Ulqinit, t\u00eb shtun\u00ebn me 6 prill 2013 n\u00eb ora 19.00 n\u00eb sall\u00ebn e Qendr\u00ebs s\u00eb Kultur\u00ebs organizohet koncert akademik me muzik\u00eb klasike, me artist\u00eb\u00a0 nga Ulqini, Shkodra dhe Cetina. &nbsp; Ju ftojm\u00eb q\u00eb t\u00eb na bashkangjiteni n\u00eb k\u00ebt\u00eb koncert solemn! K\u00ebshilli organizativ &nbsp; Op\u0161tina Ulcinj [&hellip;]<\/p>\n","protected":false},"author":1,"featured_media":0,"comment_status":"open","ping_status":"closed","sticky":false,"template":"","format":"standard","meta":{"spay_email":"","jetpack_publicize_message":"","jetpack_is_tweetstorm":false,"jetpack_publicize_feature_enabled":true},"categories":[6950],"tags":[200],"jetpack_publicize_connections":[],"yoast_head":"<!-- This site is optimized with the Yoast SEO plugin v19.1 - https:\/\/yoast.com\/wordpress\/plugins\/seo\/ -->\n<title>Organizohet koncert akademik n\u00eb Qendr\u00ebn e Kultur\u00ebs Ulqin - Lajme nga Ulqini<\/title>\n<meta name=\"description\" content=\"Ju njoftojm\u00eb se me rastin e Dit\u00ebs s\u00eb Komun\u00ebs s\u00eb Ulqinit, t\u00eb shtun\u00ebn me 6 prill 2013 n\u00eb ora 19.00 n\u00eb sall\u00ebn e Qendr\u00ebs s\u00eb Kultur\u00ebs organizohet koncert\" \/>\n<meta name=\"robots\" content=\"index, follow, max-snippet:-1, max-image-preview:large, max-video-preview:-1\" \/>\n<link rel=\"canonical\" href=\"https:\/\/www.visit-ulcinj.com\/blog\/2013\/04\/04\/organizohet-koncert-akademik-ne-qendren-e-kultures-ulqin\/\" \/>\n<meta property=\"og:locale\" content=\"en_US\" \/>\n<meta property=\"og:type\" content=\"article\" \/>\n<meta property=\"og:title\" content=\"Organizohet koncert akademik n\u00eb Qendr\u00ebn e Kultur\u00ebs Ulqin - Lajme nga Ulqini\" \/>\n<meta property=\"og:description\" content=\"Ju njoftojm\u00eb se me rastin e Dit\u00ebs s\u00eb Komun\u00ebs s\u00eb Ulqinit, t\u00eb shtun\u00ebn me 6 prill 2013 n\u00eb ora 19.00 n\u00eb sall\u00ebn e Qendr\u00ebs s\u00eb Kultur\u00ebs organizohet koncert\" \/>\n<meta property=\"og:url\" content=\"https:\/\/www.visit-ulcinj.com\/blog\/2013\/04\/04\/organizohet-koncert-akademik-ne-qendren-e-kultures-ulqin\/\" \/>\n<meta property=\"og:site_name\" content=\"Lajme nga Ulqini\" \/>\n<meta property=\"article:published_time\" content=\"2013-04-04T14:23:22+00:00\" \/>\n<meta property=\"article:modified_time\" content=\"2013-04-04T14:52:01+00:00\" \/>\n<meta property=\"og:image\" content=\"http:\/\/www.visit-ulcinj.com\/blog\/wp-content\/uploads\/2013\/04\/press-template-2Ulcinj.jpg\" \/>\n<meta name=\"twitter:label1\" content=\"Written by\" \/>\n\t<meta name=\"twitter:data1\" content=\"ulqini\" \/>\n<script type=\"application\/ld+json\" class=\"yoast-schema-graph\">{\"@context\":\"https:\/\/schema.org\",\"@graph\":[{\"@type\":\"WebSite\",\"@id\":\"https:\/\/www.visit-ulcinj.com\/blog\/#website\",\"url\":\"https:\/\/www.visit-ulcinj.com\/blog\/\",\"name\":\"Lajme nga Ulqini\",\"description\":\"Lajme,Vijesti,Ulqini,Ulqin,Crna Gora,Mali i Zi\",\"potentialAction\":[{\"@type\":\"SearchAction\",\"target\":{\"@type\":\"EntryPoint\",\"urlTemplate\":\"https:\/\/www.visit-ulcinj.com\/blog\/?s={search_term_string}\"},\"query-input\":\"required name=search_term_string\"}],\"inLanguage\":\"en-US\"},{\"@type\":\"ImageObject\",\"inLanguage\":\"en-US\",\"@id\":\"https:\/\/www.visit-ulcinj.com\/blog\/2013\/04\/04\/organizohet-koncert-akademik-ne-qendren-e-kultures-ulqin\/#primaryimage\",\"url\":\"https:\/\/www.visit-ulcinj.com\/blog\/wp-content\/uploads\/2013\/04\/press-template-2Ulcinj.jpg\",\"contentUrl\":\"https:\/\/www.visit-ulcinj.com\/blog\/wp-content\/uploads\/2013\/04\/press-template-2Ulcinj.jpg\",\"width\":720,\"height\":576},{\"@type\":\"WebPage\",\"@id\":\"https:\/\/www.visit-ulcinj.com\/blog\/2013\/04\/04\/organizohet-koncert-akademik-ne-qendren-e-kultures-ulqin\/#webpage\",\"url\":\"https:\/\/www.visit-ulcinj.com\/blog\/2013\/04\/04\/organizohet-koncert-akademik-ne-qendren-e-kultures-ulqin\/\",\"name\":\"Organizohet koncert akademik n\u00eb Qendr\u00ebn e Kultur\u00ebs Ulqin - Lajme nga Ulqini\",\"isPartOf\":{\"@id\":\"https:\/\/www.visit-ulcinj.com\/blog\/#website\"},\"primaryImageOfPage\":{\"@id\":\"https:\/\/www.visit-ulcinj.com\/blog\/2013\/04\/04\/organizohet-koncert-akademik-ne-qendren-e-kultures-ulqin\/#primaryimage\"},\"datePublished\":\"2013-04-04T14:23:22+00:00\",\"dateModified\":\"2013-04-04T14:52:01+00:00\",\"author\":{\"@id\":\"https:\/\/www.visit-ulcinj.com\/blog\/#\/schema\/person\/dcab619c614d3038751c63bc2aadc06d\"},\"description\":\"Ju njoftojm\u00eb se me rastin e Dit\u00ebs s\u00eb Komun\u00ebs s\u00eb Ulqinit, t\u00eb shtun\u00ebn me 6 prill 2013 n\u00eb ora 19.00 n\u00eb sall\u00ebn e Qendr\u00ebs s\u00eb Kultur\u00ebs organizohet koncert\",\"breadcrumb\":{\"@id\":\"https:\/\/www.visit-ulcinj.com\/blog\/2013\/04\/04\/organizohet-koncert-akademik-ne-qendren-e-kultures-ulqin\/#breadcrumb\"},\"inLanguage\":\"en-US\",\"potentialAction\":[{\"@type\":\"ReadAction\",\"target\":[\"https:\/\/www.visit-ulcinj.com\/blog\/2013\/04\/04\/organizohet-koncert-akademik-ne-qendren-e-kultures-ulqin\/\"]}]},{\"@type\":\"BreadcrumbList\",\"@id\":\"https:\/\/www.visit-ulcinj.com\/blog\/2013\/04\/04\/organizohet-koncert-akademik-ne-qendren-e-kultures-ulqin\/#breadcrumb\",\"itemListElement\":[{\"@type\":\"ListItem\",\"position\":1,\"name\":\"Organizohet koncert akademik n\u00eb Qendr\u00ebn e Kultur\u00ebs Ulqin\"}]},{\"@type\":\"Person\",\"@id\":\"https:\/\/www.visit-ulcinj.com\/blog\/#\/schema\/person\/dcab619c614d3038751c63bc2aadc06d\",\"name\":\"ulqini\",\"sameAs\":[\"http:\/\/www.visit-ulcinj.com\"],\"url\":\"https:\/\/www.visit-ulcinj.com\/blog\/author\/admin\/\"}]}<\/script>\n<!-- \/ Yoast SEO plugin. -->","yoast_head_json":{"title":"Organizohet koncert akademik n\u00eb Qendr\u00ebn e Kultur\u00ebs Ulqin - Lajme nga Ulqini","description":"Ju njoftojm\u00eb se me rastin e Dit\u00ebs s\u00eb Komun\u00ebs s\u00eb Ulqinit, t\u00eb shtun\u00ebn me 6 prill 2013 n\u00eb ora 19.00 n\u00eb sall\u00ebn e Qendr\u00ebs s\u00eb Kultur\u00ebs organizohet koncert","robots":{"index":"index","follow":"follow","max-snippet":"max-snippet:-1","max-image-preview":"max-image-preview:large","max-video-preview":"max-video-preview:-1"},"canonical":"https:\/\/www.visit-ulcinj.com\/blog\/2013\/04\/04\/organizohet-koncert-akademik-ne-qendren-e-kultures-ulqin\/","og_locale":"en_US","og_type":"article","og_title":"Organizohet koncert akademik n\u00eb Qendr\u00ebn e Kultur\u00ebs Ulqin - Lajme nga Ulqini","og_description":"Ju njoftojm\u00eb se me rastin e Dit\u00ebs s\u00eb Komun\u00ebs s\u00eb Ulqinit, t\u00eb shtun\u00ebn me 6 prill 2013 n\u00eb ora 19.00 n\u00eb sall\u00ebn e Qendr\u00ebs s\u00eb Kultur\u00ebs organizohet koncert","og_url":"https:\/\/www.visit-ulcinj.com\/blog\/2013\/04\/04\/organizohet-koncert-akademik-ne-qendren-e-kultures-ulqin\/","og_site_name":"Lajme nga Ulqini","article_published_time":"2013-04-04T14:23:22+00:00","article_modified_time":"2013-04-04T14:52:01+00:00","og_image":[{"url":"http:\/\/www.visit-ulcinj.com\/blog\/wp-content\/uploads\/2013\/04\/press-template-2Ulcinj.jpg"}],"twitter_misc":{"Written by":"ulqini"},"schema":{"@context":"https:\/\/schema.org","@graph":[{"@type":"WebSite","@id":"https:\/\/www.visit-ulcinj.com\/blog\/#website","url":"https:\/\/www.visit-ulcinj.com\/blog\/","name":"Lajme nga Ulqini","description":"Lajme,Vijesti,Ulqini,Ulqin,Crna Gora,Mali i Zi","potentialAction":[{"@type":"SearchAction","target":{"@type":"EntryPoint","urlTemplate":"https:\/\/www.visit-ulcinj.com\/blog\/?s={search_term_string}"},"query-input":"required name=search_term_string"}],"inLanguage":"en-US"},{"@type":"ImageObject","inLanguage":"en-US","@id":"https:\/\/www.visit-ulcinj.com\/blog\/2013\/04\/04\/organizohet-koncert-akademik-ne-qendren-e-kultures-ulqin\/#primaryimage","url":"https:\/\/www.visit-ulcinj.com\/blog\/wp-content\/uploads\/2013\/04\/press-template-2Ulcinj.jpg","contentUrl":"https:\/\/www.visit-ulcinj.com\/blog\/wp-content\/uploads\/2013\/04\/press-template-2Ulcinj.jpg","width":720,"height":576},{"@type":"WebPage","@id":"https:\/\/www.visit-ulcinj.com\/blog\/2013\/04\/04\/organizohet-koncert-akademik-ne-qendren-e-kultures-ulqin\/#webpage","url":"https:\/\/www.visit-ulcinj.com\/blog\/2013\/04\/04\/organizohet-koncert-akademik-ne-qendren-e-kultures-ulqin\/","name":"Organizohet koncert akademik n\u00eb Qendr\u00ebn e Kultur\u00ebs Ulqin - Lajme nga Ulqini","isPartOf":{"@id":"https:\/\/www.visit-ulcinj.com\/blog\/#website"},"primaryImageOfPage":{"@id":"https:\/\/www.visit-ulcinj.com\/blog\/2013\/04\/04\/organizohet-koncert-akademik-ne-qendren-e-kultures-ulqin\/#primaryimage"},"datePublished":"2013-04-04T14:23:22+00:00","dateModified":"2013-04-04T14:52:01+00:00","author":{"@id":"https:\/\/www.visit-ulcinj.com\/blog\/#\/schema\/person\/dcab619c614d3038751c63bc2aadc06d"},"description":"Ju njoftojm\u00eb se me rastin e Dit\u00ebs s\u00eb Komun\u00ebs s\u00eb Ulqinit, t\u00eb shtun\u00ebn me 6 prill 2013 n\u00eb ora 19.00 n\u00eb sall\u00ebn e Qendr\u00ebs s\u00eb Kultur\u00ebs organizohet koncert","breadcrumb":{"@id":"https:\/\/www.visit-ulcinj.com\/blog\/2013\/04\/04\/organizohet-koncert-akademik-ne-qendren-e-kultures-ulqin\/#breadcrumb"},"inLanguage":"en-US","potentialAction":[{"@type":"ReadAction","target":["https:\/\/www.visit-ulcinj.com\/blog\/2013\/04\/04\/organizohet-koncert-akademik-ne-qendren-e-kultures-ulqin\/"]}]},{"@type":"BreadcrumbList","@id":"https:\/\/www.visit-ulcinj.com\/blog\/2013\/04\/04\/organizohet-koncert-akademik-ne-qendren-e-kultures-ulqin\/#breadcrumb","itemListElement":[{"@type":"ListItem","position":1,"name":"Organizohet koncert akademik n\u00eb Qendr\u00ebn e Kultur\u00ebs Ulqin"}]},{"@type":"Person","@id":"https:\/\/www.visit-ulcinj.com\/blog\/#\/schema\/person\/dcab619c614d3038751c63bc2aadc06d","name":"ulqini","sameAs":["http:\/\/www.visit-ulcinj.com"],"url":"https:\/\/www.visit-ulcinj.com\/blog\/author\/admin\/"}]}},"jetpack_featured_media_url":"","jetpack_sharing_enabled":true,"jetpack_shortlink":"https:\/\/wp.me\/pe6lTn-ihZ","_links":{"self":[{"href":"https:\/\/www.visit-ulcinj.com\/blog\/wp-json\/wp\/v2\/posts\/70307"}],"collection":[{"href":"https:\/\/www.visit-ulcinj.com\/blog\/wp-json\/wp\/v2\/posts"}],"about":[{"href":"https:\/\/www.visit-ulcinj.com\/blog\/wp-json\/wp\/v2\/types\/post"}],"author":[{"embeddable":true,"href":"https:\/\/www.visit-ulcinj.com\/blog\/wp-json\/wp\/v2\/users\/1"}],"replies":[{"embeddable":true,"href":"https:\/\/www.visit-ulcinj.com\/blog\/wp-json\/wp\/v2\/comments?post=70307"}],"version-history":[{"count":3,"href":"https:\/\/www.visit-ulcinj.com\/blog\/wp-json\/wp\/v2\/posts\/70307\/revisions"}],"predecessor-version":[{"id":70322,"href":"https:\/\/www.visit-ulcinj.com\/blog\/wp-json\/wp\/v2\/posts\/70307\/revisions\/70322"}],"wp:attachment":[{"href":"https:\/\/www.visit-ulcinj.com\/blog\/wp-json\/wp\/v2\/media?parent=70307"}],"wp:term":[{"taxonomy":"category","embeddable":true,"href":"https:\/\/www.visit-ulcinj.com\/blog\/wp-json\/wp\/v2\/categories?post=70307"},{"taxonomy":"post_tag","embeddable":true,"href":"https:\/\/www.visit-ulcinj.com\/blog\/wp-json\/wp\/v2\/tags?post=70307"}],"curies":[{"name":"wp","href":"https:\/\/api.w.org\/{rel}","templated":true}]}}