{"id":70311,"date":"2013-04-04T15:30:22","date_gmt":"2013-04-04T14:30:22","guid":{"rendered":"http:\/\/www.visit-ulcinj.com\/blog\/?p=70311"},"modified":"2013-04-04T15:51:40","modified_gmt":"2013-04-04T14:51:40","slug":"organizuje-se-akademski-koncert-sala-centra-za-kulturu-ulcinj","status":"publish","type":"post","link":"https:\/\/www.visit-ulcinj.com\/blog\/2013\/04\/04\/organizuje-se-akademski-koncert-sala-centra-za-kulturu-ulcinj\/","title":{"rendered":"Organizuje se  akademski koncert &#8211; Sala Centra za kulturu Ulcinj"},"content":{"rendered":"<p><a href=\"http:\/\/www.visit-ulcinj.com\/blog\/wp-content\/uploads\/2013\/04\/press-template-3Ulcinj.jpg\"><img loading=\"lazy\" class=\"alignleft  wp-image-70312\" alt=\"press-template-3Ulcinj\" src=\"http:\/\/www.visit-ulcinj.com\/blog\/wp-content\/uploads\/2013\/04\/press-template-3Ulcinj.jpg\" width=\"508\" height=\"360\" \/><\/a>Informi\u0161emo Vas da povodom Dana Op\u0161tine Ulcinj, u subotu 6 aprila u 19.00 \u010dasova, u sali Centra za kulturu, organizuje se\u00a0 akademski koncert klasi\u010dne muzike, gdje u\u010destvuju umjetnici iz Ulcinja, Cetinja i Skadra.<\/p>\n<p>&nbsp;<\/p>\n<p>Pozivamo Vas da nam se pridru\u017eite ovom sve\u010danom koncertu!<\/p>\n<p>Organizacioni odbor<\/p>\n<p>&nbsp;<\/p>\n<p><strong>Op\u0161tina Ulcinj \/ Komuna e Ulqinit<\/strong><br \/>\nTel: +382 30 412 050<br \/>\nFax: +382 30 412 413<br \/>\nAdresa: Bul. Skenderbeu bb, 85360 Ulcinj, MNE<\/p>\n","protected":false},"excerpt":{"rendered":"<p>Informi\u0161emo Vas da povodom Dana Op\u0161tine Ulcinj, u subotu 6 aprila u 19.00 \u010dasova, u sali Centra za kulturu, organizuje se\u00a0 akademski koncert klasi\u010dne muzike, gdje u\u010destvuju umjetnici iz Ulcinja, Cetinja i Skadra. &nbsp; Pozivamo Vas da nam se pridru\u017eite ovom sve\u010danom koncertu! Organizacioni odbor &nbsp; Op\u0161tina Ulcinj \/ Komuna e Ulqinit Tel: +382 30 [&hellip;]<\/p>\n","protected":false},"author":1,"featured_media":0,"comment_status":"open","ping_status":"closed","sticky":false,"template":"","format":"standard","meta":{"spay_email":"","jetpack_publicize_message":"","jetpack_is_tweetstorm":false,"jetpack_publicize_feature_enabled":true},"categories":[6950],"tags":[19],"jetpack_publicize_connections":[],"yoast_head":"<!-- This site is optimized with the Yoast SEO plugin v19.1 - https:\/\/yoast.com\/wordpress\/plugins\/seo\/ -->\n<title>Organizuje se akademski koncert - Sala Centra za kulturu Ulcinj - Lajme nga Ulqini<\/title>\n<meta name=\"description\" content=\"Informi\u0161emo Vas da povodom Dana Op\u0161tine Ulcinj, u subotu 6 aprila u 19.00 \u010dasova, u sali Centra za kulturu, organizuje se\u00a0 akademski koncert klasi\u010dne\" \/>\n<meta name=\"robots\" content=\"index, follow, max-snippet:-1, max-image-preview:large, max-video-preview:-1\" \/>\n<link rel=\"canonical\" href=\"https:\/\/www.visit-ulcinj.com\/blog\/2013\/04\/04\/organizuje-se-akademski-koncert-sala-centra-za-kulturu-ulcinj\/\" \/>\n<meta property=\"og:locale\" content=\"en_US\" \/>\n<meta property=\"og:type\" content=\"article\" \/>\n<meta property=\"og:title\" content=\"Organizuje se akademski koncert - Sala Centra za kulturu Ulcinj - Lajme nga Ulqini\" \/>\n<meta property=\"og:description\" content=\"Informi\u0161emo Vas da povodom Dana Op\u0161tine Ulcinj, u subotu 6 aprila u 19.00 \u010dasova, u sali Centra za kulturu, organizuje se\u00a0 akademski koncert klasi\u010dne\" \/>\n<meta property=\"og:url\" content=\"https:\/\/www.visit-ulcinj.com\/blog\/2013\/04\/04\/organizuje-se-akademski-koncert-sala-centra-za-kulturu-ulcinj\/\" \/>\n<meta property=\"og:site_name\" content=\"Lajme nga Ulqini\" \/>\n<meta property=\"article:published_time\" content=\"2013-04-04T14:30:22+00:00\" \/>\n<meta property=\"article:modified_time\" content=\"2013-04-04T14:51:40+00:00\" \/>\n<meta property=\"og:image\" content=\"http:\/\/www.visit-ulcinj.com\/blog\/wp-content\/uploads\/2013\/04\/press-template-3Ulcinj.jpg\" \/>\n<meta name=\"twitter:label1\" content=\"Written by\" \/>\n\t<meta name=\"twitter:data1\" content=\"ulqini\" \/>\n<script type=\"application\/ld+json\" class=\"yoast-schema-graph\">{\"@context\":\"https:\/\/schema.org\",\"@graph\":[{\"@type\":\"WebSite\",\"@id\":\"https:\/\/www.visit-ulcinj.com\/blog\/#website\",\"url\":\"https:\/\/www.visit-ulcinj.com\/blog\/\",\"name\":\"Lajme nga Ulqini\",\"description\":\"Lajme,Vijesti,Ulqini,Ulqin,Crna Gora,Mali i Zi\",\"potentialAction\":[{\"@type\":\"SearchAction\",\"target\":{\"@type\":\"EntryPoint\",\"urlTemplate\":\"https:\/\/www.visit-ulcinj.com\/blog\/?s={search_term_string}\"},\"query-input\":\"required name=search_term_string\"}],\"inLanguage\":\"en-US\"},{\"@type\":\"ImageObject\",\"inLanguage\":\"en-US\",\"@id\":\"https:\/\/www.visit-ulcinj.com\/blog\/2013\/04\/04\/organizuje-se-akademski-koncert-sala-centra-za-kulturu-ulcinj\/#primaryimage\",\"url\":\"https:\/\/www.visit-ulcinj.com\/blog\/wp-content\/uploads\/2013\/04\/press-template-3Ulcinj.jpg\",\"contentUrl\":\"https:\/\/www.visit-ulcinj.com\/blog\/wp-content\/uploads\/2013\/04\/press-template-3Ulcinj.jpg\",\"width\":720,\"height\":576},{\"@type\":\"WebPage\",\"@id\":\"https:\/\/www.visit-ulcinj.com\/blog\/2013\/04\/04\/organizuje-se-akademski-koncert-sala-centra-za-kulturu-ulcinj\/#webpage\",\"url\":\"https:\/\/www.visit-ulcinj.com\/blog\/2013\/04\/04\/organizuje-se-akademski-koncert-sala-centra-za-kulturu-ulcinj\/\",\"name\":\"Organizuje se akademski koncert - Sala Centra za kulturu Ulcinj - Lajme nga Ulqini\",\"isPartOf\":{\"@id\":\"https:\/\/www.visit-ulcinj.com\/blog\/#website\"},\"primaryImageOfPage\":{\"@id\":\"https:\/\/www.visit-ulcinj.com\/blog\/2013\/04\/04\/organizuje-se-akademski-koncert-sala-centra-za-kulturu-ulcinj\/#primaryimage\"},\"datePublished\":\"2013-04-04T14:30:22+00:00\",\"dateModified\":\"2013-04-04T14:51:40+00:00\",\"author\":{\"@id\":\"https:\/\/www.visit-ulcinj.com\/blog\/#\/schema\/person\/dcab619c614d3038751c63bc2aadc06d\"},\"description\":\"Informi\u0161emo Vas da povodom Dana Op\u0161tine Ulcinj, u subotu 6 aprila u 19.00 \u010dasova, u sali Centra za kulturu, organizuje se\u00a0 akademski koncert klasi\u010dne\",\"breadcrumb\":{\"@id\":\"https:\/\/www.visit-ulcinj.com\/blog\/2013\/04\/04\/organizuje-se-akademski-koncert-sala-centra-za-kulturu-ulcinj\/#breadcrumb\"},\"inLanguage\":\"en-US\",\"potentialAction\":[{\"@type\":\"ReadAction\",\"target\":[\"https:\/\/www.visit-ulcinj.com\/blog\/2013\/04\/04\/organizuje-se-akademski-koncert-sala-centra-za-kulturu-ulcinj\/\"]}]},{\"@type\":\"BreadcrumbList\",\"@id\":\"https:\/\/www.visit-ulcinj.com\/blog\/2013\/04\/04\/organizuje-se-akademski-koncert-sala-centra-za-kulturu-ulcinj\/#breadcrumb\",\"itemListElement\":[{\"@type\":\"ListItem\",\"position\":1,\"name\":\"Organizuje se akademski koncert &#8211; Sala Centra za kulturu Ulcinj\"}]},{\"@type\":\"Person\",\"@id\":\"https:\/\/www.visit-ulcinj.com\/blog\/#\/schema\/person\/dcab619c614d3038751c63bc2aadc06d\",\"name\":\"ulqini\",\"sameAs\":[\"http:\/\/www.visit-ulcinj.com\"],\"url\":\"https:\/\/www.visit-ulcinj.com\/blog\/author\/admin\/\"}]}<\/script>\n<!-- \/ Yoast SEO plugin. -->","yoast_head_json":{"title":"Organizuje se akademski koncert - Sala Centra za kulturu Ulcinj - Lajme nga Ulqini","description":"Informi\u0161emo Vas da povodom Dana Op\u0161tine Ulcinj, u subotu 6 aprila u 19.00 \u010dasova, u sali Centra za kulturu, organizuje se\u00a0 akademski koncert klasi\u010dne","robots":{"index":"index","follow":"follow","max-snippet":"max-snippet:-1","max-image-preview":"max-image-preview:large","max-video-preview":"max-video-preview:-1"},"canonical":"https:\/\/www.visit-ulcinj.com\/blog\/2013\/04\/04\/organizuje-se-akademski-koncert-sala-centra-za-kulturu-ulcinj\/","og_locale":"en_US","og_type":"article","og_title":"Organizuje se akademski koncert - Sala Centra za kulturu Ulcinj - Lajme nga Ulqini","og_description":"Informi\u0161emo Vas da povodom Dana Op\u0161tine Ulcinj, u subotu 6 aprila u 19.00 \u010dasova, u sali Centra za kulturu, organizuje se\u00a0 akademski koncert klasi\u010dne","og_url":"https:\/\/www.visit-ulcinj.com\/blog\/2013\/04\/04\/organizuje-se-akademski-koncert-sala-centra-za-kulturu-ulcinj\/","og_site_name":"Lajme nga Ulqini","article_published_time":"2013-04-04T14:30:22+00:00","article_modified_time":"2013-04-04T14:51:40+00:00","og_image":[{"url":"http:\/\/www.visit-ulcinj.com\/blog\/wp-content\/uploads\/2013\/04\/press-template-3Ulcinj.jpg"}],"twitter_misc":{"Written by":"ulqini"},"schema":{"@context":"https:\/\/schema.org","@graph":[{"@type":"WebSite","@id":"https:\/\/www.visit-ulcinj.com\/blog\/#website","url":"https:\/\/www.visit-ulcinj.com\/blog\/","name":"Lajme nga Ulqini","description":"Lajme,Vijesti,Ulqini,Ulqin,Crna Gora,Mali i Zi","potentialAction":[{"@type":"SearchAction","target":{"@type":"EntryPoint","urlTemplate":"https:\/\/www.visit-ulcinj.com\/blog\/?s={search_term_string}"},"query-input":"required name=search_term_string"}],"inLanguage":"en-US"},{"@type":"ImageObject","inLanguage":"en-US","@id":"https:\/\/www.visit-ulcinj.com\/blog\/2013\/04\/04\/organizuje-se-akademski-koncert-sala-centra-za-kulturu-ulcinj\/#primaryimage","url":"https:\/\/www.visit-ulcinj.com\/blog\/wp-content\/uploads\/2013\/04\/press-template-3Ulcinj.jpg","contentUrl":"https:\/\/www.visit-ulcinj.com\/blog\/wp-content\/uploads\/2013\/04\/press-template-3Ulcinj.jpg","width":720,"height":576},{"@type":"WebPage","@id":"https:\/\/www.visit-ulcinj.com\/blog\/2013\/04\/04\/organizuje-se-akademski-koncert-sala-centra-za-kulturu-ulcinj\/#webpage","url":"https:\/\/www.visit-ulcinj.com\/blog\/2013\/04\/04\/organizuje-se-akademski-koncert-sala-centra-za-kulturu-ulcinj\/","name":"Organizuje se akademski koncert - Sala Centra za kulturu Ulcinj - Lajme nga Ulqini","isPartOf":{"@id":"https:\/\/www.visit-ulcinj.com\/blog\/#website"},"primaryImageOfPage":{"@id":"https:\/\/www.visit-ulcinj.com\/blog\/2013\/04\/04\/organizuje-se-akademski-koncert-sala-centra-za-kulturu-ulcinj\/#primaryimage"},"datePublished":"2013-04-04T14:30:22+00:00","dateModified":"2013-04-04T14:51:40+00:00","author":{"@id":"https:\/\/www.visit-ulcinj.com\/blog\/#\/schema\/person\/dcab619c614d3038751c63bc2aadc06d"},"description":"Informi\u0161emo Vas da povodom Dana Op\u0161tine Ulcinj, u subotu 6 aprila u 19.00 \u010dasova, u sali Centra za kulturu, organizuje se\u00a0 akademski koncert klasi\u010dne","breadcrumb":{"@id":"https:\/\/www.visit-ulcinj.com\/blog\/2013\/04\/04\/organizuje-se-akademski-koncert-sala-centra-za-kulturu-ulcinj\/#breadcrumb"},"inLanguage":"en-US","potentialAction":[{"@type":"ReadAction","target":["https:\/\/www.visit-ulcinj.com\/blog\/2013\/04\/04\/organizuje-se-akademski-koncert-sala-centra-za-kulturu-ulcinj\/"]}]},{"@type":"BreadcrumbList","@id":"https:\/\/www.visit-ulcinj.com\/blog\/2013\/04\/04\/organizuje-se-akademski-koncert-sala-centra-za-kulturu-ulcinj\/#breadcrumb","itemListElement":[{"@type":"ListItem","position":1,"name":"Organizuje se akademski koncert &#8211; Sala Centra za kulturu Ulcinj"}]},{"@type":"Person","@id":"https:\/\/www.visit-ulcinj.com\/blog\/#\/schema\/person\/dcab619c614d3038751c63bc2aadc06d","name":"ulqini","sameAs":["http:\/\/www.visit-ulcinj.com"],"url":"https:\/\/www.visit-ulcinj.com\/blog\/author\/admin\/"}]}},"jetpack_featured_media_url":"","jetpack_sharing_enabled":true,"jetpack_shortlink":"https:\/\/wp.me\/pe6lTn-ii3","_links":{"self":[{"href":"https:\/\/www.visit-ulcinj.com\/blog\/wp-json\/wp\/v2\/posts\/70311"}],"collection":[{"href":"https:\/\/www.visit-ulcinj.com\/blog\/wp-json\/wp\/v2\/posts"}],"about":[{"href":"https:\/\/www.visit-ulcinj.com\/blog\/wp-json\/wp\/v2\/types\/post"}],"author":[{"embeddable":true,"href":"https:\/\/www.visit-ulcinj.com\/blog\/wp-json\/wp\/v2\/users\/1"}],"replies":[{"embeddable":true,"href":"https:\/\/www.visit-ulcinj.com\/blog\/wp-json\/wp\/v2\/comments?post=70311"}],"version-history":[{"count":3,"href":"https:\/\/www.visit-ulcinj.com\/blog\/wp-json\/wp\/v2\/posts\/70311\/revisions"}],"predecessor-version":[{"id":70321,"href":"https:\/\/www.visit-ulcinj.com\/blog\/wp-json\/wp\/v2\/posts\/70311\/revisions\/70321"}],"wp:attachment":[{"href":"https:\/\/www.visit-ulcinj.com\/blog\/wp-json\/wp\/v2\/media?parent=70311"}],"wp:term":[{"taxonomy":"category","embeddable":true,"href":"https:\/\/www.visit-ulcinj.com\/blog\/wp-json\/wp\/v2\/categories?post=70311"},{"taxonomy":"post_tag","embeddable":true,"href":"https:\/\/www.visit-ulcinj.com\/blog\/wp-json\/wp\/v2\/tags?post=70311"}],"curies":[{"name":"wp","href":"https:\/\/api.w.org\/{rel}","templated":true}]}}