{"id":70332,"date":"2013-04-04T18:17:48","date_gmt":"2013-04-04T17:17:48","guid":{"rendered":"http:\/\/www.visit-ulcinj.com\/blog\/?p=70332"},"modified":"2013-04-04T18:17:48","modified_gmt":"2013-04-04T17:17:48","slug":"modeli-adnan-gjinaj-pushton-new-york-un-video","status":"publish","type":"post","link":"https:\/\/www.visit-ulcinj.com\/blog\/2013\/04\/04\/modeli-adnan-gjinaj-pushton-new-york-un-video\/","title":{"rendered":"Modeli Adnan Gjinaj pushton New York-un &#8211; Video"},"content":{"rendered":"<p><a href=\"http:\/\/www.visit-ulcinj.com\/blog\/wp-content\/uploads\/2013\/04\/Adnan-Gjinaj.jpg\"><img loading=\"lazy\" class=\"alignleft  wp-image-70333\" alt=\"Adnan Gjinaj\" src=\"http:\/\/www.visit-ulcinj.com\/blog\/wp-content\/uploads\/2013\/04\/Adnan-Gjinaj.jpg\" width=\"508\" height=\"360\" \/><\/a>Model\u00ebt dhe modelet nga Kosova dhe Shqip\u00ebria koh\u00ebve t\u00eb fundit kan\u00eb qen\u00eb pjes\u00eb e pandashme e pasarelave bot\u00ebrore, duke radhitur n\u00eb mesin e fytyrave m\u00eb t\u00eb famshme m\u00eb bot\u00ebn e mod\u00ebs.<\/p>\n<p>Nj\u00ebri nd\u00ebr ta \u00ebsht\u00eb edhe\u00a0Adnan Gjinaj nga Ulqini cili jeton n\u00eb Paris t\u00eb Franc\u00ebs. Gjinaj momentalisht \u00ebsht\u00eb zhvendosur n\u00eb New York ku \u00ebsht\u00eb i angazhuar n\u00eb nj\u00eb num\u00ebr sfilatash p\u00ebr disa nga markat m\u00eb t\u00eb njohura bot\u00ebrore.<br \/>\nGjinaj s\u00eb fundmi \u00ebsht\u00eb b\u00ebr\u00eb pjes\u00eb e brendeve \u2018Guess\u2019, \u2018Armani\u2019, \u2018Burrbery\u2019 duke defiluar p\u00ebrkrah modeleve m\u00eb me renome q\u00eb jan\u00eb t\u00eb angazhuar n\u00eb k\u00ebto sfilata.<\/p>\n<p>\/VIPLajme\/<\/p>\n<p><iframe loading=\"lazy\" src=\"https:\/\/www.facebook.com\/video\/embed?video_id=10151585634694258\" height=\"360\" width=\"508\" frameborder=\"0\"><\/iframe><\/p>\n","protected":false},"excerpt":{"rendered":"<p>Model\u00ebt dhe modelet nga Kosova dhe Shqip\u00ebria koh\u00ebve t\u00eb fundit kan\u00eb qen\u00eb pjes\u00eb e pandashme e pasarelave bot\u00ebrore, duke radhitur n\u00eb mesin e fytyrave m\u00eb t\u00eb famshme m\u00eb bot\u00ebn e mod\u00ebs. Nj\u00ebri nd\u00ebr ta \u00ebsht\u00eb edhe\u00a0Adnan Gjinaj nga Ulqini cili jeton n\u00eb Paris t\u00eb Franc\u00ebs. Gjinaj momentalisht \u00ebsht\u00eb zhvendosur n\u00eb New York ku \u00ebsht\u00eb i [&hellip;]<\/p>\n","protected":false},"author":1,"featured_media":0,"comment_status":"open","ping_status":"closed","sticky":false,"template":"","format":"standard","meta":{"spay_email":"","jetpack_publicize_message":"","jetpack_is_tweetstorm":false,"jetpack_publicize_feature_enabled":true},"categories":[1],"tags":[16631],"jetpack_publicize_connections":[],"yoast_head":"<!-- This site is optimized with the Yoast SEO plugin v19.1 - https:\/\/yoast.com\/wordpress\/plugins\/seo\/ -->\n<title>Modeli Adnan Gjinaj pushton New York-un - Video - Lajme nga Ulqini<\/title>\n<meta name=\"description\" content=\"Model\u00ebt dhe modelet nga Kosova dhe Shqip\u00ebria koh\u00ebve t\u00eb fundit kan\u00eb qen\u00eb pjes\u00eb e pandashme e pasarelave bot\u00ebrore, duke radhitur n\u00eb mesin e fytyrave m\u00eb t\u00eb\" \/>\n<meta name=\"robots\" content=\"index, follow, max-snippet:-1, max-image-preview:large, max-video-preview:-1\" \/>\n<link rel=\"canonical\" href=\"https:\/\/www.visit-ulcinj.com\/blog\/2013\/04\/04\/modeli-adnan-gjinaj-pushton-new-york-un-video\/\" \/>\n<meta property=\"og:locale\" content=\"en_US\" \/>\n<meta property=\"og:type\" content=\"article\" \/>\n<meta property=\"og:title\" content=\"Modeli Adnan Gjinaj pushton New York-un - Video - Lajme nga Ulqini\" \/>\n<meta property=\"og:description\" content=\"Model\u00ebt dhe modelet nga Kosova dhe Shqip\u00ebria koh\u00ebve t\u00eb fundit kan\u00eb qen\u00eb pjes\u00eb e pandashme e pasarelave bot\u00ebrore, duke radhitur n\u00eb mesin e fytyrave m\u00eb t\u00eb\" \/>\n<meta property=\"og:url\" content=\"https:\/\/www.visit-ulcinj.com\/blog\/2013\/04\/04\/modeli-adnan-gjinaj-pushton-new-york-un-video\/\" \/>\n<meta property=\"og:site_name\" content=\"Lajme nga Ulqini\" \/>\n<meta property=\"article:published_time\" content=\"2013-04-04T17:17:48+00:00\" \/>\n<meta property=\"og:image\" content=\"http:\/\/www.visit-ulcinj.com\/blog\/wp-content\/uploads\/2013\/04\/Adnan-Gjinaj.jpg\" \/>\n<meta name=\"twitter:label1\" content=\"Written by\" \/>\n\t<meta name=\"twitter:data1\" content=\"ulqini\" \/>\n\t<meta name=\"twitter:label2\" content=\"Est. reading time\" \/>\n\t<meta name=\"twitter:data2\" content=\"1 minute\" \/>\n<script type=\"application\/ld+json\" class=\"yoast-schema-graph\">{\"@context\":\"https:\/\/schema.org\",\"@graph\":[{\"@type\":\"WebSite\",\"@id\":\"https:\/\/www.visit-ulcinj.com\/blog\/#website\",\"url\":\"https:\/\/www.visit-ulcinj.com\/blog\/\",\"name\":\"Lajme nga Ulqini\",\"description\":\"Lajme,Vijesti,Ulqini,Ulqin,Crna Gora,Mali i Zi\",\"potentialAction\":[{\"@type\":\"SearchAction\",\"target\":{\"@type\":\"EntryPoint\",\"urlTemplate\":\"https:\/\/www.visit-ulcinj.com\/blog\/?s={search_term_string}\"},\"query-input\":\"required name=search_term_string\"}],\"inLanguage\":\"en-US\"},{\"@type\":\"ImageObject\",\"inLanguage\":\"en-US\",\"@id\":\"https:\/\/www.visit-ulcinj.com\/blog\/2013\/04\/04\/modeli-adnan-gjinaj-pushton-new-york-un-video\/#primaryimage\",\"url\":\"https:\/\/www.visit-ulcinj.com\/blog\/wp-content\/uploads\/2013\/04\/Adnan-Gjinaj.jpg\",\"contentUrl\":\"https:\/\/www.visit-ulcinj.com\/blog\/wp-content\/uploads\/2013\/04\/Adnan-Gjinaj.jpg\",\"width\":720,\"height\":480},{\"@type\":\"WebPage\",\"@id\":\"https:\/\/www.visit-ulcinj.com\/blog\/2013\/04\/04\/modeli-adnan-gjinaj-pushton-new-york-un-video\/#webpage\",\"url\":\"https:\/\/www.visit-ulcinj.com\/blog\/2013\/04\/04\/modeli-adnan-gjinaj-pushton-new-york-un-video\/\",\"name\":\"Modeli Adnan Gjinaj pushton New York-un - Video - Lajme nga Ulqini\",\"isPartOf\":{\"@id\":\"https:\/\/www.visit-ulcinj.com\/blog\/#website\"},\"primaryImageOfPage\":{\"@id\":\"https:\/\/www.visit-ulcinj.com\/blog\/2013\/04\/04\/modeli-adnan-gjinaj-pushton-new-york-un-video\/#primaryimage\"},\"datePublished\":\"2013-04-04T17:17:48+00:00\",\"dateModified\":\"2013-04-04T17:17:48+00:00\",\"author\":{\"@id\":\"https:\/\/www.visit-ulcinj.com\/blog\/#\/schema\/person\/dcab619c614d3038751c63bc2aadc06d\"},\"description\":\"Model\u00ebt dhe modelet nga Kosova dhe Shqip\u00ebria koh\u00ebve t\u00eb fundit kan\u00eb qen\u00eb pjes\u00eb e pandashme e pasarelave bot\u00ebrore, duke radhitur n\u00eb mesin e fytyrave m\u00eb t\u00eb\",\"breadcrumb\":{\"@id\":\"https:\/\/www.visit-ulcinj.com\/blog\/2013\/04\/04\/modeli-adnan-gjinaj-pushton-new-york-un-video\/#breadcrumb\"},\"inLanguage\":\"en-US\",\"potentialAction\":[{\"@type\":\"ReadAction\",\"target\":[\"https:\/\/www.visit-ulcinj.com\/blog\/2013\/04\/04\/modeli-adnan-gjinaj-pushton-new-york-un-video\/\"]}]},{\"@type\":\"BreadcrumbList\",\"@id\":\"https:\/\/www.visit-ulcinj.com\/blog\/2013\/04\/04\/modeli-adnan-gjinaj-pushton-new-york-un-video\/#breadcrumb\",\"itemListElement\":[{\"@type\":\"ListItem\",\"position\":1,\"name\":\"Modeli Adnan Gjinaj pushton New York-un &#8211; Video\"}]},{\"@type\":\"Person\",\"@id\":\"https:\/\/www.visit-ulcinj.com\/blog\/#\/schema\/person\/dcab619c614d3038751c63bc2aadc06d\",\"name\":\"ulqini\",\"sameAs\":[\"http:\/\/www.visit-ulcinj.com\"],\"url\":\"https:\/\/www.visit-ulcinj.com\/blog\/author\/admin\/\"}]}<\/script>\n<!-- \/ Yoast SEO plugin. -->","yoast_head_json":{"title":"Modeli Adnan Gjinaj pushton New York-un - Video - Lajme nga Ulqini","description":"Model\u00ebt dhe modelet nga Kosova dhe Shqip\u00ebria koh\u00ebve t\u00eb fundit kan\u00eb qen\u00eb pjes\u00eb e pandashme e pasarelave bot\u00ebrore, duke radhitur n\u00eb mesin e fytyrave m\u00eb t\u00eb","robots":{"index":"index","follow":"follow","max-snippet":"max-snippet:-1","max-image-preview":"max-image-preview:large","max-video-preview":"max-video-preview:-1"},"canonical":"https:\/\/www.visit-ulcinj.com\/blog\/2013\/04\/04\/modeli-adnan-gjinaj-pushton-new-york-un-video\/","og_locale":"en_US","og_type":"article","og_title":"Modeli Adnan Gjinaj pushton New York-un - Video - Lajme nga Ulqini","og_description":"Model\u00ebt dhe modelet nga Kosova dhe Shqip\u00ebria koh\u00ebve t\u00eb fundit kan\u00eb qen\u00eb pjes\u00eb e pandashme e pasarelave bot\u00ebrore, duke radhitur n\u00eb mesin e fytyrave m\u00eb t\u00eb","og_url":"https:\/\/www.visit-ulcinj.com\/blog\/2013\/04\/04\/modeli-adnan-gjinaj-pushton-new-york-un-video\/","og_site_name":"Lajme nga Ulqini","article_published_time":"2013-04-04T17:17:48+00:00","og_image":[{"url":"http:\/\/www.visit-ulcinj.com\/blog\/wp-content\/uploads\/2013\/04\/Adnan-Gjinaj.jpg"}],"twitter_misc":{"Written by":"ulqini","Est. reading time":"1 minute"},"schema":{"@context":"https:\/\/schema.org","@graph":[{"@type":"WebSite","@id":"https:\/\/www.visit-ulcinj.com\/blog\/#website","url":"https:\/\/www.visit-ulcinj.com\/blog\/","name":"Lajme nga Ulqini","description":"Lajme,Vijesti,Ulqini,Ulqin,Crna Gora,Mali i Zi","potentialAction":[{"@type":"SearchAction","target":{"@type":"EntryPoint","urlTemplate":"https:\/\/www.visit-ulcinj.com\/blog\/?s={search_term_string}"},"query-input":"required name=search_term_string"}],"inLanguage":"en-US"},{"@type":"ImageObject","inLanguage":"en-US","@id":"https:\/\/www.visit-ulcinj.com\/blog\/2013\/04\/04\/modeli-adnan-gjinaj-pushton-new-york-un-video\/#primaryimage","url":"https:\/\/www.visit-ulcinj.com\/blog\/wp-content\/uploads\/2013\/04\/Adnan-Gjinaj.jpg","contentUrl":"https:\/\/www.visit-ulcinj.com\/blog\/wp-content\/uploads\/2013\/04\/Adnan-Gjinaj.jpg","width":720,"height":480},{"@type":"WebPage","@id":"https:\/\/www.visit-ulcinj.com\/blog\/2013\/04\/04\/modeli-adnan-gjinaj-pushton-new-york-un-video\/#webpage","url":"https:\/\/www.visit-ulcinj.com\/blog\/2013\/04\/04\/modeli-adnan-gjinaj-pushton-new-york-un-video\/","name":"Modeli Adnan Gjinaj pushton New York-un - Video - Lajme nga Ulqini","isPartOf":{"@id":"https:\/\/www.visit-ulcinj.com\/blog\/#website"},"primaryImageOfPage":{"@id":"https:\/\/www.visit-ulcinj.com\/blog\/2013\/04\/04\/modeli-adnan-gjinaj-pushton-new-york-un-video\/#primaryimage"},"datePublished":"2013-04-04T17:17:48+00:00","dateModified":"2013-04-04T17:17:48+00:00","author":{"@id":"https:\/\/www.visit-ulcinj.com\/blog\/#\/schema\/person\/dcab619c614d3038751c63bc2aadc06d"},"description":"Model\u00ebt dhe modelet nga Kosova dhe Shqip\u00ebria koh\u00ebve t\u00eb fundit kan\u00eb qen\u00eb pjes\u00eb e pandashme e pasarelave bot\u00ebrore, duke radhitur n\u00eb mesin e fytyrave m\u00eb t\u00eb","breadcrumb":{"@id":"https:\/\/www.visit-ulcinj.com\/blog\/2013\/04\/04\/modeli-adnan-gjinaj-pushton-new-york-un-video\/#breadcrumb"},"inLanguage":"en-US","potentialAction":[{"@type":"ReadAction","target":["https:\/\/www.visit-ulcinj.com\/blog\/2013\/04\/04\/modeli-adnan-gjinaj-pushton-new-york-un-video\/"]}]},{"@type":"BreadcrumbList","@id":"https:\/\/www.visit-ulcinj.com\/blog\/2013\/04\/04\/modeli-adnan-gjinaj-pushton-new-york-un-video\/#breadcrumb","itemListElement":[{"@type":"ListItem","position":1,"name":"Modeli Adnan Gjinaj pushton New York-un &#8211; Video"}]},{"@type":"Person","@id":"https:\/\/www.visit-ulcinj.com\/blog\/#\/schema\/person\/dcab619c614d3038751c63bc2aadc06d","name":"ulqini","sameAs":["http:\/\/www.visit-ulcinj.com"],"url":"https:\/\/www.visit-ulcinj.com\/blog\/author\/admin\/"}]}},"jetpack_featured_media_url":"","jetpack_sharing_enabled":true,"jetpack_shortlink":"https:\/\/wp.me\/pe6lTn-iio","_links":{"self":[{"href":"https:\/\/www.visit-ulcinj.com\/blog\/wp-json\/wp\/v2\/posts\/70332"}],"collection":[{"href":"https:\/\/www.visit-ulcinj.com\/blog\/wp-json\/wp\/v2\/posts"}],"about":[{"href":"https:\/\/www.visit-ulcinj.com\/blog\/wp-json\/wp\/v2\/types\/post"}],"author":[{"embeddable":true,"href":"https:\/\/www.visit-ulcinj.com\/blog\/wp-json\/wp\/v2\/users\/1"}],"replies":[{"embeddable":true,"href":"https:\/\/www.visit-ulcinj.com\/blog\/wp-json\/wp\/v2\/comments?post=70332"}],"version-history":[{"count":2,"href":"https:\/\/www.visit-ulcinj.com\/blog\/wp-json\/wp\/v2\/posts\/70332\/revisions"}],"predecessor-version":[{"id":70335,"href":"https:\/\/www.visit-ulcinj.com\/blog\/wp-json\/wp\/v2\/posts\/70332\/revisions\/70335"}],"wp:attachment":[{"href":"https:\/\/www.visit-ulcinj.com\/blog\/wp-json\/wp\/v2\/media?parent=70332"}],"wp:term":[{"taxonomy":"category","embeddable":true,"href":"https:\/\/www.visit-ulcinj.com\/blog\/wp-json\/wp\/v2\/categories?post=70332"},{"taxonomy":"post_tag","embeddable":true,"href":"https:\/\/www.visit-ulcinj.com\/blog\/wp-json\/wp\/v2\/tags?post=70332"}],"curies":[{"name":"wp","href":"https:\/\/api.w.org\/{rel}","templated":true}]}}