{"id":70343,"date":"2013-04-05T14:26:37","date_gmt":"2013-04-05T13:26:37","guid":{"rendered":"http:\/\/www.visit-ulcinj.com\/blog\/?p=70343"},"modified":"2013-04-05T14:26:57","modified_gmt":"2013-04-05T13:26:57","slug":"do-te-respektohet-vullneti-i-qytetareve-te-tuzit","status":"publish","type":"post","link":"https:\/\/www.visit-ulcinj.com\/blog\/2013\/04\/05\/do-te-respektohet-vullneti-i-qytetareve-te-tuzit\/","title":{"rendered":"Do t\u00eb respektohet vullneti i qytetar\u00ebve t\u00eb Tuzit &#8211; Video"},"content":{"rendered":"<p><a href=\"http:\/\/www.visit-ulcinj.com\/blog\/wp-content\/uploads\/2013\/04\/VUJANOVIC-tuzi-.jpg\"><img loading=\"lazy\" class=\"alignleft  wp-image-70344\" alt=\"VUJANOVIC-tuzi-\" src=\"http:\/\/www.visit-ulcinj.com\/blog\/wp-content\/uploads\/2013\/04\/VUJANOVIC-tuzi-.jpg\" width=\"508\" height=\"360\" \/><\/a>Kandidati presidencial i PDS, Filip Vujanoviq, ka deklaruar\u00a0 mbr\u00ebm\u00eb\u00a0 se referendumi n\u00eb Tuz\u00a0 do t\u00eb mbahet deri n\u00eb fund t\u00eb muajit shtator\u00a0 t\u00eb k\u00ebtij viti dhe se vet\u00ebm qytetar\u00ebt e\u00a0 Mal\u00ebsis\u00eb do t\u00eb vendosin se n\u00eb \u00e7far\u00eb\u00a0 forme t\u00eb komun\u00ebs d\u00ebshirojn\u00eb\u00a0 t\u00eb\u00a0 jetojn\u00eb. N\u00eb tubimin\u00a0 parazgjedhor n\u00eb Tuz, kandidatit\u00a0 presidencial\u00a0 t\u00eb PDS-s\u00eb i kan\u00eb dh\u00ebn\u00eb p\u00ebrkrahje\u00a0 p\u00ebrfaq\u00ebsuesit e\u00a0\u00a0 Partis\u00eb\u00a0 Boshnjake\u00a0 dhe t\u00eb UDSH.<\/p>\n<p><strong>TVCG<\/strong><\/p>\n<p><iframe loading=\"lazy\" width=\"508\" height=\"360\" src=\"http:\/\/www.youtube.com\/embed\/G0j2gcNYqmc\" frameborder=\"0\" allowfullscreen><\/iframe><\/p>\n","protected":false},"excerpt":{"rendered":"<p>Kandidati presidencial i PDS, Filip Vujanoviq, ka deklaruar\u00a0 mbr\u00ebm\u00eb\u00a0 se referendumi n\u00eb Tuz\u00a0 do t\u00eb mbahet deri n\u00eb fund t\u00eb muajit shtator\u00a0 t\u00eb k\u00ebtij viti dhe se vet\u00ebm qytetar\u00ebt e\u00a0 Mal\u00ebsis\u00eb do t\u00eb vendosin se n\u00eb \u00e7far\u00eb\u00a0 forme t\u00eb komun\u00ebs d\u00ebshirojn\u00eb\u00a0 t\u00eb\u00a0 jetojn\u00eb. N\u00eb tubimin\u00a0 parazgjedhor n\u00eb Tuz, kandidatit\u00a0 presidencial\u00a0 t\u00eb PDS-s\u00eb i kan\u00eb dh\u00ebn\u00eb [&hellip;]<\/p>\n","protected":false},"author":1,"featured_media":0,"comment_status":"open","ping_status":"closed","sticky":false,"template":"","format":"standard","meta":{"spay_email":"","jetpack_publicize_message":"","jetpack_is_tweetstorm":false,"jetpack_publicize_feature_enabled":true},"categories":[7],"tags":[],"jetpack_publicize_connections":[],"yoast_head":"<!-- This site is optimized with the Yoast SEO plugin v19.1 - https:\/\/yoast.com\/wordpress\/plugins\/seo\/ -->\n<title>Do t\u00eb respektohet vullneti i qytetar\u00ebve t\u00eb Tuzit - Video - Lajme nga Ulqini<\/title>\n<meta name=\"description\" content=\"Kandidati presidencial i PDS, Filip Vujanoviq, ka deklaruar\u00a0 mbr\u00ebm\u00eb\u00a0 se referendumi n\u00eb Tuz\u00a0 do t\u00eb mbahet deri n\u00eb fund t\u00eb muajit shtator\u00a0 t\u00eb k\u00ebtij viti dhe\" \/>\n<meta name=\"robots\" content=\"index, follow, max-snippet:-1, max-image-preview:large, max-video-preview:-1\" \/>\n<link rel=\"canonical\" href=\"https:\/\/www.visit-ulcinj.com\/blog\/2013\/04\/05\/do-te-respektohet-vullneti-i-qytetareve-te-tuzit\/\" \/>\n<meta property=\"og:locale\" content=\"en_US\" \/>\n<meta property=\"og:type\" content=\"article\" \/>\n<meta property=\"og:title\" content=\"Do t\u00eb respektohet vullneti i qytetar\u00ebve t\u00eb Tuzit - Video - Lajme nga Ulqini\" \/>\n<meta property=\"og:description\" content=\"Kandidati presidencial i PDS, Filip Vujanoviq, ka deklaruar\u00a0 mbr\u00ebm\u00eb\u00a0 se referendumi n\u00eb Tuz\u00a0 do t\u00eb mbahet deri n\u00eb fund t\u00eb muajit shtator\u00a0 t\u00eb k\u00ebtij viti dhe\" \/>\n<meta property=\"og:url\" content=\"https:\/\/www.visit-ulcinj.com\/blog\/2013\/04\/05\/do-te-respektohet-vullneti-i-qytetareve-te-tuzit\/\" \/>\n<meta property=\"og:site_name\" content=\"Lajme nga Ulqini\" \/>\n<meta property=\"article:published_time\" content=\"2013-04-05T13:26:37+00:00\" \/>\n<meta property=\"article:modified_time\" content=\"2013-04-05T13:26:57+00:00\" \/>\n<meta property=\"og:image\" content=\"http:\/\/www.visit-ulcinj.com\/blog\/wp-content\/uploads\/2013\/04\/VUJANOVIC-tuzi-.jpg\" \/>\n<meta name=\"twitter:label1\" content=\"Written by\" \/>\n\t<meta name=\"twitter:data1\" content=\"ulqini\" \/>\n<script type=\"application\/ld+json\" class=\"yoast-schema-graph\">{\"@context\":\"https:\/\/schema.org\",\"@graph\":[{\"@type\":\"WebSite\",\"@id\":\"https:\/\/www.visit-ulcinj.com\/blog\/#website\",\"url\":\"https:\/\/www.visit-ulcinj.com\/blog\/\",\"name\":\"Lajme nga Ulqini\",\"description\":\"Lajme,Vijesti,Ulqini,Ulqin,Crna Gora,Mali i Zi\",\"potentialAction\":[{\"@type\":\"SearchAction\",\"target\":{\"@type\":\"EntryPoint\",\"urlTemplate\":\"https:\/\/www.visit-ulcinj.com\/blog\/?s={search_term_string}\"},\"query-input\":\"required name=search_term_string\"}],\"inLanguage\":\"en-US\"},{\"@type\":\"ImageObject\",\"inLanguage\":\"en-US\",\"@id\":\"https:\/\/www.visit-ulcinj.com\/blog\/2013\/04\/05\/do-te-respektohet-vullneti-i-qytetareve-te-tuzit\/#primaryimage\",\"url\":\"https:\/\/www.visit-ulcinj.com\/blog\/wp-content\/uploads\/2013\/04\/VUJANOVIC-tuzi-.jpg\",\"contentUrl\":\"https:\/\/www.visit-ulcinj.com\/blog\/wp-content\/uploads\/2013\/04\/VUJANOVIC-tuzi-.jpg\",\"width\":1000,\"height\":665},{\"@type\":\"WebPage\",\"@id\":\"https:\/\/www.visit-ulcinj.com\/blog\/2013\/04\/05\/do-te-respektohet-vullneti-i-qytetareve-te-tuzit\/#webpage\",\"url\":\"https:\/\/www.visit-ulcinj.com\/blog\/2013\/04\/05\/do-te-respektohet-vullneti-i-qytetareve-te-tuzit\/\",\"name\":\"Do t\u00eb respektohet vullneti i qytetar\u00ebve t\u00eb Tuzit - Video - Lajme nga Ulqini\",\"isPartOf\":{\"@id\":\"https:\/\/www.visit-ulcinj.com\/blog\/#website\"},\"primaryImageOfPage\":{\"@id\":\"https:\/\/www.visit-ulcinj.com\/blog\/2013\/04\/05\/do-te-respektohet-vullneti-i-qytetareve-te-tuzit\/#primaryimage\"},\"datePublished\":\"2013-04-05T13:26:37+00:00\",\"dateModified\":\"2013-04-05T13:26:57+00:00\",\"author\":{\"@id\":\"https:\/\/www.visit-ulcinj.com\/blog\/#\/schema\/person\/dcab619c614d3038751c63bc2aadc06d\"},\"description\":\"Kandidati presidencial i PDS, Filip Vujanoviq, ka deklaruar\u00a0 mbr\u00ebm\u00eb\u00a0 se referendumi n\u00eb Tuz\u00a0 do t\u00eb mbahet deri n\u00eb fund t\u00eb muajit shtator\u00a0 t\u00eb k\u00ebtij viti dhe\",\"breadcrumb\":{\"@id\":\"https:\/\/www.visit-ulcinj.com\/blog\/2013\/04\/05\/do-te-respektohet-vullneti-i-qytetareve-te-tuzit\/#breadcrumb\"},\"inLanguage\":\"en-US\",\"potentialAction\":[{\"@type\":\"ReadAction\",\"target\":[\"https:\/\/www.visit-ulcinj.com\/blog\/2013\/04\/05\/do-te-respektohet-vullneti-i-qytetareve-te-tuzit\/\"]}]},{\"@type\":\"BreadcrumbList\",\"@id\":\"https:\/\/www.visit-ulcinj.com\/blog\/2013\/04\/05\/do-te-respektohet-vullneti-i-qytetareve-te-tuzit\/#breadcrumb\",\"itemListElement\":[{\"@type\":\"ListItem\",\"position\":1,\"name\":\"Do t\u00eb respektohet vullneti i qytetar\u00ebve t\u00eb Tuzit &#8211; Video\"}]},{\"@type\":\"Person\",\"@id\":\"https:\/\/www.visit-ulcinj.com\/blog\/#\/schema\/person\/dcab619c614d3038751c63bc2aadc06d\",\"name\":\"ulqini\",\"sameAs\":[\"http:\/\/www.visit-ulcinj.com\"],\"url\":\"https:\/\/www.visit-ulcinj.com\/blog\/author\/admin\/\"}]}<\/script>\n<!-- \/ Yoast SEO plugin. -->","yoast_head_json":{"title":"Do t\u00eb respektohet vullneti i qytetar\u00ebve t\u00eb Tuzit - Video - Lajme nga Ulqini","description":"Kandidati presidencial i PDS, Filip Vujanoviq, ka deklaruar\u00a0 mbr\u00ebm\u00eb\u00a0 se referendumi n\u00eb Tuz\u00a0 do t\u00eb mbahet deri n\u00eb fund t\u00eb muajit shtator\u00a0 t\u00eb k\u00ebtij viti dhe","robots":{"index":"index","follow":"follow","max-snippet":"max-snippet:-1","max-image-preview":"max-image-preview:large","max-video-preview":"max-video-preview:-1"},"canonical":"https:\/\/www.visit-ulcinj.com\/blog\/2013\/04\/05\/do-te-respektohet-vullneti-i-qytetareve-te-tuzit\/","og_locale":"en_US","og_type":"article","og_title":"Do t\u00eb respektohet vullneti i qytetar\u00ebve t\u00eb Tuzit - Video - Lajme nga Ulqini","og_description":"Kandidati presidencial i PDS, Filip Vujanoviq, ka deklaruar\u00a0 mbr\u00ebm\u00eb\u00a0 se referendumi n\u00eb Tuz\u00a0 do t\u00eb mbahet deri n\u00eb fund t\u00eb muajit shtator\u00a0 t\u00eb k\u00ebtij viti dhe","og_url":"https:\/\/www.visit-ulcinj.com\/blog\/2013\/04\/05\/do-te-respektohet-vullneti-i-qytetareve-te-tuzit\/","og_site_name":"Lajme nga Ulqini","article_published_time":"2013-04-05T13:26:37+00:00","article_modified_time":"2013-04-05T13:26:57+00:00","og_image":[{"url":"http:\/\/www.visit-ulcinj.com\/blog\/wp-content\/uploads\/2013\/04\/VUJANOVIC-tuzi-.jpg"}],"twitter_misc":{"Written by":"ulqini"},"schema":{"@context":"https:\/\/schema.org","@graph":[{"@type":"WebSite","@id":"https:\/\/www.visit-ulcinj.com\/blog\/#website","url":"https:\/\/www.visit-ulcinj.com\/blog\/","name":"Lajme nga Ulqini","description":"Lajme,Vijesti,Ulqini,Ulqin,Crna Gora,Mali i Zi","potentialAction":[{"@type":"SearchAction","target":{"@type":"EntryPoint","urlTemplate":"https:\/\/www.visit-ulcinj.com\/blog\/?s={search_term_string}"},"query-input":"required name=search_term_string"}],"inLanguage":"en-US"},{"@type":"ImageObject","inLanguage":"en-US","@id":"https:\/\/www.visit-ulcinj.com\/blog\/2013\/04\/05\/do-te-respektohet-vullneti-i-qytetareve-te-tuzit\/#primaryimage","url":"https:\/\/www.visit-ulcinj.com\/blog\/wp-content\/uploads\/2013\/04\/VUJANOVIC-tuzi-.jpg","contentUrl":"https:\/\/www.visit-ulcinj.com\/blog\/wp-content\/uploads\/2013\/04\/VUJANOVIC-tuzi-.jpg","width":1000,"height":665},{"@type":"WebPage","@id":"https:\/\/www.visit-ulcinj.com\/blog\/2013\/04\/05\/do-te-respektohet-vullneti-i-qytetareve-te-tuzit\/#webpage","url":"https:\/\/www.visit-ulcinj.com\/blog\/2013\/04\/05\/do-te-respektohet-vullneti-i-qytetareve-te-tuzit\/","name":"Do t\u00eb respektohet vullneti i qytetar\u00ebve t\u00eb Tuzit - Video - Lajme nga Ulqini","isPartOf":{"@id":"https:\/\/www.visit-ulcinj.com\/blog\/#website"},"primaryImageOfPage":{"@id":"https:\/\/www.visit-ulcinj.com\/blog\/2013\/04\/05\/do-te-respektohet-vullneti-i-qytetareve-te-tuzit\/#primaryimage"},"datePublished":"2013-04-05T13:26:37+00:00","dateModified":"2013-04-05T13:26:57+00:00","author":{"@id":"https:\/\/www.visit-ulcinj.com\/blog\/#\/schema\/person\/dcab619c614d3038751c63bc2aadc06d"},"description":"Kandidati presidencial i PDS, Filip Vujanoviq, ka deklaruar\u00a0 mbr\u00ebm\u00eb\u00a0 se referendumi n\u00eb Tuz\u00a0 do t\u00eb mbahet deri n\u00eb fund t\u00eb muajit shtator\u00a0 t\u00eb k\u00ebtij viti dhe","breadcrumb":{"@id":"https:\/\/www.visit-ulcinj.com\/blog\/2013\/04\/05\/do-te-respektohet-vullneti-i-qytetareve-te-tuzit\/#breadcrumb"},"inLanguage":"en-US","potentialAction":[{"@type":"ReadAction","target":["https:\/\/www.visit-ulcinj.com\/blog\/2013\/04\/05\/do-te-respektohet-vullneti-i-qytetareve-te-tuzit\/"]}]},{"@type":"BreadcrumbList","@id":"https:\/\/www.visit-ulcinj.com\/blog\/2013\/04\/05\/do-te-respektohet-vullneti-i-qytetareve-te-tuzit\/#breadcrumb","itemListElement":[{"@type":"ListItem","position":1,"name":"Do t\u00eb respektohet vullneti i qytetar\u00ebve t\u00eb Tuzit &#8211; Video"}]},{"@type":"Person","@id":"https:\/\/www.visit-ulcinj.com\/blog\/#\/schema\/person\/dcab619c614d3038751c63bc2aadc06d","name":"ulqini","sameAs":["http:\/\/www.visit-ulcinj.com"],"url":"https:\/\/www.visit-ulcinj.com\/blog\/author\/admin\/"}]}},"jetpack_featured_media_url":"","jetpack_sharing_enabled":true,"jetpack_shortlink":"https:\/\/wp.me\/pe6lTn-iiz","_links":{"self":[{"href":"https:\/\/www.visit-ulcinj.com\/blog\/wp-json\/wp\/v2\/posts\/70343"}],"collection":[{"href":"https:\/\/www.visit-ulcinj.com\/blog\/wp-json\/wp\/v2\/posts"}],"about":[{"href":"https:\/\/www.visit-ulcinj.com\/blog\/wp-json\/wp\/v2\/types\/post"}],"author":[{"embeddable":true,"href":"https:\/\/www.visit-ulcinj.com\/blog\/wp-json\/wp\/v2\/users\/1"}],"replies":[{"embeddable":true,"href":"https:\/\/www.visit-ulcinj.com\/blog\/wp-json\/wp\/v2\/comments?post=70343"}],"version-history":[{"count":3,"href":"https:\/\/www.visit-ulcinj.com\/blog\/wp-json\/wp\/v2\/posts\/70343\/revisions"}],"predecessor-version":[{"id":70347,"href":"https:\/\/www.visit-ulcinj.com\/blog\/wp-json\/wp\/v2\/posts\/70343\/revisions\/70347"}],"wp:attachment":[{"href":"https:\/\/www.visit-ulcinj.com\/blog\/wp-json\/wp\/v2\/media?parent=70343"}],"wp:term":[{"taxonomy":"category","embeddable":true,"href":"https:\/\/www.visit-ulcinj.com\/blog\/wp-json\/wp\/v2\/categories?post=70343"},{"taxonomy":"post_tag","embeddable":true,"href":"https:\/\/www.visit-ulcinj.com\/blog\/wp-json\/wp\/v2\/tags?post=70343"}],"curies":[{"name":"wp","href":"https:\/\/api.w.org\/{rel}","templated":true}]}}