{"id":70354,"date":"2013-04-05T17:36:15","date_gmt":"2013-04-05T16:36:15","guid":{"rendered":"http:\/\/www.visit-ulcinj.com\/blog\/?p=70354"},"modified":"2013-04-05T17:36:49","modified_gmt":"2013-04-05T16:36:49","slug":"ndahen-bursat-e-studenteve-nga-komuna-e-ulqinit-foto","status":"publish","type":"post","link":"https:\/\/www.visit-ulcinj.com\/blog\/2013\/04\/05\/ndahen-bursat-e-studenteve-nga-komuna-e-ulqinit-foto\/","title":{"rendered":"Ndahen bursat e student\u00ebve nga komuna e Ulqinit + Foto"},"content":{"rendered":"<p><a href=\"http:\/\/www.visit-ulcinj.com\/blog\/wp-content\/uploads\/2013\/04\/Ndarja-e-bursave-p\u00ebr-studentet-e-Ulqinit.jpg\"><img loading=\"lazy\" class=\"alignleft  wp-image-70365\" alt=\"Ndarja e bursave p\u00ebr studentet e Ulqinit\" src=\"http:\/\/www.visit-ulcinj.com\/blog\/wp-content\/uploads\/2013\/04\/Ndarja-e-bursave-p\u00ebr-studentet-e-Ulqinit.jpg\" width=\"508\" height=\"360\" \/><\/a>Lista p\u00ebrfundimtare e studenteve t\u00eb cil\u00ebt kan\u00eb fituar burs\u00ebn nga komuna e Ulqinit p\u00ebr vitin akademik 2012\/13.<\/p>\n<p>T\u00eb premten m\u00eb\u00a0 05.03.2013 n\u00eb ora 12 u b\u00eb ndarja e bursave n\u00eb m\u00ebnyre solemne n\u00eb sall\u00ebn e\u00a0 vogel t\u00eb komun\u00ebs s\u00eb Ulqinit.<\/p>\n<p>P\u00ebr nder t\u00eb\u00a0 &#8220;Dit\u00ebs s\u00eb Ulqinit&#8221; komuna e Ulqinit shp\u00ebrblen me burs\u00eb student\u00ebt m\u00eb t\u00eb dalluar.<\/p>\n<p>N\u00eb ceremonin\u00eb e ndarjes s\u00eb k\u00ebtyre mjeteve mori\u00a0 pjes\u00eb kryetari i komun\u00ebs s\u00eb Ulqinit z.Nazif Cungu, ku ishte i shoq\u00ebruar nga\u00a0 student\u00ebt me te mir\u00eb te komunes.<\/p>\n<p>N\u00eb ceremonin\u00eb e ndarjes s\u00eb k\u00ebtyre mjeteve mor\u00ebn pjes\u00eb\u00a0 37 student\u00eb q\u00eb\u00a0 sa kan\u00eb fituar\u00eb t\u00eb drejt\u00ebn p\u00ebr t\u00eb marr\u00eb bursat e komun\u00ebs se Ulqinit.<br \/>\nN\u00eb munges\u00eb t\u00eb disa student\u00ebve, bursen e t\u00ebrheqen an\u00ebtar\u00ebt e familjes te student\u00ebve.<\/p>\n<p><strong>Op\u0161tina Ulcinj \/ Komuna e Ulqinit<\/strong><br \/>\nTel: +382 30 412 050<br \/>\nFax: +382 30 412 413<br \/>\nAdresa: Bul. Skenderbeu bb, 85360 Ulcinj, MNE<br \/>\n\n\t\t<style type=\"text\/css\">\n\t\t\t#gallery-1 {\n\t\t\t\tmargin: auto;\n\t\t\t}\n\t\t\t#gallery-1 .gallery-item {\n\t\t\t\tfloat: left;\n\t\t\t\tmargin-top: 10px;\n\t\t\t\ttext-align: center;\n\t\t\t\twidth: 33%;\n\t\t\t}\n\t\t\t#gallery-1 img {\n\t\t\t\tborder: 2px solid #cfcfcf;\n\t\t\t}\n\t\t\t#gallery-1 .gallery-caption {\n\t\t\t\tmargin-left: 0;\n\t\t\t}\n\t\t\t\/* see gallery_shortcode() in wp-includes\/media.php *\/\n\t\t<\/style>\n\t\t<div id='gallery-1' class='gallery galleryid-70354 gallery-columns-3 gallery-size-thumbnail'><dl class='gallery-item'>\n\t\t\t<dt class='gallery-icon landscape'>\n\t\t\t\t<a href='https:\/\/www.visit-ulcinj.com\/blog\/2013\/04\/05\/ndahen-bursat-e-studenteve-nga-komuna-e-ulqinit-foto\/ndarja-e-bursave-per-studentet-e-ulqinit-11\/'><img width=\"150\" height=\"150\" src=\"https:\/\/www.visit-ulcinj.com\/blog\/wp-content\/uploads\/2013\/04\/Ndarja-e-bursave-p\u00ebr-studentet-e-Ulqinit.11-150x150.jpg\" class=\"attachment-thumbnail size-thumbnail\" alt=\"\" loading=\"lazy\" \/><\/a>\n\t\t\t<\/dt><\/dl><dl class='gallery-item'>\n\t\t\t<dt class='gallery-icon landscape'>\n\t\t\t\t<a href='https:\/\/www.visit-ulcinj.com\/blog\/2013\/04\/05\/ndahen-bursat-e-studenteve-nga-komuna-e-ulqinit-foto\/ndarja-e-bursave-per-studentet-e-ulqinit-10\/'><img width=\"150\" height=\"150\" src=\"https:\/\/www.visit-ulcinj.com\/blog\/wp-content\/uploads\/2013\/04\/Ndarja-e-bursave-p\u00ebr-studentet-e-Ulqinit.10-150x150.jpg\" class=\"attachment-thumbnail size-thumbnail\" alt=\"\" loading=\"lazy\" \/><\/a>\n\t\t\t<\/dt><\/dl><dl class='gallery-item'>\n\t\t\t<dt class='gallery-icon landscape'>\n\t\t\t\t<a href='https:\/\/www.visit-ulcinj.com\/blog\/2013\/04\/05\/ndahen-bursat-e-studenteve-nga-komuna-e-ulqinit-foto\/ndarja-e-bursave-per-studentet-e-ulqinit-9\/'><img width=\"150\" height=\"150\" src=\"https:\/\/www.visit-ulcinj.com\/blog\/wp-content\/uploads\/2013\/04\/Ndarja-e-bursave-p\u00ebr-studentet-e-Ulqinit.9-150x150.jpg\" class=\"attachment-thumbnail size-thumbnail\" alt=\"\" loading=\"lazy\" \/><\/a>\n\t\t\t<\/dt><\/dl><br style=\"clear: both\" \/><dl class='gallery-item'>\n\t\t\t<dt class='gallery-icon landscape'>\n\t\t\t\t<a href='https:\/\/www.visit-ulcinj.com\/blog\/2013\/04\/05\/ndahen-bursat-e-studenteve-nga-komuna-e-ulqinit-foto\/ndarja-e-bursave-per-studentet-e-ulqinit-8\/'><img width=\"150\" height=\"150\" src=\"https:\/\/www.visit-ulcinj.com\/blog\/wp-content\/uploads\/2013\/04\/Ndarja-e-bursave-p\u00ebr-studentet-e-Ulqinit.8-150x150.jpg\" class=\"attachment-thumbnail size-thumbnail\" alt=\"\" loading=\"lazy\" \/><\/a>\n\t\t\t<\/dt><\/dl><dl class='gallery-item'>\n\t\t\t<dt class='gallery-icon landscape'>\n\t\t\t\t<a href='https:\/\/www.visit-ulcinj.com\/blog\/2013\/04\/05\/ndahen-bursat-e-studenteve-nga-komuna-e-ulqinit-foto\/ndarja-e-bursave-per-studentet-e-ulqinit-7\/'><img width=\"150\" height=\"150\" src=\"https:\/\/www.visit-ulcinj.com\/blog\/wp-content\/uploads\/2013\/04\/Ndarja-e-bursave-p\u00ebr-studentet-e-Ulqinit.7-150x150.jpg\" class=\"attachment-thumbnail size-thumbnail\" alt=\"\" loading=\"lazy\" \/><\/a>\n\t\t\t<\/dt><\/dl><dl class='gallery-item'>\n\t\t\t<dt class='gallery-icon landscape'>\n\t\t\t\t<a href='https:\/\/www.visit-ulcinj.com\/blog\/2013\/04\/05\/ndahen-bursat-e-studenteve-nga-komuna-e-ulqinit-foto\/ndarja-e-bursave-per-studentet-e-ulqinit-6\/'><img width=\"150\" height=\"150\" src=\"https:\/\/www.visit-ulcinj.com\/blog\/wp-content\/uploads\/2013\/04\/Ndarja-e-bursave-p\u00ebr-studentet-e-Ulqinit.6-150x150.jpg\" class=\"attachment-thumbnail size-thumbnail\" alt=\"\" loading=\"lazy\" \/><\/a>\n\t\t\t<\/dt><\/dl><br style=\"clear: both\" \/><dl class='gallery-item'>\n\t\t\t<dt class='gallery-icon landscape'>\n\t\t\t\t<a href='https:\/\/www.visit-ulcinj.com\/blog\/2013\/04\/05\/ndahen-bursat-e-studenteve-nga-komuna-e-ulqinit-foto\/ndarja-e-bursave-per-studentet-e-ulqinit-5\/'><img width=\"150\" height=\"150\" src=\"https:\/\/www.visit-ulcinj.com\/blog\/wp-content\/uploads\/2013\/04\/Ndarja-e-bursave-p\u00ebr-studentet-e-Ulqinit.5-150x150.jpg\" class=\"attachment-thumbnail size-thumbnail\" alt=\"\" loading=\"lazy\" \/><\/a>\n\t\t\t<\/dt><\/dl><dl class='gallery-item'>\n\t\t\t<dt class='gallery-icon landscape'>\n\t\t\t\t<a href='https:\/\/www.visit-ulcinj.com\/blog\/2013\/04\/05\/ndahen-bursat-e-studenteve-nga-komuna-e-ulqinit-foto\/ndarja-e-bursave-per-studentet-e-ulqinit-4\/'><img width=\"150\" height=\"150\" src=\"https:\/\/www.visit-ulcinj.com\/blog\/wp-content\/uploads\/2013\/04\/Ndarja-e-bursave-p\u00ebr-studentet-e-Ulqinit.4-150x150.jpg\" class=\"attachment-thumbnail size-thumbnail\" alt=\"\" loading=\"lazy\" \/><\/a>\n\t\t\t<\/dt><\/dl><dl class='gallery-item'>\n\t\t\t<dt class='gallery-icon landscape'>\n\t\t\t\t<a href='https:\/\/www.visit-ulcinj.com\/blog\/2013\/04\/05\/ndahen-bursat-e-studenteve-nga-komuna-e-ulqinit-foto\/ndarja-e-bursave-per-studentet-e-ulqinit-3\/'><img width=\"150\" height=\"150\" src=\"https:\/\/www.visit-ulcinj.com\/blog\/wp-content\/uploads\/2013\/04\/Ndarja-e-bursave-p\u00ebr-studentet-e-Ulqinit.3-150x150.jpg\" class=\"attachment-thumbnail size-thumbnail\" alt=\"\" loading=\"lazy\" \/><\/a>\n\t\t\t<\/dt><\/dl><br style=\"clear: both\" \/><dl class='gallery-item'>\n\t\t\t<dt class='gallery-icon landscape'>\n\t\t\t\t<a href='https:\/\/www.visit-ulcinj.com\/blog\/2013\/04\/05\/ndahen-bursat-e-studenteve-nga-komuna-e-ulqinit-foto\/ndarja-e-bursave-per-studentet-e-ulqinit-2\/'><img width=\"150\" height=\"150\" src=\"https:\/\/www.visit-ulcinj.com\/blog\/wp-content\/uploads\/2013\/04\/Ndarja-e-bursave-p\u00ebr-studentet-e-Ulqinit.2-150x150.jpg\" class=\"attachment-thumbnail size-thumbnail\" alt=\"\" loading=\"lazy\" \/><\/a>\n\t\t\t<\/dt><\/dl><dl class='gallery-item'>\n\t\t\t<dt class='gallery-icon landscape'>\n\t\t\t\t<a href='https:\/\/www.visit-ulcinj.com\/blog\/2013\/04\/05\/ndahen-bursat-e-studenteve-nga-komuna-e-ulqinit-foto\/ndarja-e-bursave-per-studentet-e-ulqinit-12\/'><img width=\"150\" height=\"150\" src=\"https:\/\/www.visit-ulcinj.com\/blog\/wp-content\/uploads\/2013\/04\/Ndarja-e-bursave-p\u00ebr-studentet-e-Ulqinit.12-150x150.jpg\" class=\"attachment-thumbnail size-thumbnail\" alt=\"\" loading=\"lazy\" \/><\/a>\n\t\t\t<\/dt><\/dl><dl class='gallery-item'>\n\t\t\t<dt class='gallery-icon landscape'>\n\t\t\t\t<a href='https:\/\/www.visit-ulcinj.com\/blog\/2013\/04\/05\/ndahen-bursat-e-studenteve-nga-komuna-e-ulqinit-foto\/ndarja-e-bursave-per-studentet-e-ulqinit-13\/'><img width=\"150\" height=\"150\" src=\"https:\/\/www.visit-ulcinj.com\/blog\/wp-content\/uploads\/2013\/04\/Ndarja-e-bursave-p\u00ebr-studentet-e-Ulqinit.13-150x150.jpg\" class=\"attachment-thumbnail size-thumbnail\" alt=\"\" loading=\"lazy\" \/><\/a>\n\t\t\t<\/dt><\/dl><br style=\"clear: both\" \/><dl class='gallery-item'>\n\t\t\t<dt class='gallery-icon landscape'>\n\t\t\t\t<a href='https:\/\/www.visit-ulcinj.com\/blog\/2013\/04\/05\/ndahen-bursat-e-studenteve-nga-komuna-e-ulqinit-foto\/ndarja-e-bursave-per-studentet-e-ulqinit-14\/'><img width=\"150\" height=\"150\" src=\"https:\/\/www.visit-ulcinj.com\/blog\/wp-content\/uploads\/2013\/04\/Ndarja-e-bursave-p\u00ebr-studentet-e-Ulqinit.14-150x150.jpg\" class=\"attachment-thumbnail size-thumbnail\" alt=\"\" loading=\"lazy\" \/><\/a>\n\t\t\t<\/dt><\/dl><dl class='gallery-item'>\n\t\t\t<dt class='gallery-icon landscape'>\n\t\t\t\t<a href='https:\/\/www.visit-ulcinj.com\/blog\/2013\/04\/05\/ndahen-bursat-e-studenteve-nga-komuna-e-ulqinit-foto\/ndarja-e-bursave-per-studentet-e-ulqinit-15\/'><img width=\"150\" height=\"150\" src=\"https:\/\/www.visit-ulcinj.com\/blog\/wp-content\/uploads\/2013\/04\/Ndarja-e-bursave-p\u00ebr-studentet-e-Ulqinit.15-150x150.jpg\" class=\"attachment-thumbnail size-thumbnail\" alt=\"\" loading=\"lazy\" \/><\/a>\n\t\t\t<\/dt><\/dl><dl class='gallery-item'>\n\t\t\t<dt class='gallery-icon landscape'>\n\t\t\t\t<a href='https:\/\/www.visit-ulcinj.com\/blog\/2013\/04\/05\/ndahen-bursat-e-studenteve-nga-komuna-e-ulqinit-foto\/ndarja-e-bursave-per-studentet-e-ulqinit-16\/'><img width=\"150\" height=\"150\" src=\"https:\/\/www.visit-ulcinj.com\/blog\/wp-content\/uploads\/2013\/04\/Ndarja-e-bursave-p\u00ebr-studentet-e-Ulqinit.16-150x150.jpg\" class=\"attachment-thumbnail size-thumbnail\" alt=\"\" loading=\"lazy\" \/><\/a>\n\t\t\t<\/dt><\/dl><br style=\"clear: both\" \/>\n\t\t<\/div>\n<\/p>\n<p><strong>Ja lista p\u00ebrfundimtare e student\u00ebve q\u00eb kan\u00eb fituar burs\u00ebn nga komuna e Ulqinit<\/strong><\/p>\n<table width=\"508\" border=\"1\" cellspacing=\"0\" cellpadding=\"0\">\n<tbody>\n<tr>\n<td valign=\"top\" width=\"48\">\n<p align=\"center\">Red.br.<\/p>\n<\/td>\n<td valign=\"top\" width=\"228\">\n<p align=\"center\">Ime i prezime<\/p>\n<\/td>\n<td valign=\"top\" width=\"360\">\n<p align=\"center\">Naziv fakulteta i godina studije<\/p>\n<p align=\"center\">\n<\/td>\n<td valign=\"top\" width=\"108\">\n<p align=\"center\">Prosjek ocjene<\/p>\n<p align=\"center\">\n<\/td>\n<td valign=\"top\" width=\"204\">\n<p align=\"center\">Napomena<\/p>\n<\/td>\n<\/tr>\n<tr>\n<td valign=\"top\" width=\"48\">1.<\/td>\n<td valign=\"top\" width=\"228\">ARMEND SHABANI<\/td>\n<td valign=\"top\" width=\"360\">Fakultet umjetnosti \u2013 Pri\u0161tina \u2013 I god.-master<\/td>\n<td valign=\"top\" width=\"108\">\n<p align=\"center\">9,11<\/p>\n<\/td>\n<td valign=\"top\" width=\"204\"><\/td>\n<\/tr>\n<tr>\n<td valign=\"top\" width=\"48\"><\/td>\n<td valign=\"top\" width=\"228\"><\/td>\n<td valign=\"top\" width=\"360\"><\/td>\n<td valign=\"top\" width=\"108\"><\/td>\n<td valign=\"top\" width=\"204\"><\/td>\n<\/tr>\n<tr>\n<td valign=\"top\" width=\"48\"><\/td>\n<td valign=\"top\" width=\"228\"><\/td>\n<td valign=\"top\" width=\"360\"><\/td>\n<td valign=\"top\" width=\"108\"><\/td>\n<td valign=\"top\" width=\"204\"><\/td>\n<\/tr>\n<tr>\n<td valign=\"top\" width=\"48\">2.<\/td>\n<td valign=\"top\" width=\"228\">PAJTIM KURTI<\/td>\n<td valign=\"top\" width=\"360\">T.R. Istanbul University Faculty of engineering \u2013 II god.<\/td>\n<td valign=\"top\" width=\"108\">\n<p align=\"center\">3.01 (9.01)<\/p>\n<\/td>\n<td valign=\"top\" width=\"204\"><\/td>\n<\/tr>\n<tr>\n<td valign=\"top\" width=\"48\"><\/td>\n<td valign=\"top\" width=\"228\"><\/td>\n<td valign=\"top\" width=\"360\"><\/td>\n<td valign=\"top\" width=\"108\"><\/td>\n<td valign=\"top\" width=\"204\"><\/td>\n<\/tr>\n<tr>\n<td valign=\"top\" width=\"48\">3.<\/td>\n<td valign=\"top\" width=\"228\">LIRIDON TAFICA<\/td>\n<td valign=\"top\" width=\"360\">UNIVERSITETI AMERIKAN I TIRANES AMERICAN UNIVERSITY OF TIRANA \u2013Stomatologji \u2013 IV god.<\/td>\n<td valign=\"top\" width=\"108\">\n<p align=\"center\">9.5<\/p>\n<\/td>\n<td valign=\"top\" width=\"204\"><\/td>\n<\/tr>\n<tr>\n<td valign=\"top\" width=\"48\">4.<\/td>\n<td valign=\"top\" width=\"228\">RINA MU\u00c7AJ<\/td>\n<td valign=\"top\" width=\"360\">UNIVERZITET CRNE GORE EKONOMSKI FAKULTET \u2013 IV god.<\/td>\n<td valign=\"top\" width=\"108\">\n<p align=\"center\">9,84<\/p>\n<\/td>\n<td valign=\"top\" width=\"204\"><\/td>\n<\/tr>\n<tr>\n<td valign=\"top\" width=\"48\">5.<\/td>\n<td valign=\"top\" width=\"228\">ALIDA BULI\u0106<\/td>\n<td valign=\"top\" width=\"360\">FAKULTET ZA STRANE JEZIKE, STUDIJSKI PROGRAM POSLOVNI JEZIK UNIVERZITET MEDITERAN \u2013 Podgorica \u2013 II god.<\/td>\n<td valign=\"top\" width=\"108\">\n<p align=\"center\">9,60<\/p>\n<\/td>\n<td valign=\"top\" width=\"204\"><\/td>\n<\/tr>\n<tr>\n<td valign=\"top\" width=\"48\">6.<\/td>\n<td valign=\"top\" width=\"228\">ZANA \u010cAU\u0160I\u0106<\/td>\n<td valign=\"top\" width=\"360\">UNIVERZITET CRNE GORE MEDICINSKI FAKULTET STOMATOLOGIJA \u2013 IV god.<\/td>\n<td valign=\"top\" width=\"108\">\n<p align=\"center\">9,28<\/p>\n<\/td>\n<td valign=\"top\" width=\"204\"><\/td>\n<\/tr>\n<tr>\n<td valign=\"top\" width=\"48\">7.<\/td>\n<td valign=\"top\" width=\"228\">RUDINA LJULJDJURAJ<\/td>\n<td valign=\"top\" width=\"360\">UNIVERZITET CRNE GORE EKONOMSKI FAKULTET \u2013 Podgorica \u2013 V god.<\/td>\n<td valign=\"top\" width=\"108\">\n<p align=\"center\">9,63<\/p>\n<\/td>\n<td valign=\"top\" width=\"204\"><\/td>\n<\/tr>\n<tr>\n<td valign=\"top\" width=\"48\">8.<\/td>\n<td valign=\"top\" width=\"228\">EMINA \u00c7APUNOVIQ<\/td>\n<td valign=\"top\" width=\"360\">UNIVERZITET CRNE GORE MEDICINSKI FAKULTET \u2013 Podgorica \u2013 V god.<\/td>\n<td valign=\"top\" width=\"108\">\n<p align=\"center\">9,54<\/p>\n<\/td>\n<td valign=\"top\" width=\"204\"><\/td>\n<\/tr>\n<tr>\n<td valign=\"top\" width=\"48\">9.<\/td>\n<td valign=\"top\" width=\"228\">GJYLIE PELINGU<\/td>\n<td valign=\"top\" width=\"360\">MUZI\u010cKI FAKULTET TIRANA \u2013 III god.<\/td>\n<td valign=\"top\" width=\"108\">\n<p align=\"center\">9,5<\/p>\n<\/td>\n<td valign=\"top\" width=\"204\"><\/td>\n<\/tr>\n<tr>\n<td valign=\"top\" width=\"48\">10.<\/td>\n<td valign=\"top\" width=\"228\">SAMIR LJIKOVI\u0106<\/td>\n<td valign=\"top\" width=\"360\">VI\u0160A PRIVATNA UNIVERZITETSKA \u0160KOLA KRISTAL \u2013 TIRANA \u2013 III god.<\/td>\n<td valign=\"top\" width=\"108\">\n<p align=\"center\">9,1<\/p>\n<\/td>\n<td valign=\"top\" width=\"204\"><\/td>\n<\/tr>\n<tr>\n<td valign=\"top\" width=\"48\">11.<\/td>\n<td valign=\"top\" width=\"228\">ARBNOR HALILI<\/td>\n<td valign=\"top\" width=\"360\">UNIVERZITET PRI\u0160TINA FAKULTET IN\u017dENJERSTVA I ELEKTRONIKE \u2013 IV god.<\/td>\n<td valign=\"top\" width=\"108\">\n<p align=\"center\">9,78<\/p>\n<\/td>\n<td valign=\"top\" width=\"204\"><\/td>\n<\/tr>\n<tr>\n<td valign=\"top\" width=\"48\">12.<\/td>\n<td valign=\"top\" width=\"228\">NOKI POPOVI\u0106<\/td>\n<td valign=\"top\" width=\"360\">\u201eALBANIAN UNIVERSITY\u201c- FAKULTET ARHITEKTURE I IN\u017dENJERSTVA- V god.<\/td>\n<td valign=\"top\" width=\"108\">\n<p align=\"center\">10,00<\/p>\n<\/td>\n<td valign=\"top\" width=\"204\"><\/td>\n<\/tr>\n<tr>\n<td valign=\"top\" width=\"48\">13.<\/td>\n<td valign=\"top\" width=\"228\">BESART AVDIU<\/td>\n<td valign=\"top\" width=\"360\"><\/td>\n<td valign=\"top\" width=\"108\"><\/td>\n<td valign=\"top\" width=\"204\"><\/td>\n<\/tr>\n<tr>\n<td valign=\"top\" width=\"48\">14.<\/td>\n<td valign=\"top\" width=\"228\">HALIT POPI<\/td>\n<td valign=\"top\" width=\"360\">UNIVERSITETI I TIRANES- MEDICINSKI FAKULTET \u2013 IV god.<\/td>\n<td valign=\"top\" width=\"108\">\n<p align=\"center\">9,00<\/p>\n<\/td>\n<td valign=\"top\" width=\"204\"><\/td>\n<\/tr>\n<tr>\n<td valign=\"top\" width=\"48\">15.<\/td>\n<td valign=\"top\" width=\"228\">HANA CAKULI<\/td>\n<td valign=\"top\" width=\"360\">AMERICAN UNIVERSITY IN KOSOVO \u2013 prole\u0107ni kvartal 2012.god. diplomirala<\/td>\n<td valign=\"top\" width=\"108\">\n<p align=\"center\">3.40 od maksimalnih 4<\/p>\n<\/td>\n<td valign=\"top\" width=\"204\"><\/td>\n<\/tr>\n<tr>\n<td valign=\"top\" width=\"48\">16.<\/td>\n<td valign=\"top\" width=\"228\">JETA BUZUKU<\/td>\n<td valign=\"top\" width=\"360\">UNIVERZITET CRNE GORE EKONOMSKI FAKULTET \u2013 Podgorica \u2013 IV god.<\/td>\n<td valign=\"top\" width=\"108\">\n<p align=\"center\">9.73<\/p>\n<\/td>\n<td valign=\"top\" width=\"204\"><\/td>\n<\/tr>\n<tr>\n<td valign=\"top\" width=\"48\">17.<\/td>\n<td valign=\"top\" width=\"228\">JELENA MARKI\u010c<\/td>\n<td valign=\"top\" width=\"360\">UNIVERZITET CRNE GORE MEDICINSKI FAKULTET \u2013 MEDICINA &#8211; Podgorica \u2013 II god.<\/td>\n<td valign=\"top\" width=\"108\">\n<p align=\"center\">9,26<\/p>\n<\/td>\n<td valign=\"top\" width=\"204\"><\/td>\n<\/tr>\n<tr>\n<td valign=\"top\" width=\"48\">18.<\/td>\n<td valign=\"top\" width=\"228\">RREZEARTA BARJAKTAROVIQ<\/td>\n<td valign=\"top\" width=\"360\">UNIVERSITETI I TIRANES- FAKULTETI I MJEKESISE \u2013 V god.<\/td>\n<td valign=\"top\" width=\"108\">\n<p align=\"center\">9.00<\/p>\n<\/td>\n<td valign=\"top\" width=\"204\"><\/td>\n<\/tr>\n<tr>\n<td valign=\"top\" width=\"48\">19.<\/td>\n<td valign=\"top\" width=\"228\">MERITA HAD\u017dIBETI<\/td>\n<td valign=\"top\" width=\"360\"><\/td>\n<td valign=\"top\" width=\"108\"><\/td>\n<td valign=\"top\" width=\"204\"><\/td>\n<\/tr>\n<tr>\n<td valign=\"top\" width=\"48\">20.<\/td>\n<td valign=\"top\" width=\"228\">JETMIR MUJA<\/td>\n<td valign=\"top\" width=\"360\">UNIVERZITET I SHKODRES \u201eLuigj Gurakuqi\u201c \u2013 Skadar \u2013 Ekonomski fakultet \u2013 II god.<\/td>\n<td valign=\"top\" width=\"108\">\n<p align=\"center\">9,00<\/p>\n<\/td>\n<td valign=\"top\" width=\"204\"><\/td>\n<\/tr>\n<tr>\n<td valign=\"top\" width=\"48\">21.<\/td>\n<td valign=\"top\" width=\"228\">ENESA KRAJA<\/td>\n<td valign=\"top\" width=\"360\">UNIVEZITET MEDITERAN FAKULTET ZA TURIZMAM BAR \u2013 II god.<\/td>\n<td valign=\"top\" width=\"108\">\n<p align=\"center\">9,48<\/p>\n<\/td>\n<td valign=\"top\" width=\"204\"><\/td>\n<\/tr>\n<tr>\n<td valign=\"top\" width=\"48\">22.<\/td>\n<td valign=\"top\" width=\"228\">AMINA KRAJA<\/td>\n<td valign=\"top\" width=\"360\">UNIVEZITET MEDITERAN FAKULTET ZA TURIZMAM BAR \u2013 III god.<\/td>\n<td valign=\"top\" width=\"108\">\n<p align=\"center\">9,30<\/p>\n<\/td>\n<td valign=\"top\" width=\"204\"><\/td>\n<\/tr>\n<tr>\n<td valign=\"top\" width=\"48\">23.<\/td>\n<td valign=\"top\" width=\"228\">JEHONA SALAJ<\/td>\n<td valign=\"top\" width=\"360\">UNIVERZITET ISTO\u010cNE FINSKE \u2013 FAKULTET ZA NAUKU I \u0160UMARSTVO \u2013 V god.<\/td>\n<td valign=\"top\" width=\"108\">\n<p align=\"center\">4\/5 (od 5 maksimalnih)<\/p>\n<\/td>\n<td valign=\"top\" width=\"204\"><\/td>\n<\/tr>\n<tr>\n<td valign=\"top\" width=\"48\"><\/td>\n<td valign=\"top\" width=\"228\"><\/td>\n<td valign=\"top\" width=\"360\"><\/td>\n<td valign=\"top\" width=\"108\"><\/td>\n<td valign=\"top\" width=\"204\"><\/td>\n<\/tr>\n<tr>\n<td valign=\"top\" width=\"48\">24.<\/td>\n<td valign=\"top\" width=\"228\">ARTA CUNGU<\/td>\n<td valign=\"top\" width=\"360\">AMERI\u010cKA VISOKA \u0160KOLA ZA MENAGEMENT I TEHNOLOGIJU DUBROVNIK \u2013 II god.<\/td>\n<td valign=\"top\" width=\"108\">\n<p align=\"center\">4,75 (od mogu\u0107ih 5)<\/p>\n<\/td>\n<td valign=\"top\" width=\"204\"><\/td>\n<\/tr>\n<tr>\n<td valign=\"top\" width=\"48\">25.<\/td>\n<td valign=\"top\" width=\"228\">LEARTA HOLLAJ<\/td>\n<td valign=\"top\" width=\"360\">A.U.K. AMERICAN UNIVERSITY IN KOSOVO &#8211;<\/td>\n<td valign=\"top\" width=\"108\"><\/td>\n<td valign=\"top\" width=\"204\"><\/td>\n<\/tr>\n<tr>\n<td valign=\"top\" width=\"48\">26.<\/td>\n<td valign=\"top\" width=\"228\">ANDRIJA \u0106ETKOVI\u0106<\/td>\n<td valign=\"top\" width=\"360\">UNIVERZITET MEDITERAN FAKULTET VIZUELNIH UMJETNOSTI PODGORICA-II god.<\/td>\n<td valign=\"top\" width=\"108\">\n<p align=\"center\">9,62<\/p>\n<\/td>\n<td valign=\"top\" width=\"204\"><\/td>\n<\/tr>\n<tr>\n<td valign=\"top\" width=\"48\">27.<\/td>\n<td valign=\"top\" width=\"228\">KRISTINA PEPGJONOVIQ<\/td>\n<td valign=\"top\" width=\"360\">UNIVERZITET U TIRANI- FAKULTET ISTORIJE I FILOZOFIJE- II god.<\/td>\n<td valign=\"top\" width=\"108\">\n<p align=\"center\">9,25<\/p>\n<\/td>\n<td valign=\"top\" width=\"204\"><\/td>\n<\/tr>\n<tr>\n<td valign=\"top\" width=\"48\">28.<\/td>\n<td valign=\"top\" width=\"228\">D\u017dEMAL ELEZAGI\u0106<\/td>\n<td valign=\"top\" width=\"360\">UNIVERZITET U SARAJEVU \u2013 FAKULTET ZDRAVSTVENIH STUDIJA \u2013 IV god.<\/td>\n<td valign=\"top\" width=\"108\">\n<p align=\"center\">9,80<\/p>\n<\/td>\n<td valign=\"top\" width=\"204\"><\/td>\n<\/tr>\n<tr>\n<td valign=\"top\" width=\"48\">29.<\/td>\n<td valign=\"top\" width=\"228\">AIDA ELEZAGI\u0106<\/td>\n<td valign=\"top\" width=\"360\">UNIVERZITET CRNE GORE \u2013 FARMACEUDSKI FAKULTET \u2013 III god.<\/td>\n<td valign=\"top\" width=\"108\">\n<p align=\"center\">9,72<\/p>\n<\/td>\n<td valign=\"top\" width=\"204\"><\/td>\n<\/tr>\n<tr>\n<td valign=\"top\" width=\"48\">30.<\/td>\n<td valign=\"top\" width=\"228\">NIKOLETA KASTRATI<\/td>\n<td valign=\"top\" width=\"360\">UNIVERZITET MEDITERAN \u2013 PRAVNI FAKULTET BAR- U BARU \u2013 III god.<\/td>\n<td valign=\"top\" width=\"108\">\n<p align=\"center\">9,69<\/p>\n<\/td>\n<td valign=\"top\" width=\"204\"><\/td>\n<\/tr>\n<tr>\n<td valign=\"top\" width=\"48\">31.<\/td>\n<td valign=\"top\" width=\"228\">DIJANA OSMANOVI\u0106<\/td>\n<td valign=\"top\" width=\"360\">REPUBLIKA MAKEDONIJA MA\u0160INSKI FAKULTET SKOPJE \u2013 III god.<\/td>\n<td valign=\"top\" width=\"108\">\n<p align=\"center\">9,50<\/p>\n<\/td>\n<td valign=\"top\" width=\"204\"><\/td>\n<\/tr>\n<tr>\n<td valign=\"top\" width=\"48\">32.<\/td>\n<td valign=\"top\" width=\"228\">ASLLAN REJZI<\/td>\n<td valign=\"top\" width=\"360\">UNIVERZITETI I TIRENES FAKULTETI I MJEKESISE \u2013 TIRANA &#8211; V god.<\/td>\n<td valign=\"top\" width=\"108\">\n<p align=\"center\">9,5<\/p>\n<\/td>\n<td valign=\"top\" width=\"204\"><\/td>\n<\/tr>\n<tr>\n<td valign=\"top\" width=\"48\">33.<\/td>\n<td valign=\"top\" width=\"228\">\u0160UHRETA JAHOVI\u0106<\/td>\n<td valign=\"top\" width=\"360\">UNIVERZITET MEDITERAN FAKULTET ZA TURIZAM BAR \u2013 III god.<\/td>\n<td valign=\"top\" width=\"108\">\n<p align=\"center\">9,05<\/p>\n<\/td>\n<td valign=\"top\" width=\"204\"><\/td>\n<\/tr>\n<tr>\n<td valign=\"top\" width=\"48\">34.<\/td>\n<td valign=\"top\" width=\"228\">MIRJETA \u010cAPRI\u0106<\/td>\n<td valign=\"top\" width=\"360\">UNIVERZITETI I SHKODRES \u201eLUIGJ GURAKUQI\u201c\u2013FAKULTET STRANIH JEZIKA-II.god.<\/td>\n<td valign=\"top\" width=\"108\">\n<p align=\"center\">9.5<\/p>\n<\/td>\n<td valign=\"top\" width=\"204\"><\/td>\n<\/tr>\n<tr>\n<td valign=\"top\" width=\"48\">35.<\/td>\n<td valign=\"top\" width=\"228\">ROBERT JANKOVI\u0106<\/td>\n<td valign=\"top\" width=\"360\">UNIVERZITET MEDITERAN FAKULTET ZA TURIZAM BAR \u2013 V god.<\/td>\n<td valign=\"top\" width=\"108\">\n<p align=\"center\">9,50<\/p>\n<\/td>\n<td valign=\"top\" width=\"204\"><\/td>\n<\/tr>\n<tr>\n<td valign=\"top\" width=\"48\">36.<\/td>\n<td valign=\"top\" width=\"228\">MARIJA NIKPRELEVI\u0106<\/td>\n<td valign=\"top\" width=\"360\">UNIVERZITET CRNE GORE FARMACEUDSKI FAKULTET \u2013 IV god.<\/td>\n<td valign=\"top\" width=\"108\">\n<p align=\"center\">9,35<\/p>\n<\/td>\n<td valign=\"top\" width=\"204\"><\/td>\n<\/tr>\n<tr>\n<td valign=\"top\" width=\"48\">37.<\/td>\n<td valign=\"top\" width=\"228\">MILENA SEKULI\u0106<\/td>\n<td valign=\"top\" width=\"360\">PRAVNI FAKULTET UNIVERZITETA U BEOGRADU \u2013 II god.<\/td>\n<td valign=\"top\" width=\"108\">\n<p align=\"center\">9,71<\/p>\n<\/td>\n<td valign=\"top\" width=\"204\"><\/td>\n<\/tr>\n<\/tbody>\n<\/table>\n","protected":false},"excerpt":{"rendered":"<p>Lista p\u00ebrfundimtare e studenteve t\u00eb cil\u00ebt kan\u00eb fituar burs\u00ebn nga komuna e Ulqinit p\u00ebr vitin akademik 2012\/13. T\u00eb premten m\u00eb\u00a0 05.03.2013 n\u00eb ora 12 u b\u00eb ndarja e bursave n\u00eb m\u00ebnyre solemne n\u00eb sall\u00ebn e\u00a0 vogel t\u00eb komun\u00ebs s\u00eb Ulqinit. P\u00ebr nder t\u00eb\u00a0 &#8220;Dit\u00ebs s\u00eb Ulqinit&#8221; komuna e Ulqinit shp\u00ebrblen me burs\u00eb student\u00ebt m\u00eb t\u00eb [&hellip;]<\/p>\n","protected":false},"author":1,"featured_media":0,"comment_status":"open","ping_status":"closed","sticky":false,"template":"","format":"standard","meta":{"spay_email":"","jetpack_publicize_message":"","jetpack_is_tweetstorm":false,"jetpack_publicize_feature_enabled":true},"categories":[11],"tags":[200,18],"jetpack_publicize_connections":[],"yoast_head":"<!-- This site is optimized with the Yoast SEO plugin v19.1 - https:\/\/yoast.com\/wordpress\/plugins\/seo\/ -->\n<title>Ndahen bursat e student\u00ebve nga komuna e Ulqinit + Foto - Lajme nga Ulqini<\/title>\n<meta name=\"description\" content=\"Lista p\u00ebrfundimtare e studenteve t\u00eb cil\u00ebt kan\u00eb fituar burs\u00ebn nga komuna e Ulqinit p\u00ebr vitin akademik 2012\/13. T\u00eb premten m\u00eb\u00a0 05.03.2013 n\u00eb ora 12 u b\u00eb\" \/>\n<meta name=\"robots\" content=\"index, follow, max-snippet:-1, max-image-preview:large, max-video-preview:-1\" \/>\n<link rel=\"canonical\" href=\"https:\/\/www.visit-ulcinj.com\/blog\/2013\/04\/05\/ndahen-bursat-e-studenteve-nga-komuna-e-ulqinit-foto\/\" \/>\n<meta property=\"og:locale\" content=\"en_US\" \/>\n<meta property=\"og:type\" content=\"article\" \/>\n<meta property=\"og:title\" content=\"Ndahen bursat e student\u00ebve nga komuna e Ulqinit + Foto - Lajme nga Ulqini\" \/>\n<meta property=\"og:description\" content=\"Lista p\u00ebrfundimtare e studenteve t\u00eb cil\u00ebt kan\u00eb fituar burs\u00ebn nga komuna e Ulqinit p\u00ebr vitin akademik 2012\/13. T\u00eb premten m\u00eb\u00a0 05.03.2013 n\u00eb ora 12 u b\u00eb\" \/>\n<meta property=\"og:url\" content=\"https:\/\/www.visit-ulcinj.com\/blog\/2013\/04\/05\/ndahen-bursat-e-studenteve-nga-komuna-e-ulqinit-foto\/\" \/>\n<meta property=\"og:site_name\" content=\"Lajme nga Ulqini\" \/>\n<meta property=\"article:published_time\" content=\"2013-04-05T16:36:15+00:00\" \/>\n<meta property=\"article:modified_time\" content=\"2013-04-05T16:36:49+00:00\" \/>\n<meta property=\"og:image\" content=\"https:\/\/www.visit-ulcinj.com\/blog\/wp-content\/uploads\/2013\/04\/Ndarja-e-bursave-p\u00ebr-studentet-e-Ulqinit.11-150x150.jpg\" \/>\n<meta name=\"twitter:label1\" content=\"Written by\" \/>\n\t<meta name=\"twitter:data1\" content=\"ulqini\" \/>\n\t<meta name=\"twitter:label2\" content=\"Est. reading time\" \/>\n\t<meta name=\"twitter:data2\" content=\"3 minutes\" \/>\n<script type=\"application\/ld+json\" class=\"yoast-schema-graph\">{\"@context\":\"https:\/\/schema.org\",\"@graph\":[{\"@type\":\"WebSite\",\"@id\":\"https:\/\/www.visit-ulcinj.com\/blog\/#website\",\"url\":\"https:\/\/www.visit-ulcinj.com\/blog\/\",\"name\":\"Lajme nga Ulqini\",\"description\":\"Lajme,Vijesti,Ulqini,Ulqin,Crna Gora,Mali i Zi\",\"potentialAction\":[{\"@type\":\"SearchAction\",\"target\":{\"@type\":\"EntryPoint\",\"urlTemplate\":\"https:\/\/www.visit-ulcinj.com\/blog\/?s={search_term_string}\"},\"query-input\":\"required name=search_term_string\"}],\"inLanguage\":\"en-US\"},{\"@type\":\"WebPage\",\"@id\":\"https:\/\/www.visit-ulcinj.com\/blog\/2013\/04\/05\/ndahen-bursat-e-studenteve-nga-komuna-e-ulqinit-foto\/#webpage\",\"url\":\"https:\/\/www.visit-ulcinj.com\/blog\/2013\/04\/05\/ndahen-bursat-e-studenteve-nga-komuna-e-ulqinit-foto\/\",\"name\":\"Ndahen bursat e student\u00ebve nga komuna e Ulqinit + Foto - Lajme nga Ulqini\",\"isPartOf\":{\"@id\":\"https:\/\/www.visit-ulcinj.com\/blog\/#website\"},\"datePublished\":\"2013-04-05T16:36:15+00:00\",\"dateModified\":\"2013-04-05T16:36:49+00:00\",\"author\":{\"@id\":\"https:\/\/www.visit-ulcinj.com\/blog\/#\/schema\/person\/dcab619c614d3038751c63bc2aadc06d\"},\"description\":\"Lista p\u00ebrfundimtare e studenteve t\u00eb cil\u00ebt kan\u00eb fituar burs\u00ebn nga komuna e Ulqinit p\u00ebr vitin akademik 2012\/13. T\u00eb premten m\u00eb\u00a0 05.03.2013 n\u00eb ora 12 u b\u00eb\",\"breadcrumb\":{\"@id\":\"https:\/\/www.visit-ulcinj.com\/blog\/2013\/04\/05\/ndahen-bursat-e-studenteve-nga-komuna-e-ulqinit-foto\/#breadcrumb\"},\"inLanguage\":\"en-US\",\"potentialAction\":[{\"@type\":\"ReadAction\",\"target\":[\"https:\/\/www.visit-ulcinj.com\/blog\/2013\/04\/05\/ndahen-bursat-e-studenteve-nga-komuna-e-ulqinit-foto\/\"]}]},{\"@type\":\"BreadcrumbList\",\"@id\":\"https:\/\/www.visit-ulcinj.com\/blog\/2013\/04\/05\/ndahen-bursat-e-studenteve-nga-komuna-e-ulqinit-foto\/#breadcrumb\",\"itemListElement\":[{\"@type\":\"ListItem\",\"position\":1,\"name\":\"Ndahen bursat e student\u00ebve nga komuna e Ulqinit + Foto\"}]},{\"@type\":\"Person\",\"@id\":\"https:\/\/www.visit-ulcinj.com\/blog\/#\/schema\/person\/dcab619c614d3038751c63bc2aadc06d\",\"name\":\"ulqini\",\"sameAs\":[\"http:\/\/www.visit-ulcinj.com\"],\"url\":\"https:\/\/www.visit-ulcinj.com\/blog\/author\/admin\/\"}]}<\/script>\n<!-- \/ Yoast SEO plugin. -->","yoast_head_json":{"title":"Ndahen bursat e student\u00ebve nga komuna e Ulqinit + Foto - Lajme nga Ulqini","description":"Lista p\u00ebrfundimtare e studenteve t\u00eb cil\u00ebt kan\u00eb fituar burs\u00ebn nga komuna e Ulqinit p\u00ebr vitin akademik 2012\/13. T\u00eb premten m\u00eb\u00a0 05.03.2013 n\u00eb ora 12 u b\u00eb","robots":{"index":"index","follow":"follow","max-snippet":"max-snippet:-1","max-image-preview":"max-image-preview:large","max-video-preview":"max-video-preview:-1"},"canonical":"https:\/\/www.visit-ulcinj.com\/blog\/2013\/04\/05\/ndahen-bursat-e-studenteve-nga-komuna-e-ulqinit-foto\/","og_locale":"en_US","og_type":"article","og_title":"Ndahen bursat e student\u00ebve nga komuna e Ulqinit + Foto - Lajme nga Ulqini","og_description":"Lista p\u00ebrfundimtare e studenteve t\u00eb cil\u00ebt kan\u00eb fituar burs\u00ebn nga komuna e Ulqinit p\u00ebr vitin akademik 2012\/13. T\u00eb premten m\u00eb\u00a0 05.03.2013 n\u00eb ora 12 u b\u00eb","og_url":"https:\/\/www.visit-ulcinj.com\/blog\/2013\/04\/05\/ndahen-bursat-e-studenteve-nga-komuna-e-ulqinit-foto\/","og_site_name":"Lajme nga Ulqini","article_published_time":"2013-04-05T16:36:15+00:00","article_modified_time":"2013-04-05T16:36:49+00:00","og_image":[{"url":"https:\/\/www.visit-ulcinj.com\/blog\/wp-content\/uploads\/2013\/04\/Ndarja-e-bursave-p\u00ebr-studentet-e-Ulqinit.11-150x150.jpg"}],"twitter_misc":{"Written by":"ulqini","Est. reading time":"3 minutes"},"schema":{"@context":"https:\/\/schema.org","@graph":[{"@type":"WebSite","@id":"https:\/\/www.visit-ulcinj.com\/blog\/#website","url":"https:\/\/www.visit-ulcinj.com\/blog\/","name":"Lajme nga Ulqini","description":"Lajme,Vijesti,Ulqini,Ulqin,Crna Gora,Mali i Zi","potentialAction":[{"@type":"SearchAction","target":{"@type":"EntryPoint","urlTemplate":"https:\/\/www.visit-ulcinj.com\/blog\/?s={search_term_string}"},"query-input":"required name=search_term_string"}],"inLanguage":"en-US"},{"@type":"WebPage","@id":"https:\/\/www.visit-ulcinj.com\/blog\/2013\/04\/05\/ndahen-bursat-e-studenteve-nga-komuna-e-ulqinit-foto\/#webpage","url":"https:\/\/www.visit-ulcinj.com\/blog\/2013\/04\/05\/ndahen-bursat-e-studenteve-nga-komuna-e-ulqinit-foto\/","name":"Ndahen bursat e student\u00ebve nga komuna e Ulqinit + Foto - Lajme nga Ulqini","isPartOf":{"@id":"https:\/\/www.visit-ulcinj.com\/blog\/#website"},"datePublished":"2013-04-05T16:36:15+00:00","dateModified":"2013-04-05T16:36:49+00:00","author":{"@id":"https:\/\/www.visit-ulcinj.com\/blog\/#\/schema\/person\/dcab619c614d3038751c63bc2aadc06d"},"description":"Lista p\u00ebrfundimtare e studenteve t\u00eb cil\u00ebt kan\u00eb fituar burs\u00ebn nga komuna e Ulqinit p\u00ebr vitin akademik 2012\/13. T\u00eb premten m\u00eb\u00a0 05.03.2013 n\u00eb ora 12 u b\u00eb","breadcrumb":{"@id":"https:\/\/www.visit-ulcinj.com\/blog\/2013\/04\/05\/ndahen-bursat-e-studenteve-nga-komuna-e-ulqinit-foto\/#breadcrumb"},"inLanguage":"en-US","potentialAction":[{"@type":"ReadAction","target":["https:\/\/www.visit-ulcinj.com\/blog\/2013\/04\/05\/ndahen-bursat-e-studenteve-nga-komuna-e-ulqinit-foto\/"]}]},{"@type":"BreadcrumbList","@id":"https:\/\/www.visit-ulcinj.com\/blog\/2013\/04\/05\/ndahen-bursat-e-studenteve-nga-komuna-e-ulqinit-foto\/#breadcrumb","itemListElement":[{"@type":"ListItem","position":1,"name":"Ndahen bursat e student\u00ebve nga komuna e Ulqinit + Foto"}]},{"@type":"Person","@id":"https:\/\/www.visit-ulcinj.com\/blog\/#\/schema\/person\/dcab619c614d3038751c63bc2aadc06d","name":"ulqini","sameAs":["http:\/\/www.visit-ulcinj.com"],"url":"https:\/\/www.visit-ulcinj.com\/blog\/author\/admin\/"}]}},"jetpack_featured_media_url":"","jetpack_sharing_enabled":true,"jetpack_shortlink":"https:\/\/wp.me\/pe6lTn-iiK","_links":{"self":[{"href":"https:\/\/www.visit-ulcinj.com\/blog\/wp-json\/wp\/v2\/posts\/70354"}],"collection":[{"href":"https:\/\/www.visit-ulcinj.com\/blog\/wp-json\/wp\/v2\/posts"}],"about":[{"href":"https:\/\/www.visit-ulcinj.com\/blog\/wp-json\/wp\/v2\/types\/post"}],"author":[{"embeddable":true,"href":"https:\/\/www.visit-ulcinj.com\/blog\/wp-json\/wp\/v2\/users\/1"}],"replies":[{"embeddable":true,"href":"https:\/\/www.visit-ulcinj.com\/blog\/wp-json\/wp\/v2\/comments?post=70354"}],"version-history":[{"count":2,"href":"https:\/\/www.visit-ulcinj.com\/blog\/wp-json\/wp\/v2\/posts\/70354\/revisions"}],"predecessor-version":[{"id":70374,"href":"https:\/\/www.visit-ulcinj.com\/blog\/wp-json\/wp\/v2\/posts\/70354\/revisions\/70374"}],"wp:attachment":[{"href":"https:\/\/www.visit-ulcinj.com\/blog\/wp-json\/wp\/v2\/media?parent=70354"}],"wp:term":[{"taxonomy":"category","embeddable":true,"href":"https:\/\/www.visit-ulcinj.com\/blog\/wp-json\/wp\/v2\/categories?post=70354"},{"taxonomy":"post_tag","embeddable":true,"href":"https:\/\/www.visit-ulcinj.com\/blog\/wp-json\/wp\/v2\/tags?post=70354"}],"curies":[{"name":"wp","href":"https:\/\/api.w.org\/{rel}","templated":true}]}}