{"id":70385,"date":"2013-04-05T21:37:33","date_gmt":"2013-04-05T20:37:33","guid":{"rendered":"http:\/\/www.visit-ulcinj.com\/blog\/?p=70385"},"modified":"2013-04-11T18:21:47","modified_gmt":"2013-04-11T17:21:47","slug":"ftese-ne-panelin-me-moton-alert-ta-shpetojme-valdanosin","status":"publish","type":"post","link":"https:\/\/www.visit-ulcinj.com\/blog\/2013\/04\/05\/ftese-ne-panelin-me-moton-alert-ta-shpetojme-valdanosin\/","title":{"rendered":"Ftes\u00eb n\u00eb Panelin me moton : \u201eALERT \u2013  ta shp\u00ebtojm\u00eb  Valdanosin"},"content":{"rendered":"<p style=\"text-align: center;\"><b>Ftes\u00eb<\/b><\/p>\n<p>&nbsp;<\/p>\n<p>Ju ftojm\u00eb n\u00eb Panelin q\u00eb organizojm\u00eb n\u00eb kuad\u00ebr t\u00eb aktiviteteve q\u00eb kan\u00eb p\u00ebr q\u00ebllim mbrojtjen , revitalizimin dhe shp\u00ebtimin e gjirit t\u00eb Valdanosit dhe t\u00eb ullisht\u00ebs, q\u00eb tash tri dekada po shkat\u00ebrrohen si pasoj e padrejt\u00ebsis\u00eb ndaj pronar\u00ebve, pakujdesit dhe keqtrajtimit.<br \/>\n<a href=\"http:\/\/www.visit-ulcinj.com\/blog\/wp-content\/uploads\/2013\/04\/ALERT-\u2013-ta-shp\u00ebtojm\u00eb-Valdanosin_Ulqin.jpg\"><img loading=\"lazy\" class=\"alignleft  wp-image-70485\" alt=\"ALERT \u2013  ta shp\u00ebtojm\u00eb  Valdanosin_Ulqin\" src=\"http:\/\/www.visit-ulcinj.com\/blog\/wp-content\/uploads\/2013\/04\/ALERT-\u2013-ta-shp\u00ebtojm\u00eb-Valdanosin_Ulqin.jpg\" width=\"508\" height=\"380\" srcset=\"https:\/\/www.visit-ulcinj.com\/blog\/wp-content\/uploads\/2013\/04\/ALERT-\u2013-ta-shp\u00ebtojm\u00eb-Valdanosin_Ulqin.jpg 960w, https:\/\/www.visit-ulcinj.com\/blog\/wp-content\/uploads\/2013\/04\/ALERT-\u2013-ta-shp\u00ebtojm\u00eb-Valdanosin_Ulqin-300x224.jpg 300w\" sizes=\"(max-width: 508px) 100vw, 508px\" \/><\/a><\/p>\n<p>N\u00eb panel do t\u00eb shfaqet\u00a0 filmi dokumentar\u00eb p\u00ebr gjendjen e sotme t\u00eb ullisht\u00ebs dhe do t\u00eb tri paraqiten disa tema q\u00eb do t\u00eb trajtojn\u00eb aspektin juridik, ekonomik, ekologjik dhe rolin e qytetaris\u00eb vepruese si element i paz\u00ebvend\u00ebsuesh\u00ebm n\u00eb planifikim dhe zhvillim t\u00eb komunitetit.<\/p>\n<p>T\u00eb ftuar jan\u00eb t\u00eb gjitha institucionet kompetente t\u00eb qeverisjes\u00a0 lokale dhe shtet\u00ebrore , pronar\u00ebt dhe t\u00eb gjith\u00eb qytetar\u00ebt e interesuar.<\/p>\n<p>Kemi p\u00ebr q\u00ebllim q\u00eb t\u00eb gjith\u00eb s\u00eb bashku t\u00eb k\u00ebrkojm\u00eb zgjidhje p\u00ebr\u00a0 t\u00eb shp\u00ebtuar k\u00ebt\u00eb pasuri dhe bukuri t\u00eb rrall\u00eb si\u00e7 \u00ebsht\u00eb Gjiri i Valdanosit , sepse jemi t\u00eb bindur se ky \u00ebsht\u00eb interes i p\u00ebrbashk\u00ebt dhe na takon t\u00eb gjith\u00ebve.<\/p>\n<p>N\u00eb k\u00ebt\u00eb cil\u00ebsi ju ftojm\u00eb Juve dhe institucionin q\u00eb p\u00ebrfaq\u00ebsoni q\u00eb t\u00eb merrni pjes\u00eb n\u00eb Panel dhe t\u00eb jepni kontributin tuaj p\u00ebr\u00a0 t\u00eb gjetur zgjidhje dhe p\u00ebr t\u00eb shp\u00ebtuar Gjirin e Valdanosit dhe ullisht\u00ebn mij\u00ebvje\u00e7are.<\/p>\n<p>Paneli me moton : \u201eALERT \u2013\u00a0 ta shp\u00ebtojm\u00eb\u00a0 Valdanosin!\u201c,\u00a0 do t\u00eb mbahet m\u00eb 11 prill 2013 me fillim n\u00eb ora 18 n\u00eb sall\u00ebn e Qendr\u00ebs kulturore Ulqin.<\/p>\n<p>Presim deri me 10 prill n\u00eb ora 16 t\u00eb na p\u00ebrgjigjeni ftes\u00ebs dhe t\u00eb na njoftoni p\u00ebr m\u00ebnyr\u00ebn e pjes\u00ebmarrjes, q\u00eb s\u00eb bashku t\u00eb merremi vesh p\u00ebr\u00a0 kushtet, vendin dhe rolin tuja \u00a0n\u00eb\u00a0 Panel.<\/p>\n<p>Ju mir\u00ebpresim!<\/p>\n","protected":false},"excerpt":{"rendered":"<p>Ftes\u00eb &nbsp; Ju ftojm\u00eb n\u00eb Panelin q\u00eb organizojm\u00eb n\u00eb kuad\u00ebr t\u00eb aktiviteteve q\u00eb kan\u00eb p\u00ebr q\u00ebllim mbrojtjen , revitalizimin dhe shp\u00ebtimin e gjirit t\u00eb Valdanosit dhe t\u00eb ullisht\u00ebs, q\u00eb tash tri dekada po shkat\u00ebrrohen si pasoj e padrejt\u00ebsis\u00eb ndaj pronar\u00ebve, pakujdesit dhe keqtrajtimit. N\u00eb panel do t\u00eb shfaqet\u00a0 filmi dokumentar\u00eb p\u00ebr gjendjen e sotme t\u00eb [&hellip;]<\/p>\n","protected":false},"author":1,"featured_media":0,"comment_status":"open","ping_status":"closed","sticky":false,"template":"","format":"standard","meta":{"spay_email":"","jetpack_publicize_message":"","jetpack_is_tweetstorm":false,"jetpack_publicize_feature_enabled":true},"categories":[1,6950],"tags":[136],"jetpack_publicize_connections":[],"yoast_head":"<!-- This site is optimized with the Yoast SEO plugin v19.1 - https:\/\/yoast.com\/wordpress\/plugins\/seo\/ -->\n<title>Ftes\u00eb n\u00eb Panelin me moton : \u201eALERT \u2013 ta shp\u00ebtojm\u00eb Valdanosin - Lajme nga Ulqini<\/title>\n<meta name=\"description\" content=\"Ftes\u00eb &nbsp; Ju ftojm\u00eb n\u00eb Panelin q\u00eb organizojm\u00eb n\u00eb kuad\u00ebr t\u00eb aktiviteteve q\u00eb kan\u00eb p\u00ebr q\u00ebllim mbrojtjen , revitalizimin dhe shp\u00ebtimin e gjirit t\u00eb\" \/>\n<meta name=\"robots\" content=\"index, follow, max-snippet:-1, max-image-preview:large, max-video-preview:-1\" \/>\n<link rel=\"canonical\" href=\"https:\/\/www.visit-ulcinj.com\/blog\/2013\/04\/05\/ftese-ne-panelin-me-moton-alert-ta-shpetojme-valdanosin\/\" \/>\n<meta property=\"og:locale\" content=\"en_US\" \/>\n<meta property=\"og:type\" content=\"article\" \/>\n<meta property=\"og:title\" content=\"Ftes\u00eb n\u00eb Panelin me moton : \u201eALERT \u2013 ta shp\u00ebtojm\u00eb Valdanosin - Lajme nga Ulqini\" \/>\n<meta property=\"og:description\" content=\"Ftes\u00eb &nbsp; Ju ftojm\u00eb n\u00eb Panelin q\u00eb organizojm\u00eb n\u00eb kuad\u00ebr t\u00eb aktiviteteve q\u00eb kan\u00eb p\u00ebr q\u00ebllim mbrojtjen , revitalizimin dhe shp\u00ebtimin e gjirit t\u00eb\" \/>\n<meta property=\"og:url\" content=\"https:\/\/www.visit-ulcinj.com\/blog\/2013\/04\/05\/ftese-ne-panelin-me-moton-alert-ta-shpetojme-valdanosin\/\" \/>\n<meta property=\"og:site_name\" content=\"Lajme nga Ulqini\" \/>\n<meta property=\"article:published_time\" content=\"2013-04-05T20:37:33+00:00\" \/>\n<meta property=\"article:modified_time\" content=\"2013-04-11T17:21:47+00:00\" \/>\n<meta name=\"twitter:label1\" content=\"Written by\" \/>\n\t<meta name=\"twitter:data1\" content=\"ulqini\" \/>\n\t<meta name=\"twitter:label2\" content=\"Est. reading time\" \/>\n\t<meta name=\"twitter:data2\" content=\"1 minute\" \/>\n<script type=\"application\/ld+json\" class=\"yoast-schema-graph\">{\"@context\":\"https:\/\/schema.org\",\"@graph\":[{\"@type\":\"WebSite\",\"@id\":\"https:\/\/www.visit-ulcinj.com\/blog\/#website\",\"url\":\"https:\/\/www.visit-ulcinj.com\/blog\/\",\"name\":\"Lajme nga Ulqini\",\"description\":\"Lajme,Vijesti,Ulqini,Ulqin,Crna Gora,Mali i Zi\",\"potentialAction\":[{\"@type\":\"SearchAction\",\"target\":{\"@type\":\"EntryPoint\",\"urlTemplate\":\"https:\/\/www.visit-ulcinj.com\/blog\/?s={search_term_string}\"},\"query-input\":\"required name=search_term_string\"}],\"inLanguage\":\"en-US\"},{\"@type\":\"WebPage\",\"@id\":\"https:\/\/www.visit-ulcinj.com\/blog\/2013\/04\/05\/ftese-ne-panelin-me-moton-alert-ta-shpetojme-valdanosin\/#webpage\",\"url\":\"https:\/\/www.visit-ulcinj.com\/blog\/2013\/04\/05\/ftese-ne-panelin-me-moton-alert-ta-shpetojme-valdanosin\/\",\"name\":\"Ftes\u00eb n\u00eb Panelin me moton : \u201eALERT \u2013 ta shp\u00ebtojm\u00eb Valdanosin - Lajme nga Ulqini\",\"isPartOf\":{\"@id\":\"https:\/\/www.visit-ulcinj.com\/blog\/#website\"},\"datePublished\":\"2013-04-05T20:37:33+00:00\",\"dateModified\":\"2013-04-11T17:21:47+00:00\",\"author\":{\"@id\":\"https:\/\/www.visit-ulcinj.com\/blog\/#\/schema\/person\/dcab619c614d3038751c63bc2aadc06d\"},\"description\":\"Ftes\u00eb &nbsp; Ju ftojm\u00eb n\u00eb Panelin q\u00eb organizojm\u00eb n\u00eb kuad\u00ebr t\u00eb aktiviteteve q\u00eb kan\u00eb p\u00ebr q\u00ebllim mbrojtjen , revitalizimin dhe shp\u00ebtimin e gjirit t\u00eb\",\"breadcrumb\":{\"@id\":\"https:\/\/www.visit-ulcinj.com\/blog\/2013\/04\/05\/ftese-ne-panelin-me-moton-alert-ta-shpetojme-valdanosin\/#breadcrumb\"},\"inLanguage\":\"en-US\",\"potentialAction\":[{\"@type\":\"ReadAction\",\"target\":[\"https:\/\/www.visit-ulcinj.com\/blog\/2013\/04\/05\/ftese-ne-panelin-me-moton-alert-ta-shpetojme-valdanosin\/\"]}]},{\"@type\":\"BreadcrumbList\",\"@id\":\"https:\/\/www.visit-ulcinj.com\/blog\/2013\/04\/05\/ftese-ne-panelin-me-moton-alert-ta-shpetojme-valdanosin\/#breadcrumb\",\"itemListElement\":[{\"@type\":\"ListItem\",\"position\":1,\"name\":\"Ftes\u00eb n\u00eb Panelin me moton : \u201eALERT \u2013 ta shp\u00ebtojm\u00eb Valdanosin\"}]},{\"@type\":\"Person\",\"@id\":\"https:\/\/www.visit-ulcinj.com\/blog\/#\/schema\/person\/dcab619c614d3038751c63bc2aadc06d\",\"name\":\"ulqini\",\"sameAs\":[\"http:\/\/www.visit-ulcinj.com\"],\"url\":\"https:\/\/www.visit-ulcinj.com\/blog\/author\/admin\/\"}]}<\/script>\n<!-- \/ Yoast SEO plugin. -->","yoast_head_json":{"title":"Ftes\u00eb n\u00eb Panelin me moton : \u201eALERT \u2013 ta shp\u00ebtojm\u00eb Valdanosin - Lajme nga Ulqini","description":"Ftes\u00eb &nbsp; Ju ftojm\u00eb n\u00eb Panelin q\u00eb organizojm\u00eb n\u00eb kuad\u00ebr t\u00eb aktiviteteve q\u00eb kan\u00eb p\u00ebr q\u00ebllim mbrojtjen , revitalizimin dhe shp\u00ebtimin e gjirit t\u00eb","robots":{"index":"index","follow":"follow","max-snippet":"max-snippet:-1","max-image-preview":"max-image-preview:large","max-video-preview":"max-video-preview:-1"},"canonical":"https:\/\/www.visit-ulcinj.com\/blog\/2013\/04\/05\/ftese-ne-panelin-me-moton-alert-ta-shpetojme-valdanosin\/","og_locale":"en_US","og_type":"article","og_title":"Ftes\u00eb n\u00eb Panelin me moton : \u201eALERT \u2013 ta shp\u00ebtojm\u00eb Valdanosin - Lajme nga Ulqini","og_description":"Ftes\u00eb &nbsp; Ju ftojm\u00eb n\u00eb Panelin q\u00eb organizojm\u00eb n\u00eb kuad\u00ebr t\u00eb aktiviteteve q\u00eb kan\u00eb p\u00ebr q\u00ebllim mbrojtjen , revitalizimin dhe shp\u00ebtimin e gjirit t\u00eb","og_url":"https:\/\/www.visit-ulcinj.com\/blog\/2013\/04\/05\/ftese-ne-panelin-me-moton-alert-ta-shpetojme-valdanosin\/","og_site_name":"Lajme nga Ulqini","article_published_time":"2013-04-05T20:37:33+00:00","article_modified_time":"2013-04-11T17:21:47+00:00","twitter_misc":{"Written by":"ulqini","Est. reading time":"1 minute"},"schema":{"@context":"https:\/\/schema.org","@graph":[{"@type":"WebSite","@id":"https:\/\/www.visit-ulcinj.com\/blog\/#website","url":"https:\/\/www.visit-ulcinj.com\/blog\/","name":"Lajme nga Ulqini","description":"Lajme,Vijesti,Ulqini,Ulqin,Crna Gora,Mali i Zi","potentialAction":[{"@type":"SearchAction","target":{"@type":"EntryPoint","urlTemplate":"https:\/\/www.visit-ulcinj.com\/blog\/?s={search_term_string}"},"query-input":"required name=search_term_string"}],"inLanguage":"en-US"},{"@type":"WebPage","@id":"https:\/\/www.visit-ulcinj.com\/blog\/2013\/04\/05\/ftese-ne-panelin-me-moton-alert-ta-shpetojme-valdanosin\/#webpage","url":"https:\/\/www.visit-ulcinj.com\/blog\/2013\/04\/05\/ftese-ne-panelin-me-moton-alert-ta-shpetojme-valdanosin\/","name":"Ftes\u00eb n\u00eb Panelin me moton : \u201eALERT \u2013 ta shp\u00ebtojm\u00eb Valdanosin - Lajme nga Ulqini","isPartOf":{"@id":"https:\/\/www.visit-ulcinj.com\/blog\/#website"},"datePublished":"2013-04-05T20:37:33+00:00","dateModified":"2013-04-11T17:21:47+00:00","author":{"@id":"https:\/\/www.visit-ulcinj.com\/blog\/#\/schema\/person\/dcab619c614d3038751c63bc2aadc06d"},"description":"Ftes\u00eb &nbsp; Ju ftojm\u00eb n\u00eb Panelin q\u00eb organizojm\u00eb n\u00eb kuad\u00ebr t\u00eb aktiviteteve q\u00eb kan\u00eb p\u00ebr q\u00ebllim mbrojtjen , revitalizimin dhe shp\u00ebtimin e gjirit t\u00eb","breadcrumb":{"@id":"https:\/\/www.visit-ulcinj.com\/blog\/2013\/04\/05\/ftese-ne-panelin-me-moton-alert-ta-shpetojme-valdanosin\/#breadcrumb"},"inLanguage":"en-US","potentialAction":[{"@type":"ReadAction","target":["https:\/\/www.visit-ulcinj.com\/blog\/2013\/04\/05\/ftese-ne-panelin-me-moton-alert-ta-shpetojme-valdanosin\/"]}]},{"@type":"BreadcrumbList","@id":"https:\/\/www.visit-ulcinj.com\/blog\/2013\/04\/05\/ftese-ne-panelin-me-moton-alert-ta-shpetojme-valdanosin\/#breadcrumb","itemListElement":[{"@type":"ListItem","position":1,"name":"Ftes\u00eb n\u00eb Panelin me moton : \u201eALERT \u2013 ta shp\u00ebtojm\u00eb Valdanosin"}]},{"@type":"Person","@id":"https:\/\/www.visit-ulcinj.com\/blog\/#\/schema\/person\/dcab619c614d3038751c63bc2aadc06d","name":"ulqini","sameAs":["http:\/\/www.visit-ulcinj.com"],"url":"https:\/\/www.visit-ulcinj.com\/blog\/author\/admin\/"}]}},"jetpack_featured_media_url":"","jetpack_sharing_enabled":true,"jetpack_shortlink":"https:\/\/wp.me\/pe6lTn-ijf","_links":{"self":[{"href":"https:\/\/www.visit-ulcinj.com\/blog\/wp-json\/wp\/v2\/posts\/70385"}],"collection":[{"href":"https:\/\/www.visit-ulcinj.com\/blog\/wp-json\/wp\/v2\/posts"}],"about":[{"href":"https:\/\/www.visit-ulcinj.com\/blog\/wp-json\/wp\/v2\/types\/post"}],"author":[{"embeddable":true,"href":"https:\/\/www.visit-ulcinj.com\/blog\/wp-json\/wp\/v2\/users\/1"}],"replies":[{"embeddable":true,"href":"https:\/\/www.visit-ulcinj.com\/blog\/wp-json\/wp\/v2\/comments?post=70385"}],"version-history":[{"count":9,"href":"https:\/\/www.visit-ulcinj.com\/blog\/wp-json\/wp\/v2\/posts\/70385\/revisions"}],"predecessor-version":[{"id":70535,"href":"https:\/\/www.visit-ulcinj.com\/blog\/wp-json\/wp\/v2\/posts\/70385\/revisions\/70535"}],"wp:attachment":[{"href":"https:\/\/www.visit-ulcinj.com\/blog\/wp-json\/wp\/v2\/media?parent=70385"}],"wp:term":[{"taxonomy":"category","embeddable":true,"href":"https:\/\/www.visit-ulcinj.com\/blog\/wp-json\/wp\/v2\/categories?post=70385"},{"taxonomy":"post_tag","embeddable":true,"href":"https:\/\/www.visit-ulcinj.com\/blog\/wp-json\/wp\/v2\/tags?post=70385"}],"curies":[{"name":"wp","href":"https:\/\/api.w.org\/{rel}","templated":true}]}}