{"id":70398,"date":"2013-04-06T14:14:48","date_gmt":"2013-04-06T13:14:48","guid":{"rendered":"http:\/\/www.visit-ulcinj.com\/blog\/?p=70398"},"modified":"2013-04-06T14:14:48","modified_gmt":"2013-04-06T13:14:48","slug":"gezuar-festen-e-ulqinit-nga-zyhni-beqiraj-video","status":"publish","type":"post","link":"https:\/\/www.visit-ulcinj.com\/blog\/2013\/04\/06\/gezuar-festen-e-ulqinit-nga-zyhni-beqiraj-video\/","title":{"rendered":"Gezuar Festen e Ulqinit nga Zyhni Beqiraj &#8211; Video"},"content":{"rendered":"<p><a href=\"http:\/\/www.visit-ulcinj.com\/blog\/wp-content\/uploads\/2013\/04\/Zyhni-Beqiraj-Ulqin-Durres.jpg\"><img loading=\"lazy\" class=\"alignleft  wp-image-70399\" alt=\"Zyhni Beqiraj Ulqin-Durres\" src=\"http:\/\/www.visit-ulcinj.com\/blog\/wp-content\/uploads\/2013\/04\/Zyhni-Beqiraj-Ulqin-Durres.jpg\" width=\"350\" height=\"400\" \/><\/a>Te nderuar miq ! E shtuna e pare e muajit Prill sipas tradites, vjen si dita e Festes ne Ulqin, dite ne te cilen, pas nje viti apo dimri te tej zgjatur ulqinaket u riktheheshin puneve te stines, udhetimeve ne det etj. &#8221; Hini Prilli, hovi Ulqini &#8221; ishte shprehja e bukur popullore, qe edhe sot nxit e frymezon per te festuar. Mbi nje dekade ulqinaket e Durresit te organizuar, sipas fteses se bere kane festuar ne Ulqin.<br \/>\nNdaj dhe sot une i jam pergjigjur fteses se Qendres per Kulture. Jam njsur te festoj ndryshe nga vitet e tjera ne shoqerine e Fuat Bilalit, nje prej perfaqesuseve te familjes madhe ulqinake ne Durres, nga djali im Artioni , si edhe nipi im i madh Zhoarisi, qe gjithmone vjen me deshire te madhe ne Ulqin.<\/p>\n<p>Me kete rast i shpreh te gjithe ulqinakeve kudo ku jane, urimet e mia te zemres si edhe te Shoqates Kulturore &#8221; ULQINI &#8220;-Durres ne cilesine e Kryetarit te saj, : &#8221; Gezuar Festen e Ulqinit tone. Me shume gezime , lumturi, mireqenie, miresi e dashuri per te gjithe Ju.<\/p>\n<p>Le te lulezoje ne begati, zhvillim e perparim gjithmone Ulqini yne i bukur dhe i lashte. GEZUAR FESTEN !&#8221; Me lejoni qe te Ju pershendes me kangen time &#8221; Ne Ulqin lulezon Pranvera &#8221; te kenduar nga Shaban Gjeka.<\/p>\n<p>Dhe nje here GEZUAR FESTEN ULQINI !!!!!!!!!!!!!!!!!!!!!!<br \/>\n<a href=\"http:\/\/www.visit-ulcinj.com\/blog\/wp-content\/uploads\/2013\/04\/Programi-i-Dites-se-Komunes-se-Ulqinit.jpg\"><img loading=\"lazy\" class=\"alignleft  wp-image-70298\" alt=\"Programi i Dites se Komunes se Ulqinit\" src=\"http:\/\/www.visit-ulcinj.com\/blog\/wp-content\/uploads\/2013\/04\/Programi-i-Dites-se-Komunes-se-Ulqinit.jpg\" width=\"508\" height=\"300\" \/><\/a><\/p>\n<h3><b>&#8220;Malli p\u00ebr Ulqinin n\u00eb k\u00ebng\u00eb&#8221; i Zyhni Beqirajt sjell p\u00ebr publikun k\u00ebng\u00eb dhe histori<\/b><\/h3>\n<p>Lexuesit durrsak\u00eb kan\u00eb marr\u00eb k\u00ebto dit\u00eb n\u00eb dor\u00eb nj\u00eb lib\u00ebr t\u00eb nj\u00eb lloji t\u00eb ve\u00e7ant\u00eb, botuar me rastin e 100-vjetorit t\u00eb Pavar\u00ebsis\u00eb. N\u00eb v\u00ebllimin e tij, &#8220;Malli p\u00ebr Ulqinin n\u00eb k\u00ebng\u00eb&#8221; nj\u00eb album-letraro-muzikor, bashk\u00eb me element\u00ebt historik\u00eb dhe biografik\u00eb, autori Zyhni Beqiraj ka sjell\u00eb edhe partiturat, si edhe tekstet e k\u00ebng\u00ebve, t\u00eb shkruar nga vet\u00eb poeti-kompozitor, bashk\u00eb me fotot e qytetit t\u00eb Ulqinit dhe t\u00eb veprimtarive t\u00eb shoqat\u00ebs q\u00eb mban emrin e k\u00ebtij qyteti.<\/p>\n<p>&#8220;K\u00ebng\u00ebt e autor\u00ebve ulqinak\u00eb, dhe ato q\u00eb kam shkruar p\u00ebr qytetin tim t\u00eb origjin\u00ebs, m\u00eb ngjallin nj\u00eb ndjenj\u00eb t\u00eb bukur dhe fisnike, e cila m\u00eb sjell n\u00eb m\u00ebndje njer\u00ebzit e atij qyteti, kalan\u00eb, rrug\u00ebt dhe kodrat n\u00eb gjelb\u00ebrim, si dhe detin e kalt\u00ebr q\u00eb shk\u00eblqen n\u00ebn drit\u00ebn e diellit&#8221;, shprehet autori. Albumi letraro-muzikor &#8220;Malli p\u00ebr Ulqinin n\u00eb k\u00ebng\u00eb&#8221; p\u00ebrmbledh 16 k\u00ebng\u00eb t\u00eb shkruara vitet e fundit nga Zyhni Beqiraj. Gjat\u00eb librit autori sqaron edhe motivet q\u00eb e nxit\u00ebn p\u00ebr t\u00eb shkruar k\u00ebng\u00ebt e ve\u00e7anta t\u00eb mallit, t\u00eb dashuris\u00eb dhe t\u00eb dasmave ulqinake.<\/p>\n<p>Bashk\u00eb me to, ai rikthen shkurtimisht historikun e Ulqinit dhe shp\u00ebrnguljen e shum\u00eb familjeve t\u00eb detar\u00ebve ulqinak\u00eb, drejt qyteteve bregdetare t\u00eb Shqip\u00ebris\u00eb. Libri sjell n\u00eb kujtes\u00eb familjet e vendosura n\u00eb Durr\u00ebs dhe kontributin e shum\u00eb qytetar\u00ebve, me prejardhje nga Ulqini, n\u00eb zhvillimin e qytetit portual.<\/p>\n<p>Ky \u00ebsht\u00eb libri i par\u00eb i 66-vje\u00e7arit Beqiraj, ku q\u00ebndrojn\u00eb s\u00eb bashku me k\u00ebng\u00ebt edhe element\u00ebt letrar\u00eb t\u00eb fjal\u00ebve t\u00eb urta p\u00ebr detarin\u00eb, minibiografit\u00eb e bashk\u00ebqytetar\u00ebve t\u00eb shquar, fotot e detar\u00ebve dhe anijeve t\u00eb para ulqinake, t\u00eb dh\u00ebnat mbi trungjet familjare ulqinake n\u00eb Durr\u00ebs, si dhe p\u00ebr shoqat\u00ebn &#8220;Ulqini&#8221; me veprimtari 20-vje\u00e7are.<\/p>\n<p>Zyhni Beqiraj, me profesion m\u00ebsues, \u00ebsht\u00eb njohur edhe si deputet i Kuvendit t\u00eb Shqip\u00ebris\u00eb n\u00eb legjislatur\u00ebn 1997-2001. Gjat\u00eb 10 vjet\u00ebve t\u00eb fundit ai ka kompozuar mbi 60 k\u00ebng\u00eb, shum\u00eb prej t\u00eb cilave jan\u00eb k\u00ebnduar nga artist\u00eb t\u00eb njohur t\u00eb sken\u00ebs si; Kastriot Tusha, Sherif Merdani, Qemal K\u00ebrtusha, Bujar Qamili, Shaban Gjeka, si dhe k\u00ebng\u00ebtar\u00ebt lirik\u00eb G\u00ebzim Myshketa, Julian Gjojdeshi, Ilsid \u00c7ullhaj dhe Olta Juba.<\/p>\n<p><iframe loading=\"lazy\" src=\"http:\/\/www.youtube.com\/embed\/c3x0yDsfGOE\" height=\"360\" width=\"508\" allowfullscreen=\"\" frameborder=\"0\"><\/iframe><\/p>\n","protected":false},"excerpt":{"rendered":"<p>Te nderuar miq ! E shtuna e pare e muajit Prill sipas tradites, vjen si dita e Festes ne Ulqin, dite ne te cilen, pas nje viti apo dimri te tej zgjatur ulqinaket u riktheheshin puneve te stines, udhetimeve ne det etj. &#8221; Hini Prilli, hovi Ulqini &#8221; ishte shprehja e bukur popullore, qe edhe [&hellip;]<\/p>\n","protected":false},"author":1,"featured_media":0,"comment_status":"open","ping_status":"closed","sticky":false,"template":"","format":"standard","meta":{"spay_email":"","jetpack_publicize_message":"","jetpack_is_tweetstorm":false,"jetpack_publicize_feature_enabled":true},"categories":[14],"tags":[200,18,21978],"jetpack_publicize_connections":[],"yoast_head":"<!-- This site is optimized with the Yoast SEO plugin v19.1 - https:\/\/yoast.com\/wordpress\/plugins\/seo\/ -->\n<title>Gezuar Festen e Ulqinit nga Zyhni Beqiraj - Video - Lajme nga Ulqini<\/title>\n<meta name=\"description\" content=\"Te nderuar miq ! E shtuna e pare e muajit Prill sipas tradites, vjen si dita e Festes ne Ulqin, dite ne te cilen, pas nje viti apo dimri te tej zgjatur\" \/>\n<meta name=\"robots\" content=\"index, follow, max-snippet:-1, max-image-preview:large, max-video-preview:-1\" \/>\n<link rel=\"canonical\" href=\"https:\/\/www.visit-ulcinj.com\/blog\/2013\/04\/06\/gezuar-festen-e-ulqinit-nga-zyhni-beqiraj-video\/\" \/>\n<meta property=\"og:locale\" content=\"en_US\" \/>\n<meta property=\"og:type\" content=\"article\" \/>\n<meta property=\"og:title\" content=\"Gezuar Festen e Ulqinit nga Zyhni Beqiraj - Video - Lajme nga Ulqini\" \/>\n<meta property=\"og:description\" content=\"Te nderuar miq ! E shtuna e pare e muajit Prill sipas tradites, vjen si dita e Festes ne Ulqin, dite ne te cilen, pas nje viti apo dimri te tej zgjatur\" \/>\n<meta property=\"og:url\" content=\"https:\/\/www.visit-ulcinj.com\/blog\/2013\/04\/06\/gezuar-festen-e-ulqinit-nga-zyhni-beqiraj-video\/\" \/>\n<meta property=\"og:site_name\" content=\"Lajme nga Ulqini\" \/>\n<meta property=\"article:published_time\" content=\"2013-04-06T13:14:48+00:00\" \/>\n<meta property=\"og:image\" content=\"http:\/\/www.visit-ulcinj.com\/blog\/wp-content\/uploads\/2013\/04\/Zyhni-Beqiraj-Ulqin-Durres.jpg\" \/>\n<meta name=\"twitter:label1\" content=\"Written by\" \/>\n\t<meta name=\"twitter:data1\" content=\"ulqini\" \/>\n\t<meta name=\"twitter:label2\" content=\"Est. reading time\" \/>\n\t<meta name=\"twitter:data2\" content=\"3 minutes\" \/>\n<script type=\"application\/ld+json\" class=\"yoast-schema-graph\">{\"@context\":\"https:\/\/schema.org\",\"@graph\":[{\"@type\":\"WebSite\",\"@id\":\"https:\/\/www.visit-ulcinj.com\/blog\/#website\",\"url\":\"https:\/\/www.visit-ulcinj.com\/blog\/\",\"name\":\"Lajme nga Ulqini\",\"description\":\"Lajme,Vijesti,Ulqini,Ulqin,Crna Gora,Mali i Zi\",\"potentialAction\":[{\"@type\":\"SearchAction\",\"target\":{\"@type\":\"EntryPoint\",\"urlTemplate\":\"https:\/\/www.visit-ulcinj.com\/blog\/?s={search_term_string}\"},\"query-input\":\"required name=search_term_string\"}],\"inLanguage\":\"en-US\"},{\"@type\":\"ImageObject\",\"inLanguage\":\"en-US\",\"@id\":\"https:\/\/www.visit-ulcinj.com\/blog\/2013\/04\/06\/gezuar-festen-e-ulqinit-nga-zyhni-beqiraj-video\/#primaryimage\",\"url\":\"https:\/\/www.visit-ulcinj.com\/blog\/wp-content\/uploads\/2013\/04\/Zyhni-Beqiraj-Ulqin-Durres.jpg\",\"contentUrl\":\"https:\/\/www.visit-ulcinj.com\/blog\/wp-content\/uploads\/2013\/04\/Zyhni-Beqiraj-Ulqin-Durres.jpg\",\"width\":619,\"height\":922},{\"@type\":\"WebPage\",\"@id\":\"https:\/\/www.visit-ulcinj.com\/blog\/2013\/04\/06\/gezuar-festen-e-ulqinit-nga-zyhni-beqiraj-video\/#webpage\",\"url\":\"https:\/\/www.visit-ulcinj.com\/blog\/2013\/04\/06\/gezuar-festen-e-ulqinit-nga-zyhni-beqiraj-video\/\",\"name\":\"Gezuar Festen e Ulqinit nga Zyhni Beqiraj - Video - Lajme nga Ulqini\",\"isPartOf\":{\"@id\":\"https:\/\/www.visit-ulcinj.com\/blog\/#website\"},\"primaryImageOfPage\":{\"@id\":\"https:\/\/www.visit-ulcinj.com\/blog\/2013\/04\/06\/gezuar-festen-e-ulqinit-nga-zyhni-beqiraj-video\/#primaryimage\"},\"datePublished\":\"2013-04-06T13:14:48+00:00\",\"dateModified\":\"2013-04-06T13:14:48+00:00\",\"author\":{\"@id\":\"https:\/\/www.visit-ulcinj.com\/blog\/#\/schema\/person\/dcab619c614d3038751c63bc2aadc06d\"},\"description\":\"Te nderuar miq ! E shtuna e pare e muajit Prill sipas tradites, vjen si dita e Festes ne Ulqin, dite ne te cilen, pas nje viti apo dimri te tej zgjatur\",\"breadcrumb\":{\"@id\":\"https:\/\/www.visit-ulcinj.com\/blog\/2013\/04\/06\/gezuar-festen-e-ulqinit-nga-zyhni-beqiraj-video\/#breadcrumb\"},\"inLanguage\":\"en-US\",\"potentialAction\":[{\"@type\":\"ReadAction\",\"target\":[\"https:\/\/www.visit-ulcinj.com\/blog\/2013\/04\/06\/gezuar-festen-e-ulqinit-nga-zyhni-beqiraj-video\/\"]}]},{\"@type\":\"BreadcrumbList\",\"@id\":\"https:\/\/www.visit-ulcinj.com\/blog\/2013\/04\/06\/gezuar-festen-e-ulqinit-nga-zyhni-beqiraj-video\/#breadcrumb\",\"itemListElement\":[{\"@type\":\"ListItem\",\"position\":1,\"name\":\"Gezuar Festen e Ulqinit nga Zyhni Beqiraj &#8211; Video\"}]},{\"@type\":\"Person\",\"@id\":\"https:\/\/www.visit-ulcinj.com\/blog\/#\/schema\/person\/dcab619c614d3038751c63bc2aadc06d\",\"name\":\"ulqini\",\"sameAs\":[\"http:\/\/www.visit-ulcinj.com\"],\"url\":\"https:\/\/www.visit-ulcinj.com\/blog\/author\/admin\/\"}]}<\/script>\n<!-- \/ Yoast SEO plugin. -->","yoast_head_json":{"title":"Gezuar Festen e Ulqinit nga Zyhni Beqiraj - Video - Lajme nga Ulqini","description":"Te nderuar miq ! E shtuna e pare e muajit Prill sipas tradites, vjen si dita e Festes ne Ulqin, dite ne te cilen, pas nje viti apo dimri te tej zgjatur","robots":{"index":"index","follow":"follow","max-snippet":"max-snippet:-1","max-image-preview":"max-image-preview:large","max-video-preview":"max-video-preview:-1"},"canonical":"https:\/\/www.visit-ulcinj.com\/blog\/2013\/04\/06\/gezuar-festen-e-ulqinit-nga-zyhni-beqiraj-video\/","og_locale":"en_US","og_type":"article","og_title":"Gezuar Festen e Ulqinit nga Zyhni Beqiraj - Video - Lajme nga Ulqini","og_description":"Te nderuar miq ! E shtuna e pare e muajit Prill sipas tradites, vjen si dita e Festes ne Ulqin, dite ne te cilen, pas nje viti apo dimri te tej zgjatur","og_url":"https:\/\/www.visit-ulcinj.com\/blog\/2013\/04\/06\/gezuar-festen-e-ulqinit-nga-zyhni-beqiraj-video\/","og_site_name":"Lajme nga Ulqini","article_published_time":"2013-04-06T13:14:48+00:00","og_image":[{"url":"http:\/\/www.visit-ulcinj.com\/blog\/wp-content\/uploads\/2013\/04\/Zyhni-Beqiraj-Ulqin-Durres.jpg"}],"twitter_misc":{"Written by":"ulqini","Est. reading time":"3 minutes"},"schema":{"@context":"https:\/\/schema.org","@graph":[{"@type":"WebSite","@id":"https:\/\/www.visit-ulcinj.com\/blog\/#website","url":"https:\/\/www.visit-ulcinj.com\/blog\/","name":"Lajme nga Ulqini","description":"Lajme,Vijesti,Ulqini,Ulqin,Crna Gora,Mali i Zi","potentialAction":[{"@type":"SearchAction","target":{"@type":"EntryPoint","urlTemplate":"https:\/\/www.visit-ulcinj.com\/blog\/?s={search_term_string}"},"query-input":"required name=search_term_string"}],"inLanguage":"en-US"},{"@type":"ImageObject","inLanguage":"en-US","@id":"https:\/\/www.visit-ulcinj.com\/blog\/2013\/04\/06\/gezuar-festen-e-ulqinit-nga-zyhni-beqiraj-video\/#primaryimage","url":"https:\/\/www.visit-ulcinj.com\/blog\/wp-content\/uploads\/2013\/04\/Zyhni-Beqiraj-Ulqin-Durres.jpg","contentUrl":"https:\/\/www.visit-ulcinj.com\/blog\/wp-content\/uploads\/2013\/04\/Zyhni-Beqiraj-Ulqin-Durres.jpg","width":619,"height":922},{"@type":"WebPage","@id":"https:\/\/www.visit-ulcinj.com\/blog\/2013\/04\/06\/gezuar-festen-e-ulqinit-nga-zyhni-beqiraj-video\/#webpage","url":"https:\/\/www.visit-ulcinj.com\/blog\/2013\/04\/06\/gezuar-festen-e-ulqinit-nga-zyhni-beqiraj-video\/","name":"Gezuar Festen e Ulqinit nga Zyhni Beqiraj - Video - Lajme nga Ulqini","isPartOf":{"@id":"https:\/\/www.visit-ulcinj.com\/blog\/#website"},"primaryImageOfPage":{"@id":"https:\/\/www.visit-ulcinj.com\/blog\/2013\/04\/06\/gezuar-festen-e-ulqinit-nga-zyhni-beqiraj-video\/#primaryimage"},"datePublished":"2013-04-06T13:14:48+00:00","dateModified":"2013-04-06T13:14:48+00:00","author":{"@id":"https:\/\/www.visit-ulcinj.com\/blog\/#\/schema\/person\/dcab619c614d3038751c63bc2aadc06d"},"description":"Te nderuar miq ! E shtuna e pare e muajit Prill sipas tradites, vjen si dita e Festes ne Ulqin, dite ne te cilen, pas nje viti apo dimri te tej zgjatur","breadcrumb":{"@id":"https:\/\/www.visit-ulcinj.com\/blog\/2013\/04\/06\/gezuar-festen-e-ulqinit-nga-zyhni-beqiraj-video\/#breadcrumb"},"inLanguage":"en-US","potentialAction":[{"@type":"ReadAction","target":["https:\/\/www.visit-ulcinj.com\/blog\/2013\/04\/06\/gezuar-festen-e-ulqinit-nga-zyhni-beqiraj-video\/"]}]},{"@type":"BreadcrumbList","@id":"https:\/\/www.visit-ulcinj.com\/blog\/2013\/04\/06\/gezuar-festen-e-ulqinit-nga-zyhni-beqiraj-video\/#breadcrumb","itemListElement":[{"@type":"ListItem","position":1,"name":"Gezuar Festen e Ulqinit nga Zyhni Beqiraj &#8211; Video"}]},{"@type":"Person","@id":"https:\/\/www.visit-ulcinj.com\/blog\/#\/schema\/person\/dcab619c614d3038751c63bc2aadc06d","name":"ulqini","sameAs":["http:\/\/www.visit-ulcinj.com"],"url":"https:\/\/www.visit-ulcinj.com\/blog\/author\/admin\/"}]}},"jetpack_featured_media_url":"","jetpack_sharing_enabled":true,"jetpack_shortlink":"https:\/\/wp.me\/pe6lTn-ijs","_links":{"self":[{"href":"https:\/\/www.visit-ulcinj.com\/blog\/wp-json\/wp\/v2\/posts\/70398"}],"collection":[{"href":"https:\/\/www.visit-ulcinj.com\/blog\/wp-json\/wp\/v2\/posts"}],"about":[{"href":"https:\/\/www.visit-ulcinj.com\/blog\/wp-json\/wp\/v2\/types\/post"}],"author":[{"embeddable":true,"href":"https:\/\/www.visit-ulcinj.com\/blog\/wp-json\/wp\/v2\/users\/1"}],"replies":[{"embeddable":true,"href":"https:\/\/www.visit-ulcinj.com\/blog\/wp-json\/wp\/v2\/comments?post=70398"}],"version-history":[{"count":1,"href":"https:\/\/www.visit-ulcinj.com\/blog\/wp-json\/wp\/v2\/posts\/70398\/revisions"}],"predecessor-version":[{"id":70400,"href":"https:\/\/www.visit-ulcinj.com\/blog\/wp-json\/wp\/v2\/posts\/70398\/revisions\/70400"}],"wp:attachment":[{"href":"https:\/\/www.visit-ulcinj.com\/blog\/wp-json\/wp\/v2\/media?parent=70398"}],"wp:term":[{"taxonomy":"category","embeddable":true,"href":"https:\/\/www.visit-ulcinj.com\/blog\/wp-json\/wp\/v2\/categories?post=70398"},{"taxonomy":"post_tag","embeddable":true,"href":"https:\/\/www.visit-ulcinj.com\/blog\/wp-json\/wp\/v2\/tags?post=70398"}],"curies":[{"name":"wp","href":"https:\/\/api.w.org\/{rel}","templated":true}]}}