{"id":70410,"date":"2013-04-07T14:47:04","date_gmt":"2013-04-07T13:47:04","guid":{"rendered":"http:\/\/www.visit-ulcinj.com\/blog\/?p=70410"},"modified":"2013-04-10T16:12:49","modified_gmt":"2013-04-10T15:12:49","slug":"ulqini-qender-shkencore-foto","status":"publish","type":"post","link":"https:\/\/www.visit-ulcinj.com\/blog\/2013\/04\/07\/ulqini-qender-shkencore-foto\/","title":{"rendered":"Ulqini qend\u00ebr shkencore + Foto"},"content":{"rendered":"<p><a href=\"http:\/\/www.visit-ulcinj.com\/blog\/wp-content\/uploads\/2013\/04\/Ulqini-qend\u00ebr-shkencore-Internacionale.jpg\"><img loading=\"lazy\" class=\"alignleft  wp-image-70411\" alt=\"Ulqini qend\u00ebr shkencore Internacionale\" src=\"http:\/\/www.visit-ulcinj.com\/blog\/wp-content\/uploads\/2013\/04\/Ulqini-qend\u00ebr-shkencore-Internacionale.jpg\" width=\"508\" height=\"360\" \/><\/a>Tani m\u00eb \u00ebsht\u00eb b\u00ebr\u00eb tradit\u00eb q\u00eb Konferenca shkencore e l\u00ebmis\u00eb s\u00eb ekonomis\u00eb, t\u00eb mbahet n\u00eb prag t\u00eb fest\u00ebs s\u00eb Dit\u00ebs s\u00eb Komun\u00ebs s\u00eb Ulqinit. Tradit\u00eb sepse sivjet\u00eb \u00ebsht\u00eb viti i pest\u00eb rrallazi q\u00eb konferenca i zhvillon punimet e veta. \u00cbsht\u00eb nder\u00eb p\u00ebr mbar\u00eb opinioni ulqinak q\u00eb n\u00eb qytetin e tyre po i prezantojn\u00eb punimet e veta hulumtuese, autor\u00ebt nga Shqip\u00ebria, Mali i Zi, Kosova, Serbia, Maqedonia, Bullgaria dhe Rumunia. Larmia e autor\u00ebve t\u00eb ardhur nga shtetet e ndryshme me t\u00eb folme t\u00eb ndryshme, i jep konferences karakter ndekomb\u00ebtar\u00eb.<\/p>\n<p>Konferenc\u00ebn e organizoi Organizata joqeveritare me seli n\u00eb Ulqin \u201cInstituti p\u00ebr hulumtime shkencore dhe zhvillim\u201d Ulqin dhe Univerziteti i veriut \u201cArgenti\u201d Shkoder, ne bashkpunim me Univerzitetin \u201cLuigj Gurakuqi\u201d Shkoder, Fakultetin p\u00ebr studime ekonomike MBS Podgoric\u00eb, Kolegji europian \u201cDukagjini\u201d, Univerzitetn publik \u201cHaxhi Zeka\u201d Pej\u00eb, Univerzitetin e Zenic\u00ebs, Univezitetin internacional Strug\u00eb, Fakultetin p\u00ebr biznes dhe turiz\u00ebm Budv\u00eb, Shkolla e biznesit Budapest dhe Univerzitetin internacional n\u00eb Novi Pazar.<\/p>\n<p><a href=\"http:\/\/www.visit-ulcinj.com\/blog\/wp-content\/uploads\/2013\/04\/Ulqini-qend\u00ebr-shkencore-Internacionale.1.jpg\"><img loading=\"lazy\" class=\"alignleft  wp-image-70412\" alt=\"Ulqini qend\u00ebr shkencore Internacionale.1\" src=\"http:\/\/www.visit-ulcinj.com\/blog\/wp-content\/uploads\/2013\/04\/Ulqini-qend\u00ebr-shkencore-Internacionale.1.jpg\" width=\"508\" height=\"300\" \/><\/a><br \/>\nN\u00eb Sall\u00ebne madhe t\u00eb Komun\u00ebs s\u00eb Ulqinit, Ulqin me, 05.4.2013, me fillim n\u00eb ora 11:00, Konferenca i filloj punimet. Tema: \u201cINVESTIMET NE FUNKSION T\u00cb ZHVILLIMIT EKONOMIK DHE PROCESET INTEGRUESE\u201d. Hapjen e konferenc\u00ebs e b\u00ebri Mr. Darko Petrushiq ndihm\u00ebs minister n\u00eb Ministrin\u00eb e shkenc\u00ebs s\u00eb Qeveris\u00eb s\u00eb Mlit t\u00eb Zi. Kryetari i Komun\u00ebs z. Nazif Cungu, e persh\u00ebndeti konferenc\u00ebn, uroj pun\u00eb t\u00eb mbar\u00eb dhe ofroj p\u00ebrkrahje. Konferenc\u00ebn e persh\u00ebndeti edhe prof. dr. Mithat Hoxha, rektor i Univerzitetit t\u00eb veriut \u201cArgenti\u201d Shkoder.<\/p>\n<p>P\u00ebr rendsin\u00eb e k\u00ebsaj\u00eb konference foli nikoqiri, drejtori i \u201cInstituti p\u00ebr hulumtime shkencore dhe zhvillim\u201d Ulqin, Prof ass. Dr. Elez Osmani. Ai tha se qellimi i k\u00ebsaje konference \u00ebsht\u00eb q\u00eb t\u00eb hartohen konkluzionet dhe rekomandimet p\u00ebr zhvillimin ekonomik t\u00eb vendit dhe rajonit. Tematika ka per qellim q\u00eb t\u00eb p\u00ebrcaktoj\u00eb modelin i cili garanton rritje ekonomike, zhvillim t\u00eb qendrush\u00ebm drejt integrimit t\u00eb vendit n\u00eb rajonin ballkanik dhe m\u00eb gj\u00ebr\u00eb. Problemet kryesore t\u00eb ekonomis\u00eb n\u00eb rajon jan\u00eb: niveli i prodhimit komb\u00ebtar\u00eb, niveli pun\u00ebsimit dhe niveli inflacionit. K\u00ebto jan\u00eb parametrat e p\u00ebrdorur p\u00ebr t\u00eb analizuar zhvillimin e ekonomis\u00eb. \u00c7\u00ebshtjet kryesore p\u00ebr tu zgjidhur mbeten zhvillimi dhe zgjerimi i ngadalt\u00eb n\u00eb sektorin ekonomik, mungesa nderlidhse n\u00eb sektor\u00ebt e ekonomis\u00eb, niveli i lart\u00eb i informalitetit, mungesa e depertimit sasior dhe cil\u00ebsor\u00eb n\u00eb tregjet nderkomb\u00ebtare, mobilizimi i te gjith\u00eb kapitalit t\u00eb brednsh\u00ebm p\u00ebr tu orientuar n\u00eb program si investime prioritare dhe thithja e investimeve t\u00eb huaja. N\u00eb konferenc\u00eb do t\u00eb prezantohen punime nga: turizmi, bujq\u00ebsia, p\u00ebrmirsimi i sistemit financues, ruajtja e ambientit ne nivelin lokal dhe rajonal, rregullimi i infrastuktur\u00ebs lokale si mundsi n\u00eb rritjen e investimeve \u00eb huaja, pasojat e krizes financiare n\u00eb sektorin real financiar\u00eb publik, bashkpunimi nderkomb\u00ebtare etj. Tani kemi hjedh\u00eb themelet t\u00eb nj\u00eb zhvillimi t\u00eb p\u00ebrgjithsh\u00ebm ekonomik. Q\u00eb ky zhvillim do t\u00eb jet\u00eb i shpejt\u00eb apo i ngadalt\u00eb, i sigurt\u00eb apo i brisht\u00eb, i qet\u00eb apo i vrullsh\u00ebm, apo i ngarkuar me t\u00eb papritura \u00ebsht\u00eb edhe \u00e7\u00ebshtje e k\u00ebsaj\u00eb Konference. Me r\u00ebnd\u00ebsi \u00ebsht\u00eb qe ne t\u00eb kemi projektu ekonomi p\u00ebr nj\u00eb t\u00eb ardhme ambicioze. Realizimi i k\u00ebsaj\u00eb k\u00ebrkon shum perpjekje, k\u00ebrkon mendim t\u00eb gjall\u00eb ekonomik, k\u00ebrkon vendimmarrje t\u00eb guxim\u00ebshme, k\u00ebrkon vizion t\u00eb gj\u00ebr\u00eb, k\u00ebto shpresoj qe ti diskutoj m\u00eb shum kjo konferenc\u00eb. Jemi mbledhu k\u00ebtu p\u00ebr nj\u00eb argumetn i cili nuk \u00ebsht\u00eb i panjohur prej neshm, ai \u00ebsht\u00eb m\u00ebnyra se si do ta shohim t\u00eb ardhuren e problemeve tona dhe mund\u00ebsite reale t\u00eb ecjes s\u00eb m\u00ebtejme p\u00ebrpara. Takimet e tilla rajonale, jan\u00eb nj\u00eb mund\u00ebsi e mire p\u00ebr t\u00eb diskutuar mbi zhvillimet ekonomike dhe financiare n\u00eb vendet tona. Ato qe drejt\u00ebp\u00ebrdrejt\u00eb kane evidentuar ngjajshm\u00ebrin\u00eb dhe ndryshimet n\u00eb mes njeni tjetrit si dhe politikat ekonomik dhe financiare t\u00eb nevojshme p\u00ebr zgjedhjen e problemeve me t\u00eb cil\u00ebt ballafaqohemi. P\u00ebr k\u00ebt\u00eb arsy kam deshir\u00eb q\u00eb kjo konferenc\u00eb t\u00eb vazhdoje t\u00eb sh\u00ebnoj\u00eb bashkpunimin dhe zhvillimin e p\u00ebrbashk\u00ebt ekonomik p\u00ebrfundon nikoqiri.<br \/>\n<a href=\"http:\/\/www.visit-ulcinj.com\/blog\/wp-content\/uploads\/2013\/04\/Ulqini-qend\u00ebr-shkencore-Internacionale.2.jpg\"><img loading=\"lazy\" class=\"alignleft  wp-image-70413\" alt=\"Ulqini qend\u00ebr shkencore Internacionale.2\" src=\"http:\/\/www.visit-ulcinj.com\/blog\/wp-content\/uploads\/2013\/04\/Ulqini-qend\u00ebr-shkencore-Internacionale.2.jpg\" width=\"508\" height=\"300\" \/><\/a><\/p>\n<p>Me punimet e veta, konferencen e nderuan mbi 200 autor, me mbi 300 punime t\u00eb l\u00ebmive t\u00eb ndryshme si: ekonomike, turistike, bujq\u00ebsore, mjedisore etj. Numrit i madh i punimeve, b\u00ebri t\u00eb pamundur prezentimin e th\u00eb gjith\u00ebve. Punimet e veta i prezantuan 25 autor, kurse p\u00ebr t\u00eb tjerat mbetet obligim i organizatorit q\u00eb n\u00eb Revisten \u201cBuletini shkencor\u201d, t\u00eb rradh\u00ebs, num. 5, Revist\u00eb kjo e \u201cInstituti p\u00ebr hulumtime shkencore dhe zhvillim\u201d Ulqin, e cila do t\u00eb dal\u00eb n\u00eb qershor\u00eb t\u00eb vitit 2013, t\u00eb botohen t\u00eb gjitha punimet.<\/p>\n<p>Ndonse t\u00eb gjitha punimet jan\u00eb t\u00eb vecanta n\u00eb vete, do t\u00eb ve\u00e7oja autoret:Prof. Dr. Mahir Hoti nga Univerziteti \u201cLuigj Gurakuqi\u201d Shkoder, me temen: \u201cDukuri t\u00eb shqetsimeve mjedisore n\u00eb gjeohapsiren nd\u00ebrkufitare Shqipri-Mali i Zi, Prof. Dr. Predrag Goranoviq nga Fakulteti Ekonomik i Podgoric\u00ebs, me temen: \u201cBorxhi publik i Malit t\u00eb Zi dhe i vendeve t\u00eb rajonit\u201d dhe Prof. Dr. Petraq Milo k\u00ebshilltar i kryeministrit t\u00eb Shqip\u00ebris\u00eb, me temen: \u201cSfidat e zhvillimit ekonomik dhe k\u00ebrkesa p\u00ebr financimin e investimeve n\u00ebp\u00ebrmjet instrumentave zhvillimore\u201d.<br \/>\n<a href=\"http:\/\/www.visit-ulcinj.com\/blog\/wp-content\/uploads\/2013\/04\/Ulqini-qend\u00ebr-shkencore-Internacionale.3.jpg\"><img loading=\"lazy\" class=\"alignleft  wp-image-70414\" alt=\"Ulqini qend\u00ebr shkencore Internacionale.3\" src=\"http:\/\/www.visit-ulcinj.com\/blog\/wp-content\/uploads\/2013\/04\/Ulqini-qend\u00ebr-shkencore-Internacionale.3.jpg\" width=\"508\" height=\"300\" \/><\/a><\/p>\n<p>Shpresojme q\u00eb punimet e dalura nga konferenca, t\u00eb jen\u00eb nj\u00eb baz\u00eb e cila do t\u00eb iu sherbej pushteteve qendrore dhe lokale, n\u00eb hartimin e programeve t\u00eb veta zhvillimore ekonomike t\u00eb vazhdueshme, p\u00ebr nj\u00eb mir\u00ebqenie t\u00eb mbar\u00eb popullates rajonale.<\/p>\n<p><strong>Ilir Lleshi<\/strong><\/p>\n\n\t\t<style type=\"text\/css\">\n\t\t\t#gallery-1 {\n\t\t\t\tmargin: auto;\n\t\t\t}\n\t\t\t#gallery-1 .gallery-item {\n\t\t\t\tfloat: left;\n\t\t\t\tmargin-top: 10px;\n\t\t\t\ttext-align: center;\n\t\t\t\twidth: 33%;\n\t\t\t}\n\t\t\t#gallery-1 img {\n\t\t\t\tborder: 2px solid #cfcfcf;\n\t\t\t}\n\t\t\t#gallery-1 .gallery-caption {\n\t\t\t\tmargin-left: 0;\n\t\t\t}\n\t\t\t\/* see gallery_shortcode() in wp-includes\/media.php *\/\n\t\t<\/style>\n\t\t<div id='gallery-1' class='gallery galleryid-70410 gallery-columns-3 gallery-size-thumbnail'><dl class='gallery-item'>\n\t\t\t<dt class='gallery-icon landscape'>\n\t\t\t\t<a href='https:\/\/www.visit-ulcinj.com\/blog\/2013\/04\/07\/ulqini-qender-shkencore-foto\/ulqini-qender-shkencore-internacionale-4\/'><img width=\"150\" height=\"150\" src=\"https:\/\/www.visit-ulcinj.com\/blog\/wp-content\/uploads\/2013\/04\/Ulqini-qend\u00ebr-shkencore-Internacionale.4-150x150.jpg\" class=\"attachment-thumbnail size-thumbnail\" alt=\"\" loading=\"lazy\" \/><\/a>\n\t\t\t<\/dt><\/dl><dl class='gallery-item'>\n\t\t\t<dt class='gallery-icon landscape'>\n\t\t\t\t<a href='https:\/\/www.visit-ulcinj.com\/blog\/2013\/04\/07\/ulqini-qender-shkencore-foto\/ulqini-qender-shkencore-internacionale-5\/'><img width=\"150\" height=\"150\" src=\"https:\/\/www.visit-ulcinj.com\/blog\/wp-content\/uploads\/2013\/04\/Ulqini-qend\u00ebr-shkencore-Internacionale.5-150x150.jpg\" class=\"attachment-thumbnail size-thumbnail\" alt=\"\" loading=\"lazy\" \/><\/a>\n\t\t\t<\/dt><\/dl><dl class='gallery-item'>\n\t\t\t<dt class='gallery-icon landscape'>\n\t\t\t\t<a href='https:\/\/www.visit-ulcinj.com\/blog\/2013\/04\/07\/ulqini-qender-shkencore-foto\/ulqini-qender-shkencore-internacionale-6\/'><img width=\"150\" height=\"150\" src=\"https:\/\/www.visit-ulcinj.com\/blog\/wp-content\/uploads\/2013\/04\/Ulqini-qend\u00ebr-shkencore-Internacionale.6-150x150.jpg\" class=\"attachment-thumbnail size-thumbnail\" alt=\"\" loading=\"lazy\" \/><\/a>\n\t\t\t<\/dt><\/dl><br style=\"clear: both\" \/><dl class='gallery-item'>\n\t\t\t<dt class='gallery-icon landscape'>\n\t\t\t\t<a href='https:\/\/www.visit-ulcinj.com\/blog\/2013\/04\/07\/ulqini-qender-shkencore-foto\/ulqini-qender-shkencore-internacionale-7\/'><img width=\"150\" height=\"150\" src=\"https:\/\/www.visit-ulcinj.com\/blog\/wp-content\/uploads\/2013\/04\/Ulqini-qend\u00ebr-shkencore-Internacionale.7-150x150.jpg\" class=\"attachment-thumbnail size-thumbnail\" alt=\"\" loading=\"lazy\" \/><\/a>\n\t\t\t<\/dt><\/dl><dl class='gallery-item'>\n\t\t\t<dt class='gallery-icon portrait'>\n\t\t\t\t<a href='https:\/\/www.visit-ulcinj.com\/blog\/2013\/04\/07\/ulqini-qender-shkencore-foto\/ulqini-qender-shkencore-internacionale-9\/'><img width=\"150\" height=\"150\" src=\"https:\/\/www.visit-ulcinj.com\/blog\/wp-content\/uploads\/2013\/04\/Ulqini-qend\u00ebr-shkencore-Internacionale.9-150x150.jpg\" class=\"attachment-thumbnail size-thumbnail\" alt=\"\" loading=\"lazy\" \/><\/a>\n\t\t\t<\/dt><\/dl><dl class='gallery-item'>\n\t\t\t<dt class='gallery-icon landscape'>\n\t\t\t\t<a href='https:\/\/www.visit-ulcinj.com\/blog\/2013\/04\/07\/ulqini-qender-shkencore-foto\/ulqini-qender-shkencore-internacionale-10\/'><img width=\"150\" height=\"150\" src=\"https:\/\/www.visit-ulcinj.com\/blog\/wp-content\/uploads\/2013\/04\/Ulqini-qend\u00ebr-shkencore-Internacionale.10-150x150.jpg\" class=\"attachment-thumbnail size-thumbnail\" alt=\"\" loading=\"lazy\" \/><\/a>\n\t\t\t<\/dt><\/dl><br style=\"clear: both\" \/>\n\t\t<\/div>\n\n","protected":false},"excerpt":{"rendered":"<p>Tani m\u00eb \u00ebsht\u00eb b\u00ebr\u00eb tradit\u00eb q\u00eb Konferenca shkencore e l\u00ebmis\u00eb s\u00eb ekonomis\u00eb, t\u00eb mbahet n\u00eb prag t\u00eb fest\u00ebs s\u00eb Dit\u00ebs s\u00eb Komun\u00ebs s\u00eb Ulqinit. Tradit\u00eb sepse sivjet\u00eb \u00ebsht\u00eb viti i pest\u00eb rrallazi q\u00eb konferenca i zhvillon punimet e veta. \u00cbsht\u00eb nder\u00eb p\u00ebr mbar\u00eb opinioni ulqinak q\u00eb n\u00eb qytetin e tyre po i prezantojn\u00eb punimet e [&hellip;]<\/p>\n","protected":false},"author":1,"featured_media":0,"comment_status":"open","ping_status":"closed","sticky":false,"template":"","format":"standard","meta":{"spay_email":"","jetpack_publicize_message":"","jetpack_is_tweetstorm":false,"jetpack_publicize_feature_enabled":true},"categories":[4],"tags":[200,18],"jetpack_publicize_connections":[],"yoast_head":"<!-- This site is optimized with the Yoast SEO plugin v19.1 - https:\/\/yoast.com\/wordpress\/plugins\/seo\/ -->\n<title>Ulqini qend\u00ebr shkencore + Foto - Lajme nga Ulqini<\/title>\n<meta name=\"description\" content=\"Tani m\u00eb \u00ebsht\u00eb b\u00ebr\u00eb tradit\u00eb q\u00eb Konferenca shkencore e l\u00ebmis\u00eb s\u00eb ekonomis\u00eb, t\u00eb mbahet n\u00eb prag t\u00eb fest\u00ebs s\u00eb Dit\u00ebs s\u00eb Komun\u00ebs s\u00eb Ulqinit. Tradit\u00eb sepse\" \/>\n<meta name=\"robots\" content=\"index, follow, max-snippet:-1, max-image-preview:large, max-video-preview:-1\" \/>\n<link rel=\"canonical\" href=\"https:\/\/www.visit-ulcinj.com\/blog\/2013\/04\/07\/ulqini-qender-shkencore-foto\/\" \/>\n<meta property=\"og:locale\" content=\"en_US\" \/>\n<meta property=\"og:type\" content=\"article\" \/>\n<meta property=\"og:title\" content=\"Ulqini qend\u00ebr shkencore + Foto - Lajme nga Ulqini\" \/>\n<meta property=\"og:description\" content=\"Tani m\u00eb \u00ebsht\u00eb b\u00ebr\u00eb tradit\u00eb q\u00eb Konferenca shkencore e l\u00ebmis\u00eb s\u00eb ekonomis\u00eb, t\u00eb mbahet n\u00eb prag t\u00eb fest\u00ebs s\u00eb Dit\u00ebs s\u00eb Komun\u00ebs s\u00eb Ulqinit. Tradit\u00eb sepse\" \/>\n<meta property=\"og:url\" content=\"https:\/\/www.visit-ulcinj.com\/blog\/2013\/04\/07\/ulqini-qender-shkencore-foto\/\" \/>\n<meta property=\"og:site_name\" content=\"Lajme nga Ulqini\" \/>\n<meta property=\"article:published_time\" content=\"2013-04-07T13:47:04+00:00\" \/>\n<meta property=\"article:modified_time\" content=\"2013-04-10T15:12:49+00:00\" \/>\n<meta property=\"og:image\" content=\"https:\/\/www.visit-ulcinj.com\/blog\/wp-content\/uploads\/2013\/04\/Ulqini-qend\u00ebr-shkencore-Internacionale.4-150x150.jpg\" \/>\n<meta name=\"twitter:label1\" content=\"Written by\" \/>\n\t<meta name=\"twitter:data1\" content=\"ulqini\" \/>\n\t<meta name=\"twitter:label2\" content=\"Est. reading time\" \/>\n\t<meta name=\"twitter:data2\" content=\"5 minutes\" \/>\n<script type=\"application\/ld+json\" class=\"yoast-schema-graph\">{\"@context\":\"https:\/\/schema.org\",\"@graph\":[{\"@type\":\"WebSite\",\"@id\":\"https:\/\/www.visit-ulcinj.com\/blog\/#website\",\"url\":\"https:\/\/www.visit-ulcinj.com\/blog\/\",\"name\":\"Lajme nga Ulqini\",\"description\":\"Lajme,Vijesti,Ulqini,Ulqin,Crna Gora,Mali i Zi\",\"potentialAction\":[{\"@type\":\"SearchAction\",\"target\":{\"@type\":\"EntryPoint\",\"urlTemplate\":\"https:\/\/www.visit-ulcinj.com\/blog\/?s={search_term_string}\"},\"query-input\":\"required name=search_term_string\"}],\"inLanguage\":\"en-US\"},{\"@type\":\"WebPage\",\"@id\":\"https:\/\/www.visit-ulcinj.com\/blog\/2013\/04\/07\/ulqini-qender-shkencore-foto\/#webpage\",\"url\":\"https:\/\/www.visit-ulcinj.com\/blog\/2013\/04\/07\/ulqini-qender-shkencore-foto\/\",\"name\":\"Ulqini qend\u00ebr shkencore + Foto - Lajme nga Ulqini\",\"isPartOf\":{\"@id\":\"https:\/\/www.visit-ulcinj.com\/blog\/#website\"},\"datePublished\":\"2013-04-07T13:47:04+00:00\",\"dateModified\":\"2013-04-10T15:12:49+00:00\",\"author\":{\"@id\":\"https:\/\/www.visit-ulcinj.com\/blog\/#\/schema\/person\/dcab619c614d3038751c63bc2aadc06d\"},\"description\":\"Tani m\u00eb \u00ebsht\u00eb b\u00ebr\u00eb tradit\u00eb q\u00eb Konferenca shkencore e l\u00ebmis\u00eb s\u00eb ekonomis\u00eb, t\u00eb mbahet n\u00eb prag t\u00eb fest\u00ebs s\u00eb Dit\u00ebs s\u00eb Komun\u00ebs s\u00eb Ulqinit. Tradit\u00eb sepse\",\"breadcrumb\":{\"@id\":\"https:\/\/www.visit-ulcinj.com\/blog\/2013\/04\/07\/ulqini-qender-shkencore-foto\/#breadcrumb\"},\"inLanguage\":\"en-US\",\"potentialAction\":[{\"@type\":\"ReadAction\",\"target\":[\"https:\/\/www.visit-ulcinj.com\/blog\/2013\/04\/07\/ulqini-qender-shkencore-foto\/\"]}]},{\"@type\":\"BreadcrumbList\",\"@id\":\"https:\/\/www.visit-ulcinj.com\/blog\/2013\/04\/07\/ulqini-qender-shkencore-foto\/#breadcrumb\",\"itemListElement\":[{\"@type\":\"ListItem\",\"position\":1,\"name\":\"Ulqini qend\u00ebr shkencore + Foto\"}]},{\"@type\":\"Person\",\"@id\":\"https:\/\/www.visit-ulcinj.com\/blog\/#\/schema\/person\/dcab619c614d3038751c63bc2aadc06d\",\"name\":\"ulqini\",\"sameAs\":[\"http:\/\/www.visit-ulcinj.com\"],\"url\":\"https:\/\/www.visit-ulcinj.com\/blog\/author\/admin\/\"}]}<\/script>\n<!-- \/ Yoast SEO plugin. -->","yoast_head_json":{"title":"Ulqini qend\u00ebr shkencore + Foto - Lajme nga Ulqini","description":"Tani m\u00eb \u00ebsht\u00eb b\u00ebr\u00eb tradit\u00eb q\u00eb Konferenca shkencore e l\u00ebmis\u00eb s\u00eb ekonomis\u00eb, t\u00eb mbahet n\u00eb prag t\u00eb fest\u00ebs s\u00eb Dit\u00ebs s\u00eb Komun\u00ebs s\u00eb Ulqinit. Tradit\u00eb sepse","robots":{"index":"index","follow":"follow","max-snippet":"max-snippet:-1","max-image-preview":"max-image-preview:large","max-video-preview":"max-video-preview:-1"},"canonical":"https:\/\/www.visit-ulcinj.com\/blog\/2013\/04\/07\/ulqini-qender-shkencore-foto\/","og_locale":"en_US","og_type":"article","og_title":"Ulqini qend\u00ebr shkencore + Foto - Lajme nga Ulqini","og_description":"Tani m\u00eb \u00ebsht\u00eb b\u00ebr\u00eb tradit\u00eb q\u00eb Konferenca shkencore e l\u00ebmis\u00eb s\u00eb ekonomis\u00eb, t\u00eb mbahet n\u00eb prag t\u00eb fest\u00ebs s\u00eb Dit\u00ebs s\u00eb Komun\u00ebs s\u00eb Ulqinit. Tradit\u00eb sepse","og_url":"https:\/\/www.visit-ulcinj.com\/blog\/2013\/04\/07\/ulqini-qender-shkencore-foto\/","og_site_name":"Lajme nga Ulqini","article_published_time":"2013-04-07T13:47:04+00:00","article_modified_time":"2013-04-10T15:12:49+00:00","og_image":[{"url":"https:\/\/www.visit-ulcinj.com\/blog\/wp-content\/uploads\/2013\/04\/Ulqini-qend\u00ebr-shkencore-Internacionale.4-150x150.jpg"}],"twitter_misc":{"Written by":"ulqini","Est. reading time":"5 minutes"},"schema":{"@context":"https:\/\/schema.org","@graph":[{"@type":"WebSite","@id":"https:\/\/www.visit-ulcinj.com\/blog\/#website","url":"https:\/\/www.visit-ulcinj.com\/blog\/","name":"Lajme nga Ulqini","description":"Lajme,Vijesti,Ulqini,Ulqin,Crna Gora,Mali i Zi","potentialAction":[{"@type":"SearchAction","target":{"@type":"EntryPoint","urlTemplate":"https:\/\/www.visit-ulcinj.com\/blog\/?s={search_term_string}"},"query-input":"required name=search_term_string"}],"inLanguage":"en-US"},{"@type":"WebPage","@id":"https:\/\/www.visit-ulcinj.com\/blog\/2013\/04\/07\/ulqini-qender-shkencore-foto\/#webpage","url":"https:\/\/www.visit-ulcinj.com\/blog\/2013\/04\/07\/ulqini-qender-shkencore-foto\/","name":"Ulqini qend\u00ebr shkencore + Foto - Lajme nga Ulqini","isPartOf":{"@id":"https:\/\/www.visit-ulcinj.com\/blog\/#website"},"datePublished":"2013-04-07T13:47:04+00:00","dateModified":"2013-04-10T15:12:49+00:00","author":{"@id":"https:\/\/www.visit-ulcinj.com\/blog\/#\/schema\/person\/dcab619c614d3038751c63bc2aadc06d"},"description":"Tani m\u00eb \u00ebsht\u00eb b\u00ebr\u00eb tradit\u00eb q\u00eb Konferenca shkencore e l\u00ebmis\u00eb s\u00eb ekonomis\u00eb, t\u00eb mbahet n\u00eb prag t\u00eb fest\u00ebs s\u00eb Dit\u00ebs s\u00eb Komun\u00ebs s\u00eb Ulqinit. Tradit\u00eb sepse","breadcrumb":{"@id":"https:\/\/www.visit-ulcinj.com\/blog\/2013\/04\/07\/ulqini-qender-shkencore-foto\/#breadcrumb"},"inLanguage":"en-US","potentialAction":[{"@type":"ReadAction","target":["https:\/\/www.visit-ulcinj.com\/blog\/2013\/04\/07\/ulqini-qender-shkencore-foto\/"]}]},{"@type":"BreadcrumbList","@id":"https:\/\/www.visit-ulcinj.com\/blog\/2013\/04\/07\/ulqini-qender-shkencore-foto\/#breadcrumb","itemListElement":[{"@type":"ListItem","position":1,"name":"Ulqini qend\u00ebr shkencore + Foto"}]},{"@type":"Person","@id":"https:\/\/www.visit-ulcinj.com\/blog\/#\/schema\/person\/dcab619c614d3038751c63bc2aadc06d","name":"ulqini","sameAs":["http:\/\/www.visit-ulcinj.com"],"url":"https:\/\/www.visit-ulcinj.com\/blog\/author\/admin\/"}]}},"jetpack_featured_media_url":"","jetpack_sharing_enabled":true,"jetpack_shortlink":"https:\/\/wp.me\/pe6lTn-ijE","_links":{"self":[{"href":"https:\/\/www.visit-ulcinj.com\/blog\/wp-json\/wp\/v2\/posts\/70410"}],"collection":[{"href":"https:\/\/www.visit-ulcinj.com\/blog\/wp-json\/wp\/v2\/posts"}],"about":[{"href":"https:\/\/www.visit-ulcinj.com\/blog\/wp-json\/wp\/v2\/types\/post"}],"author":[{"embeddable":true,"href":"https:\/\/www.visit-ulcinj.com\/blog\/wp-json\/wp\/v2\/users\/1"}],"replies":[{"embeddable":true,"href":"https:\/\/www.visit-ulcinj.com\/blog\/wp-json\/wp\/v2\/comments?post=70410"}],"version-history":[{"count":5,"href":"https:\/\/www.visit-ulcinj.com\/blog\/wp-json\/wp\/v2\/posts\/70410\/revisions"}],"predecessor-version":[{"id":70488,"href":"https:\/\/www.visit-ulcinj.com\/blog\/wp-json\/wp\/v2\/posts\/70410\/revisions\/70488"}],"wp:attachment":[{"href":"https:\/\/www.visit-ulcinj.com\/blog\/wp-json\/wp\/v2\/media?parent=70410"}],"wp:term":[{"taxonomy":"category","embeddable":true,"href":"https:\/\/www.visit-ulcinj.com\/blog\/wp-json\/wp\/v2\/categories?post=70410"},{"taxonomy":"post_tag","embeddable":true,"href":"https:\/\/www.visit-ulcinj.com\/blog\/wp-json\/wp\/v2\/tags?post=70410"}],"curies":[{"name":"wp","href":"https:\/\/api.w.org\/{rel}","templated":true}]}}