{"id":70427,"date":"2013-04-08T11:08:52","date_gmt":"2013-04-08T10:08:52","guid":{"rendered":"http:\/\/www.visit-ulcinj.com\/blog\/?p=70427"},"modified":"2013-04-10T16:12:33","modified_gmt":"2013-04-10T15:12:33","slug":"armend-milla-vjen-me-kengen-i-perhumbur-video","status":"publish","type":"post","link":"https:\/\/www.visit-ulcinj.com\/blog\/2013\/04\/08\/armend-milla-vjen-me-kengen-i-perhumbur-video\/","title":{"rendered":"Armend Milla vjen me k\u00ebng\u00ebn \u201c I perhumbur\u201d- Video"},"content":{"rendered":"<p><a href=\"http:\/\/www.visit-ulcinj.com\/blog\/wp-content\/uploads\/2013\/04\/Armend-Milla-I-Perhumbur.jpg\"><img loading=\"lazy\" class=\"alignleft  wp-image-70428\" alt=\"Armend Milla - I Perhumbur\" src=\"http:\/\/www.visit-ulcinj.com\/blog\/wp-content\/uploads\/2013\/04\/Armend-Milla-I-Perhumbur.jpg\" width=\"508\" height=\"360\" \/><\/a>Armend Milla m\u00eb n\u00eb fund na sjell nj\u00eb k\u00ebng\u00eb t\u00eb re.\u00a0Armendi edhe k\u00ebsaj radhe ka menduar t\u00eb sjell\u00eb nj\u00eb projekt t\u00eb ri pak m\u00eb ndryshe n\u00eb sken\u00ebn muzikore.<\/p>\n<p>Videoklipi eshte gjiruar nga shoku im i ngusht Ali Zhygjeli&#8230;modele e videoklipit eshte Aleksandra Dedivanoviq, Make up by Mexhida Zati si dhe asistentja e klipit Hana Ismajlaga.<br \/>\n<a href=\"http:\/\/www.visit-ulcinj.com\/blog\/wp-content\/uploads\/2013\/04\/Armend-Milla-I-Perhumbur.2.jpg\"><img loading=\"lazy\" class=\"alignleft  wp-image-70429\" alt=\"Armend Milla - I Perhumbur.2\" src=\"http:\/\/www.visit-ulcinj.com\/blog\/wp-content\/uploads\/2013\/04\/Armend-Milla-I-Perhumbur.2.jpg\" width=\"508\" height=\"300\" \/><\/a><\/p>\n<p>Dua te shfrytezoj rastin te falenderoj edhe hkollen e vallezimit Porta di Danza me ne krye Musa Hoxhen per idene e vallezimit ne klip. Gjithashtu dua te Falenderoj Majda Jukovic e cila ishte partnere e Musa Hoxhes ne vallezim. Ideja e klipit ishte qe ne menyre konzervative te promovohen disa elemente te qytetit tone. Vete kenga e kerkon qe ne background te shkoj nje ide e thjesht me elemente te thjeshta pa e tepruar me efekte, keshtu qe me krenari mund te konstatoj qe klipi eshte gjiruar ne kushte reale.<\/p>\n<p><a href=\"http:\/\/www.visit-ulcinj.com\/blog\/wp-content\/uploads\/2013\/04\/Armend-Milla-I-Perhumbur.1.jpg\"><img loading=\"lazy\" class=\"alignleft  wp-image-70430\" alt=\"Armend Milla - I Perhumbur.1\" src=\"http:\/\/www.visit-ulcinj.com\/blog\/wp-content\/uploads\/2013\/04\/Armend-Milla-I-Perhumbur.1.jpg\" width=\"508\" height=\"300\" \/><\/a><br \/>\nGershetimi i temave ne videoklip eshte ne paraleli me temen e kenges edhe adaptohet ne cdo moment te kenges me tekstin e saj, keshtu qe ne fakt kemi nje paraqitje vizuale por edhe me kendim dhe tekst nga mbrapa qe kete videoklip e bene te vecant.<br \/>\nIdeja e videoklipit ishte qe te promovojme edhe kualitetin e artit ne Ulqin duke e mos anashkaluar ate. Ali Zhygjeli me idejat e tija edhe me aftesine e tij te te lidhurit te skenave, aleksandra Dedivanovic me aktrimin e saj te bukur, Hana Ismajlaga me idejat e saja kane ndihmuar qe ky klip te realizohet edhe te jete ne nivel te duhur.<\/p>\n<p>Une si protagonist i keti videoklipi me plotkuptimin e fjales mund te them qe jam teper i kenaqur dhe mund te them qe une si person do mundohem te promovoj kete tim te regjise, sepse me te vertet e meritojne.<\/p>\n<p>Besoj se bashk\u00ebpunimi yn\u00eb do t\u00eb vazhdoj edhe n\u00eb t\u00eb ardhmen\u201d thot\u00eb Armend Milla.<br \/>\n\n\t\t<style type=\"text\/css\">\n\t\t\t#gallery-1 {\n\t\t\t\tmargin: auto;\n\t\t\t}\n\t\t\t#gallery-1 .gallery-item {\n\t\t\t\tfloat: left;\n\t\t\t\tmargin-top: 10px;\n\t\t\t\ttext-align: center;\n\t\t\t\twidth: 33%;\n\t\t\t}\n\t\t\t#gallery-1 img {\n\t\t\t\tborder: 2px solid #cfcfcf;\n\t\t\t}\n\t\t\t#gallery-1 .gallery-caption {\n\t\t\t\tmargin-left: 0;\n\t\t\t}\n\t\t\t\/* see gallery_shortcode() in wp-includes\/media.php *\/\n\t\t<\/style>\n\t\t<div id='gallery-1' class='gallery galleryid-70427 gallery-columns-3 gallery-size-thumbnail'><dl class='gallery-item'>\n\t\t\t<dt class='gallery-icon landscape'>\n\t\t\t\t<a href='https:\/\/www.visit-ulcinj.com\/blog\/2013\/04\/08\/armend-milla-vjen-me-kengen-i-perhumbur-video\/armend-milla-i-perhumbur-4\/'><img width=\"150\" height=\"150\" src=\"https:\/\/www.visit-ulcinj.com\/blog\/wp-content\/uploads\/2013\/04\/Armend-Milla-I-Perhumbur.4-150x150.jpg\" class=\"attachment-thumbnail size-thumbnail\" alt=\"\" loading=\"lazy\" \/><\/a>\n\t\t\t<\/dt><\/dl><dl class='gallery-item'>\n\t\t\t<dt class='gallery-icon landscape'>\n\t\t\t\t<a href='https:\/\/www.visit-ulcinj.com\/blog\/2013\/04\/08\/armend-milla-vjen-me-kengen-i-perhumbur-video\/armend-milla-i-perhumbur-5\/'><img width=\"150\" height=\"150\" src=\"https:\/\/www.visit-ulcinj.com\/blog\/wp-content\/uploads\/2013\/04\/Armend-Milla-I-Perhumbur.5-150x150.jpg\" class=\"attachment-thumbnail size-thumbnail\" alt=\"\" loading=\"lazy\" \/><\/a>\n\t\t\t<\/dt><\/dl><dl class='gallery-item'>\n\t\t\t<dt class='gallery-icon landscape'>\n\t\t\t\t<a href='https:\/\/www.visit-ulcinj.com\/blog\/2013\/04\/08\/armend-milla-vjen-me-kengen-i-perhumbur-video\/armend-milla-i-perhumbur-6\/'><img width=\"150\" height=\"150\" src=\"https:\/\/www.visit-ulcinj.com\/blog\/wp-content\/uploads\/2013\/04\/Armend-Milla-I-Perhumbur.6-150x150.jpg\" class=\"attachment-thumbnail size-thumbnail\" alt=\"\" loading=\"lazy\" \/><\/a>\n\t\t\t<\/dt><\/dl><br style=\"clear: both\" \/>\n\t\t<\/div>\n<\/p>\n<p><strong>Ja pra edhe teksti i kenges.<\/strong><\/p>\n<p>I Perhumbur<\/p>\n<p>Si ne faj,<br \/>\nI perhumbur ndihem syte e saj,<br \/>\nPerlotur thyer si kristal<br \/>\nNje enderr shuhet ne kte nate, ne kte nate<\/p>\n<p>Vetem zeri i saj, vetem qenia e saj<br \/>\nme ben te qesh, me ben te qaje<\/p>\n<p>Ne ditare te zemres shkruaj,<br \/>\nsi nje cast te humba,<br \/>\nsi te them me fal<br \/>\ne dij se vuan ne kte nate, ne kte nate<\/p>\n<p>vetem zeri i saj, vetem qenia e saj<br \/>\nme ben te qesh, me ben te qaje<\/p>\n<p>Ndjeva,<br \/>\nse endrra qe kisha jetuar<br \/>\ntani eshte nje zjarre qe u shua<br \/>\ndhe smund te ndizet jo me, jo kurre<\/p>\n<p>Ndjeva,<br \/>\nshikimin tim te verbuar,<br \/>\nbuzeqeshjen qe kisha harruar<br \/>\nmund te ma ktheje vec qenia e saj<\/p>\n<p><strong>Per shkak te regullave te festivalit ku kenga konkuron, Klipi i ri i Armend Mill\u00ebs sdo te jet publike perderisa zgjat festivali. Juve faliminderit n\u00eb mirkuptim<br \/>\n<\/strong><\/p>\n<p><iframe loading=\"lazy\" src=\"http:\/\/www.youtube.com\/embed\/ISSjmSi_ndg\" height=\"360\" width=\"508\" allowfullscreen=\"\" frameborder=\"0\"><\/iframe><\/p>\n","protected":false},"excerpt":{"rendered":"<p>Armend Milla m\u00eb n\u00eb fund na sjell nj\u00eb k\u00ebng\u00eb t\u00eb re.\u00a0Armendi edhe k\u00ebsaj radhe ka menduar t\u00eb sjell\u00eb nj\u00eb projekt t\u00eb ri pak m\u00eb ndryshe n\u00eb sken\u00ebn muzikore. Videoklipi eshte gjiruar nga shoku im i ngusht Ali Zhygjeli&#8230;modele e videoklipit eshte Aleksandra Dedivanoviq, Make up by Mexhida Zati si dhe asistentja e klipit Hana Ismajlaga. [&hellip;]<\/p>\n","protected":false},"author":1,"featured_media":0,"comment_status":"open","ping_status":"closed","sticky":false,"template":"","format":"standard","meta":{"spay_email":"","jetpack_publicize_message":"","jetpack_is_tweetstorm":false,"jetpack_publicize_feature_enabled":true},"categories":[1],"tags":[18168,21979,200,18],"jetpack_publicize_connections":[],"yoast_head":"<!-- This site is optimized with the Yoast SEO plugin v19.1 - https:\/\/yoast.com\/wordpress\/plugins\/seo\/ -->\n<title>Armend Milla vjen me k\u00ebng\u00ebn \u201c I perhumbur\u201d- Video - Lajme nga Ulqini<\/title>\n<meta name=\"description\" content=\"Armend Milla m\u00eb n\u00eb fund na sjell nj\u00eb k\u00ebng\u00eb t\u00eb re.\u00a0Armendi edhe k\u00ebsaj radhe ka menduar t\u00eb sjell\u00eb nj\u00eb projekt t\u00eb ri pak m\u00eb ndryshe n\u00eb sken\u00ebn muzikore.\" \/>\n<meta name=\"robots\" content=\"index, follow, max-snippet:-1, max-image-preview:large, max-video-preview:-1\" \/>\n<link rel=\"canonical\" href=\"https:\/\/www.visit-ulcinj.com\/blog\/2013\/04\/08\/armend-milla-vjen-me-kengen-i-perhumbur-video\/\" \/>\n<meta property=\"og:locale\" content=\"en_US\" \/>\n<meta property=\"og:type\" content=\"article\" \/>\n<meta property=\"og:title\" content=\"Armend Milla vjen me k\u00ebng\u00ebn \u201c I perhumbur\u201d- Video - Lajme nga Ulqini\" \/>\n<meta property=\"og:description\" content=\"Armend Milla m\u00eb n\u00eb fund na sjell nj\u00eb k\u00ebng\u00eb t\u00eb re.\u00a0Armendi edhe k\u00ebsaj radhe ka menduar t\u00eb sjell\u00eb nj\u00eb projekt t\u00eb ri pak m\u00eb ndryshe n\u00eb sken\u00ebn muzikore.\" \/>\n<meta property=\"og:url\" content=\"https:\/\/www.visit-ulcinj.com\/blog\/2013\/04\/08\/armend-milla-vjen-me-kengen-i-perhumbur-video\/\" \/>\n<meta property=\"og:site_name\" content=\"Lajme nga Ulqini\" \/>\n<meta property=\"article:published_time\" content=\"2013-04-08T10:08:52+00:00\" \/>\n<meta property=\"article:modified_time\" content=\"2013-04-10T15:12:33+00:00\" \/>\n<meta property=\"og:image\" content=\"https:\/\/www.visit-ulcinj.com\/blog\/wp-content\/uploads\/2013\/04\/Armend-Milla-I-Perhumbur.4-150x150.jpg\" \/>\n<meta name=\"twitter:label1\" content=\"Written by\" \/>\n\t<meta name=\"twitter:data1\" content=\"ulqini\" \/>\n\t<meta name=\"twitter:label2\" content=\"Est. reading time\" \/>\n\t<meta name=\"twitter:data2\" content=\"2 minutes\" \/>\n<script type=\"application\/ld+json\" class=\"yoast-schema-graph\">{\"@context\":\"https:\/\/schema.org\",\"@graph\":[{\"@type\":\"WebSite\",\"@id\":\"https:\/\/www.visit-ulcinj.com\/blog\/#website\",\"url\":\"https:\/\/www.visit-ulcinj.com\/blog\/\",\"name\":\"Lajme nga Ulqini\",\"description\":\"Lajme,Vijesti,Ulqini,Ulqin,Crna Gora,Mali i Zi\",\"potentialAction\":[{\"@type\":\"SearchAction\",\"target\":{\"@type\":\"EntryPoint\",\"urlTemplate\":\"https:\/\/www.visit-ulcinj.com\/blog\/?s={search_term_string}\"},\"query-input\":\"required name=search_term_string\"}],\"inLanguage\":\"en-US\"},{\"@type\":\"ImageObject\",\"inLanguage\":\"en-US\",\"@id\":\"https:\/\/www.visit-ulcinj.com\/blog\/2013\/04\/08\/armend-milla-vjen-me-kengen-i-perhumbur-video\/#primaryimage\",\"url\":\"https:\/\/www.visit-ulcinj.com\/blog\/wp-content\/uploads\/2013\/04\/Armend-Milla-I-Perhumbur.jpg\",\"contentUrl\":\"https:\/\/www.visit-ulcinj.com\/blog\/wp-content\/uploads\/2013\/04\/Armend-Milla-I-Perhumbur.jpg\",\"width\":843,\"height\":635},{\"@type\":\"WebPage\",\"@id\":\"https:\/\/www.visit-ulcinj.com\/blog\/2013\/04\/08\/armend-milla-vjen-me-kengen-i-perhumbur-video\/#webpage\",\"url\":\"https:\/\/www.visit-ulcinj.com\/blog\/2013\/04\/08\/armend-milla-vjen-me-kengen-i-perhumbur-video\/\",\"name\":\"Armend Milla vjen me k\u00ebng\u00ebn \u201c I perhumbur\u201d- Video - Lajme nga Ulqini\",\"isPartOf\":{\"@id\":\"https:\/\/www.visit-ulcinj.com\/blog\/#website\"},\"primaryImageOfPage\":{\"@id\":\"https:\/\/www.visit-ulcinj.com\/blog\/2013\/04\/08\/armend-milla-vjen-me-kengen-i-perhumbur-video\/#primaryimage\"},\"datePublished\":\"2013-04-08T10:08:52+00:00\",\"dateModified\":\"2013-04-10T15:12:33+00:00\",\"author\":{\"@id\":\"https:\/\/www.visit-ulcinj.com\/blog\/#\/schema\/person\/dcab619c614d3038751c63bc2aadc06d\"},\"description\":\"Armend Milla m\u00eb n\u00eb fund na sjell nj\u00eb k\u00ebng\u00eb t\u00eb re.\u00a0Armendi edhe k\u00ebsaj radhe ka menduar t\u00eb sjell\u00eb nj\u00eb projekt t\u00eb ri pak m\u00eb ndryshe n\u00eb sken\u00ebn muzikore.\",\"breadcrumb\":{\"@id\":\"https:\/\/www.visit-ulcinj.com\/blog\/2013\/04\/08\/armend-milla-vjen-me-kengen-i-perhumbur-video\/#breadcrumb\"},\"inLanguage\":\"en-US\",\"potentialAction\":[{\"@type\":\"ReadAction\",\"target\":[\"https:\/\/www.visit-ulcinj.com\/blog\/2013\/04\/08\/armend-milla-vjen-me-kengen-i-perhumbur-video\/\"]}]},{\"@type\":\"BreadcrumbList\",\"@id\":\"https:\/\/www.visit-ulcinj.com\/blog\/2013\/04\/08\/armend-milla-vjen-me-kengen-i-perhumbur-video\/#breadcrumb\",\"itemListElement\":[{\"@type\":\"ListItem\",\"position\":1,\"name\":\"Armend Milla vjen me k\u00ebng\u00ebn \u201c I perhumbur\u201d- Video\"}]},{\"@type\":\"Person\",\"@id\":\"https:\/\/www.visit-ulcinj.com\/blog\/#\/schema\/person\/dcab619c614d3038751c63bc2aadc06d\",\"name\":\"ulqini\",\"sameAs\":[\"http:\/\/www.visit-ulcinj.com\"],\"url\":\"https:\/\/www.visit-ulcinj.com\/blog\/author\/admin\/\"}]}<\/script>\n<!-- \/ Yoast SEO plugin. -->","yoast_head_json":{"title":"Armend Milla vjen me k\u00ebng\u00ebn \u201c I perhumbur\u201d- Video - Lajme nga Ulqini","description":"Armend Milla m\u00eb n\u00eb fund na sjell nj\u00eb k\u00ebng\u00eb t\u00eb re.\u00a0Armendi edhe k\u00ebsaj radhe ka menduar t\u00eb sjell\u00eb nj\u00eb projekt t\u00eb ri pak m\u00eb ndryshe n\u00eb sken\u00ebn muzikore.","robots":{"index":"index","follow":"follow","max-snippet":"max-snippet:-1","max-image-preview":"max-image-preview:large","max-video-preview":"max-video-preview:-1"},"canonical":"https:\/\/www.visit-ulcinj.com\/blog\/2013\/04\/08\/armend-milla-vjen-me-kengen-i-perhumbur-video\/","og_locale":"en_US","og_type":"article","og_title":"Armend Milla vjen me k\u00ebng\u00ebn \u201c I perhumbur\u201d- Video - Lajme nga Ulqini","og_description":"Armend Milla m\u00eb n\u00eb fund na sjell nj\u00eb k\u00ebng\u00eb t\u00eb re.\u00a0Armendi edhe k\u00ebsaj radhe ka menduar t\u00eb sjell\u00eb nj\u00eb projekt t\u00eb ri pak m\u00eb ndryshe n\u00eb sken\u00ebn muzikore.","og_url":"https:\/\/www.visit-ulcinj.com\/blog\/2013\/04\/08\/armend-milla-vjen-me-kengen-i-perhumbur-video\/","og_site_name":"Lajme nga Ulqini","article_published_time":"2013-04-08T10:08:52+00:00","article_modified_time":"2013-04-10T15:12:33+00:00","og_image":[{"url":"https:\/\/www.visit-ulcinj.com\/blog\/wp-content\/uploads\/2013\/04\/Armend-Milla-I-Perhumbur.4-150x150.jpg"}],"twitter_misc":{"Written by":"ulqini","Est. reading time":"2 minutes"},"schema":{"@context":"https:\/\/schema.org","@graph":[{"@type":"WebSite","@id":"https:\/\/www.visit-ulcinj.com\/blog\/#website","url":"https:\/\/www.visit-ulcinj.com\/blog\/","name":"Lajme nga Ulqini","description":"Lajme,Vijesti,Ulqini,Ulqin,Crna Gora,Mali i Zi","potentialAction":[{"@type":"SearchAction","target":{"@type":"EntryPoint","urlTemplate":"https:\/\/www.visit-ulcinj.com\/blog\/?s={search_term_string}"},"query-input":"required name=search_term_string"}],"inLanguage":"en-US"},{"@type":"ImageObject","inLanguage":"en-US","@id":"https:\/\/www.visit-ulcinj.com\/blog\/2013\/04\/08\/armend-milla-vjen-me-kengen-i-perhumbur-video\/#primaryimage","url":"https:\/\/www.visit-ulcinj.com\/blog\/wp-content\/uploads\/2013\/04\/Armend-Milla-I-Perhumbur.jpg","contentUrl":"https:\/\/www.visit-ulcinj.com\/blog\/wp-content\/uploads\/2013\/04\/Armend-Milla-I-Perhumbur.jpg","width":843,"height":635},{"@type":"WebPage","@id":"https:\/\/www.visit-ulcinj.com\/blog\/2013\/04\/08\/armend-milla-vjen-me-kengen-i-perhumbur-video\/#webpage","url":"https:\/\/www.visit-ulcinj.com\/blog\/2013\/04\/08\/armend-milla-vjen-me-kengen-i-perhumbur-video\/","name":"Armend Milla vjen me k\u00ebng\u00ebn \u201c I perhumbur\u201d- Video - Lajme nga Ulqini","isPartOf":{"@id":"https:\/\/www.visit-ulcinj.com\/blog\/#website"},"primaryImageOfPage":{"@id":"https:\/\/www.visit-ulcinj.com\/blog\/2013\/04\/08\/armend-milla-vjen-me-kengen-i-perhumbur-video\/#primaryimage"},"datePublished":"2013-04-08T10:08:52+00:00","dateModified":"2013-04-10T15:12:33+00:00","author":{"@id":"https:\/\/www.visit-ulcinj.com\/blog\/#\/schema\/person\/dcab619c614d3038751c63bc2aadc06d"},"description":"Armend Milla m\u00eb n\u00eb fund na sjell nj\u00eb k\u00ebng\u00eb t\u00eb re.\u00a0Armendi edhe k\u00ebsaj radhe ka menduar t\u00eb sjell\u00eb nj\u00eb projekt t\u00eb ri pak m\u00eb ndryshe n\u00eb sken\u00ebn muzikore.","breadcrumb":{"@id":"https:\/\/www.visit-ulcinj.com\/blog\/2013\/04\/08\/armend-milla-vjen-me-kengen-i-perhumbur-video\/#breadcrumb"},"inLanguage":"en-US","potentialAction":[{"@type":"ReadAction","target":["https:\/\/www.visit-ulcinj.com\/blog\/2013\/04\/08\/armend-milla-vjen-me-kengen-i-perhumbur-video\/"]}]},{"@type":"BreadcrumbList","@id":"https:\/\/www.visit-ulcinj.com\/blog\/2013\/04\/08\/armend-milla-vjen-me-kengen-i-perhumbur-video\/#breadcrumb","itemListElement":[{"@type":"ListItem","position":1,"name":"Armend Milla vjen me k\u00ebng\u00ebn \u201c I perhumbur\u201d- Video"}]},{"@type":"Person","@id":"https:\/\/www.visit-ulcinj.com\/blog\/#\/schema\/person\/dcab619c614d3038751c63bc2aadc06d","name":"ulqini","sameAs":["http:\/\/www.visit-ulcinj.com"],"url":"https:\/\/www.visit-ulcinj.com\/blog\/author\/admin\/"}]}},"jetpack_featured_media_url":"","jetpack_sharing_enabled":true,"jetpack_shortlink":"https:\/\/wp.me\/pe6lTn-ijV","_links":{"self":[{"href":"https:\/\/www.visit-ulcinj.com\/blog\/wp-json\/wp\/v2\/posts\/70427"}],"collection":[{"href":"https:\/\/www.visit-ulcinj.com\/blog\/wp-json\/wp\/v2\/posts"}],"about":[{"href":"https:\/\/www.visit-ulcinj.com\/blog\/wp-json\/wp\/v2\/types\/post"}],"author":[{"embeddable":true,"href":"https:\/\/www.visit-ulcinj.com\/blog\/wp-json\/wp\/v2\/users\/1"}],"replies":[{"embeddable":true,"href":"https:\/\/www.visit-ulcinj.com\/blog\/wp-json\/wp\/v2\/comments?post=70427"}],"version-history":[{"count":9,"href":"https:\/\/www.visit-ulcinj.com\/blog\/wp-json\/wp\/v2\/posts\/70427\/revisions"}],"predecessor-version":[{"id":70487,"href":"https:\/\/www.visit-ulcinj.com\/blog\/wp-json\/wp\/v2\/posts\/70427\/revisions\/70487"}],"wp:attachment":[{"href":"https:\/\/www.visit-ulcinj.com\/blog\/wp-json\/wp\/v2\/media?parent=70427"}],"wp:term":[{"taxonomy":"category","embeddable":true,"href":"https:\/\/www.visit-ulcinj.com\/blog\/wp-json\/wp\/v2\/categories?post=70427"},{"taxonomy":"post_tag","embeddable":true,"href":"https:\/\/www.visit-ulcinj.com\/blog\/wp-json\/wp\/v2\/tags?post=70427"}],"curies":[{"name":"wp","href":"https:\/\/api.w.org\/{rel}","templated":true}]}}