{"id":7046,"date":"2008-12-09T20:03:32","date_gmt":"2008-12-09T19:03:32","guid":{"rendered":"http:\/\/www.visit-ulcinj.com\/blog\/?p=7046"},"modified":"2008-12-09T20:03:32","modified_gmt":"2008-12-09T19:03:32","slug":"ciljeta-kopje-e-aguilieres","status":"publish","type":"post","link":"https:\/\/www.visit-ulcinj.com\/blog\/2008\/12\/09\/ciljeta-kopje-e-aguilieres\/","title":{"rendered":"\u00c7iljeta kopje e Aguilier\u00ebs"},"content":{"rendered":"<p><a href=\"http:\/\/www.visit-ulcinj.com\/blog\/wp-content\/uploads\/2008\/12\/ciljeta.jpg\"><img loading=\"lazy\" class=\"alignleft size-medium wp-image-7047\" title=\"ciljeta\" src=\"http:\/\/www.visit-ulcinj.com\/blog\/wp-content\/uploads\/2008\/12\/ciljeta-225x300.jpg\" alt=\"\" width=\"246\" height=\"338\" \/><\/a>\u00cbsht\u00eb b\u00ebr\u00eb i njohur tashm\u00eb p\u00ebr publikun, &#8220;d\u00ebnimi&#8221; q\u00eb mori k\u00ebng\u00ebtari kosovar me banim n\u00eb Zvic\u00ebr, Valton Krasniqi, pasi u zbulua se k\u00ebnga e tij ishte e vjedhur. Ndodh gjithmon\u00eb edhe n\u00eb bot\u00eb q\u00eb n\u00eb nj\u00eb kompeticion, k\u00ebng\u00ebt t\u00eb kalojn\u00eb n\u00eb sita shum\u00eb t\u00eb holla, para se t\u00eb marrin vler\u00ebsimin e duhur. Por duket se ky nuk do t\u00eb mbetet episodi i vet\u00ebm i festivalit prestigjoz &#8220;K\u00ebnga Magjike 2008&#8221;. Sipas njoftimeve q\u00eb na kan\u00eb b\u00ebr\u00eb lexuesit dhe mbas verifikimeve tona, duket se k\u00ebnga e \u00c7iljet\u00ebs &#8220;Duty free&#8221; ngjan shum\u00eb me k\u00ebng\u00ebn e k\u00ebng\u00ebtares s\u00eb famshme amerikane Christina Aguiliera me titull &#8220;Candyman&#8221;. Mbase n\u00eb fillim askush nuk e ka v\u00ebn\u00eb re k\u00ebt\u00eb ngjashm\u00ebri pasi dihet edhe hiret e \u00c7iljet\u00ebs ta turbullojn\u00eb paksa gjykimin. Por performanca e saj nat\u00ebn e par\u00eb t\u00eb festivalit &#8220;K\u00ebnga Magjike&#8221; duket se shum\u00eb dashamir\u00ebsve t\u00eb muzik\u00ebs u ka kujtuar pik\u00ebrisht k\u00ebng\u00ebn e Aguilier\u00ebs. Pjesa q\u00eb \u00ebsht\u00eb si e recituar \u00ebsht\u00eb kopje, po k\u00ebshtu edhe uniforma e marinarit si\u00e7 e shikoni edhe n\u00eb k\u00ebto dy foto. Por kur e kemi par\u00eb me kujdes, n\u00eb fakt edhe tekstet e dy k\u00ebng\u00ebve ngjajn\u00eb. Aguiliera thot\u00eb k\u00ebshtu n\u00eb k\u00ebng\u00ebn e saj &#8220;Ne shkuam n\u00eb nj\u00eb one stop shop p\u00ebr t\u00eb pir\u00eb di\u00e7ka&#8221;, nd\u00ebrkoh\u00eb q\u00eb \u00c7iljeta thot\u00eb &#8220;Duty free ishte vendi ku ne shkuam p\u00ebr t\u00eb pir\u00eb di\u00e7ka&#8221;. Mbasi i d\u00ebgjuam t\u00eb dyja k\u00ebng\u00ebt me v\u00ebmendje dhe u bind\u00ebm p\u00ebr ngjashm\u00ebrin\u00eb e tyre, vendos\u00ebm ta publikojm\u00eb k\u00ebt\u00eb fakt, meq\u00eb n\u00eb nj\u00eb festival si\u00e7 e tham\u00eb edhe m\u00eb lart \u00ebsht\u00eb shum\u00eb e r\u00ebnd\u00ebsishme origjinaliteti i k\u00ebng\u00ebs n\u00eb m\u00ebnyr\u00eb q\u00eb konkurrimi t\u00eb jet\u00eb i ndersh\u00ebm.<\/p>\n<!--YouTube Error: bad URL entered-->\n","protected":false},"excerpt":{"rendered":"<p>\u00cbsht\u00eb b\u00ebr\u00eb i njohur tashm\u00eb p\u00ebr publikun, &#8220;d\u00ebnimi&#8221; q\u00eb mori k\u00ebng\u00ebtari kosovar me banim n\u00eb Zvic\u00ebr, Valton Krasniqi, pasi u zbulua se k\u00ebnga e tij ishte e vjedhur. Ndodh gjithmon\u00eb edhe n\u00eb bot\u00eb q\u00eb n\u00eb nj\u00eb kompeticion, k\u00ebng\u00ebt t\u00eb kalojn\u00eb n\u00eb sita shum\u00eb t\u00eb holla, para se t\u00eb marrin vler\u00ebsimin e duhur. Por duket se [&hellip;]<\/p>\n","protected":false},"author":1,"featured_media":0,"comment_status":"open","ping_status":"closed","sticky":false,"template":"","format":"standard","meta":{"spay_email":"","jetpack_publicize_message":"","jetpack_is_tweetstorm":false,"jetpack_publicize_feature_enabled":true},"categories":[1],"tags":[5191],"jetpack_publicize_connections":[],"yoast_head":"<!-- This site is optimized with the Yoast SEO plugin v19.1 - https:\/\/yoast.com\/wordpress\/plugins\/seo\/ -->\n<title>\u00c7iljeta kopje e Aguilier\u00ebs - Lajme nga Ulqini<\/title>\n<meta name=\"description\" content=\"\u00cbsht\u00eb b\u00ebr\u00eb i njohur tashm\u00eb p\u00ebr publikun, &quot;d\u00ebnimi&quot; q\u00eb mori k\u00ebng\u00ebtari kosovar me banim n\u00eb Zvic\u00ebr, Valton Krasniqi, pasi u zbulua se k\u00ebnga e tij ishte e\" \/>\n<meta name=\"robots\" content=\"index, follow, max-snippet:-1, max-image-preview:large, max-video-preview:-1\" \/>\n<link rel=\"canonical\" href=\"https:\/\/www.visit-ulcinj.com\/blog\/2008\/12\/09\/ciljeta-kopje-e-aguilieres\/\" \/>\n<meta property=\"og:locale\" content=\"en_US\" \/>\n<meta property=\"og:type\" content=\"article\" \/>\n<meta property=\"og:title\" content=\"\u00c7iljeta kopje e Aguilier\u00ebs - Lajme nga Ulqini\" \/>\n<meta property=\"og:description\" content=\"\u00cbsht\u00eb b\u00ebr\u00eb i njohur tashm\u00eb p\u00ebr publikun, &quot;d\u00ebnimi&quot; q\u00eb mori k\u00ebng\u00ebtari kosovar me banim n\u00eb Zvic\u00ebr, Valton Krasniqi, pasi u zbulua se k\u00ebnga e tij ishte e\" \/>\n<meta property=\"og:url\" content=\"https:\/\/www.visit-ulcinj.com\/blog\/2008\/12\/09\/ciljeta-kopje-e-aguilieres\/\" \/>\n<meta property=\"og:site_name\" content=\"Lajme nga Ulqini\" \/>\n<meta property=\"article:published_time\" content=\"2008-12-09T19:03:32+00:00\" \/>\n<meta property=\"og:image\" content=\"http:\/\/www.visit-ulcinj.com\/blog\/wp-content\/uploads\/2008\/12\/ciljeta-225x300.jpg\" \/>\n<meta name=\"twitter:label1\" content=\"Written by\" \/>\n\t<meta name=\"twitter:data1\" content=\"ulqini\" \/>\n\t<meta name=\"twitter:label2\" content=\"Est. reading time\" \/>\n\t<meta name=\"twitter:data2\" content=\"2 minutes\" \/>\n<script type=\"application\/ld+json\" class=\"yoast-schema-graph\">{\"@context\":\"https:\/\/schema.org\",\"@graph\":[{\"@type\":\"WebSite\",\"@id\":\"https:\/\/www.visit-ulcinj.com\/blog\/#website\",\"url\":\"https:\/\/www.visit-ulcinj.com\/blog\/\",\"name\":\"Lajme nga Ulqini\",\"description\":\"Lajme,Vijesti,Ulqini,Ulqin,Crna Gora,Mali i Zi\",\"potentialAction\":[{\"@type\":\"SearchAction\",\"target\":{\"@type\":\"EntryPoint\",\"urlTemplate\":\"https:\/\/www.visit-ulcinj.com\/blog\/?s={search_term_string}\"},\"query-input\":\"required name=search_term_string\"}],\"inLanguage\":\"en-US\"},{\"@type\":\"ImageObject\",\"inLanguage\":\"en-US\",\"@id\":\"https:\/\/www.visit-ulcinj.com\/blog\/2008\/12\/09\/ciljeta-kopje-e-aguilieres\/#primaryimage\",\"url\":\"http:\/\/www.visit-ulcinj.com\/blog\/wp-content\/uploads\/2008\/12\/ciljeta-225x300.jpg\",\"contentUrl\":\"http:\/\/www.visit-ulcinj.com\/blog\/wp-content\/uploads\/2008\/12\/ciljeta-225x300.jpg\"},{\"@type\":\"WebPage\",\"@id\":\"https:\/\/www.visit-ulcinj.com\/blog\/2008\/12\/09\/ciljeta-kopje-e-aguilieres\/#webpage\",\"url\":\"https:\/\/www.visit-ulcinj.com\/blog\/2008\/12\/09\/ciljeta-kopje-e-aguilieres\/\",\"name\":\"\u00c7iljeta kopje e Aguilier\u00ebs - Lajme nga Ulqini\",\"isPartOf\":{\"@id\":\"https:\/\/www.visit-ulcinj.com\/blog\/#website\"},\"primaryImageOfPage\":{\"@id\":\"https:\/\/www.visit-ulcinj.com\/blog\/2008\/12\/09\/ciljeta-kopje-e-aguilieres\/#primaryimage\"},\"datePublished\":\"2008-12-09T19:03:32+00:00\",\"dateModified\":\"2008-12-09T19:03:32+00:00\",\"author\":{\"@id\":\"https:\/\/www.visit-ulcinj.com\/blog\/#\/schema\/person\/dcab619c614d3038751c63bc2aadc06d\"},\"description\":\"\u00cbsht\u00eb b\u00ebr\u00eb i njohur tashm\u00eb p\u00ebr publikun, \\\"d\u00ebnimi\\\" q\u00eb mori k\u00ebng\u00ebtari kosovar me banim n\u00eb Zvic\u00ebr, Valton Krasniqi, pasi u zbulua se k\u00ebnga e tij ishte e\",\"breadcrumb\":{\"@id\":\"https:\/\/www.visit-ulcinj.com\/blog\/2008\/12\/09\/ciljeta-kopje-e-aguilieres\/#breadcrumb\"},\"inLanguage\":\"en-US\",\"potentialAction\":[{\"@type\":\"ReadAction\",\"target\":[\"https:\/\/www.visit-ulcinj.com\/blog\/2008\/12\/09\/ciljeta-kopje-e-aguilieres\/\"]}]},{\"@type\":\"BreadcrumbList\",\"@id\":\"https:\/\/www.visit-ulcinj.com\/blog\/2008\/12\/09\/ciljeta-kopje-e-aguilieres\/#breadcrumb\",\"itemListElement\":[{\"@type\":\"ListItem\",\"position\":1,\"name\":\"\u00c7iljeta kopje e Aguilier\u00ebs\"}]},{\"@type\":\"Person\",\"@id\":\"https:\/\/www.visit-ulcinj.com\/blog\/#\/schema\/person\/dcab619c614d3038751c63bc2aadc06d\",\"name\":\"ulqini\",\"sameAs\":[\"http:\/\/www.visit-ulcinj.com\"],\"url\":\"https:\/\/www.visit-ulcinj.com\/blog\/author\/admin\/\"}]}<\/script>\n<!-- \/ Yoast SEO plugin. -->","yoast_head_json":{"title":"\u00c7iljeta kopje e Aguilier\u00ebs - Lajme nga Ulqini","description":"\u00cbsht\u00eb b\u00ebr\u00eb i njohur tashm\u00eb p\u00ebr publikun, \"d\u00ebnimi\" q\u00eb mori k\u00ebng\u00ebtari kosovar me banim n\u00eb Zvic\u00ebr, Valton Krasniqi, pasi u zbulua se k\u00ebnga e tij ishte e","robots":{"index":"index","follow":"follow","max-snippet":"max-snippet:-1","max-image-preview":"max-image-preview:large","max-video-preview":"max-video-preview:-1"},"canonical":"https:\/\/www.visit-ulcinj.com\/blog\/2008\/12\/09\/ciljeta-kopje-e-aguilieres\/","og_locale":"en_US","og_type":"article","og_title":"\u00c7iljeta kopje e Aguilier\u00ebs - Lajme nga Ulqini","og_description":"\u00cbsht\u00eb b\u00ebr\u00eb i njohur tashm\u00eb p\u00ebr publikun, \"d\u00ebnimi\" q\u00eb mori k\u00ebng\u00ebtari kosovar me banim n\u00eb Zvic\u00ebr, Valton Krasniqi, pasi u zbulua se k\u00ebnga e tij ishte e","og_url":"https:\/\/www.visit-ulcinj.com\/blog\/2008\/12\/09\/ciljeta-kopje-e-aguilieres\/","og_site_name":"Lajme nga Ulqini","article_published_time":"2008-12-09T19:03:32+00:00","og_image":[{"url":"http:\/\/www.visit-ulcinj.com\/blog\/wp-content\/uploads\/2008\/12\/ciljeta-225x300.jpg"}],"twitter_misc":{"Written by":"ulqini","Est. reading time":"2 minutes"},"schema":{"@context":"https:\/\/schema.org","@graph":[{"@type":"WebSite","@id":"https:\/\/www.visit-ulcinj.com\/blog\/#website","url":"https:\/\/www.visit-ulcinj.com\/blog\/","name":"Lajme nga Ulqini","description":"Lajme,Vijesti,Ulqini,Ulqin,Crna Gora,Mali i Zi","potentialAction":[{"@type":"SearchAction","target":{"@type":"EntryPoint","urlTemplate":"https:\/\/www.visit-ulcinj.com\/blog\/?s={search_term_string}"},"query-input":"required name=search_term_string"}],"inLanguage":"en-US"},{"@type":"ImageObject","inLanguage":"en-US","@id":"https:\/\/www.visit-ulcinj.com\/blog\/2008\/12\/09\/ciljeta-kopje-e-aguilieres\/#primaryimage","url":"http:\/\/www.visit-ulcinj.com\/blog\/wp-content\/uploads\/2008\/12\/ciljeta-225x300.jpg","contentUrl":"http:\/\/www.visit-ulcinj.com\/blog\/wp-content\/uploads\/2008\/12\/ciljeta-225x300.jpg"},{"@type":"WebPage","@id":"https:\/\/www.visit-ulcinj.com\/blog\/2008\/12\/09\/ciljeta-kopje-e-aguilieres\/#webpage","url":"https:\/\/www.visit-ulcinj.com\/blog\/2008\/12\/09\/ciljeta-kopje-e-aguilieres\/","name":"\u00c7iljeta kopje e Aguilier\u00ebs - Lajme nga Ulqini","isPartOf":{"@id":"https:\/\/www.visit-ulcinj.com\/blog\/#website"},"primaryImageOfPage":{"@id":"https:\/\/www.visit-ulcinj.com\/blog\/2008\/12\/09\/ciljeta-kopje-e-aguilieres\/#primaryimage"},"datePublished":"2008-12-09T19:03:32+00:00","dateModified":"2008-12-09T19:03:32+00:00","author":{"@id":"https:\/\/www.visit-ulcinj.com\/blog\/#\/schema\/person\/dcab619c614d3038751c63bc2aadc06d"},"description":"\u00cbsht\u00eb b\u00ebr\u00eb i njohur tashm\u00eb p\u00ebr publikun, \"d\u00ebnimi\" q\u00eb mori k\u00ebng\u00ebtari kosovar me banim n\u00eb Zvic\u00ebr, Valton Krasniqi, pasi u zbulua se k\u00ebnga e tij ishte e","breadcrumb":{"@id":"https:\/\/www.visit-ulcinj.com\/blog\/2008\/12\/09\/ciljeta-kopje-e-aguilieres\/#breadcrumb"},"inLanguage":"en-US","potentialAction":[{"@type":"ReadAction","target":["https:\/\/www.visit-ulcinj.com\/blog\/2008\/12\/09\/ciljeta-kopje-e-aguilieres\/"]}]},{"@type":"BreadcrumbList","@id":"https:\/\/www.visit-ulcinj.com\/blog\/2008\/12\/09\/ciljeta-kopje-e-aguilieres\/#breadcrumb","itemListElement":[{"@type":"ListItem","position":1,"name":"\u00c7iljeta kopje e Aguilier\u00ebs"}]},{"@type":"Person","@id":"https:\/\/www.visit-ulcinj.com\/blog\/#\/schema\/person\/dcab619c614d3038751c63bc2aadc06d","name":"ulqini","sameAs":["http:\/\/www.visit-ulcinj.com"],"url":"https:\/\/www.visit-ulcinj.com\/blog\/author\/admin\/"}]}},"jetpack_featured_media_url":"","jetpack_sharing_enabled":true,"jetpack_shortlink":"https:\/\/wp.me\/pe6lTn-1PE","_links":{"self":[{"href":"https:\/\/www.visit-ulcinj.com\/blog\/wp-json\/wp\/v2\/posts\/7046"}],"collection":[{"href":"https:\/\/www.visit-ulcinj.com\/blog\/wp-json\/wp\/v2\/posts"}],"about":[{"href":"https:\/\/www.visit-ulcinj.com\/blog\/wp-json\/wp\/v2\/types\/post"}],"author":[{"embeddable":true,"href":"https:\/\/www.visit-ulcinj.com\/blog\/wp-json\/wp\/v2\/users\/1"}],"replies":[{"embeddable":true,"href":"https:\/\/www.visit-ulcinj.com\/blog\/wp-json\/wp\/v2\/comments?post=7046"}],"version-history":[{"count":0,"href":"https:\/\/www.visit-ulcinj.com\/blog\/wp-json\/wp\/v2\/posts\/7046\/revisions"}],"wp:attachment":[{"href":"https:\/\/www.visit-ulcinj.com\/blog\/wp-json\/wp\/v2\/media?parent=7046"}],"wp:term":[{"taxonomy":"category","embeddable":true,"href":"https:\/\/www.visit-ulcinj.com\/blog\/wp-json\/wp\/v2\/categories?post=7046"},{"taxonomy":"post_tag","embeddable":true,"href":"https:\/\/www.visit-ulcinj.com\/blog\/wp-json\/wp\/v2\/tags?post=7046"}],"curies":[{"name":"wp","href":"https:\/\/api.w.org\/{rel}","templated":true}]}}