{"id":70468,"date":"2013-04-09T18:15:39","date_gmt":"2013-04-09T17:15:39","guid":{"rendered":"http:\/\/www.visit-ulcinj.com\/blog\/?p=70468"},"modified":"2013-04-12T18:56:00","modified_gmt":"2013-04-12T17:56:00","slug":"dita-e-komunes-se-ulqinit-fjalimi-i-kryetarit-cungu","status":"publish","type":"post","link":"https:\/\/www.visit-ulcinj.com\/blog\/2013\/04\/09\/dita-e-komunes-se-ulqinit-fjalimi-i-kryetarit-cungu\/","title":{"rendered":"Dita e Komun\u00ebs s\u00eb Ulqinit &#8211; Fjalimi i kryetarit Cungu + Foto"},"content":{"rendered":"<p><strong><a href=\"http:\/\/www.visit-ulcinj.com\/blog\/wp-content\/uploads\/2013\/04\/Dita-e-Komun\u00ebs-s\u00eb-Ulqinit-Fjalimi-i-kryetarit-Cungu.jpg\"><img loading=\"lazy\" class=\"alignleft  wp-image-70469\" alt=\"Dita e Komun\u00ebs s\u00eb Ulqinit - Fjalimi i kryetarit Cungu\" src=\"http:\/\/www.visit-ulcinj.com\/blog\/wp-content\/uploads\/2013\/04\/Dita-e-Komun\u00ebs-s\u00eb-Ulqinit-Fjalimi-i-kryetarit-Cungu.jpg\" width=\"508\" height=\"360\" \/><\/a>Fjalimi i Kryetarit Cungu me rastin e Dit\u00ebs s\u00eb Komun\u00ebs s\u00eb Ulqinit<\/strong><\/p>\n<p>I nderuari Kryetar i Kuvendit, t\u00eb nderuar ministra, deputet\u00eb n\u00eb Parlamentin e Malit t\u00eb Zi, t\u00eb nderuar p\u00ebrfaq\u00ebsues t\u00eb korit diplomatik, t\u00eb nderuar kryetar\u00eb t\u00eb komunave, t\u00eb nderuara k\u00ebshilltare e k\u00ebshilltar\u00eb, t\u00eb nderuar mysafir\u00eb, zonja e zot\u00ebrinj, t\u00eb nderuar miq, t\u00eb nderuar qytetar\u00eb t\u00eb Komun\u00ebs s\u00eb Ulqinit.<\/p>\n<p>Festa e komun\u00ebs \u00ebsht\u00eb e shtuna e par\u00eb n\u00eb muajin prill, q\u00eb simbolikisht sh\u00ebnojm\u00eb p\u00ebrfundimin e mbledhjes s\u00eb ullinjve, daljen e detar\u00ebve n\u00eb det dhe fillimin e sezonit turistik. Ullishtar\u00ebt ton\u00eb kan\u00eb pasur shum\u00eb pun\u00eb e madje akoma nuk e kan\u00eb p\u00ebrfunduar t\u00eb gjith\u00eb mbledhjen, sepse sezoni i ullinj\u00ebve ka qen\u00eb nd\u00ebr m\u00eb t\u00eb begatat n\u00eb disa dekadat e fundit. D\u00ebshirojm\u00eb dhe punojm\u00eb p\u00ebr at\u00eb q\u00eb edhe ky sezon turistik t\u00eb jet gjithashtu i suksesshem.<\/p>\n<p><a href=\"http:\/\/www.visit-ulcinj.com\/blog\/wp-content\/uploads\/2013\/04\/Dita-e-Komun\u00ebs-s\u00eb-Ulqinit.1.jpg\"><img loading=\"lazy\" class=\"alignleft  wp-image-70583\" alt=\"Dita e Komun\u00ebs s\u00eb Ulqinit.1\" src=\"http:\/\/www.visit-ulcinj.com\/blog\/wp-content\/uploads\/2013\/04\/Dita-e-Komun\u00ebs-s\u00eb-Ulqinit.1.jpg\" width=\"508\" height=\"300\" \/><\/a><\/p>\n<p><strong>T\u00eb nderuara zonja dhe zot\u00ebrinj!<\/strong><\/p>\n<p>Jemi d\u00ebshmitar\u00eb t\u00eb kriz\u00ebs ekonomike globale e cila n\u00eb periudh\u00ebn e kaluar ka p\u00ebrfshir\u00eb k\u00ebto hap\u00ebsira, Malin e Zi, e pa dyshim q\u00eb nuk e ka anashkaluar as qytetin ton\u00eb. Pa marr\u00eb parasysh k\u00ebt\u00eb, vler\u00ebsoj q\u00eb nuk kemi q\u00ebndruar duar kryq duke pritur dit\u00eb m\u00eb t\u00eb mira dhe me nj\u00eb angazhim maksimal, gjat\u00eb 18 muajve t\u00eb kaluar, nuk e kemi humbur koh\u00ebn kot.<\/p>\n<p>Presim q\u00eb k\u00ebt\u00eb vit t\u00eb filloj\u00eb konsolidimi i situat\u00ebs financiare n\u00eb Komun\u00eb dhe n\u00eb nd\u00ebrmarrjet publike. Komuna e Ulqinit gjat\u00eb \u00ebsht\u00eb duke e pritur fillimin e zhvillimit,por jena te vetedijshem se ne i kemi potencialet m\u00eb t\u00eb m\u00ebdha zhvillimore t\u00eb cil\u00ebt jan\u00eb t\u00eb njohur n\u00eb t\u00eb gjitha dokumentet zhvillimore strategjike t\u00eb shtetit.<\/p>\n<p>Ka qen\u00eb iluzore t\u00eb pritet progres n\u00eb realizimin e projekteve zhvillimore strategjike pa dokumentet e planifikimit hap\u00ebsinor. Prandaj gjat\u00eb t\u00ebr\u00eb koh\u00ebs kemi punuar n\u00eb ato dokumente. N\u00eb faz\u00ebn p\u00ebrfundimtare \u00ebsht\u00eb hartimi i Planit Strategjik t\u00eb zhvillimit t\u00eb Komun\u00ebs s\u00eb Ulqinit deri n\u00eb vitin 2018, Plani hap\u00ebsinor urbanistik i komun\u00ebs, kurse n\u00eb vitin e kaluar kemi miratuar 19 dokumente t\u00eb planifikimit hap\u00ebsinor dhe jan\u00eb duke u p\u00ebrgatitur edhe 22 dokumente t\u00eb rinj planifikuese. Deri n\u00eb fund t\u00eb vitit 2014 komuna e Ulqinit do t\u00eb mbulohet t\u00ebr\u00ebsisht me dokumente planifikuese. N\u00eb baz\u00eb t\u00eb kushteve urbanistike e teknike t\u00eb l\u00ebshuara n\u00eb Ulqin momentalisht punohen 83 projekte dhe shpresoj q\u00eb deri n\u00eb fund t\u00eb vitit do t\u00eb dyfishohen.<\/p>\n<p>I kemi filluar aktivitetet p\u00ebr zgjidhjen e problemit m\u00eb t\u00eb madh t\u00eb qytetit ton\u00eb \u2013 problemit t\u00eb kanalizimit dhe trajtimit t\u00eb uj\u00ebrave t\u00eb zeza. P\u00ebr k\u00ebt\u00eb q\u00ebllim KFW banka e ka p\u00ebrkrahur Komun\u00ebn e Ulqinit p\u00ebr studimin e fizibilitetit p\u00ebr furnizimin me uj\u00eb, transportin dhe trajtimin e uj\u00ebrave t\u00eb zeza, me vler\u00eb mbi 487.000 Euro. Kompania Gjermane Dahlem tashm\u00eb e ka punuar projektin e Studimit. Punimi i Studimit t\u00eb fizibilitetit \u00ebsht\u00eb parakusht p\u00ebr marrjen e kredis\u00eb prej mbi 24.000.000 Eurove nga KFW Banka, me t\u00eb cilat, natyrisht n\u00eb nj\u00eb periudh\u00eb prej disa vitesh, definitivisht do t\u00eb zgjidhet edhe ky problem.<\/p>\n<p><a href=\"http:\/\/www.visit-ulcinj.com\/blog\/wp-content\/uploads\/2013\/04\/Dita-e-Komun\u00ebs-s\u00eb-Ulqinit.jpg\"><img loading=\"lazy\" class=\"alignleft  wp-image-70582\" alt=\"Dita e Komun\u00ebs s\u00eb Ulqinit\" src=\"http:\/\/www.visit-ulcinj.com\/blog\/wp-content\/uploads\/2013\/04\/Dita-e-Komun\u00ebs-s\u00eb-Ulqinit.jpg\" width=\"508\" height=\"300\" \/><\/a><\/p>\n<p>Deri n\u00eb fund t\u00eb qershorit do t\u00eb p\u00ebrfundoj\u00eb projekti p\u00ebr sistemin e kanalizimit p\u00ebr vendbanimet Bratic\u00eb, Kodra, Mali i bardh\u00eb dhe Totosh.<\/p>\n<p>Ka filluar punimi i Studimit lokal t\u00eb lokalitetit p\u00ebr Zon\u00ebn e biznesit n\u00eb Kryth\u00eb n\u00eb sip\u00ebrfaqe mbi 27 ha dhe jan\u00eb p\u00ebrgatitur nj\u00eb s\u00ebr\u00eb masash p\u00ebr nxitjen e biznesit dhe krijimin e kushteve p\u00ebr investime t\u00eb r\u00ebnd\u00ebsishme t\u00eb investitor\u00ebve t\u00eb vendit dhe t\u00eb huaj. Edhe para punimit t\u00eb Planit t\u00eb zon\u00ebs s\u00eb biznesit, duke ju fal\u00ebnderuar angazhimit ton\u00eb dhe masave nxit\u00ebse t\u00eb Qeveris\u00eb, tashm\u00eb kemi kontakte me investitor\u00ebt t\u00eb cil\u00ebt kan\u00eb shprehur gatishm\u00ebri q\u00eb t\u00eb investojn\u00eb n\u00eb at\u00eb zon\u00eb.<\/p>\n<p>Sezonin e ardhsh\u00ebm turistik do ta presim me deponin\u00eb e re sanitare, me automjetet e reja p\u00ebr bartjen e mbeturinave, me segmentin e ri t\u00eb rrug\u00ebs prej Kat\u00ebrkoll\u00ebs deri n\u00eb Kryth\u00eb, me uj\u00ebsjell\u00ebsin rajonal tashm\u00eb t\u00eb p\u00ebrfunduar.<\/p>\n<p>Pas gati dy dekadash Komuna e Ulqinit ka filluar t\u00eb beje ekspropriime t\u00eb tok\u00ebs me q\u00ebllim t\u00eb nd\u00ebrtimit t\u00eb objekteve t\u00eb infrastruktur\u00ebs. N\u00eb k\u00ebt\u00eb m\u00ebnyr\u00eb, n\u00eb bashk\u00ebpunim me Drejtorin\u00eb p\u00ebr komunikacion, sigurojm\u00eb kompletimin e infrastruktur\u00ebs p\u00ebrcjell\u00ebse dhe rrug\u00ebt shtes\u00eb t\u00eb ur\u00ebs s\u00eb re mbi Port Milen\u00eb, me t\u00eb cil\u00ebn gj\u00eb krijohen kushtet q\u00eb kah fundi i k\u00ebtij muaji t\u00eb hapet ky objekt kapital i komunikacionit, i cili duhet t\u00eb shmang\u00eb kolonat e gjata t\u00eb automjeteve n\u00eb drejtim te Shtojit dhe t\u00eb krijoj\u00eb kushte p\u00ebr zhvillimin e turizmit n\u00eb pajtim me Master planin. Sipas dinamik\u00ebs s\u00eb planifikuar po zhvillohen edhe punimet n\u00eb etapen e dyt\u00eb t\u00eb rrug\u00ebs Ulqin \u2013 Sukubin\u00eb, e cila gjithashtu do t\u00eb p\u00ebrfundoj\u00eb para fillimit t\u00eb sezonit turistik. Nj\u00ebkoh\u00ebsisht do t\u00eb rregullohet edhe qendra e Kat\u00ebrkoll\u00ebs dhe do t\u00eb b\u00ebhet rind\u00ebrtimi i rrjetit t\u00eb uj\u00ebsjell\u00ebsit, e p\u00ebr k\u00ebt\u00eb q\u00ebllim Komuna e Ulqinit do t\u00eb investoj\u00eb 250.000,00 Euro shtes\u00eb. Para fillimit t\u00eb k\u00ebtij sezoni turistik pritet edhe p\u00ebrfundimi i faz\u00ebs s\u00eb dyt\u00eb t\u00eb elektrifikimit t\u00eb rrug\u00ebs magjistrale Ulqin \u2013 Ad\u00eb deri n\u00eb qend\u00ebr t\u00eb Shtojit, projekt me vler\u00eb afer 200.000 Euro.<\/p>\n<p>Duke ju fal\u00ebnderuar donacionit t\u00eb USAID \u2013 it n\u00eb faz\u00ebn p\u00ebrfundimtare \u00ebsht\u00eb nd\u00ebrtimi i byros\u00eb s\u00eb qytetar\u00ebve n\u00eb komun\u00eb si dhe rrjet\u00ebzimi i t\u00eb gjitha vendeve t\u00eb pun\u00ebs. Kjo \u00ebsht\u00eb merit\u00eb e Byros\u00eb p\u00ebr integrime Europiane, p\u00ebrmes t\u00eb cil\u00ebve jan\u00eb duke u realizuar edhe 6 IPA projekte.<\/p>\n<p>T\u00eb nderuara zonja e zot\u00ebrinj!<\/p>\n<p>E gjitha kjo tregon q\u00eb edhe p\u00ebrkrah v\u00ebshtir\u00ebsive ekonomike dhe v\u00ebshtir\u00ebsive t\u00eb tjera, \u00e7far\u00eb do t\u00eb ket\u00eb me siguri edhe n\u00eb t\u00eb ardhmen, k\u00ebt\u00eb qytet e pret nj\u00eb e ardhme m\u00eb e mir\u00eb dhe m\u00eb e begat\u00eb, natyrisht n\u00ebse jemi k\u00ebmb\u00ebngul\u00ebs n\u00eb at\u00eb drejtim dhe n\u00ebse angazhohemi t\u00eb gjith\u00eb, duke filluar nga qeverisja lokale,Qeveria e Malit t\u00eb Zi dhe t\u00eb gjith\u00eb qytetar\u00ebt.<\/p>\n<p>N\u00eb fund edhe nj\u00eb her\u00eb ju uroj dit\u00ebn tuaj, dit\u00ebn e Ulqinit ton\u00eb, ju d\u00ebshiroj fat dhe shum\u00eb suksese n\u00eb periudh\u00ebn e ardhshme, kurse mysafir\u00ebve tan\u00eb q\u00ebndrim t\u00eb k\u00ebndsh\u00ebm n\u00eb Ulqin.<\/p>\n<p>Ju faleminderit.<\/p>\n<p><strong>Op\u0161tina Ulcinj \/ Komuna e Ulqinit<\/strong><br \/>\nTel: +382 30 412 050<br \/>\nFax: +382 30 412 413<br \/>\nAdresa: Bul. Skenderbeu bb, 85360 Ulcinj, MNE<\/p>\n\n\t\t<style type=\"text\/css\">\n\t\t\t#gallery-1 {\n\t\t\t\tmargin: auto;\n\t\t\t}\n\t\t\t#gallery-1 .gallery-item {\n\t\t\t\tfloat: left;\n\t\t\t\tmargin-top: 10px;\n\t\t\t\ttext-align: center;\n\t\t\t\twidth: 33%;\n\t\t\t}\n\t\t\t#gallery-1 img {\n\t\t\t\tborder: 2px solid #cfcfcf;\n\t\t\t}\n\t\t\t#gallery-1 .gallery-caption {\n\t\t\t\tmargin-left: 0;\n\t\t\t}\n\t\t\t\/* see gallery_shortcode() in wp-includes\/media.php *\/\n\t\t<\/style>\n\t\t<div id='gallery-1' class='gallery galleryid-70468 gallery-columns-3 gallery-size-thumbnail'><dl class='gallery-item'>\n\t\t\t<dt class='gallery-icon landscape'>\n\t\t\t\t<a href='https:\/\/www.visit-ulcinj.com\/blog\/2013\/04\/09\/dita-e-komunes-se-ulqinit-fjalimi-i-kryetarit-cungu\/dita-e-komunes-se-ulqinit-2-2\/'><img width=\"150\" height=\"150\" src=\"https:\/\/www.visit-ulcinj.com\/blog\/wp-content\/uploads\/2013\/04\/Dita-e-Komun\u00ebs-s\u00eb-Ulqinit.2-150x150.jpg\" class=\"attachment-thumbnail size-thumbnail\" alt=\"\" loading=\"lazy\" \/><\/a>\n\t\t\t<\/dt><\/dl><dl class='gallery-item'>\n\t\t\t<dt class='gallery-icon landscape'>\n\t\t\t\t<a href='https:\/\/www.visit-ulcinj.com\/blog\/2013\/04\/09\/dita-e-komunes-se-ulqinit-fjalimi-i-kryetarit-cungu\/dita-e-komunes-se-ulqinit-3-2\/'><img width=\"150\" height=\"150\" src=\"https:\/\/www.visit-ulcinj.com\/blog\/wp-content\/uploads\/2013\/04\/Dita-e-Komun\u00ebs-s\u00eb-Ulqinit.3-150x150.jpg\" class=\"attachment-thumbnail size-thumbnail\" alt=\"\" loading=\"lazy\" \/><\/a>\n\t\t\t<\/dt><\/dl><dl class='gallery-item'>\n\t\t\t<dt class='gallery-icon landscape'>\n\t\t\t\t<a href='https:\/\/www.visit-ulcinj.com\/blog\/2013\/04\/09\/dita-e-komunes-se-ulqinit-fjalimi-i-kryetarit-cungu\/dita-e-komunes-se-ulqinit-4-2\/'><img width=\"150\" height=\"150\" src=\"https:\/\/www.visit-ulcinj.com\/blog\/wp-content\/uploads\/2013\/04\/Dita-e-Komun\u00ebs-s\u00eb-Ulqinit.4-150x150.jpg\" class=\"attachment-thumbnail size-thumbnail\" alt=\"\" loading=\"lazy\" \/><\/a>\n\t\t\t<\/dt><\/dl><br style=\"clear: both\" \/><dl class='gallery-item'>\n\t\t\t<dt class='gallery-icon landscape'>\n\t\t\t\t<a href='https:\/\/www.visit-ulcinj.com\/blog\/2013\/04\/09\/dita-e-komunes-se-ulqinit-fjalimi-i-kryetarit-cungu\/dita-e-komunes-se-ulqinit-5\/'><img width=\"150\" height=\"150\" src=\"https:\/\/www.visit-ulcinj.com\/blog\/wp-content\/uploads\/2013\/04\/Dita-e-Komun\u00ebs-s\u00eb-Ulqinit.5-150x150.jpg\" class=\"attachment-thumbnail size-thumbnail\" alt=\"\" loading=\"lazy\" \/><\/a>\n\t\t\t<\/dt><\/dl><dl class='gallery-item'>\n\t\t\t<dt class='gallery-icon landscape'>\n\t\t\t\t<a href='https:\/\/www.visit-ulcinj.com\/blog\/2013\/04\/09\/dita-e-komunes-se-ulqinit-fjalimi-i-kryetarit-cungu\/dita-e-komunes-se-ulqinit-6\/'><img width=\"150\" height=\"150\" src=\"https:\/\/www.visit-ulcinj.com\/blog\/wp-content\/uploads\/2013\/04\/Dita-e-Komun\u00ebs-s\u00eb-Ulqinit.6-150x150.jpg\" class=\"attachment-thumbnail size-thumbnail\" alt=\"\" loading=\"lazy\" \/><\/a>\n\t\t\t<\/dt><\/dl><dl class='gallery-item'>\n\t\t\t<dt class='gallery-icon landscape'>\n\t\t\t\t<a href='https:\/\/www.visit-ulcinj.com\/blog\/2013\/04\/09\/dita-e-komunes-se-ulqinit-fjalimi-i-kryetarit-cungu\/dita-e-komunes-se-ulqinit-7\/'><img width=\"150\" height=\"150\" src=\"https:\/\/www.visit-ulcinj.com\/blog\/wp-content\/uploads\/2013\/04\/Dita-e-Komun\u00ebs-s\u00eb-Ulqinit.7-150x150.jpg\" class=\"attachment-thumbnail size-thumbnail\" alt=\"\" loading=\"lazy\" \/><\/a>\n\t\t\t<\/dt><\/dl><br style=\"clear: both\" \/><dl class='gallery-item'>\n\t\t\t<dt class='gallery-icon landscape'>\n\t\t\t\t<a href='https:\/\/www.visit-ulcinj.com\/blog\/2013\/04\/09\/dita-e-komunes-se-ulqinit-fjalimi-i-kryetarit-cungu\/dita-e-komunes-se-ulqinit-8\/'><img width=\"150\" height=\"150\" src=\"https:\/\/www.visit-ulcinj.com\/blog\/wp-content\/uploads\/2013\/04\/Dita-e-Komun\u00ebs-s\u00eb-Ulqinit.8-150x150.jpg\" class=\"attachment-thumbnail size-thumbnail\" alt=\"\" loading=\"lazy\" \/><\/a>\n\t\t\t<\/dt><\/dl><dl class='gallery-item'>\n\t\t\t<dt class='gallery-icon landscape'>\n\t\t\t\t<a href='https:\/\/www.visit-ulcinj.com\/blog\/2013\/04\/09\/dita-e-komunes-se-ulqinit-fjalimi-i-kryetarit-cungu\/dita-e-komunes-se-ulqinit-9\/'><img width=\"150\" height=\"150\" src=\"https:\/\/www.visit-ulcinj.com\/blog\/wp-content\/uploads\/2013\/04\/Dita-e-Komun\u00ebs-s\u00eb-Ulqinit.9-150x150.jpg\" class=\"attachment-thumbnail size-thumbnail\" alt=\"\" loading=\"lazy\" \/><\/a>\n\t\t\t<\/dt><\/dl><dl class='gallery-item'>\n\t\t\t<dt class='gallery-icon landscape'>\n\t\t\t\t<a href='https:\/\/www.visit-ulcinj.com\/blog\/2013\/04\/09\/dita-e-komunes-se-ulqinit-fjalimi-i-kryetarit-cungu\/dita-e-komunes-se-ulqinit-11\/'><img width=\"150\" height=\"150\" src=\"https:\/\/www.visit-ulcinj.com\/blog\/wp-content\/uploads\/2013\/04\/Dita-e-Komun\u00ebs-s\u00eb-Ulqinit.11-150x150.jpg\" class=\"attachment-thumbnail size-thumbnail\" alt=\"\" loading=\"lazy\" \/><\/a>\n\t\t\t<\/dt><\/dl><br style=\"clear: both\" \/><dl class='gallery-item'>\n\t\t\t<dt class='gallery-icon landscape'>\n\t\t\t\t<a href='https:\/\/www.visit-ulcinj.com\/blog\/2013\/04\/09\/dita-e-komunes-se-ulqinit-fjalimi-i-kryetarit-cungu\/dita-e-komunes-se-ulqinit-12\/'><img width=\"150\" height=\"150\" src=\"https:\/\/www.visit-ulcinj.com\/blog\/wp-content\/uploads\/2013\/04\/Dita-e-Komun\u00ebs-s\u00eb-Ulqinit.12-150x150.jpg\" class=\"attachment-thumbnail size-thumbnail\" alt=\"\" loading=\"lazy\" \/><\/a>\n\t\t\t<\/dt><\/dl><dl class='gallery-item'>\n\t\t\t<dt class='gallery-icon landscape'>\n\t\t\t\t<a href='https:\/\/www.visit-ulcinj.com\/blog\/2013\/04\/09\/dita-e-komunes-se-ulqinit-fjalimi-i-kryetarit-cungu\/dita-e-komunes-se-ulqinit-13\/'><img width=\"150\" height=\"150\" src=\"https:\/\/www.visit-ulcinj.com\/blog\/wp-content\/uploads\/2013\/04\/Dita-e-Komun\u00ebs-s\u00eb-Ulqinit.13-150x150.jpg\" class=\"attachment-thumbnail size-thumbnail\" alt=\"\" loading=\"lazy\" \/><\/a>\n\t\t\t<\/dt><\/dl><dl class='gallery-item'>\n\t\t\t<dt class='gallery-icon landscape'>\n\t\t\t\t<a href='https:\/\/www.visit-ulcinj.com\/blog\/2013\/04\/09\/dita-e-komunes-se-ulqinit-fjalimi-i-kryetarit-cungu\/dita-e-komunes-se-ulqinit-14\/'><img width=\"150\" height=\"150\" src=\"https:\/\/www.visit-ulcinj.com\/blog\/wp-content\/uploads\/2013\/04\/Dita-e-Komun\u00ebs-s\u00eb-Ulqinit.14-150x150.jpg\" class=\"attachment-thumbnail size-thumbnail\" alt=\"\" loading=\"lazy\" \/><\/a>\n\t\t\t<\/dt><\/dl><br style=\"clear: both\" \/>\n\t\t<\/div>\n\n","protected":false},"excerpt":{"rendered":"<p>Fjalimi i Kryetarit Cungu me rastin e Dit\u00ebs s\u00eb Komun\u00ebs s\u00eb Ulqinit I nderuari Kryetar i Kuvendit, t\u00eb nderuar ministra, deputet\u00eb n\u00eb Parlamentin e Malit t\u00eb Zi, t\u00eb nderuar p\u00ebrfaq\u00ebsues t\u00eb korit diplomatik, t\u00eb nderuar kryetar\u00eb t\u00eb komunave, t\u00eb nderuara k\u00ebshilltare e k\u00ebshilltar\u00eb, t\u00eb nderuar mysafir\u00eb, zonja e zot\u00ebrinj, t\u00eb nderuar miq, t\u00eb nderuar qytetar\u00eb [&hellip;]<\/p>\n","protected":false},"author":1,"featured_media":0,"comment_status":"open","ping_status":"closed","sticky":false,"template":"","format":"standard","meta":{"spay_email":"","jetpack_publicize_message":"","jetpack_is_tweetstorm":false,"jetpack_publicize_feature_enabled":true},"categories":[6],"tags":[8707],"jetpack_publicize_connections":[],"yoast_head":"<!-- This site is optimized with the Yoast SEO plugin v19.1 - https:\/\/yoast.com\/wordpress\/plugins\/seo\/ -->\n<title>Dita e Komun\u00ebs s\u00eb Ulqinit - Fjalimi i kryetarit Cungu + Foto - Lajme nga Ulqini<\/title>\n<meta name=\"description\" content=\"Fjalimi i Kryetarit Cungu me rastin e Dit\u00ebs s\u00eb Komun\u00ebs s\u00eb Ulqinit I nderuari Kryetar i Kuvendit, t\u00eb nderuar ministra, deputet\u00eb n\u00eb Parlamentin e Malit t\u00eb\" \/>\n<meta name=\"robots\" content=\"index, follow, max-snippet:-1, max-image-preview:large, max-video-preview:-1\" \/>\n<link rel=\"canonical\" href=\"https:\/\/www.visit-ulcinj.com\/blog\/2013\/04\/09\/dita-e-komunes-se-ulqinit-fjalimi-i-kryetarit-cungu\/\" \/>\n<meta property=\"og:locale\" content=\"en_US\" \/>\n<meta property=\"og:type\" content=\"article\" \/>\n<meta property=\"og:title\" content=\"Dita e Komun\u00ebs s\u00eb Ulqinit - Fjalimi i kryetarit Cungu + Foto - Lajme nga Ulqini\" \/>\n<meta property=\"og:description\" content=\"Fjalimi i Kryetarit Cungu me rastin e Dit\u00ebs s\u00eb Komun\u00ebs s\u00eb Ulqinit I nderuari Kryetar i Kuvendit, t\u00eb nderuar ministra, deputet\u00eb n\u00eb Parlamentin e Malit t\u00eb\" \/>\n<meta property=\"og:url\" content=\"https:\/\/www.visit-ulcinj.com\/blog\/2013\/04\/09\/dita-e-komunes-se-ulqinit-fjalimi-i-kryetarit-cungu\/\" \/>\n<meta property=\"og:site_name\" content=\"Lajme nga Ulqini\" \/>\n<meta property=\"article:published_time\" content=\"2013-04-09T17:15:39+00:00\" \/>\n<meta property=\"article:modified_time\" content=\"2013-04-12T17:56:00+00:00\" \/>\n<meta property=\"og:image\" content=\"https:\/\/www.visit-ulcinj.com\/blog\/wp-content\/uploads\/2013\/04\/Dita-e-Komun\u00ebs-s\u00eb-Ulqinit.2-150x150.jpg\" \/>\n<meta name=\"twitter:label1\" content=\"Written by\" \/>\n\t<meta name=\"twitter:data1\" content=\"ulqini\" \/>\n\t<meta name=\"twitter:label2\" content=\"Est. reading time\" \/>\n\t<meta name=\"twitter:data2\" content=\"5 minutes\" \/>\n<script type=\"application\/ld+json\" class=\"yoast-schema-graph\">{\"@context\":\"https:\/\/schema.org\",\"@graph\":[{\"@type\":\"WebSite\",\"@id\":\"https:\/\/www.visit-ulcinj.com\/blog\/#website\",\"url\":\"https:\/\/www.visit-ulcinj.com\/blog\/\",\"name\":\"Lajme nga Ulqini\",\"description\":\"Lajme,Vijesti,Ulqini,Ulqin,Crna Gora,Mali i Zi\",\"potentialAction\":[{\"@type\":\"SearchAction\",\"target\":{\"@type\":\"EntryPoint\",\"urlTemplate\":\"https:\/\/www.visit-ulcinj.com\/blog\/?s={search_term_string}\"},\"query-input\":\"required name=search_term_string\"}],\"inLanguage\":\"en-US\"},{\"@type\":\"WebPage\",\"@id\":\"https:\/\/www.visit-ulcinj.com\/blog\/2013\/04\/09\/dita-e-komunes-se-ulqinit-fjalimi-i-kryetarit-cungu\/#webpage\",\"url\":\"https:\/\/www.visit-ulcinj.com\/blog\/2013\/04\/09\/dita-e-komunes-se-ulqinit-fjalimi-i-kryetarit-cungu\/\",\"name\":\"Dita e Komun\u00ebs s\u00eb Ulqinit - Fjalimi i kryetarit Cungu + Foto - Lajme nga Ulqini\",\"isPartOf\":{\"@id\":\"https:\/\/www.visit-ulcinj.com\/blog\/#website\"},\"datePublished\":\"2013-04-09T17:15:39+00:00\",\"dateModified\":\"2013-04-12T17:56:00+00:00\",\"author\":{\"@id\":\"https:\/\/www.visit-ulcinj.com\/blog\/#\/schema\/person\/dcab619c614d3038751c63bc2aadc06d\"},\"description\":\"Fjalimi i Kryetarit Cungu me rastin e Dit\u00ebs s\u00eb Komun\u00ebs s\u00eb Ulqinit I nderuari Kryetar i Kuvendit, t\u00eb nderuar ministra, deputet\u00eb n\u00eb Parlamentin e Malit t\u00eb\",\"breadcrumb\":{\"@id\":\"https:\/\/www.visit-ulcinj.com\/blog\/2013\/04\/09\/dita-e-komunes-se-ulqinit-fjalimi-i-kryetarit-cungu\/#breadcrumb\"},\"inLanguage\":\"en-US\",\"potentialAction\":[{\"@type\":\"ReadAction\",\"target\":[\"https:\/\/www.visit-ulcinj.com\/blog\/2013\/04\/09\/dita-e-komunes-se-ulqinit-fjalimi-i-kryetarit-cungu\/\"]}]},{\"@type\":\"BreadcrumbList\",\"@id\":\"https:\/\/www.visit-ulcinj.com\/blog\/2013\/04\/09\/dita-e-komunes-se-ulqinit-fjalimi-i-kryetarit-cungu\/#breadcrumb\",\"itemListElement\":[{\"@type\":\"ListItem\",\"position\":1,\"name\":\"Dita e Komun\u00ebs s\u00eb Ulqinit &#8211; Fjalimi i kryetarit Cungu + Foto\"}]},{\"@type\":\"Person\",\"@id\":\"https:\/\/www.visit-ulcinj.com\/blog\/#\/schema\/person\/dcab619c614d3038751c63bc2aadc06d\",\"name\":\"ulqini\",\"sameAs\":[\"http:\/\/www.visit-ulcinj.com\"],\"url\":\"https:\/\/www.visit-ulcinj.com\/blog\/author\/admin\/\"}]}<\/script>\n<!-- \/ Yoast SEO plugin. -->","yoast_head_json":{"title":"Dita e Komun\u00ebs s\u00eb Ulqinit - Fjalimi i kryetarit Cungu + Foto - Lajme nga Ulqini","description":"Fjalimi i Kryetarit Cungu me rastin e Dit\u00ebs s\u00eb Komun\u00ebs s\u00eb Ulqinit I nderuari Kryetar i Kuvendit, t\u00eb nderuar ministra, deputet\u00eb n\u00eb Parlamentin e Malit t\u00eb","robots":{"index":"index","follow":"follow","max-snippet":"max-snippet:-1","max-image-preview":"max-image-preview:large","max-video-preview":"max-video-preview:-1"},"canonical":"https:\/\/www.visit-ulcinj.com\/blog\/2013\/04\/09\/dita-e-komunes-se-ulqinit-fjalimi-i-kryetarit-cungu\/","og_locale":"en_US","og_type":"article","og_title":"Dita e Komun\u00ebs s\u00eb Ulqinit - Fjalimi i kryetarit Cungu + Foto - Lajme nga Ulqini","og_description":"Fjalimi i Kryetarit Cungu me rastin e Dit\u00ebs s\u00eb Komun\u00ebs s\u00eb Ulqinit I nderuari Kryetar i Kuvendit, t\u00eb nderuar ministra, deputet\u00eb n\u00eb Parlamentin e Malit t\u00eb","og_url":"https:\/\/www.visit-ulcinj.com\/blog\/2013\/04\/09\/dita-e-komunes-se-ulqinit-fjalimi-i-kryetarit-cungu\/","og_site_name":"Lajme nga Ulqini","article_published_time":"2013-04-09T17:15:39+00:00","article_modified_time":"2013-04-12T17:56:00+00:00","og_image":[{"url":"https:\/\/www.visit-ulcinj.com\/blog\/wp-content\/uploads\/2013\/04\/Dita-e-Komun\u00ebs-s\u00eb-Ulqinit.2-150x150.jpg"}],"twitter_misc":{"Written by":"ulqini","Est. reading time":"5 minutes"},"schema":{"@context":"https:\/\/schema.org","@graph":[{"@type":"WebSite","@id":"https:\/\/www.visit-ulcinj.com\/blog\/#website","url":"https:\/\/www.visit-ulcinj.com\/blog\/","name":"Lajme nga Ulqini","description":"Lajme,Vijesti,Ulqini,Ulqin,Crna Gora,Mali i Zi","potentialAction":[{"@type":"SearchAction","target":{"@type":"EntryPoint","urlTemplate":"https:\/\/www.visit-ulcinj.com\/blog\/?s={search_term_string}"},"query-input":"required name=search_term_string"}],"inLanguage":"en-US"},{"@type":"WebPage","@id":"https:\/\/www.visit-ulcinj.com\/blog\/2013\/04\/09\/dita-e-komunes-se-ulqinit-fjalimi-i-kryetarit-cungu\/#webpage","url":"https:\/\/www.visit-ulcinj.com\/blog\/2013\/04\/09\/dita-e-komunes-se-ulqinit-fjalimi-i-kryetarit-cungu\/","name":"Dita e Komun\u00ebs s\u00eb Ulqinit - Fjalimi i kryetarit Cungu + Foto - Lajme nga Ulqini","isPartOf":{"@id":"https:\/\/www.visit-ulcinj.com\/blog\/#website"},"datePublished":"2013-04-09T17:15:39+00:00","dateModified":"2013-04-12T17:56:00+00:00","author":{"@id":"https:\/\/www.visit-ulcinj.com\/blog\/#\/schema\/person\/dcab619c614d3038751c63bc2aadc06d"},"description":"Fjalimi i Kryetarit Cungu me rastin e Dit\u00ebs s\u00eb Komun\u00ebs s\u00eb Ulqinit I nderuari Kryetar i Kuvendit, t\u00eb nderuar ministra, deputet\u00eb n\u00eb Parlamentin e Malit t\u00eb","breadcrumb":{"@id":"https:\/\/www.visit-ulcinj.com\/blog\/2013\/04\/09\/dita-e-komunes-se-ulqinit-fjalimi-i-kryetarit-cungu\/#breadcrumb"},"inLanguage":"en-US","potentialAction":[{"@type":"ReadAction","target":["https:\/\/www.visit-ulcinj.com\/blog\/2013\/04\/09\/dita-e-komunes-se-ulqinit-fjalimi-i-kryetarit-cungu\/"]}]},{"@type":"BreadcrumbList","@id":"https:\/\/www.visit-ulcinj.com\/blog\/2013\/04\/09\/dita-e-komunes-se-ulqinit-fjalimi-i-kryetarit-cungu\/#breadcrumb","itemListElement":[{"@type":"ListItem","position":1,"name":"Dita e Komun\u00ebs s\u00eb Ulqinit &#8211; Fjalimi i kryetarit Cungu + Foto"}]},{"@type":"Person","@id":"https:\/\/www.visit-ulcinj.com\/blog\/#\/schema\/person\/dcab619c614d3038751c63bc2aadc06d","name":"ulqini","sameAs":["http:\/\/www.visit-ulcinj.com"],"url":"https:\/\/www.visit-ulcinj.com\/blog\/author\/admin\/"}]}},"jetpack_featured_media_url":"","jetpack_sharing_enabled":true,"jetpack_shortlink":"https:\/\/wp.me\/pe6lTn-ikA","_links":{"self":[{"href":"https:\/\/www.visit-ulcinj.com\/blog\/wp-json\/wp\/v2\/posts\/70468"}],"collection":[{"href":"https:\/\/www.visit-ulcinj.com\/blog\/wp-json\/wp\/v2\/posts"}],"about":[{"href":"https:\/\/www.visit-ulcinj.com\/blog\/wp-json\/wp\/v2\/types\/post"}],"author":[{"embeddable":true,"href":"https:\/\/www.visit-ulcinj.com\/blog\/wp-json\/wp\/v2\/users\/1"}],"replies":[{"embeddable":true,"href":"https:\/\/www.visit-ulcinj.com\/blog\/wp-json\/wp\/v2\/comments?post=70468"}],"version-history":[{"count":6,"href":"https:\/\/www.visit-ulcinj.com\/blog\/wp-json\/wp\/v2\/posts\/70468\/revisions"}],"predecessor-version":[{"id":70599,"href":"https:\/\/www.visit-ulcinj.com\/blog\/wp-json\/wp\/v2\/posts\/70468\/revisions\/70599"}],"wp:attachment":[{"href":"https:\/\/www.visit-ulcinj.com\/blog\/wp-json\/wp\/v2\/media?parent=70468"}],"wp:term":[{"taxonomy":"category","embeddable":true,"href":"https:\/\/www.visit-ulcinj.com\/blog\/wp-json\/wp\/v2\/categories?post=70468"},{"taxonomy":"post_tag","embeddable":true,"href":"https:\/\/www.visit-ulcinj.com\/blog\/wp-json\/wp\/v2\/tags?post=70468"}],"curies":[{"name":"wp","href":"https:\/\/api.w.org\/{rel}","templated":true}]}}