{"id":70473,"date":"2013-04-09T18:24:18","date_gmt":"2013-04-09T17:24:18","guid":{"rendered":"http:\/\/www.visit-ulcinj.com\/blog\/?p=70473"},"modified":"2013-04-09T18:24:18","modified_gmt":"2013-04-09T17:24:18","slug":"govor-predsednika-cungu-povodom-dana-opstine-ulcinj","status":"publish","type":"post","link":"https:\/\/www.visit-ulcinj.com\/blog\/2013\/04\/09\/govor-predsednika-cungu-povodom-dana-opstine-ulcinj\/","title":{"rendered":"Govor predsednika Cungu, povodom Dana Op\u0161tine Ulcinj"},"content":{"rendered":"<p><strong><a href=\"http:\/\/www.visit-ulcinj.com\/blog\/wp-content\/uploads\/2013\/04\/Govor-predsednika-Cungu-Dan-Opstie-Ulcinj.jpg\"><img loading=\"lazy\" class=\"alignleft  wp-image-70474\" alt=\"Govor predsednika Cungu - Dan Opstie Ulcinj\" src=\"http:\/\/www.visit-ulcinj.com\/blog\/wp-content\/uploads\/2013\/04\/Govor-predsednika-Cungu-Dan-Opstie-Ulcinj.jpg\" width=\"508\" height=\"360\" \/><\/a>Rije\u010d predsednika Cungu povodom Dana Op\u0161tine Ulcinj<\/strong><\/p>\n<p>Po\u0161tovani predsjedni\u010de Skup\u0161tine, po\u0161tovani ministri u Vladi Crne Gore,postovani poslanici, po\u0161tovani predstavnici diplomatskog kora, po\u0161tovani predsjednici op\u0161tina, po\u0161tovane odbornice i odbornici, po\u0161tovani gosti, dame i gospodo, po\u0161tovani prijatelji, po\u0161tovani gra\u0111ani op\u0161tine Ulcinj. Praznik op\u0161tine je prva subota u mjesecu aprilu, \u010dime simboli\u010dno ozna\u010davamo zavr\u0161etak berbe maslina, izlazak pomoraca na more i po\u010detak turisti\u010dke sezone. Na\u0161i vrijedni maslinari imali su pune ruke posla i jo\u0161 uvijek nisu svi zavr\u0161ili berbu, jer je OVA sezona maslina bila jedna od najrodnijih u zadnjih nekoliko decenija. Pri\u017eeljkujemo i radimo na tome da se sli\u010dno ostvari i turistickom prometu u nastupaju\u0107oj turisti\u010dkoj sezoni. Po\u0161tovane dame i gospodo,<\/p>\n<p>Svjedoci smo i savremenici glonalne ekonomske krize koja je u prethodnom periodu zahvatila ove prostore, Crnu Goru i, naravno, nije zaobi\u0161la ni na\u0161 grad. Bez obzira na to, smatram da nismo sjedili skr\u0161tenih ruku \u010dekaju\u0107i bolje dane i maksimalnim anga\u017emanom, u proteklih 18 mjeseci, u\u010dinili da vrijeme ne bude izgubljeno. O\u010dekujem da \u0107e u ovoj godini po\u010deti konsolidacija finasijske situacije u Opstini i u javnim preduzecima. Opstina Ulcinj dugo \u010deka svoju \u0161ansu razvoja, dok istovremeno ima najve\u0107e razvojne potencijale koji su prepoznati u svim strate\u0161kim razvojnim dokumentima Dr\u017eave. Bilo je iluzorno ocekivati zna\u010dajnije pomake u razvoju strate\u0161kih razvojnih projekata i bez prostorno planske dokumentacije. Stoga smo svo vrijeme radili na tim dokumentima. U zavr\u0161noj je fazi izrada Strate\u0161kog plana razvoja op\u0161tine Ulcinj do 2018. Godine, Prostorno urbanisti\u010dki plan op\u0161tine, a u prethodnoj godini smo usvojili 19 prostorno planskih dokumenata i u toku je izrada i priprema 22 nova planska dokumenta. Ocekujem da ce do kraja 2014 god. op\u0161tina u potpunosti biti pokrivena planskim dokumentima. Na osnovu izdatih urbanisticko tehnickih uslova u Ulcinju se momentalno radi preko 83 projekata i nadam se da ce se do kraja godine udvostruciti. Zapo\u010deli smo aktivnosti na rje\u0161avanju najve\u0107eg problema na\u0161eg grada &#8211; problema kanalizacije i tretmana otpadnih voda. U tom cilju KFW banka je donirala op\u0161tini Ulcinj izradu studije izvodljivosti vodosnabdjevanja, odvodjenja i tretmana otpadnih voda, u vrijednosti od 487.000 eura. Njemacka kompanija Dahlem je vec izradila nacrt Studije. Izrada studije izvodljivosti preduslov za dobijanje kredita od preko 24.000.000 eura od KFW banke, kojim \u0107e se, naravno u periodu od vi\u0161e godina, kona\u010dno rije\u0161iti i ovaj problem.<br \/>\nDo kraja juna bice zavrsen projekat za kanalizacioni sistem za naselje Bratica,Kodre,Bjela Gora i Toto\u0161i. Zapoceta je izrada Lokalne studije lokacije za Biznis zonu u Krutama na povrsini od preko 27 ha i pripremljen set mjera za pospje\u0161ivanje biznisa i stvaranje uslova za zna\u010dajnija ulaganja doma\u0107ih i inostranih investitora. I prije izrade Plana biznis zone, zahvaljuju\u0107i na\u0161em anga\u017emanu i podsticajnim mjerama Vlade, ve\u0107 imamo kontakte sa investitorima koji su izralili spremnost da ula\u017eu u toj Zoni. Predstoje\u0107u turisti\u010dku sezonu cemo docekati sa novom sanitarnom deponijom, sa novim vozilima za odvoz sanitarnog otpada, sa novom dionicom puta od Vladimira do Kruta, sa vec zavrsenim Regionalnim vodovodom. Nakon skoro dvije decenije Opstina Ulcinj je pocela da eksproprise zemljiste u svrhu izgradnje infrastrukturnih objekata . Na ovaj nacin, u saradnji sa Direkcijom za saobracaj, obezbjedjujemo kompletiranje pratece infrastrukture i prilazne saobracajnice novog mosta preko Port Milene, cime se stvaraju uslovi da se krajem ovog mjeseca pusti u promet kapitalni saobra\u0107ajni objekat, koji teba da otkloni duge kolone automobila na prilazu Velikoj Pla\u017ei i stvori uslove za razvoj turizma u skladu sa Master planom razvoja turizma Crne Gore i Ulcinja. Po planiranoj dinamici teku i radovi na drugoj dionici sobra\u0107ajnice Ulcinj \u2013 Sukobin, koji \u0107e tako\u0111e biti zavr\u0161eni prije po\u010detka turisti\u010dke sezone. Istovremeno ce se urediti i centar Vladimira i izvrsiti rekonstrukcija vodovodne mreze, u tom cilju \u0107e op\u0161tina Ulcinj ulo\u017eiti dodatnih 250,000.00 EUR-a. Pred po\u010detak ove turisti\u010dke sezone se o\u010dekuje i zavr\u0161etak druge faze elektrifikacije magistralnog puta Ulcinj \u2013 Ada do centra \u0160toja, projekat vrijedan skoro 200.000 eura.<br \/>\nZahvalujuci donaciji USAD-a u zavrsnoj fazi je izgradnja gradjanskog biroa u opstini kao i umrezavanje svih radnih mjesta. To je zasluga Biroa za evropske integracije, preko kojeg je u toku realizacija jos 6 IPA projekata.<br \/>\nPo\u0161tovane dame i gospodo, Sve ovo ukazuje, da i pored ekonomskih i drugih pote\u0161ko\u0107a, kojih \u0107e svakako biti i u narednom periodu, ovaj grad o\u010dekuje bolja i bogatija budu\u0107nost, naravno ako u tom pravcu budemo uporni i anga\u017eovani svi, po\u010dev od lokalne uprave, Vlade Crne Gore i svih gra\u0111ana. Na kraju vam, jo\u0161 jednom \u010destitam Va\u0161 dan, dan na\u0161eg Ulcinja, \u017eelim vam sre\u0107u i puno uspjeha u narednom periodu, a na\u0161im gostima prijatan boravak. Hvala.<\/p>\n<p><strong>Op\u0161tina Ulcinj \/ Komuna e Ulqinit<\/strong><br \/>\nTel: +382 30 412 050<br \/>\nFax: +382 30 412 413<br \/>\nAdresa: Bul. Skenderbeu bb, 85360 Ulcinj, MNE<\/p>\n","protected":false},"excerpt":{"rendered":"<p>Rije\u010d predsednika Cungu povodom Dana Op\u0161tine Ulcinj Po\u0161tovani predsjedni\u010de Skup\u0161tine, po\u0161tovani ministri u Vladi Crne Gore,postovani poslanici, po\u0161tovani predstavnici diplomatskog kora, po\u0161tovani predsjednici op\u0161tina, po\u0161tovane odbornice i odbornici, po\u0161tovani gosti, dame i gospodo, po\u0161tovani prijatelji, po\u0161tovani gra\u0111ani op\u0161tine Ulcinj. Praznik op\u0161tine je prva subota u mjesecu aprilu, \u010dime simboli\u010dno ozna\u010davamo zavr\u0161etak berbe maslina, izlazak pomoraca [&hellip;]<\/p>\n","protected":false},"author":1,"featured_media":0,"comment_status":"open","ping_status":"closed","sticky":false,"template":"","format":"standard","meta":{"spay_email":"","jetpack_publicize_message":"","jetpack_is_tweetstorm":false,"jetpack_publicize_feature_enabled":true},"categories":[8337],"tags":[19],"jetpack_publicize_connections":[],"yoast_head":"<!-- This site is optimized with the Yoast SEO plugin v19.1 - https:\/\/yoast.com\/wordpress\/plugins\/seo\/ -->\n<title>Govor predsednika Cungu, povodom Dana Op\u0161tine Ulcinj - Lajme nga Ulqini<\/title>\n<meta name=\"description\" content=\"Rije\u010d predsednika Cungu povodom Dana Op\u0161tine Ulcinj Po\u0161tovani predsjedni\u010de Skup\u0161tine, po\u0161tovani ministri u Vladi Crne Gore,postovani poslanici, po\u0161tovani\" \/>\n<meta name=\"robots\" content=\"index, follow, max-snippet:-1, max-image-preview:large, max-video-preview:-1\" \/>\n<link rel=\"canonical\" href=\"https:\/\/www.visit-ulcinj.com\/blog\/2013\/04\/09\/govor-predsednika-cungu-povodom-dana-opstine-ulcinj\/\" \/>\n<meta property=\"og:locale\" content=\"en_US\" \/>\n<meta property=\"og:type\" content=\"article\" \/>\n<meta property=\"og:title\" content=\"Govor predsednika Cungu, povodom Dana Op\u0161tine Ulcinj - Lajme nga Ulqini\" \/>\n<meta property=\"og:description\" content=\"Rije\u010d predsednika Cungu povodom Dana Op\u0161tine Ulcinj Po\u0161tovani predsjedni\u010de Skup\u0161tine, po\u0161tovani ministri u Vladi Crne Gore,postovani poslanici, po\u0161tovani\" \/>\n<meta property=\"og:url\" content=\"https:\/\/www.visit-ulcinj.com\/blog\/2013\/04\/09\/govor-predsednika-cungu-povodom-dana-opstine-ulcinj\/\" \/>\n<meta property=\"og:site_name\" content=\"Lajme nga Ulqini\" \/>\n<meta property=\"article:published_time\" content=\"2013-04-09T17:24:18+00:00\" \/>\n<meta property=\"og:image\" content=\"http:\/\/www.visit-ulcinj.com\/blog\/wp-content\/uploads\/2013\/04\/Govor-predsednika-Cungu-Dan-Opstie-Ulcinj.jpg\" \/>\n<meta name=\"twitter:label1\" content=\"Written by\" \/>\n\t<meta name=\"twitter:data1\" content=\"ulqini\" \/>\n\t<meta name=\"twitter:label2\" content=\"Est. reading time\" \/>\n\t<meta name=\"twitter:data2\" content=\"4 minutes\" \/>\n<script type=\"application\/ld+json\" class=\"yoast-schema-graph\">{\"@context\":\"https:\/\/schema.org\",\"@graph\":[{\"@type\":\"WebSite\",\"@id\":\"https:\/\/www.visit-ulcinj.com\/blog\/#website\",\"url\":\"https:\/\/www.visit-ulcinj.com\/blog\/\",\"name\":\"Lajme nga Ulqini\",\"description\":\"Lajme,Vijesti,Ulqini,Ulqin,Crna Gora,Mali i Zi\",\"potentialAction\":[{\"@type\":\"SearchAction\",\"target\":{\"@type\":\"EntryPoint\",\"urlTemplate\":\"https:\/\/www.visit-ulcinj.com\/blog\/?s={search_term_string}\"},\"query-input\":\"required name=search_term_string\"}],\"inLanguage\":\"en-US\"},{\"@type\":\"ImageObject\",\"inLanguage\":\"en-US\",\"@id\":\"https:\/\/www.visit-ulcinj.com\/blog\/2013\/04\/09\/govor-predsednika-cungu-povodom-dana-opstine-ulcinj\/#primaryimage\",\"url\":\"https:\/\/www.visit-ulcinj.com\/blog\/wp-content\/uploads\/2013\/04\/Govor-predsednika-Cungu-Dan-Opstie-Ulcinj.jpg\",\"contentUrl\":\"https:\/\/www.visit-ulcinj.com\/blog\/wp-content\/uploads\/2013\/04\/Govor-predsednika-Cungu-Dan-Opstie-Ulcinj.jpg\",\"width\":640,\"height\":424},{\"@type\":\"WebPage\",\"@id\":\"https:\/\/www.visit-ulcinj.com\/blog\/2013\/04\/09\/govor-predsednika-cungu-povodom-dana-opstine-ulcinj\/#webpage\",\"url\":\"https:\/\/www.visit-ulcinj.com\/blog\/2013\/04\/09\/govor-predsednika-cungu-povodom-dana-opstine-ulcinj\/\",\"name\":\"Govor predsednika Cungu, povodom Dana Op\u0161tine Ulcinj - Lajme nga Ulqini\",\"isPartOf\":{\"@id\":\"https:\/\/www.visit-ulcinj.com\/blog\/#website\"},\"primaryImageOfPage\":{\"@id\":\"https:\/\/www.visit-ulcinj.com\/blog\/2013\/04\/09\/govor-predsednika-cungu-povodom-dana-opstine-ulcinj\/#primaryimage\"},\"datePublished\":\"2013-04-09T17:24:18+00:00\",\"dateModified\":\"2013-04-09T17:24:18+00:00\",\"author\":{\"@id\":\"https:\/\/www.visit-ulcinj.com\/blog\/#\/schema\/person\/dcab619c614d3038751c63bc2aadc06d\"},\"description\":\"Rije\u010d predsednika Cungu povodom Dana Op\u0161tine Ulcinj Po\u0161tovani predsjedni\u010de Skup\u0161tine, po\u0161tovani ministri u Vladi Crne Gore,postovani poslanici, po\u0161tovani\",\"breadcrumb\":{\"@id\":\"https:\/\/www.visit-ulcinj.com\/blog\/2013\/04\/09\/govor-predsednika-cungu-povodom-dana-opstine-ulcinj\/#breadcrumb\"},\"inLanguage\":\"en-US\",\"potentialAction\":[{\"@type\":\"ReadAction\",\"target\":[\"https:\/\/www.visit-ulcinj.com\/blog\/2013\/04\/09\/govor-predsednika-cungu-povodom-dana-opstine-ulcinj\/\"]}]},{\"@type\":\"BreadcrumbList\",\"@id\":\"https:\/\/www.visit-ulcinj.com\/blog\/2013\/04\/09\/govor-predsednika-cungu-povodom-dana-opstine-ulcinj\/#breadcrumb\",\"itemListElement\":[{\"@type\":\"ListItem\",\"position\":1,\"name\":\"Govor predsednika Cungu, povodom Dana Op\u0161tine Ulcinj\"}]},{\"@type\":\"Person\",\"@id\":\"https:\/\/www.visit-ulcinj.com\/blog\/#\/schema\/person\/dcab619c614d3038751c63bc2aadc06d\",\"name\":\"ulqini\",\"sameAs\":[\"http:\/\/www.visit-ulcinj.com\"],\"url\":\"https:\/\/www.visit-ulcinj.com\/blog\/author\/admin\/\"}]}<\/script>\n<!-- \/ Yoast SEO plugin. -->","yoast_head_json":{"title":"Govor predsednika Cungu, povodom Dana Op\u0161tine Ulcinj - Lajme nga Ulqini","description":"Rije\u010d predsednika Cungu povodom Dana Op\u0161tine Ulcinj Po\u0161tovani predsjedni\u010de Skup\u0161tine, po\u0161tovani ministri u Vladi Crne Gore,postovani poslanici, po\u0161tovani","robots":{"index":"index","follow":"follow","max-snippet":"max-snippet:-1","max-image-preview":"max-image-preview:large","max-video-preview":"max-video-preview:-1"},"canonical":"https:\/\/www.visit-ulcinj.com\/blog\/2013\/04\/09\/govor-predsednika-cungu-povodom-dana-opstine-ulcinj\/","og_locale":"en_US","og_type":"article","og_title":"Govor predsednika Cungu, povodom Dana Op\u0161tine Ulcinj - Lajme nga Ulqini","og_description":"Rije\u010d predsednika Cungu povodom Dana Op\u0161tine Ulcinj Po\u0161tovani predsjedni\u010de Skup\u0161tine, po\u0161tovani ministri u Vladi Crne Gore,postovani poslanici, po\u0161tovani","og_url":"https:\/\/www.visit-ulcinj.com\/blog\/2013\/04\/09\/govor-predsednika-cungu-povodom-dana-opstine-ulcinj\/","og_site_name":"Lajme nga Ulqini","article_published_time":"2013-04-09T17:24:18+00:00","og_image":[{"url":"http:\/\/www.visit-ulcinj.com\/blog\/wp-content\/uploads\/2013\/04\/Govor-predsednika-Cungu-Dan-Opstie-Ulcinj.jpg"}],"twitter_misc":{"Written by":"ulqini","Est. reading time":"4 minutes"},"schema":{"@context":"https:\/\/schema.org","@graph":[{"@type":"WebSite","@id":"https:\/\/www.visit-ulcinj.com\/blog\/#website","url":"https:\/\/www.visit-ulcinj.com\/blog\/","name":"Lajme nga Ulqini","description":"Lajme,Vijesti,Ulqini,Ulqin,Crna Gora,Mali i Zi","potentialAction":[{"@type":"SearchAction","target":{"@type":"EntryPoint","urlTemplate":"https:\/\/www.visit-ulcinj.com\/blog\/?s={search_term_string}"},"query-input":"required name=search_term_string"}],"inLanguage":"en-US"},{"@type":"ImageObject","inLanguage":"en-US","@id":"https:\/\/www.visit-ulcinj.com\/blog\/2013\/04\/09\/govor-predsednika-cungu-povodom-dana-opstine-ulcinj\/#primaryimage","url":"https:\/\/www.visit-ulcinj.com\/blog\/wp-content\/uploads\/2013\/04\/Govor-predsednika-Cungu-Dan-Opstie-Ulcinj.jpg","contentUrl":"https:\/\/www.visit-ulcinj.com\/blog\/wp-content\/uploads\/2013\/04\/Govor-predsednika-Cungu-Dan-Opstie-Ulcinj.jpg","width":640,"height":424},{"@type":"WebPage","@id":"https:\/\/www.visit-ulcinj.com\/blog\/2013\/04\/09\/govor-predsednika-cungu-povodom-dana-opstine-ulcinj\/#webpage","url":"https:\/\/www.visit-ulcinj.com\/blog\/2013\/04\/09\/govor-predsednika-cungu-povodom-dana-opstine-ulcinj\/","name":"Govor predsednika Cungu, povodom Dana Op\u0161tine Ulcinj - Lajme nga Ulqini","isPartOf":{"@id":"https:\/\/www.visit-ulcinj.com\/blog\/#website"},"primaryImageOfPage":{"@id":"https:\/\/www.visit-ulcinj.com\/blog\/2013\/04\/09\/govor-predsednika-cungu-povodom-dana-opstine-ulcinj\/#primaryimage"},"datePublished":"2013-04-09T17:24:18+00:00","dateModified":"2013-04-09T17:24:18+00:00","author":{"@id":"https:\/\/www.visit-ulcinj.com\/blog\/#\/schema\/person\/dcab619c614d3038751c63bc2aadc06d"},"description":"Rije\u010d predsednika Cungu povodom Dana Op\u0161tine Ulcinj Po\u0161tovani predsjedni\u010de Skup\u0161tine, po\u0161tovani ministri u Vladi Crne Gore,postovani poslanici, po\u0161tovani","breadcrumb":{"@id":"https:\/\/www.visit-ulcinj.com\/blog\/2013\/04\/09\/govor-predsednika-cungu-povodom-dana-opstine-ulcinj\/#breadcrumb"},"inLanguage":"en-US","potentialAction":[{"@type":"ReadAction","target":["https:\/\/www.visit-ulcinj.com\/blog\/2013\/04\/09\/govor-predsednika-cungu-povodom-dana-opstine-ulcinj\/"]}]},{"@type":"BreadcrumbList","@id":"https:\/\/www.visit-ulcinj.com\/blog\/2013\/04\/09\/govor-predsednika-cungu-povodom-dana-opstine-ulcinj\/#breadcrumb","itemListElement":[{"@type":"ListItem","position":1,"name":"Govor predsednika Cungu, povodom Dana Op\u0161tine Ulcinj"}]},{"@type":"Person","@id":"https:\/\/www.visit-ulcinj.com\/blog\/#\/schema\/person\/dcab619c614d3038751c63bc2aadc06d","name":"ulqini","sameAs":["http:\/\/www.visit-ulcinj.com"],"url":"https:\/\/www.visit-ulcinj.com\/blog\/author\/admin\/"}]}},"jetpack_featured_media_url":"","jetpack_sharing_enabled":true,"jetpack_shortlink":"https:\/\/wp.me\/pe6lTn-ikF","_links":{"self":[{"href":"https:\/\/www.visit-ulcinj.com\/blog\/wp-json\/wp\/v2\/posts\/70473"}],"collection":[{"href":"https:\/\/www.visit-ulcinj.com\/blog\/wp-json\/wp\/v2\/posts"}],"about":[{"href":"https:\/\/www.visit-ulcinj.com\/blog\/wp-json\/wp\/v2\/types\/post"}],"author":[{"embeddable":true,"href":"https:\/\/www.visit-ulcinj.com\/blog\/wp-json\/wp\/v2\/users\/1"}],"replies":[{"embeddable":true,"href":"https:\/\/www.visit-ulcinj.com\/blog\/wp-json\/wp\/v2\/comments?post=70473"}],"version-history":[{"count":1,"href":"https:\/\/www.visit-ulcinj.com\/blog\/wp-json\/wp\/v2\/posts\/70473\/revisions"}],"predecessor-version":[{"id":70475,"href":"https:\/\/www.visit-ulcinj.com\/blog\/wp-json\/wp\/v2\/posts\/70473\/revisions\/70475"}],"wp:attachment":[{"href":"https:\/\/www.visit-ulcinj.com\/blog\/wp-json\/wp\/v2\/media?parent=70473"}],"wp:term":[{"taxonomy":"category","embeddable":true,"href":"https:\/\/www.visit-ulcinj.com\/blog\/wp-json\/wp\/v2\/categories?post=70473"},{"taxonomy":"post_tag","embeddable":true,"href":"https:\/\/www.visit-ulcinj.com\/blog\/wp-json\/wp\/v2\/tags?post=70473"}],"curies":[{"name":"wp","href":"https:\/\/api.w.org\/{rel}","templated":true}]}}