{"id":70476,"date":"2013-04-10T09:05:01","date_gmt":"2013-04-10T08:05:01","guid":{"rendered":"http:\/\/www.visit-ulcinj.com\/blog\/?p=70476"},"modified":"2013-04-10T16:13:45","modified_gmt":"2013-04-10T15:13:45","slug":"sinishtaj-shtyrja-e-referendumit-i-ka-kushtuar-vujanoviqit","status":"publish","type":"post","link":"https:\/\/www.visit-ulcinj.com\/blog\/2013\/04\/10\/sinishtaj-shtyrja-e-referendumit-i-ka-kushtuar-vujanoviqit\/","title":{"rendered":"Sinishtaj: Shtyrja e referendumit i ka kushtuar Vujanoviqit"},"content":{"rendered":"<p><a href=\"http:\/\/www.visit-ulcinj.com\/blog\/wp-content\/uploads\/2013\/04\/Sinishtaj.jpg\"><img loading=\"lazy\" class=\"alignleft size-full wp-image-70477\" alt=\"Sinishtaj\" src=\"http:\/\/www.visit-ulcinj.com\/blog\/wp-content\/uploads\/2013\/04\/Sinishtaj.jpg\" width=\"259\" height=\"194\" \/><\/a>Shtyrja e shpalljes s\u00eb referendumit p\u00ebr Komun\u00ebn e Tuzit ka ndikuar n\u00eb rezultatin zgjedhor t\u00eb kandidatit presidencial Filip Vujanoviq, ka vler\u00ebsuar funksionari i Iniciativ\u00ebs qytetare , Vasel Sinishtaj, duke shtuar se qytetar\u00ebt e Malit t\u00eb Zi i kan\u00eb rekomanduar Partis\u00eb n\u00eb pushtet se jan\u00eb t\u00eb pa k\u00ebnaqur me kualitetin e jetes\u00ebs dhe se jan\u00eb duke humbur durimin.<\/p>\n<p>N\u00eb zgjedhjet presidenciale t\u00eb mbajtura t\u00eb diel\u00ebn dalja m\u00eb e vog\u00ebl \u00ebsht\u00eb sh\u00ebnuar n\u00eb Ulqin. Disa parti shqiptare i kan\u00eb ftuar bashk\u00ebkomb\u00ebsit e vet\u00eb mos votojn\u00eb p\u00ebr Vujanoviqin apo ta anulojn\u00eb flet\u00ebvotimin. Sinishtaj ka vler\u00ebsuar se askush nuk do ta fitoj\u00eb p\u00ebrkrahjen bind\u00ebse pa pakica. Duke komentuar faktin se n\u00eb Ulqin dalja ishte m\u00eb e vog\u00ebl n\u00eb nivelin e Malit t\u00eb Zi , Sinishtaj ka th\u00ebn\u00eb se kjo tregon q\u00eb lider\u00ebt e partive duhet ta shqyrtojn\u00eb pun\u00ebn e vet\u00eb n\u00ebse , si\u00e7 ka th\u00ebn\u00eb ai kan\u00eb kapacitet t\u00eb mjaftuesh\u00ebm demokratik.<\/p>\n<p><strong>TVCG<\/strong><\/p>\n","protected":false},"excerpt":{"rendered":"<p>Shtyrja e shpalljes s\u00eb referendumit p\u00ebr Komun\u00ebn e Tuzit ka ndikuar n\u00eb rezultatin zgjedhor t\u00eb kandidatit presidencial Filip Vujanoviq, ka vler\u00ebsuar funksionari i Iniciativ\u00ebs qytetare , Vasel Sinishtaj, duke shtuar se qytetar\u00ebt e Malit t\u00eb Zi i kan\u00eb rekomanduar Partis\u00eb n\u00eb pushtet se jan\u00eb t\u00eb pa k\u00ebnaqur me kualitetin e jetes\u00ebs dhe se jan\u00eb duke [&hellip;]<\/p>\n","protected":false},"author":1,"featured_media":0,"comment_status":"open","ping_status":"closed","sticky":false,"template":"","format":"standard","meta":{"spay_email":"","jetpack_publicize_message":"","jetpack_is_tweetstorm":false,"jetpack_publicize_feature_enabled":true},"categories":[14],"tags":[],"jetpack_publicize_connections":[],"yoast_head":"<!-- This site is optimized with the Yoast SEO plugin v19.1 - https:\/\/yoast.com\/wordpress\/plugins\/seo\/ -->\n<title>Sinishtaj: Shtyrja e referendumit i ka kushtuar Vujanoviqit - Lajme nga Ulqini<\/title>\n<meta name=\"description\" content=\"Shtyrja e shpalljes s\u00eb referendumit p\u00ebr Komun\u00ebn e Tuzit ka ndikuar n\u00eb rezultatin zgjedhor t\u00eb kandidatit presidencial Filip Vujanoviq, ka vler\u00ebsuar\" \/>\n<meta name=\"robots\" content=\"index, follow, max-snippet:-1, max-image-preview:large, max-video-preview:-1\" \/>\n<link rel=\"canonical\" href=\"https:\/\/www.visit-ulcinj.com\/blog\/2013\/04\/10\/sinishtaj-shtyrja-e-referendumit-i-ka-kushtuar-vujanoviqit\/\" \/>\n<meta property=\"og:locale\" content=\"en_US\" \/>\n<meta property=\"og:type\" content=\"article\" \/>\n<meta property=\"og:title\" content=\"Sinishtaj: Shtyrja e referendumit i ka kushtuar Vujanoviqit - Lajme nga Ulqini\" \/>\n<meta property=\"og:description\" content=\"Shtyrja e shpalljes s\u00eb referendumit p\u00ebr Komun\u00ebn e Tuzit ka ndikuar n\u00eb rezultatin zgjedhor t\u00eb kandidatit presidencial Filip Vujanoviq, ka vler\u00ebsuar\" \/>\n<meta property=\"og:url\" content=\"https:\/\/www.visit-ulcinj.com\/blog\/2013\/04\/10\/sinishtaj-shtyrja-e-referendumit-i-ka-kushtuar-vujanoviqit\/\" \/>\n<meta property=\"og:site_name\" content=\"Lajme nga Ulqini\" \/>\n<meta property=\"article:published_time\" content=\"2013-04-10T08:05:01+00:00\" \/>\n<meta property=\"article:modified_time\" content=\"2013-04-10T15:13:45+00:00\" \/>\n<meta property=\"og:image\" content=\"http:\/\/www.visit-ulcinj.com\/blog\/wp-content\/uploads\/2013\/04\/Sinishtaj.jpg\" \/>\n<meta name=\"twitter:label1\" content=\"Written by\" \/>\n\t<meta name=\"twitter:data1\" content=\"ulqini\" \/>\n\t<meta name=\"twitter:label2\" content=\"Est. reading time\" \/>\n\t<meta name=\"twitter:data2\" content=\"1 minute\" \/>\n<script type=\"application\/ld+json\" class=\"yoast-schema-graph\">{\"@context\":\"https:\/\/schema.org\",\"@graph\":[{\"@type\":\"WebSite\",\"@id\":\"https:\/\/www.visit-ulcinj.com\/blog\/#website\",\"url\":\"https:\/\/www.visit-ulcinj.com\/blog\/\",\"name\":\"Lajme nga Ulqini\",\"description\":\"Lajme,Vijesti,Ulqini,Ulqin,Crna Gora,Mali i Zi\",\"potentialAction\":[{\"@type\":\"SearchAction\",\"target\":{\"@type\":\"EntryPoint\",\"urlTemplate\":\"https:\/\/www.visit-ulcinj.com\/blog\/?s={search_term_string}\"},\"query-input\":\"required name=search_term_string\"}],\"inLanguage\":\"en-US\"},{\"@type\":\"ImageObject\",\"inLanguage\":\"en-US\",\"@id\":\"https:\/\/www.visit-ulcinj.com\/blog\/2013\/04\/10\/sinishtaj-shtyrja-e-referendumit-i-ka-kushtuar-vujanoviqit\/#primaryimage\",\"url\":\"https:\/\/www.visit-ulcinj.com\/blog\/wp-content\/uploads\/2013\/04\/Sinishtaj.jpg\",\"contentUrl\":\"https:\/\/www.visit-ulcinj.com\/blog\/wp-content\/uploads\/2013\/04\/Sinishtaj.jpg\",\"width\":259,\"height\":194},{\"@type\":\"WebPage\",\"@id\":\"https:\/\/www.visit-ulcinj.com\/blog\/2013\/04\/10\/sinishtaj-shtyrja-e-referendumit-i-ka-kushtuar-vujanoviqit\/#webpage\",\"url\":\"https:\/\/www.visit-ulcinj.com\/blog\/2013\/04\/10\/sinishtaj-shtyrja-e-referendumit-i-ka-kushtuar-vujanoviqit\/\",\"name\":\"Sinishtaj: Shtyrja e referendumit i ka kushtuar Vujanoviqit - Lajme nga Ulqini\",\"isPartOf\":{\"@id\":\"https:\/\/www.visit-ulcinj.com\/blog\/#website\"},\"primaryImageOfPage\":{\"@id\":\"https:\/\/www.visit-ulcinj.com\/blog\/2013\/04\/10\/sinishtaj-shtyrja-e-referendumit-i-ka-kushtuar-vujanoviqit\/#primaryimage\"},\"datePublished\":\"2013-04-10T08:05:01+00:00\",\"dateModified\":\"2013-04-10T15:13:45+00:00\",\"author\":{\"@id\":\"https:\/\/www.visit-ulcinj.com\/blog\/#\/schema\/person\/dcab619c614d3038751c63bc2aadc06d\"},\"description\":\"Shtyrja e shpalljes s\u00eb referendumit p\u00ebr Komun\u00ebn e Tuzit ka ndikuar n\u00eb rezultatin zgjedhor t\u00eb kandidatit presidencial Filip Vujanoviq, ka vler\u00ebsuar\",\"breadcrumb\":{\"@id\":\"https:\/\/www.visit-ulcinj.com\/blog\/2013\/04\/10\/sinishtaj-shtyrja-e-referendumit-i-ka-kushtuar-vujanoviqit\/#breadcrumb\"},\"inLanguage\":\"en-US\",\"potentialAction\":[{\"@type\":\"ReadAction\",\"target\":[\"https:\/\/www.visit-ulcinj.com\/blog\/2013\/04\/10\/sinishtaj-shtyrja-e-referendumit-i-ka-kushtuar-vujanoviqit\/\"]}]},{\"@type\":\"BreadcrumbList\",\"@id\":\"https:\/\/www.visit-ulcinj.com\/blog\/2013\/04\/10\/sinishtaj-shtyrja-e-referendumit-i-ka-kushtuar-vujanoviqit\/#breadcrumb\",\"itemListElement\":[{\"@type\":\"ListItem\",\"position\":1,\"name\":\"Sinishtaj: Shtyrja e referendumit i ka kushtuar Vujanoviqit\"}]},{\"@type\":\"Person\",\"@id\":\"https:\/\/www.visit-ulcinj.com\/blog\/#\/schema\/person\/dcab619c614d3038751c63bc2aadc06d\",\"name\":\"ulqini\",\"sameAs\":[\"http:\/\/www.visit-ulcinj.com\"],\"url\":\"https:\/\/www.visit-ulcinj.com\/blog\/author\/admin\/\"}]}<\/script>\n<!-- \/ Yoast SEO plugin. -->","yoast_head_json":{"title":"Sinishtaj: Shtyrja e referendumit i ka kushtuar Vujanoviqit - Lajme nga Ulqini","description":"Shtyrja e shpalljes s\u00eb referendumit p\u00ebr Komun\u00ebn e Tuzit ka ndikuar n\u00eb rezultatin zgjedhor t\u00eb kandidatit presidencial Filip Vujanoviq, ka vler\u00ebsuar","robots":{"index":"index","follow":"follow","max-snippet":"max-snippet:-1","max-image-preview":"max-image-preview:large","max-video-preview":"max-video-preview:-1"},"canonical":"https:\/\/www.visit-ulcinj.com\/blog\/2013\/04\/10\/sinishtaj-shtyrja-e-referendumit-i-ka-kushtuar-vujanoviqit\/","og_locale":"en_US","og_type":"article","og_title":"Sinishtaj: Shtyrja e referendumit i ka kushtuar Vujanoviqit - Lajme nga Ulqini","og_description":"Shtyrja e shpalljes s\u00eb referendumit p\u00ebr Komun\u00ebn e Tuzit ka ndikuar n\u00eb rezultatin zgjedhor t\u00eb kandidatit presidencial Filip Vujanoviq, ka vler\u00ebsuar","og_url":"https:\/\/www.visit-ulcinj.com\/blog\/2013\/04\/10\/sinishtaj-shtyrja-e-referendumit-i-ka-kushtuar-vujanoviqit\/","og_site_name":"Lajme nga Ulqini","article_published_time":"2013-04-10T08:05:01+00:00","article_modified_time":"2013-04-10T15:13:45+00:00","og_image":[{"url":"http:\/\/www.visit-ulcinj.com\/blog\/wp-content\/uploads\/2013\/04\/Sinishtaj.jpg"}],"twitter_misc":{"Written by":"ulqini","Est. reading time":"1 minute"},"schema":{"@context":"https:\/\/schema.org","@graph":[{"@type":"WebSite","@id":"https:\/\/www.visit-ulcinj.com\/blog\/#website","url":"https:\/\/www.visit-ulcinj.com\/blog\/","name":"Lajme nga Ulqini","description":"Lajme,Vijesti,Ulqini,Ulqin,Crna Gora,Mali i Zi","potentialAction":[{"@type":"SearchAction","target":{"@type":"EntryPoint","urlTemplate":"https:\/\/www.visit-ulcinj.com\/blog\/?s={search_term_string}"},"query-input":"required name=search_term_string"}],"inLanguage":"en-US"},{"@type":"ImageObject","inLanguage":"en-US","@id":"https:\/\/www.visit-ulcinj.com\/blog\/2013\/04\/10\/sinishtaj-shtyrja-e-referendumit-i-ka-kushtuar-vujanoviqit\/#primaryimage","url":"https:\/\/www.visit-ulcinj.com\/blog\/wp-content\/uploads\/2013\/04\/Sinishtaj.jpg","contentUrl":"https:\/\/www.visit-ulcinj.com\/blog\/wp-content\/uploads\/2013\/04\/Sinishtaj.jpg","width":259,"height":194},{"@type":"WebPage","@id":"https:\/\/www.visit-ulcinj.com\/blog\/2013\/04\/10\/sinishtaj-shtyrja-e-referendumit-i-ka-kushtuar-vujanoviqit\/#webpage","url":"https:\/\/www.visit-ulcinj.com\/blog\/2013\/04\/10\/sinishtaj-shtyrja-e-referendumit-i-ka-kushtuar-vujanoviqit\/","name":"Sinishtaj: Shtyrja e referendumit i ka kushtuar Vujanoviqit - Lajme nga Ulqini","isPartOf":{"@id":"https:\/\/www.visit-ulcinj.com\/blog\/#website"},"primaryImageOfPage":{"@id":"https:\/\/www.visit-ulcinj.com\/blog\/2013\/04\/10\/sinishtaj-shtyrja-e-referendumit-i-ka-kushtuar-vujanoviqit\/#primaryimage"},"datePublished":"2013-04-10T08:05:01+00:00","dateModified":"2013-04-10T15:13:45+00:00","author":{"@id":"https:\/\/www.visit-ulcinj.com\/blog\/#\/schema\/person\/dcab619c614d3038751c63bc2aadc06d"},"description":"Shtyrja e shpalljes s\u00eb referendumit p\u00ebr Komun\u00ebn e Tuzit ka ndikuar n\u00eb rezultatin zgjedhor t\u00eb kandidatit presidencial Filip Vujanoviq, ka vler\u00ebsuar","breadcrumb":{"@id":"https:\/\/www.visit-ulcinj.com\/blog\/2013\/04\/10\/sinishtaj-shtyrja-e-referendumit-i-ka-kushtuar-vujanoviqit\/#breadcrumb"},"inLanguage":"en-US","potentialAction":[{"@type":"ReadAction","target":["https:\/\/www.visit-ulcinj.com\/blog\/2013\/04\/10\/sinishtaj-shtyrja-e-referendumit-i-ka-kushtuar-vujanoviqit\/"]}]},{"@type":"BreadcrumbList","@id":"https:\/\/www.visit-ulcinj.com\/blog\/2013\/04\/10\/sinishtaj-shtyrja-e-referendumit-i-ka-kushtuar-vujanoviqit\/#breadcrumb","itemListElement":[{"@type":"ListItem","position":1,"name":"Sinishtaj: Shtyrja e referendumit i ka kushtuar Vujanoviqit"}]},{"@type":"Person","@id":"https:\/\/www.visit-ulcinj.com\/blog\/#\/schema\/person\/dcab619c614d3038751c63bc2aadc06d","name":"ulqini","sameAs":["http:\/\/www.visit-ulcinj.com"],"url":"https:\/\/www.visit-ulcinj.com\/blog\/author\/admin\/"}]}},"jetpack_featured_media_url":"","jetpack_sharing_enabled":true,"jetpack_shortlink":"https:\/\/wp.me\/pe6lTn-ikI","_links":{"self":[{"href":"https:\/\/www.visit-ulcinj.com\/blog\/wp-json\/wp\/v2\/posts\/70476"}],"collection":[{"href":"https:\/\/www.visit-ulcinj.com\/blog\/wp-json\/wp\/v2\/posts"}],"about":[{"href":"https:\/\/www.visit-ulcinj.com\/blog\/wp-json\/wp\/v2\/types\/post"}],"author":[{"embeddable":true,"href":"https:\/\/www.visit-ulcinj.com\/blog\/wp-json\/wp\/v2\/users\/1"}],"replies":[{"embeddable":true,"href":"https:\/\/www.visit-ulcinj.com\/blog\/wp-json\/wp\/v2\/comments?post=70476"}],"version-history":[{"count":3,"href":"https:\/\/www.visit-ulcinj.com\/blog\/wp-json\/wp\/v2\/posts\/70476\/revisions"}],"predecessor-version":[{"id":70489,"href":"https:\/\/www.visit-ulcinj.com\/blog\/wp-json\/wp\/v2\/posts\/70476\/revisions\/70489"}],"wp:attachment":[{"href":"https:\/\/www.visit-ulcinj.com\/blog\/wp-json\/wp\/v2\/media?parent=70476"}],"wp:term":[{"taxonomy":"category","embeddable":true,"href":"https:\/\/www.visit-ulcinj.com\/blog\/wp-json\/wp\/v2\/categories?post=70476"},{"taxonomy":"post_tag","embeddable":true,"href":"https:\/\/www.visit-ulcinj.com\/blog\/wp-json\/wp\/v2\/tags?post=70476"}],"curies":[{"name":"wp","href":"https:\/\/api.w.org\/{rel}","templated":true}]}}