{"id":70491,"date":"2013-04-11T07:00:51","date_gmt":"2013-04-11T06:00:51","guid":{"rendered":"http:\/\/www.visit-ulcinj.com\/blog\/?p=70491"},"modified":"2013-04-11T14:20:49","modified_gmt":"2013-04-11T13:20:49","slug":"mjeshter-i-artit-fotografik-dan-xhurreta","status":"publish","type":"post","link":"https:\/\/www.visit-ulcinj.com\/blog\/2013\/04\/11\/mjeshter-i-artit-fotografik-dan-xhurreta\/","title":{"rendered":"Mjesht\u00ebr i artit fotografik Dan Xhurreta"},"content":{"rendered":"<p><strong><a href=\"http:\/\/www.visit-ulcinj.com\/blog\/wp-content\/uploads\/2013\/04\/Dan-Xhurreta.jpg\"><img loading=\"lazy\" class=\"alignleft  wp-image-70492\" alt=\"Dan Xhurreta\" src=\"http:\/\/www.visit-ulcinj.com\/blog\/wp-content\/uploads\/2013\/04\/Dan-Xhurreta.jpg\" width=\"508\" height=\"360\" \/><\/a>Dan Xhurreta, fotografi i par\u00eb n\u00eb An\u00eb t\u00eb Malit <\/strong><\/p>\n<p><strong>\u00a0<\/strong><\/p>\n<p style=\"text-align: center;\"><strong>Mjesht<\/strong><strong>\u00ebr i artit fotografik<\/strong><\/p>\n<p><strong>\u00a0<\/strong><\/p>\n<p><strong>\u00a0Gjek\u00eb Gjonaj<\/strong><\/p>\n<p><strong>\u00a0<\/strong><\/p>\n<p>N\u00eb shekullin e kaluar\u00a0 fotografia tek shqiptar\u00ebt n\u00eb Malin e Zi ka qen\u00eb shum\u00eb pak e zhvilluar, e favorizuar dhe\u00a0 tej mase e n\u00ebnvler\u00ebsuar, gj\u00eb q\u00eb \u00ebsht\u00eb p\u00ebr t\u00eb ardhur keq, edhe pse\u00a0 vendbanimet autoktone shqiptare kan\u00eb patur nevoj\u00eb\u00a0 q\u00eb p\u00ebrmes objektivit t\u00eb prezantohen n\u00eb tregun e brendsh\u00ebm dhe t\u00eb jasht\u00ebm.\u00a0 Kjo ka ndodhur nd\u00ebr t\u00eb tjera\u00a0\u00a0 edhe n\u00eb munges\u00eb t\u00eb vet\u00ebdij\u00ebsimit t\u00eb\u00a0 shqiptar\u00ebve sa i p\u00ebrket fotografis\u00eb si pjes\u00eb shum\u00eb e r\u00ebnd\u00ebsishme e artit dhe kultur\u00ebs n\u00eb p\u00ebrgjith\u00ebsi.<strong> <\/strong><\/p>\n<p><strong>Njohja me fotografin<\/strong><\/p>\n<p>N\u00eb vitin 1993 gjat\u00eb nj\u00eb ekspedite n\u00eb An\u00eb t\u00eb Malit\u00a0 si gazetar-reporter i Radiotelevizionit t\u00eb Malit t\u00eb Zi, u njoha me\u00a0\u00a0 Dan Xhurret\u00ebn( 1921) , fotografin e par\u00eb\u00a0 nga kjo trev\u00eb. N\u00eb takimin e par\u00eb me k\u00ebt\u00eb mjesht\u00ebr t\u00eb artit t\u00eb fotografis\u00eb i premtova se do t\u00eb p\u00ebrgatis nj\u00eb reportazh\u00eb, p\u00ebr\u00a0 emisionin n\u00eb gjuh\u00ebn shqipe asohere shum\u00eb t\u00eb ndjekur \u00a0nga shqiptar\u00ebt\u00a0 \u201c Kronika e jav\u00ebs\u201d n\u00eb RTV e Malit t\u00eb Zi,\u00a0\u00a0 t\u00eb cil\u00ebn e realizova dy jav\u00eb m\u00eb von\u00eb.\u00a0 Nga biseda q\u00eb zhvillova me t\u00eb\u00a0 n\u00eb studion e vog\u00ebl n\u00eb sht\u00ebpin\u00eb e tij n\u00eb Kat\u00ebrkoll\u00eb\u00a0 m\u00ebsova\u00a0\u00a0 se q\u00eb kur ka qen\u00eb f\u00ebmij\u00eb i vog\u00ebl gjithmon\u00eb e\u00a0 ka pasur nj\u00eb kuriozitet t\u00eb madh\u00a0 n\u00eb lidhje me fotografin\u00eb dhe gjithmon\u00eb\u00a0 \u00ebsht\u00eb rritur n\u00eb shoq\u00ebrimin me\u00a0 aparat\u00ebt fotografik\u00eb bardh\u00eb e zi.\u00a0 Dani m\u00eb pat\u00eb th\u00ebn\u00eb se\u00a0 k\u00ebt\u00eb zanat e ka m\u00ebsuar nga fotografi i njohur tivaras Bozho Martinoviq, i cili aq e ka vler\u00ebsuar\u00a0\u00a0 vullnetin , ambicien\u00a0 e tij p\u00ebr t\u00eb qen\u00eb fotograf sa\u00a0 gjithmon\u00eb fliste me respekt t\u00eb madh si njeri dhe mjesht\u00ebr i fotogarfis\u00eb, duke\u00a0 i ofruar me k\u00ebnaq\u00ebsi pun\u00eb.\u00a0 Derisa bisedonim n\u00eb k\u00ebmb\u00eb n\u00eb mur\u00a0 q\u00ebndronte e\u00a0 varur\u00a0 \u00c7ertifikata e pun\u00ebs n\u00eb t\u00eb cil\u00ebn shkruante:\u00a0 \u201cSekretariati p\u00ebr veprimtari shoq\u00ebrore i Komun\u00ebs s\u00eb Tivarit\u00a0\u00a0 me dat\u00eb 21 maj 1969 i jep\u00eb\u00a0 \u00c7ertifikat\u00ebn\u00a0 mbi dh\u00ebnien e provimit p\u00ebr fotograf me t\u00eb cil\u00ebn v\u00ebrtetohet p\u00ebrgatitja profesionale p\u00ebr ushtrimin e veprimtaris\u00eb s\u00eb zanatit t\u00eb\u00a0 fotografit \u201d, firmosur nga Svetozar Gjuroviq.<\/p>\n<p><b>Fillimet e tij n\u00eb fotografi<\/b><\/p>\n<p>Ishte k\u00ebnaq\u00ebsi ta d\u00ebgjosh\u00a0 me sa dashuri e emocion\u00a0 flet p\u00ebr fillimet e tij n\u00eb k\u00ebt\u00eb profesion<strong> .\u00a0\u00a0\u00a0 <\/strong>Fillimisht fotografin\u00eb\u00a0 e ka pasur vet\u00ebm pasion, kur ka b\u00ebr\u00eb fotografi t\u00eb shumta t\u00eb natyr\u00ebs, ve\u00e7anarisht t\u00eb bjeshk\u00ebve dhe maleve gjat\u00eb per\u00ebndimit t\u00eb diellit dhe nat\u00ebn kur kishte vet\u00ebtima mbi kodrat e nalta t\u00eb An\u00ebs s\u00eb Malit dhe Kraj\u00ebs, liqenin e Shkodr\u00ebs, qiellin dhe ret\u00eb e bukura\u00a0 ku shpesh i dukej se gjen\u00eb edhe figura t\u00eb ndryshme n\u00eb to, t\u00eb cilat v\u00ebrtet\u00eb ju japin nj\u00eb ndjenj\u00eb fantazie\u00a0 dhe\u00a0\u00a0 objekteve t\u00eb ndryshme . Ai me\u00a0 aparatin e tij fotografik regjsitroi\u00a0\u00a0 shum\u00eb pamje nga jeta\u00a0 kryesisht e fshatit,por edhe qytetit, pejzazhe dhe aspekte t\u00eb\u00a0 tjara nga jeta n\u00eb t\u00eb gjitha fshtarat e An\u00ebs s\u00eb Malit dhe Kraj\u00ebs.Ky fotograf i zoti me aparatin e tij ka fiksuar edhe\u00a0\u00a0 njer\u00ebz t\u00eb zakonsh\u00ebm t\u00eb koh\u00ebs , \u00a0burra , gra e vajza\u00a0 me kostume komb\u00ebtare . Ai q\u00eb at\u00ebher\u00eb e ka par\u00eb q\u00eb fotografia tashm\u00eb i \u00ebsht\u00eb b\u00ebr\u00eb nj\u00eb shprehi q\u00eb nuk\u00a0 mund t\u00eb shk\u00ebputet\u00a0 prej saj.\u00a0 Vendosi q\u00eb dashurin\u00eb dhe pasionin q\u00eb ka patur p\u00ebr k\u00ebt\u00eb pun\u00eb ta m\u00ebsoj\u00eb\u00a0 nga fotograf\u00eb profesionist, duke e kthyer at\u00eb n\u00eb profesion. \u00a0Besonte se ishte i varur\u00a0 prej fotografis\u00eb. Nuk e imagjinonte veten\u00a0 nj\u00eb dit\u00eb pa b\u00ebr\u00eb disa fotografi ose pa b\u00ebr\u00eb di\u00e7ka rreth fotografis\u00eb. Ai\u00a0 me entuziazmin e nj\u00eb artisti t\u00eb ri\u00a0 me fantazi t\u00eb begat\u00eb u b\u00eb mjesht\u00ebr n\u00eb fush\u00ebn e teknikave t\u00eb vjetra\u00a0\u00a0 t\u00eb fotografimit bardh\u00eb e\u00a0 zi. Fal\u00eb inteligjenc\u00ebs natyrore dhe shpirtit praktik\u00a0 arriti\u00a0 t\u00eb realizoj\u00eb gjith\u00eb ciklin e realizimit t\u00eb fotografis\u00eb , q\u00eb nga fotografimi, zhvillimi i filmave e deri tek stampimi dhe larja e fotografive.<\/p>\n<p><b>Besimi n\u00eb popull<\/b><\/p>\n<p>Cil\u00ebsit\u00eb e tij, si pasioni, vullneti , k\u00ebmb\u00ebngulja dhe korrektesa ia rrit\u00ebn dita dit\u00ebs vlerat si fotograf. Ai l\u00ebvizte fshat n\u00eb fshat\u00a0 n\u00eb k\u00ebmb\u00eb p\u00ebr dit\u00eb t\u00eb t\u00ebra p\u00ebr t\u2019u shp\u00ebrndar\u00eb fotografit\u00eb n\u00eb afatin e caktuar, gjithmon\u00eb me \u00e7mim t\u00eb arsyesh\u00ebm. Me k\u00ebto raste b\u00ebnte filmime t\u00eb tjera . \u00cbsht\u00eb kjo arsyeja, q\u00eb s\u00eb bashku me cil\u00ebsin\u00eb e admirueshme t\u00eb fotografis\u00eb e mjeshtrin\u00eb e fotografimit, ia shtuan besimi n\u00eb popull e p\u00ebr rrjedhoj\u00eb edhe klient\u00ebt e tij.\u00a0 Me fotot e tij , me\u00a0 raportin njer\u00ebzor\u00a0 ndaj\u00a0 bashk\u00ebvendasve\u00a0 dhe bashk\u00ebkombasve\u00a0\u00a0\u00a0 u b\u00eb\u00a0 jo vet\u00ebm i shum\u00eb i njohur\u00a0 n\u00eb trevat\u00a0 e p\u00ebrmendura , por edhe i dashur , i preferuar , i nderuar dhe i respektuar nga klient\u00ebt e shumt\u00eb.\u00a0 N\u00eb\u00a0 saje t\u00eb vullnetit dhe k\u00ebmb\u00ebnguljes s\u00eb tij\u00a0 n\u00eb vitet n\u00eb vazhdim arriti t\u00eb krijoj raporte miq\u00ebsore me klient\u00ebt. P\u00ebr ta gjat\u00eb gjith\u00eb\u00a0 jet\u00ebs fliste me respekt t\u00eb madh. Profesionit t\u00eb\u00a0\u00a0 fotografit n\u00eb t\u00eb cilin qe dashuruar nuk iu nda deri\u00a0 sa nd\u00ebrroi jet\u00eb n\u00eb vitin 2008.<\/p>\n<p><b>Ekspozita e fotografive <\/b><\/p>\n<p>Dan Xhurreta gjat\u00eb karrier\u00ebs s\u00eb tij t\u00eb gjat\u00eb si fotograf\u00a0 p\u00ebr fat t\u00ebkeq nuk\u00a0 arriti t\u00eb\u00a0 ruaj\u00eb arkivin e tij t\u00eb pasur\u00a0 t\u00eb fotografive e as t\u00eb hap\u00eb ndonj\u00eb ekspozit\u00eb vetanake. K\u00ebt\u00eb boshll\u00ebk\u00a0 n\u00eb nj\u00eb m\u00ebnyr\u00eb e plot\u00ebsoi kryetarja e shoqat\u00ebs \u201c Labeat\u00ebt\u201d Luljeta Avdiu Cura, e cila\u00a0 tet\u00eb vjet pas vdekjes s\u00eb Xhurret\u00ebs\u00a0\u00a0 arriti\u00a0\u00a0 nga arkivi i familjes\u00a0 s\u00eb tij t\u00eb ekspozoj\u00eb afro dyzet fotografi <strong>me peizazhe nga Ana e Malit dhe Kraja, foto familjare \u00a0dhe nga aktivitete t\u00eb ndryshme<\/strong>. \u00a0Ekspozit\u00ebn e mb\u00ebshtet\u00ebn djali i fotografit Xheladin Xhurreta, drejtoresha e NP \u201c\u00a0 Veprimtari Komunale\u201d , Zana Sravan dhe kryetari i Shoqat\u00ebs Shqiptaro-Amerikane\u00a0 \u201c Ana e Malit\u201d n\u00eb Nju-Jork, Ismet Kurti.<\/p>\n<p>T\u00eb gjith\u00eb personat q\u00eb e b\u00ebn\u00eb t\u00eb mundshme\u00a0 k\u00ebt\u00eb ekspozit\u00eb\u00a0 sinqerisht i p\u00ebrg\u00ebzoj p\u00ebr kontrtibutin e dh\u00ebn\u00eb, shpesh t\u00eb munguar te ne shqiptar\u00ebt, n\u00eb afrimimin e kultur\u00ebs son\u00eb materiale e shpirt\u00ebrore\u00a0\u00a0 dhe trash\u00ebgimis\u00eb son\u00eb kulturore. Ata me k\u00ebt\u00eb veprim t\u00eb kulturuar\u00a0\u00a0 treguan\u00a0\u00a0 se e njohin dhe e duan k\u00ebt\u00eb \u201c bot\u00eb \u201c magjike t\u00eb\u00a0\u00a0 artit fotografik.\u00a0 Sepse treguan se jan\u00eb \u00a0t\u00eb vet\u00ebdijsh\u00ebm se nj\u00eb fotografi flet m\u00eb shum\u00eb se shkrimi dhe se kur mungon fotografia shkrimi \u00ebsht\u00eb i \u201c that\u00eb\u201d, pa shije.<\/p>\n<p><iframe loading=\"lazy\" src=\"https:\/\/www.facebook.com\/video\/embed?video_id=605244002839061\" width=\"508\" height=\"340\" frameborder=\"0\"><\/iframe><\/p>\n","protected":false},"excerpt":{"rendered":"<p>Dan Xhurreta, fotografi i par\u00eb n\u00eb An\u00eb t\u00eb Malit \u00a0 Mjesht\u00ebr i artit fotografik \u00a0 \u00a0Gjek\u00eb Gjonaj \u00a0 N\u00eb shekullin e kaluar\u00a0 fotografia tek shqiptar\u00ebt n\u00eb Malin e Zi ka qen\u00eb shum\u00eb pak e zhvilluar, e favorizuar dhe\u00a0 tej mase e n\u00ebnvler\u00ebsuar, gj\u00eb q\u00eb \u00ebsht\u00eb p\u00ebr t\u00eb ardhur keq, edhe pse\u00a0 vendbanimet autoktone shqiptare kan\u00eb [&hellip;]<\/p>\n","protected":false},"author":1,"featured_media":0,"comment_status":"open","ping_status":"closed","sticky":false,"template":"","format":"standard","meta":{"spay_email":"","jetpack_publicize_message":"","jetpack_is_tweetstorm":false,"jetpack_publicize_feature_enabled":true},"categories":[4],"tags":[],"jetpack_publicize_connections":[],"yoast_head":"<!-- This site is optimized with the Yoast SEO plugin v19.1 - https:\/\/yoast.com\/wordpress\/plugins\/seo\/ -->\n<title>Mjesht\u00ebr i artit fotografik Dan Xhurreta - Lajme nga Ulqini<\/title>\n<meta name=\"description\" content=\"Dan Xhurreta, fotografi i par\u00eb n\u00eb An\u00eb t\u00eb Malit \u00a0 Mjesht\u00ebr i artit fotografik \u00a0 \u00a0Gjek\u00eb Gjonaj \u00a0 N\u00eb shekullin e kaluar\u00a0 fotografia tek shqiptar\u00ebt n\u00eb Malin e\" \/>\n<meta name=\"robots\" content=\"index, follow, max-snippet:-1, max-image-preview:large, max-video-preview:-1\" \/>\n<link rel=\"canonical\" href=\"https:\/\/www.visit-ulcinj.com\/blog\/2013\/04\/11\/mjeshter-i-artit-fotografik-dan-xhurreta\/\" \/>\n<meta property=\"og:locale\" content=\"en_US\" \/>\n<meta property=\"og:type\" content=\"article\" \/>\n<meta property=\"og:title\" content=\"Mjesht\u00ebr i artit fotografik Dan Xhurreta - Lajme nga Ulqini\" \/>\n<meta property=\"og:description\" content=\"Dan Xhurreta, fotografi i par\u00eb n\u00eb An\u00eb t\u00eb Malit \u00a0 Mjesht\u00ebr i artit fotografik \u00a0 \u00a0Gjek\u00eb Gjonaj \u00a0 N\u00eb shekullin e kaluar\u00a0 fotografia tek shqiptar\u00ebt n\u00eb Malin e\" \/>\n<meta property=\"og:url\" content=\"https:\/\/www.visit-ulcinj.com\/blog\/2013\/04\/11\/mjeshter-i-artit-fotografik-dan-xhurreta\/\" \/>\n<meta property=\"og:site_name\" content=\"Lajme nga Ulqini\" \/>\n<meta property=\"article:published_time\" content=\"2013-04-11T06:00:51+00:00\" \/>\n<meta property=\"article:modified_time\" content=\"2013-04-11T13:20:49+00:00\" \/>\n<meta property=\"og:image\" content=\"http:\/\/www.visit-ulcinj.com\/blog\/wp-content\/uploads\/2013\/04\/Dan-Xhurreta.jpg\" \/>\n<meta name=\"twitter:label1\" content=\"Written by\" \/>\n\t<meta name=\"twitter:data1\" content=\"ulqini\" \/>\n\t<meta name=\"twitter:label2\" content=\"Est. reading time\" \/>\n\t<meta name=\"twitter:data2\" content=\"5 minutes\" \/>\n<script type=\"application\/ld+json\" class=\"yoast-schema-graph\">{\"@context\":\"https:\/\/schema.org\",\"@graph\":[{\"@type\":\"WebSite\",\"@id\":\"https:\/\/www.visit-ulcinj.com\/blog\/#website\",\"url\":\"https:\/\/www.visit-ulcinj.com\/blog\/\",\"name\":\"Lajme nga Ulqini\",\"description\":\"Lajme,Vijesti,Ulqini,Ulqin,Crna Gora,Mali i Zi\",\"potentialAction\":[{\"@type\":\"SearchAction\",\"target\":{\"@type\":\"EntryPoint\",\"urlTemplate\":\"https:\/\/www.visit-ulcinj.com\/blog\/?s={search_term_string}\"},\"query-input\":\"required name=search_term_string\"}],\"inLanguage\":\"en-US\"},{\"@type\":\"ImageObject\",\"inLanguage\":\"en-US\",\"@id\":\"https:\/\/www.visit-ulcinj.com\/blog\/2013\/04\/11\/mjeshter-i-artit-fotografik-dan-xhurreta\/#primaryimage\",\"url\":\"https:\/\/www.visit-ulcinj.com\/blog\/wp-content\/uploads\/2013\/04\/Dan-Xhurreta.jpg\",\"contentUrl\":\"https:\/\/www.visit-ulcinj.com\/blog\/wp-content\/uploads\/2013\/04\/Dan-Xhurreta.jpg\",\"width\":960,\"height\":640},{\"@type\":\"WebPage\",\"@id\":\"https:\/\/www.visit-ulcinj.com\/blog\/2013\/04\/11\/mjeshter-i-artit-fotografik-dan-xhurreta\/#webpage\",\"url\":\"https:\/\/www.visit-ulcinj.com\/blog\/2013\/04\/11\/mjeshter-i-artit-fotografik-dan-xhurreta\/\",\"name\":\"Mjesht\u00ebr i artit fotografik Dan Xhurreta - Lajme nga Ulqini\",\"isPartOf\":{\"@id\":\"https:\/\/www.visit-ulcinj.com\/blog\/#website\"},\"primaryImageOfPage\":{\"@id\":\"https:\/\/www.visit-ulcinj.com\/blog\/2013\/04\/11\/mjeshter-i-artit-fotografik-dan-xhurreta\/#primaryimage\"},\"datePublished\":\"2013-04-11T06:00:51+00:00\",\"dateModified\":\"2013-04-11T13:20:49+00:00\",\"author\":{\"@id\":\"https:\/\/www.visit-ulcinj.com\/blog\/#\/schema\/person\/dcab619c614d3038751c63bc2aadc06d\"},\"description\":\"Dan Xhurreta, fotografi i par\u00eb n\u00eb An\u00eb t\u00eb Malit \u00a0 Mjesht\u00ebr i artit fotografik \u00a0 \u00a0Gjek\u00eb Gjonaj \u00a0 N\u00eb shekullin e kaluar\u00a0 fotografia tek shqiptar\u00ebt n\u00eb Malin e\",\"breadcrumb\":{\"@id\":\"https:\/\/www.visit-ulcinj.com\/blog\/2013\/04\/11\/mjeshter-i-artit-fotografik-dan-xhurreta\/#breadcrumb\"},\"inLanguage\":\"en-US\",\"potentialAction\":[{\"@type\":\"ReadAction\",\"target\":[\"https:\/\/www.visit-ulcinj.com\/blog\/2013\/04\/11\/mjeshter-i-artit-fotografik-dan-xhurreta\/\"]}]},{\"@type\":\"BreadcrumbList\",\"@id\":\"https:\/\/www.visit-ulcinj.com\/blog\/2013\/04\/11\/mjeshter-i-artit-fotografik-dan-xhurreta\/#breadcrumb\",\"itemListElement\":[{\"@type\":\"ListItem\",\"position\":1,\"name\":\"Mjesht\u00ebr i artit fotografik Dan Xhurreta\"}]},{\"@type\":\"Person\",\"@id\":\"https:\/\/www.visit-ulcinj.com\/blog\/#\/schema\/person\/dcab619c614d3038751c63bc2aadc06d\",\"name\":\"ulqini\",\"sameAs\":[\"http:\/\/www.visit-ulcinj.com\"],\"url\":\"https:\/\/www.visit-ulcinj.com\/blog\/author\/admin\/\"}]}<\/script>\n<!-- \/ Yoast SEO plugin. -->","yoast_head_json":{"title":"Mjesht\u00ebr i artit fotografik Dan Xhurreta - Lajme nga Ulqini","description":"Dan Xhurreta, fotografi i par\u00eb n\u00eb An\u00eb t\u00eb Malit \u00a0 Mjesht\u00ebr i artit fotografik \u00a0 \u00a0Gjek\u00eb Gjonaj \u00a0 N\u00eb shekullin e kaluar\u00a0 fotografia tek shqiptar\u00ebt n\u00eb Malin e","robots":{"index":"index","follow":"follow","max-snippet":"max-snippet:-1","max-image-preview":"max-image-preview:large","max-video-preview":"max-video-preview:-1"},"canonical":"https:\/\/www.visit-ulcinj.com\/blog\/2013\/04\/11\/mjeshter-i-artit-fotografik-dan-xhurreta\/","og_locale":"en_US","og_type":"article","og_title":"Mjesht\u00ebr i artit fotografik Dan Xhurreta - Lajme nga Ulqini","og_description":"Dan Xhurreta, fotografi i par\u00eb n\u00eb An\u00eb t\u00eb Malit \u00a0 Mjesht\u00ebr i artit fotografik \u00a0 \u00a0Gjek\u00eb Gjonaj \u00a0 N\u00eb shekullin e kaluar\u00a0 fotografia tek shqiptar\u00ebt n\u00eb Malin e","og_url":"https:\/\/www.visit-ulcinj.com\/blog\/2013\/04\/11\/mjeshter-i-artit-fotografik-dan-xhurreta\/","og_site_name":"Lajme nga Ulqini","article_published_time":"2013-04-11T06:00:51+00:00","article_modified_time":"2013-04-11T13:20:49+00:00","og_image":[{"url":"http:\/\/www.visit-ulcinj.com\/blog\/wp-content\/uploads\/2013\/04\/Dan-Xhurreta.jpg"}],"twitter_misc":{"Written by":"ulqini","Est. reading time":"5 minutes"},"schema":{"@context":"https:\/\/schema.org","@graph":[{"@type":"WebSite","@id":"https:\/\/www.visit-ulcinj.com\/blog\/#website","url":"https:\/\/www.visit-ulcinj.com\/blog\/","name":"Lajme nga Ulqini","description":"Lajme,Vijesti,Ulqini,Ulqin,Crna Gora,Mali i Zi","potentialAction":[{"@type":"SearchAction","target":{"@type":"EntryPoint","urlTemplate":"https:\/\/www.visit-ulcinj.com\/blog\/?s={search_term_string}"},"query-input":"required name=search_term_string"}],"inLanguage":"en-US"},{"@type":"ImageObject","inLanguage":"en-US","@id":"https:\/\/www.visit-ulcinj.com\/blog\/2013\/04\/11\/mjeshter-i-artit-fotografik-dan-xhurreta\/#primaryimage","url":"https:\/\/www.visit-ulcinj.com\/blog\/wp-content\/uploads\/2013\/04\/Dan-Xhurreta.jpg","contentUrl":"https:\/\/www.visit-ulcinj.com\/blog\/wp-content\/uploads\/2013\/04\/Dan-Xhurreta.jpg","width":960,"height":640},{"@type":"WebPage","@id":"https:\/\/www.visit-ulcinj.com\/blog\/2013\/04\/11\/mjeshter-i-artit-fotografik-dan-xhurreta\/#webpage","url":"https:\/\/www.visit-ulcinj.com\/blog\/2013\/04\/11\/mjeshter-i-artit-fotografik-dan-xhurreta\/","name":"Mjesht\u00ebr i artit fotografik Dan Xhurreta - Lajme nga Ulqini","isPartOf":{"@id":"https:\/\/www.visit-ulcinj.com\/blog\/#website"},"primaryImageOfPage":{"@id":"https:\/\/www.visit-ulcinj.com\/blog\/2013\/04\/11\/mjeshter-i-artit-fotografik-dan-xhurreta\/#primaryimage"},"datePublished":"2013-04-11T06:00:51+00:00","dateModified":"2013-04-11T13:20:49+00:00","author":{"@id":"https:\/\/www.visit-ulcinj.com\/blog\/#\/schema\/person\/dcab619c614d3038751c63bc2aadc06d"},"description":"Dan Xhurreta, fotografi i par\u00eb n\u00eb An\u00eb t\u00eb Malit \u00a0 Mjesht\u00ebr i artit fotografik \u00a0 \u00a0Gjek\u00eb Gjonaj \u00a0 N\u00eb shekullin e kaluar\u00a0 fotografia tek shqiptar\u00ebt n\u00eb Malin e","breadcrumb":{"@id":"https:\/\/www.visit-ulcinj.com\/blog\/2013\/04\/11\/mjeshter-i-artit-fotografik-dan-xhurreta\/#breadcrumb"},"inLanguage":"en-US","potentialAction":[{"@type":"ReadAction","target":["https:\/\/www.visit-ulcinj.com\/blog\/2013\/04\/11\/mjeshter-i-artit-fotografik-dan-xhurreta\/"]}]},{"@type":"BreadcrumbList","@id":"https:\/\/www.visit-ulcinj.com\/blog\/2013\/04\/11\/mjeshter-i-artit-fotografik-dan-xhurreta\/#breadcrumb","itemListElement":[{"@type":"ListItem","position":1,"name":"Mjesht\u00ebr i artit fotografik Dan Xhurreta"}]},{"@type":"Person","@id":"https:\/\/www.visit-ulcinj.com\/blog\/#\/schema\/person\/dcab619c614d3038751c63bc2aadc06d","name":"ulqini","sameAs":["http:\/\/www.visit-ulcinj.com"],"url":"https:\/\/www.visit-ulcinj.com\/blog\/author\/admin\/"}]}},"jetpack_featured_media_url":"","jetpack_sharing_enabled":true,"jetpack_shortlink":"https:\/\/wp.me\/pe6lTn-ikX","_links":{"self":[{"href":"https:\/\/www.visit-ulcinj.com\/blog\/wp-json\/wp\/v2\/posts\/70491"}],"collection":[{"href":"https:\/\/www.visit-ulcinj.com\/blog\/wp-json\/wp\/v2\/posts"}],"about":[{"href":"https:\/\/www.visit-ulcinj.com\/blog\/wp-json\/wp\/v2\/types\/post"}],"author":[{"embeddable":true,"href":"https:\/\/www.visit-ulcinj.com\/blog\/wp-json\/wp\/v2\/users\/1"}],"replies":[{"embeddable":true,"href":"https:\/\/www.visit-ulcinj.com\/blog\/wp-json\/wp\/v2\/comments?post=70491"}],"version-history":[{"count":3,"href":"https:\/\/www.visit-ulcinj.com\/blog\/wp-json\/wp\/v2\/posts\/70491\/revisions"}],"predecessor-version":[{"id":70494,"href":"https:\/\/www.visit-ulcinj.com\/blog\/wp-json\/wp\/v2\/posts\/70491\/revisions\/70494"}],"wp:attachment":[{"href":"https:\/\/www.visit-ulcinj.com\/blog\/wp-json\/wp\/v2\/media?parent=70491"}],"wp:term":[{"taxonomy":"category","embeddable":true,"href":"https:\/\/www.visit-ulcinj.com\/blog\/wp-json\/wp\/v2\/categories?post=70491"},{"taxonomy":"post_tag","embeddable":true,"href":"https:\/\/www.visit-ulcinj.com\/blog\/wp-json\/wp\/v2\/tags?post=70491"}],"curies":[{"name":"wp","href":"https:\/\/api.w.org\/{rel}","templated":true}]}}