{"id":70496,"date":"2013-04-11T17:17:28","date_gmt":"2013-04-11T16:17:28","guid":{"rendered":"http:\/\/www.visit-ulcinj.com\/blog\/?p=70496"},"modified":"2013-04-19T16:20:21","modified_gmt":"2013-04-19T15:20:21","slug":"qendra-per-te-rinje-me-pengesa-ne-zhvillim-sirena-kerkese-per-ndihme","status":"publish","type":"post","link":"https:\/\/www.visit-ulcinj.com\/blog\/2013\/04\/11\/qendra-per-te-rinje-me-pengesa-ne-zhvillim-sirena-kerkese-per-ndihme\/","title":{"rendered":"Qendra per te Rinje me pengesa ne zhvillim Sirena k\u00ebrkes\u00eb p\u00ebr ndihm\u00eb"},"content":{"rendered":"<p><strong><a href=\"http:\/\/www.visit-ulcinj.com\/blog\/wp-content\/uploads\/2013\/04\/Qendra-per-te-Rinje-me-pengesa-ne-zhvillim-Sirena-Ulqin.jpg\"><img loading=\"lazy\" class=\"alignleft  wp-image-70497\" alt=\"Qendra per te Rinje me pengesa ne zhvillim Sirena Ulqin\" src=\"http:\/\/www.visit-ulcinj.com\/blog\/wp-content\/uploads\/2013\/04\/Qendra-per-te-Rinje-me-pengesa-ne-zhvillim-Sirena-Ulqin.jpg\" width=\"506\" height=\"360\" \/><\/a>T\u00eb nderuar miq,<\/strong><\/p>\n<p>Ju drejtohem me nj\u00eb respekt t\u00eb ve\u00e7ant\u00eb dhe k\u00ebrkes\u00eb p\u00ebr ndihm\u00eb materiale apo p\u00ebr ndihm\u00eb tjet\u00ebr, q\u00eb t\u00eb ndihmoni k\u00ebt\u00eb institucion, n\u00ebse keni mund\u00ebsi.<br \/>\nN\u00eb Qendr\u00ebn ton\u00eb t\u00eb f\u00ebmij\u00ebve jan\u00eb t\u00eb regjistruar f\u00ebmij\u00eb, q\u00eb kan\u00eb nevoja t\u00eb ve\u00e7anta nd\u00ebrsa n\u00eb periudh\u00ebn q\u00eb vjen (me keqardhje) pritet q\u00eb t\u00eb paraqiten p\u00ebr regjistrim edhe ata q\u00eb ende nuk jan\u00eb regjistruar n\u00eb institucionin ton\u00eb.<br \/>\nP\u00ebr k\u00ebt\u00eb arsye Qendra, ka nd\u00ebrmarr\u00eb nj\u00eb aksion humanitar, ne m\u00ebnyr\u00eb q\u00eb t\u00eb p\u00ebrgatitet sa m\u00eb mir\u00eb p\u00ebr periudh\u00ebn q\u00eb pason, me \u00e7\u2019rast pritet angazhimi i personalitetit t\u00eb nevojsh\u00ebm profesional si : Logoped, Psikolog, Fizioterapeut, si dhe sigurimi i pajisjeve t\u00eb domosdoshme p\u00ebr rehabilitimin e f\u00ebmij\u00ebve.<br \/>\nSi humanist\u00eb t\u00eb dalluar, q\u00eb gjithher\u00eb pa kursyer, na keni ndihmuar neve si Qend\u00ebr dhe f\u00ebmij\u00ebve tan\u00eb, shpresojm\u00eb q\u00eb do t\u00eb gjeni m\u00ebnyr\u00ebn se si t\u00eb na dilni n\u00eb ndihm\u00eb edhe k\u00ebsaj here, n\u00eb m\u00ebnyr\u00eb q\u00eb sadopak t\u2019u leht\u00ebsoni brengat e p\u00ebrditshme vog\u00eblush\u00ebve tan\u00eb.<br \/>\nDo t\u00eb ishte e mir\u00ebseardhur, cfar\u00ebdo lloj ndihme e d\u00ebrguar, sepse mjetet e parapara me buxhet t\u00eb Komun\u00ebs ton\u00eb t\u00eb Ulqinit nuk pritet t\u00eb jen\u00eb t\u00eb mjaftushme q\u00eb me nj\u00eb tretman kualitativ t\u2019i mbulojm\u00eb nevojat e f\u00ebmij\u00ebve me t\u00eb meta t\u00eb ve\u00e7anta.<br \/>\nStruktura e re drejtuese e institucionit, aktivitetin e vet do t\u2019a b\u00ebj n\u00eb m\u00ebnyr\u00eb tejet transparente dhe profesionale, me q\u00ebllim q\u00eb p\u00ebrkujdesja p\u00ebr f\u00ebmij\u00ebt n\u00eb Qend\u00ebr t\u00eb b\u00ebhet n\u00eb form\u00ebn sa m\u00eb t\u00eb p\u00eblqyeshme.<\/p>\n<p><strong>N\u00ebse keni vendosur q\u00eb financiarisht t\u00eb na ndihmoni Qendr\u00ebn ton\u00eb, ju lutemi q\u00eb k\u00ebt\u00eb ta b\u00ebni p\u00ebrmes xhirollogaris\u00eb 520-18072-82 tek Banka Hipotekare.<\/strong><\/p>\n<p>Me shpres\u00eb q\u00eb do t\u00eb dini t\u00eb dalloni aksionin humanitar tonin dhe t\u2019u ndihmoni f\u00ebmij\u00ebve t\u00eb qytetit t\u00eb Ulqinit, q\u00eb kan\u00eb nevoj\u00eb t\u00eb p\u00ebrkujdesjes me t\u00eb madh q\u00eb n\u00eb fillim ju fal\u00ebnderojm\u00eb.<br \/>\nN\u00eb k\u00ebt\u00eb m\u00ebnyr\u00eb nj\u00ebkoh\u00ebsisht jeni t\u00eb ftuar q\u00eb kurdo t\u00eb gjeni koh\u00eb t\u00eb lir\u00eb t\u00eb vizitoni Qendr\u00ebn ton\u00eb, t\u00eb bindeni n\u00eb kushtet e pun\u00ebs si dhe t\u00eb shikoni mund\u00ebsin\u00eb e bashk\u00ebpunimit t\u00eb m\u00ebtutjesh\u00ebm me institucionin ton\u00eb.<\/p>\n<p>Me respekt dhe fal\u00ebnderim t\u00eb ve\u00e7ant\u00eb !<\/p>\n<p><strong>DREJTORI<\/strong><br \/>\n<a href=\"https:\/\/www.facebook.com\/pages\/Qendra-per-te-Rinje-me-pengesa-ne-zhvillim-Sirena\/173855752769433?id=173855752769433&amp;sk=photos_stream\" target=\"_blank\"><strong> Bilal Alaj<\/strong><\/a><\/p>\n<p><strong><a href=\"https:\/\/www.facebook.com\/pages\/Qendra-per-te-Rinje-me-pengesa-ne-zhvillim-Sirena\/173855752769433?id=173855752769433&amp;sk=photos_stream\" target=\"_blank\">Per me teper Foto Qendra per te Rinje me pengesa ne zhvillim &#8220;Sirena&#8221; Facebook<\/a><\/strong><\/p>\n\n\t\t<style type=\"text\/css\">\n\t\t\t#gallery-1 {\n\t\t\t\tmargin: auto;\n\t\t\t}\n\t\t\t#gallery-1 .gallery-item {\n\t\t\t\tfloat: left;\n\t\t\t\tmargin-top: 10px;\n\t\t\t\ttext-align: center;\n\t\t\t\twidth: 33%;\n\t\t\t}\n\t\t\t#gallery-1 img {\n\t\t\t\tborder: 2px solid #cfcfcf;\n\t\t\t}\n\t\t\t#gallery-1 .gallery-caption {\n\t\t\t\tmargin-left: 0;\n\t\t\t}\n\t\t\t\/* see gallery_shortcode() in wp-includes\/media.php *\/\n\t\t<\/style>\n\t\t<div id='gallery-1' class='gallery galleryid-70496 gallery-columns-3 gallery-size-thumbnail'><dl class='gallery-item'>\n\t\t\t<dt class='gallery-icon landscape'>\n\t\t\t\t<a href='https:\/\/www.visit-ulcinj.com\/blog\/2013\/04\/11\/qendra-per-te-rinje-me-pengesa-ne-zhvillim-sirena-kerkese-per-ndihme\/qendra-per-te-rinje-me-pengesa-ne-zhvillim-sirena-ulqin-7\/'><img width=\"150\" height=\"150\" src=\"https:\/\/www.visit-ulcinj.com\/blog\/wp-content\/uploads\/2013\/04\/Qendra-per-te-Rinje-me-pengesa-ne-zhvillim-Sirena-Ulqin.7-150x150.jpg\" class=\"attachment-thumbnail size-thumbnail\" alt=\"\" loading=\"lazy\" \/><\/a>\n\t\t\t<\/dt><\/dl><dl class='gallery-item'>\n\t\t\t<dt class='gallery-icon landscape'>\n\t\t\t\t<a href='https:\/\/www.visit-ulcinj.com\/blog\/2013\/04\/11\/qendra-per-te-rinje-me-pengesa-ne-zhvillim-sirena-kerkese-per-ndihme\/qendra-per-te-rinje-me-pengesa-ne-zhvillim-sirena-ulqin-9\/'><img width=\"150\" height=\"150\" src=\"https:\/\/www.visit-ulcinj.com\/blog\/wp-content\/uploads\/2013\/04\/Qendra-per-te-Rinje-me-pengesa-ne-zhvillim-Sirena-Ulqin.9-150x150.jpg\" class=\"attachment-thumbnail size-thumbnail\" alt=\"\" loading=\"lazy\" \/><\/a>\n\t\t\t<\/dt><\/dl><dl class='gallery-item'>\n\t\t\t<dt class='gallery-icon landscape'>\n\t\t\t\t<a href='https:\/\/www.visit-ulcinj.com\/blog\/2013\/04\/11\/qendra-per-te-rinje-me-pengesa-ne-zhvillim-sirena-kerkese-per-ndihme\/qendra-per-te-rinje-me-pengesa-ne-zhvillim-sirena-ulqin-8\/'><img width=\"150\" height=\"150\" src=\"https:\/\/www.visit-ulcinj.com\/blog\/wp-content\/uploads\/2013\/04\/Qendra-per-te-Rinje-me-pengesa-ne-zhvillim-Sirena-Ulqin.8-150x150.jpg\" class=\"attachment-thumbnail size-thumbnail\" alt=\"\" loading=\"lazy\" \/><\/a>\n\t\t\t<\/dt><\/dl><br style=\"clear: both\" \/><dl class='gallery-item'>\n\t\t\t<dt class='gallery-icon landscape'>\n\t\t\t\t<a href='https:\/\/www.visit-ulcinj.com\/blog\/2013\/04\/11\/qendra-per-te-rinje-me-pengesa-ne-zhvillim-sirena-kerkese-per-ndihme\/qendra-per-te-rinje-me-pengesa-ne-zhvillim-sirena-ulqin-6\/'><img width=\"150\" height=\"150\" src=\"https:\/\/www.visit-ulcinj.com\/blog\/wp-content\/uploads\/2013\/04\/Qendra-per-te-Rinje-me-pengesa-ne-zhvillim-Sirena-Ulqin.6-150x150.jpg\" class=\"attachment-thumbnail size-thumbnail\" alt=\"\" loading=\"lazy\" \/><\/a>\n\t\t\t<\/dt><\/dl><dl class='gallery-item'>\n\t\t\t<dt class='gallery-icon landscape'>\n\t\t\t\t<a href='https:\/\/www.visit-ulcinj.com\/blog\/2013\/04\/11\/qendra-per-te-rinje-me-pengesa-ne-zhvillim-sirena-kerkese-per-ndihme\/qendra-per-te-rinje-me-pengesa-ne-zhvillim-sirena-ulqin-5\/'><img width=\"150\" height=\"150\" src=\"https:\/\/www.visit-ulcinj.com\/blog\/wp-content\/uploads\/2013\/04\/Qendra-per-te-Rinje-me-pengesa-ne-zhvillim-Sirena-Ulqin.5-150x150.jpg\" class=\"attachment-thumbnail size-thumbnail\" alt=\"\" loading=\"lazy\" \/><\/a>\n\t\t\t<\/dt><\/dl><dl class='gallery-item'>\n\t\t\t<dt class='gallery-icon landscape'>\n\t\t\t\t<a href='https:\/\/www.visit-ulcinj.com\/blog\/2013\/04\/11\/qendra-per-te-rinje-me-pengesa-ne-zhvillim-sirena-kerkese-per-ndihme\/qendra-per-te-rinje-me-pengesa-ne-zhvillim-sirena-ulqin-4\/'><img width=\"150\" height=\"150\" src=\"https:\/\/www.visit-ulcinj.com\/blog\/wp-content\/uploads\/2013\/04\/Qendra-per-te-Rinje-me-pengesa-ne-zhvillim-Sirena-Ulqin.4-150x150.jpg\" class=\"attachment-thumbnail size-thumbnail\" alt=\"\" loading=\"lazy\" \/><\/a>\n\t\t\t<\/dt><\/dl><br style=\"clear: both\" \/><dl class='gallery-item'>\n\t\t\t<dt class='gallery-icon landscape'>\n\t\t\t\t<a href='https:\/\/www.visit-ulcinj.com\/blog\/2013\/04\/11\/qendra-per-te-rinje-me-pengesa-ne-zhvillim-sirena-kerkese-per-ndihme\/qendra-per-te-rinje-me-pengesa-ne-zhvillim-sirena-ulqin-3\/'><img width=\"150\" height=\"150\" src=\"https:\/\/www.visit-ulcinj.com\/blog\/wp-content\/uploads\/2013\/04\/Qendra-per-te-Rinje-me-pengesa-ne-zhvillim-Sirena-Ulqin.3-150x150.jpg\" class=\"attachment-thumbnail size-thumbnail\" alt=\"\" loading=\"lazy\" \/><\/a>\n\t\t\t<\/dt><\/dl><dl class='gallery-item'>\n\t\t\t<dt class='gallery-icon landscape'>\n\t\t\t\t<a href='https:\/\/www.visit-ulcinj.com\/blog\/2013\/04\/11\/qendra-per-te-rinje-me-pengesa-ne-zhvillim-sirena-kerkese-per-ndihme\/qendra-per-te-rinje-me-pengesa-ne-zhvillim-sirena-ulqin-2\/'><img width=\"150\" height=\"150\" src=\"https:\/\/www.visit-ulcinj.com\/blog\/wp-content\/uploads\/2013\/04\/Qendra-per-te-Rinje-me-pengesa-ne-zhvillim-Sirena-Ulqin.2-150x150.jpg\" class=\"attachment-thumbnail size-thumbnail\" alt=\"\" loading=\"lazy\" \/><\/a>\n\t\t\t<\/dt><\/dl><dl class='gallery-item'>\n\t\t\t<dt class='gallery-icon landscape'>\n\t\t\t\t<a href='https:\/\/www.visit-ulcinj.com\/blog\/2013\/04\/11\/qendra-per-te-rinje-me-pengesa-ne-zhvillim-sirena-kerkese-per-ndihme\/qendra-per-te-rinje-me-pengesa-ne-zhvillim-sirena-ulqin-1\/'><img width=\"150\" height=\"150\" src=\"https:\/\/www.visit-ulcinj.com\/blog\/wp-content\/uploads\/2013\/04\/Qendra-per-te-Rinje-me-pengesa-ne-zhvillim-Sirena-Ulqin.-1-150x150.jpg\" class=\"attachment-thumbnail size-thumbnail\" alt=\"\" loading=\"lazy\" \/><\/a>\n\t\t\t<\/dt><\/dl><br style=\"clear: both\" \/>\n\t\t<\/div>\n\n","protected":false},"excerpt":{"rendered":"<p>T\u00eb nderuar miq, Ju drejtohem me nj\u00eb respekt t\u00eb ve\u00e7ant\u00eb dhe k\u00ebrkes\u00eb p\u00ebr ndihm\u00eb materiale apo p\u00ebr ndihm\u00eb tjet\u00ebr, q\u00eb t\u00eb ndihmoni k\u00ebt\u00eb institucion, n\u00ebse keni mund\u00ebsi. N\u00eb Qendr\u00ebn ton\u00eb t\u00eb f\u00ebmij\u00ebve jan\u00eb t\u00eb regjistruar f\u00ebmij\u00eb, q\u00eb kan\u00eb nevoja t\u00eb ve\u00e7anta nd\u00ebrsa n\u00eb periudh\u00ebn q\u00eb vjen (me keqardhje) pritet q\u00eb t\u00eb paraqiten p\u00ebr regjistrim edhe [&hellip;]<\/p>\n","protected":false},"author":1,"featured_media":0,"comment_status":"open","ping_status":"closed","sticky":false,"template":"","format":"standard","meta":{"spay_email":"","jetpack_publicize_message":"","jetpack_is_tweetstorm":false,"jetpack_publicize_feature_enabled":true},"categories":[1,11],"tags":[200,18],"jetpack_publicize_connections":[],"yoast_head":"<!-- This site is optimized with the Yoast SEO plugin v19.1 - https:\/\/yoast.com\/wordpress\/plugins\/seo\/ -->\n<title>Qendra per te Rinje me pengesa ne zhvillim Sirena k\u00ebrkes\u00eb p\u00ebr ndihm\u00eb - Lajme nga Ulqini<\/title>\n<meta name=\"description\" content=\"T\u00eb nderuar miq, Ju drejtohem me nj\u00eb respekt t\u00eb ve\u00e7ant\u00eb dhe k\u00ebrkes\u00eb p\u00ebr ndihm\u00eb materiale apo p\u00ebr ndihm\u00eb tjet\u00ebr, q\u00eb t\u00eb ndihmoni k\u00ebt\u00eb institucion, n\u00ebse keni\" \/>\n<meta name=\"robots\" content=\"index, follow, max-snippet:-1, max-image-preview:large, max-video-preview:-1\" \/>\n<link rel=\"canonical\" href=\"https:\/\/www.visit-ulcinj.com\/blog\/2013\/04\/11\/qendra-per-te-rinje-me-pengesa-ne-zhvillim-sirena-kerkese-per-ndihme\/\" \/>\n<meta property=\"og:locale\" content=\"en_US\" \/>\n<meta property=\"og:type\" content=\"article\" \/>\n<meta property=\"og:title\" content=\"Qendra per te Rinje me pengesa ne zhvillim Sirena k\u00ebrkes\u00eb p\u00ebr ndihm\u00eb - Lajme nga Ulqini\" \/>\n<meta property=\"og:description\" content=\"T\u00eb nderuar miq, Ju drejtohem me nj\u00eb respekt t\u00eb ve\u00e7ant\u00eb dhe k\u00ebrkes\u00eb p\u00ebr ndihm\u00eb materiale apo p\u00ebr ndihm\u00eb tjet\u00ebr, q\u00eb t\u00eb ndihmoni k\u00ebt\u00eb institucion, n\u00ebse keni\" \/>\n<meta property=\"og:url\" content=\"https:\/\/www.visit-ulcinj.com\/blog\/2013\/04\/11\/qendra-per-te-rinje-me-pengesa-ne-zhvillim-sirena-kerkese-per-ndihme\/\" \/>\n<meta property=\"og:site_name\" content=\"Lajme nga Ulqini\" \/>\n<meta property=\"article:published_time\" content=\"2013-04-11T16:17:28+00:00\" \/>\n<meta property=\"article:modified_time\" content=\"2013-04-19T15:20:21+00:00\" \/>\n<meta property=\"og:image\" content=\"https:\/\/www.visit-ulcinj.com\/blog\/wp-content\/uploads\/2013\/04\/Qendra-per-te-Rinje-me-pengesa-ne-zhvillim-Sirena-Ulqin.7-150x150.jpg\" \/>\n<meta name=\"twitter:label1\" content=\"Written by\" \/>\n\t<meta name=\"twitter:data1\" content=\"ulqini\" \/>\n\t<meta name=\"twitter:label2\" content=\"Est. reading time\" \/>\n\t<meta name=\"twitter:data2\" content=\"2 minutes\" \/>\n<script type=\"application\/ld+json\" class=\"yoast-schema-graph\">{\"@context\":\"https:\/\/schema.org\",\"@graph\":[{\"@type\":\"WebSite\",\"@id\":\"https:\/\/www.visit-ulcinj.com\/blog\/#website\",\"url\":\"https:\/\/www.visit-ulcinj.com\/blog\/\",\"name\":\"Lajme nga Ulqini\",\"description\":\"Lajme,Vijesti,Ulqini,Ulqin,Crna Gora,Mali i Zi\",\"potentialAction\":[{\"@type\":\"SearchAction\",\"target\":{\"@type\":\"EntryPoint\",\"urlTemplate\":\"https:\/\/www.visit-ulcinj.com\/blog\/?s={search_term_string}\"},\"query-input\":\"required name=search_term_string\"}],\"inLanguage\":\"en-US\"},{\"@type\":\"ImageObject\",\"inLanguage\":\"en-US\",\"@id\":\"https:\/\/www.visit-ulcinj.com\/blog\/2013\/04\/11\/qendra-per-te-rinje-me-pengesa-ne-zhvillim-sirena-kerkese-per-ndihme\/#primaryimage\",\"url\":\"https:\/\/www.visit-ulcinj.com\/blog\/wp-content\/uploads\/2013\/04\/Qendra-per-te-Rinje-me-pengesa-ne-zhvillim-Sirena-Ulqin.jpg\",\"contentUrl\":\"https:\/\/www.visit-ulcinj.com\/blog\/wp-content\/uploads\/2013\/04\/Qendra-per-te-Rinje-me-pengesa-ne-zhvillim-Sirena-Ulqin.jpg\",\"width\":800,\"height\":467},{\"@type\":\"WebPage\",\"@id\":\"https:\/\/www.visit-ulcinj.com\/blog\/2013\/04\/11\/qendra-per-te-rinje-me-pengesa-ne-zhvillim-sirena-kerkese-per-ndihme\/#webpage\",\"url\":\"https:\/\/www.visit-ulcinj.com\/blog\/2013\/04\/11\/qendra-per-te-rinje-me-pengesa-ne-zhvillim-sirena-kerkese-per-ndihme\/\",\"name\":\"Qendra per te Rinje me pengesa ne zhvillim Sirena k\u00ebrkes\u00eb p\u00ebr ndihm\u00eb - Lajme nga Ulqini\",\"isPartOf\":{\"@id\":\"https:\/\/www.visit-ulcinj.com\/blog\/#website\"},\"primaryImageOfPage\":{\"@id\":\"https:\/\/www.visit-ulcinj.com\/blog\/2013\/04\/11\/qendra-per-te-rinje-me-pengesa-ne-zhvillim-sirena-kerkese-per-ndihme\/#primaryimage\"},\"datePublished\":\"2013-04-11T16:17:28+00:00\",\"dateModified\":\"2013-04-19T15:20:21+00:00\",\"author\":{\"@id\":\"https:\/\/www.visit-ulcinj.com\/blog\/#\/schema\/person\/dcab619c614d3038751c63bc2aadc06d\"},\"description\":\"T\u00eb nderuar miq, Ju drejtohem me nj\u00eb respekt t\u00eb ve\u00e7ant\u00eb dhe k\u00ebrkes\u00eb p\u00ebr ndihm\u00eb materiale apo p\u00ebr ndihm\u00eb tjet\u00ebr, q\u00eb t\u00eb ndihmoni k\u00ebt\u00eb institucion, n\u00ebse keni\",\"breadcrumb\":{\"@id\":\"https:\/\/www.visit-ulcinj.com\/blog\/2013\/04\/11\/qendra-per-te-rinje-me-pengesa-ne-zhvillim-sirena-kerkese-per-ndihme\/#breadcrumb\"},\"inLanguage\":\"en-US\",\"potentialAction\":[{\"@type\":\"ReadAction\",\"target\":[\"https:\/\/www.visit-ulcinj.com\/blog\/2013\/04\/11\/qendra-per-te-rinje-me-pengesa-ne-zhvillim-sirena-kerkese-per-ndihme\/\"]}]},{\"@type\":\"BreadcrumbList\",\"@id\":\"https:\/\/www.visit-ulcinj.com\/blog\/2013\/04\/11\/qendra-per-te-rinje-me-pengesa-ne-zhvillim-sirena-kerkese-per-ndihme\/#breadcrumb\",\"itemListElement\":[{\"@type\":\"ListItem\",\"position\":1,\"name\":\"Qendra per te Rinje me pengesa ne zhvillim Sirena k\u00ebrkes\u00eb p\u00ebr ndihm\u00eb\"}]},{\"@type\":\"Person\",\"@id\":\"https:\/\/www.visit-ulcinj.com\/blog\/#\/schema\/person\/dcab619c614d3038751c63bc2aadc06d\",\"name\":\"ulqini\",\"sameAs\":[\"http:\/\/www.visit-ulcinj.com\"],\"url\":\"https:\/\/www.visit-ulcinj.com\/blog\/author\/admin\/\"}]}<\/script>\n<!-- \/ Yoast SEO plugin. -->","yoast_head_json":{"title":"Qendra per te Rinje me pengesa ne zhvillim Sirena k\u00ebrkes\u00eb p\u00ebr ndihm\u00eb - Lajme nga Ulqini","description":"T\u00eb nderuar miq, Ju drejtohem me nj\u00eb respekt t\u00eb ve\u00e7ant\u00eb dhe k\u00ebrkes\u00eb p\u00ebr ndihm\u00eb materiale apo p\u00ebr ndihm\u00eb tjet\u00ebr, q\u00eb t\u00eb ndihmoni k\u00ebt\u00eb institucion, n\u00ebse keni","robots":{"index":"index","follow":"follow","max-snippet":"max-snippet:-1","max-image-preview":"max-image-preview:large","max-video-preview":"max-video-preview:-1"},"canonical":"https:\/\/www.visit-ulcinj.com\/blog\/2013\/04\/11\/qendra-per-te-rinje-me-pengesa-ne-zhvillim-sirena-kerkese-per-ndihme\/","og_locale":"en_US","og_type":"article","og_title":"Qendra per te Rinje me pengesa ne zhvillim Sirena k\u00ebrkes\u00eb p\u00ebr ndihm\u00eb - Lajme nga Ulqini","og_description":"T\u00eb nderuar miq, Ju drejtohem me nj\u00eb respekt t\u00eb ve\u00e7ant\u00eb dhe k\u00ebrkes\u00eb p\u00ebr ndihm\u00eb materiale apo p\u00ebr ndihm\u00eb tjet\u00ebr, q\u00eb t\u00eb ndihmoni k\u00ebt\u00eb institucion, n\u00ebse keni","og_url":"https:\/\/www.visit-ulcinj.com\/blog\/2013\/04\/11\/qendra-per-te-rinje-me-pengesa-ne-zhvillim-sirena-kerkese-per-ndihme\/","og_site_name":"Lajme nga Ulqini","article_published_time":"2013-04-11T16:17:28+00:00","article_modified_time":"2013-04-19T15:20:21+00:00","og_image":[{"url":"https:\/\/www.visit-ulcinj.com\/blog\/wp-content\/uploads\/2013\/04\/Qendra-per-te-Rinje-me-pengesa-ne-zhvillim-Sirena-Ulqin.7-150x150.jpg"}],"twitter_misc":{"Written by":"ulqini","Est. reading time":"2 minutes"},"schema":{"@context":"https:\/\/schema.org","@graph":[{"@type":"WebSite","@id":"https:\/\/www.visit-ulcinj.com\/blog\/#website","url":"https:\/\/www.visit-ulcinj.com\/blog\/","name":"Lajme nga Ulqini","description":"Lajme,Vijesti,Ulqini,Ulqin,Crna Gora,Mali i Zi","potentialAction":[{"@type":"SearchAction","target":{"@type":"EntryPoint","urlTemplate":"https:\/\/www.visit-ulcinj.com\/blog\/?s={search_term_string}"},"query-input":"required name=search_term_string"}],"inLanguage":"en-US"},{"@type":"ImageObject","inLanguage":"en-US","@id":"https:\/\/www.visit-ulcinj.com\/blog\/2013\/04\/11\/qendra-per-te-rinje-me-pengesa-ne-zhvillim-sirena-kerkese-per-ndihme\/#primaryimage","url":"https:\/\/www.visit-ulcinj.com\/blog\/wp-content\/uploads\/2013\/04\/Qendra-per-te-Rinje-me-pengesa-ne-zhvillim-Sirena-Ulqin.jpg","contentUrl":"https:\/\/www.visit-ulcinj.com\/blog\/wp-content\/uploads\/2013\/04\/Qendra-per-te-Rinje-me-pengesa-ne-zhvillim-Sirena-Ulqin.jpg","width":800,"height":467},{"@type":"WebPage","@id":"https:\/\/www.visit-ulcinj.com\/blog\/2013\/04\/11\/qendra-per-te-rinje-me-pengesa-ne-zhvillim-sirena-kerkese-per-ndihme\/#webpage","url":"https:\/\/www.visit-ulcinj.com\/blog\/2013\/04\/11\/qendra-per-te-rinje-me-pengesa-ne-zhvillim-sirena-kerkese-per-ndihme\/","name":"Qendra per te Rinje me pengesa ne zhvillim Sirena k\u00ebrkes\u00eb p\u00ebr ndihm\u00eb - Lajme nga Ulqini","isPartOf":{"@id":"https:\/\/www.visit-ulcinj.com\/blog\/#website"},"primaryImageOfPage":{"@id":"https:\/\/www.visit-ulcinj.com\/blog\/2013\/04\/11\/qendra-per-te-rinje-me-pengesa-ne-zhvillim-sirena-kerkese-per-ndihme\/#primaryimage"},"datePublished":"2013-04-11T16:17:28+00:00","dateModified":"2013-04-19T15:20:21+00:00","author":{"@id":"https:\/\/www.visit-ulcinj.com\/blog\/#\/schema\/person\/dcab619c614d3038751c63bc2aadc06d"},"description":"T\u00eb nderuar miq, Ju drejtohem me nj\u00eb respekt t\u00eb ve\u00e7ant\u00eb dhe k\u00ebrkes\u00eb p\u00ebr ndihm\u00eb materiale apo p\u00ebr ndihm\u00eb tjet\u00ebr, q\u00eb t\u00eb ndihmoni k\u00ebt\u00eb institucion, n\u00ebse keni","breadcrumb":{"@id":"https:\/\/www.visit-ulcinj.com\/blog\/2013\/04\/11\/qendra-per-te-rinje-me-pengesa-ne-zhvillim-sirena-kerkese-per-ndihme\/#breadcrumb"},"inLanguage":"en-US","potentialAction":[{"@type":"ReadAction","target":["https:\/\/www.visit-ulcinj.com\/blog\/2013\/04\/11\/qendra-per-te-rinje-me-pengesa-ne-zhvillim-sirena-kerkese-per-ndihme\/"]}]},{"@type":"BreadcrumbList","@id":"https:\/\/www.visit-ulcinj.com\/blog\/2013\/04\/11\/qendra-per-te-rinje-me-pengesa-ne-zhvillim-sirena-kerkese-per-ndihme\/#breadcrumb","itemListElement":[{"@type":"ListItem","position":1,"name":"Qendra per te Rinje me pengesa ne zhvillim Sirena k\u00ebrkes\u00eb p\u00ebr ndihm\u00eb"}]},{"@type":"Person","@id":"https:\/\/www.visit-ulcinj.com\/blog\/#\/schema\/person\/dcab619c614d3038751c63bc2aadc06d","name":"ulqini","sameAs":["http:\/\/www.visit-ulcinj.com"],"url":"https:\/\/www.visit-ulcinj.com\/blog\/author\/admin\/"}]}},"jetpack_featured_media_url":"","jetpack_sharing_enabled":true,"jetpack_shortlink":"https:\/\/wp.me\/pe6lTn-il2","_links":{"self":[{"href":"https:\/\/www.visit-ulcinj.com\/blog\/wp-json\/wp\/v2\/posts\/70496"}],"collection":[{"href":"https:\/\/www.visit-ulcinj.com\/blog\/wp-json\/wp\/v2\/posts"}],"about":[{"href":"https:\/\/www.visit-ulcinj.com\/blog\/wp-json\/wp\/v2\/types\/post"}],"author":[{"embeddable":true,"href":"https:\/\/www.visit-ulcinj.com\/blog\/wp-json\/wp\/v2\/users\/1"}],"replies":[{"embeddable":true,"href":"https:\/\/www.visit-ulcinj.com\/blog\/wp-json\/wp\/v2\/comments?post=70496"}],"version-history":[{"count":12,"href":"https:\/\/www.visit-ulcinj.com\/blog\/wp-json\/wp\/v2\/posts\/70496\/revisions"}],"predecessor-version":[{"id":70653,"href":"https:\/\/www.visit-ulcinj.com\/blog\/wp-json\/wp\/v2\/posts\/70496\/revisions\/70653"}],"wp:attachment":[{"href":"https:\/\/www.visit-ulcinj.com\/blog\/wp-json\/wp\/v2\/media?parent=70496"}],"wp:term":[{"taxonomy":"category","embeddable":true,"href":"https:\/\/www.visit-ulcinj.com\/blog\/wp-json\/wp\/v2\/categories?post=70496"},{"taxonomy":"post_tag","embeddable":true,"href":"https:\/\/www.visit-ulcinj.com\/blog\/wp-json\/wp\/v2\/tags?post=70496"}],"curies":[{"name":"wp","href":"https:\/\/api.w.org\/{rel}","templated":true}]}}