{"id":7050,"date":"2008-12-09T20:10:30","date_gmt":"2008-12-09T19:10:30","guid":{"rendered":"http:\/\/www.visit-ulcinj.com\/blog\/?p=7050"},"modified":"2017-11-26T23:08:23","modified_gmt":"2017-11-26T22:08:23","slug":"nora-superseksi-pa-sutjena","status":"publish","type":"post","link":"https:\/\/www.visit-ulcinj.com\/blog\/2008\/12\/09\/nora-superseksi-pa-sutjena\/","title":{"rendered":"Nora, superseksi pa sutjena"},"content":{"rendered":"<p><a href=\"http:\/\/www.visit-ulcinj.com\/blog\/wp-content\/uploads\/2008\/12\/nora-istrefi.jpg\"><img loading=\"lazy\" class=\"alignleft size-medium wp-image-7051\" title=\"nora-istrefi\" src=\"http:\/\/www.visit-ulcinj.com\/blog\/wp-content\/uploads\/2008\/12\/nora-istrefi-236x300.jpg\" alt=\"\" width=\"292\" height=\"300\" \/><\/a>Askush nuk e v\u00ebreu k\u00ebt\u00eb detaj&#8230; Ka kaluar nj\u00eb koh\u00eb relativisht e gjat\u00eb q\u00eb nga mbajtja e edicionit t\u00eb &#8220;Video Fest&#8221;, i cili mbahet \u00e7do vit n\u00eb Prishtin\u00eb. Ajo q\u00eb u vu re k\u00ebt\u00eb radh\u00eb ishte paraqitja e k\u00ebng\u00ebtares Nora Istrefi. Nj\u00eb fustan i kuq dhe tep\u00ebr elegant jo shum\u00eb i ekspozuar, gjithashtu flok\u00ebt tep\u00ebr bukur t\u00eb rregulluara&#8230; Mir\u00ebpo flitej se kreatorja, e cila kishte dizajnuar fustanin, Xheraldina, ishte frym\u00ebzuar nga fustani i aktores Hilary Swank, vet\u00ebm se dallonte nga ngjyra. Gjithashtu fustani ngjasonte shum\u00eb n\u00eb model dhe n\u00eb ngjyr\u00eb me nj\u00eb fustan dhe paraqitje t\u00eb k\u00ebng\u00ebtares Adelina Ismajli dhe gjith\u00eb kjo paraqitje b\u00ebri shum\u00eb buj\u00eb n\u00eb mediat kosovare. Nd\u00ebrkoh\u00eb ajo q\u00eb askush nuk e v\u00ebreu, ishte se Nora n\u00eb k\u00ebt\u00eb paraqitje ishte vet\u00ebm me fustan dhe asgj\u00eb posht\u00eb tij (pa jelek)&#8230;<\/p>\n<p>Si\u00e7 e shihni edhe nga fotoja fustani \u00ebsht\u00eb aq transparent sa na lejon ta verifikojm\u00eb leht\u00eb k\u00ebt\u00eb fakt.<\/p>\n<p>Gjithsesi, Nora \u00ebsht\u00eb nj\u00eb k\u00ebng\u00ebtare shum\u00eb e mir\u00eb, por edhe nj\u00eb fem\u00ebr shum\u00eb seksi.<\/p>\n<!--YouTube Error: bad URL entered-->\n","protected":false},"excerpt":{"rendered":"<p>Askush nuk e v\u00ebreu k\u00ebt\u00eb detaj&#8230; Ka kaluar nj\u00eb koh\u00eb relativisht e gjat\u00eb q\u00eb nga mbajtja e edicionit t\u00eb &#8220;Video Fest&#8221;, i cili mbahet \u00e7do vit n\u00eb Prishtin\u00eb. Ajo q\u00eb u vu re k\u00ebt\u00eb radh\u00eb ishte paraqitja e k\u00ebng\u00ebtares Nora Istrefi. Nj\u00eb fustan i kuq dhe tep\u00ebr elegant jo shum\u00eb i ekspozuar, gjithashtu flok\u00ebt tep\u00ebr [&hellip;]<\/p>\n","protected":false},"author":1,"featured_media":0,"comment_status":"open","ping_status":"closed","sticky":false,"template":"","format":"standard","meta":{"spay_email":"","jetpack_publicize_message":"","jetpack_is_tweetstorm":false,"jetpack_publicize_feature_enabled":true},"categories":[1],"tags":[4939],"jetpack_publicize_connections":[],"yoast_head":"<!-- This site is optimized with the Yoast SEO plugin v19.1 - https:\/\/yoast.com\/wordpress\/plugins\/seo\/ -->\n<title>Nora, superseksi pa sutjena - Lajme nga Ulqini<\/title>\n<meta name=\"description\" content=\"Askush nuk e v\u00ebreu k\u00ebt\u00eb detaj... Ka kaluar nj\u00eb koh\u00eb relativisht e gjat\u00eb q\u00eb nga mbajtja e edicionit t\u00eb &quot;Video Fest&quot;, i cili mbahet \u00e7do vit n\u00eb Prishtin\u00eb.\" \/>\n<meta name=\"robots\" content=\"index, follow, max-snippet:-1, max-image-preview:large, max-video-preview:-1\" \/>\n<link rel=\"canonical\" href=\"https:\/\/www.visit-ulcinj.com\/blog\/2008\/12\/09\/nora-superseksi-pa-sutjena\/\" \/>\n<meta property=\"og:locale\" content=\"en_US\" \/>\n<meta property=\"og:type\" content=\"article\" \/>\n<meta property=\"og:title\" content=\"Nora, superseksi pa sutjena - Lajme nga Ulqini\" \/>\n<meta property=\"og:description\" content=\"Askush nuk e v\u00ebreu k\u00ebt\u00eb detaj... Ka kaluar nj\u00eb koh\u00eb relativisht e gjat\u00eb q\u00eb nga mbajtja e edicionit t\u00eb &quot;Video Fest&quot;, i cili mbahet \u00e7do vit n\u00eb Prishtin\u00eb.\" \/>\n<meta property=\"og:url\" content=\"https:\/\/www.visit-ulcinj.com\/blog\/2008\/12\/09\/nora-superseksi-pa-sutjena\/\" \/>\n<meta property=\"og:site_name\" content=\"Lajme nga Ulqini\" \/>\n<meta property=\"article:published_time\" content=\"2008-12-09T19:10:30+00:00\" \/>\n<meta property=\"article:modified_time\" content=\"2017-11-26T22:08:23+00:00\" \/>\n<meta property=\"og:image\" content=\"http:\/\/www.visit-ulcinj.com\/blog\/wp-content\/uploads\/2008\/12\/nora-istrefi-236x300.jpg\" \/>\n<meta name=\"twitter:label1\" content=\"Written by\" \/>\n\t<meta name=\"twitter:data1\" content=\"ulqini\" \/>\n\t<meta name=\"twitter:label2\" content=\"Est. reading time\" \/>\n\t<meta name=\"twitter:data2\" content=\"1 minute\" \/>\n<script type=\"application\/ld+json\" class=\"yoast-schema-graph\">{\"@context\":\"https:\/\/schema.org\",\"@graph\":[{\"@type\":\"WebSite\",\"@id\":\"https:\/\/www.visit-ulcinj.com\/blog\/#website\",\"url\":\"https:\/\/www.visit-ulcinj.com\/blog\/\",\"name\":\"Lajme nga Ulqini\",\"description\":\"Lajme,Vijesti,Ulqini,Ulqin,Crna Gora,Mali i Zi\",\"potentialAction\":[{\"@type\":\"SearchAction\",\"target\":{\"@type\":\"EntryPoint\",\"urlTemplate\":\"https:\/\/www.visit-ulcinj.com\/blog\/?s={search_term_string}\"},\"query-input\":\"required name=search_term_string\"}],\"inLanguage\":\"en-US\"},{\"@type\":\"ImageObject\",\"inLanguage\":\"en-US\",\"@id\":\"https:\/\/www.visit-ulcinj.com\/blog\/2008\/12\/09\/nora-superseksi-pa-sutjena\/#primaryimage\",\"url\":\"http:\/\/www.visit-ulcinj.com\/blog\/wp-content\/uploads\/2008\/12\/nora-istrefi-236x300.jpg\",\"contentUrl\":\"http:\/\/www.visit-ulcinj.com\/blog\/wp-content\/uploads\/2008\/12\/nora-istrefi-236x300.jpg\"},{\"@type\":\"WebPage\",\"@id\":\"https:\/\/www.visit-ulcinj.com\/blog\/2008\/12\/09\/nora-superseksi-pa-sutjena\/#webpage\",\"url\":\"https:\/\/www.visit-ulcinj.com\/blog\/2008\/12\/09\/nora-superseksi-pa-sutjena\/\",\"name\":\"Nora, superseksi pa sutjena - Lajme nga Ulqini\",\"isPartOf\":{\"@id\":\"https:\/\/www.visit-ulcinj.com\/blog\/#website\"},\"primaryImageOfPage\":{\"@id\":\"https:\/\/www.visit-ulcinj.com\/blog\/2008\/12\/09\/nora-superseksi-pa-sutjena\/#primaryimage\"},\"datePublished\":\"2008-12-09T19:10:30+00:00\",\"dateModified\":\"2017-11-26T22:08:23+00:00\",\"author\":{\"@id\":\"https:\/\/www.visit-ulcinj.com\/blog\/#\/schema\/person\/dcab619c614d3038751c63bc2aadc06d\"},\"description\":\"Askush nuk e v\u00ebreu k\u00ebt\u00eb detaj... Ka kaluar nj\u00eb koh\u00eb relativisht e gjat\u00eb q\u00eb nga mbajtja e edicionit t\u00eb \\\"Video Fest\\\", i cili mbahet \u00e7do vit n\u00eb Prishtin\u00eb.\",\"breadcrumb\":{\"@id\":\"https:\/\/www.visit-ulcinj.com\/blog\/2008\/12\/09\/nora-superseksi-pa-sutjena\/#breadcrumb\"},\"inLanguage\":\"en-US\",\"potentialAction\":[{\"@type\":\"ReadAction\",\"target\":[\"https:\/\/www.visit-ulcinj.com\/blog\/2008\/12\/09\/nora-superseksi-pa-sutjena\/\"]}]},{\"@type\":\"BreadcrumbList\",\"@id\":\"https:\/\/www.visit-ulcinj.com\/blog\/2008\/12\/09\/nora-superseksi-pa-sutjena\/#breadcrumb\",\"itemListElement\":[{\"@type\":\"ListItem\",\"position\":1,\"name\":\"Nora, superseksi pa sutjena\"}]},{\"@type\":\"Person\",\"@id\":\"https:\/\/www.visit-ulcinj.com\/blog\/#\/schema\/person\/dcab619c614d3038751c63bc2aadc06d\",\"name\":\"ulqini\",\"sameAs\":[\"http:\/\/www.visit-ulcinj.com\"],\"url\":\"https:\/\/www.visit-ulcinj.com\/blog\/author\/admin\/\"}]}<\/script>\n<!-- \/ Yoast SEO plugin. -->","yoast_head_json":{"title":"Nora, superseksi pa sutjena - Lajme nga Ulqini","description":"Askush nuk e v\u00ebreu k\u00ebt\u00eb detaj... Ka kaluar nj\u00eb koh\u00eb relativisht e gjat\u00eb q\u00eb nga mbajtja e edicionit t\u00eb \"Video Fest\", i cili mbahet \u00e7do vit n\u00eb Prishtin\u00eb.","robots":{"index":"index","follow":"follow","max-snippet":"max-snippet:-1","max-image-preview":"max-image-preview:large","max-video-preview":"max-video-preview:-1"},"canonical":"https:\/\/www.visit-ulcinj.com\/blog\/2008\/12\/09\/nora-superseksi-pa-sutjena\/","og_locale":"en_US","og_type":"article","og_title":"Nora, superseksi pa sutjena - Lajme nga Ulqini","og_description":"Askush nuk e v\u00ebreu k\u00ebt\u00eb detaj... Ka kaluar nj\u00eb koh\u00eb relativisht e gjat\u00eb q\u00eb nga mbajtja e edicionit t\u00eb \"Video Fest\", i cili mbahet \u00e7do vit n\u00eb Prishtin\u00eb.","og_url":"https:\/\/www.visit-ulcinj.com\/blog\/2008\/12\/09\/nora-superseksi-pa-sutjena\/","og_site_name":"Lajme nga Ulqini","article_published_time":"2008-12-09T19:10:30+00:00","article_modified_time":"2017-11-26T22:08:23+00:00","og_image":[{"url":"http:\/\/www.visit-ulcinj.com\/blog\/wp-content\/uploads\/2008\/12\/nora-istrefi-236x300.jpg"}],"twitter_misc":{"Written by":"ulqini","Est. reading time":"1 minute"},"schema":{"@context":"https:\/\/schema.org","@graph":[{"@type":"WebSite","@id":"https:\/\/www.visit-ulcinj.com\/blog\/#website","url":"https:\/\/www.visit-ulcinj.com\/blog\/","name":"Lajme nga Ulqini","description":"Lajme,Vijesti,Ulqini,Ulqin,Crna Gora,Mali i Zi","potentialAction":[{"@type":"SearchAction","target":{"@type":"EntryPoint","urlTemplate":"https:\/\/www.visit-ulcinj.com\/blog\/?s={search_term_string}"},"query-input":"required name=search_term_string"}],"inLanguage":"en-US"},{"@type":"ImageObject","inLanguage":"en-US","@id":"https:\/\/www.visit-ulcinj.com\/blog\/2008\/12\/09\/nora-superseksi-pa-sutjena\/#primaryimage","url":"http:\/\/www.visit-ulcinj.com\/blog\/wp-content\/uploads\/2008\/12\/nora-istrefi-236x300.jpg","contentUrl":"http:\/\/www.visit-ulcinj.com\/blog\/wp-content\/uploads\/2008\/12\/nora-istrefi-236x300.jpg"},{"@type":"WebPage","@id":"https:\/\/www.visit-ulcinj.com\/blog\/2008\/12\/09\/nora-superseksi-pa-sutjena\/#webpage","url":"https:\/\/www.visit-ulcinj.com\/blog\/2008\/12\/09\/nora-superseksi-pa-sutjena\/","name":"Nora, superseksi pa sutjena - Lajme nga Ulqini","isPartOf":{"@id":"https:\/\/www.visit-ulcinj.com\/blog\/#website"},"primaryImageOfPage":{"@id":"https:\/\/www.visit-ulcinj.com\/blog\/2008\/12\/09\/nora-superseksi-pa-sutjena\/#primaryimage"},"datePublished":"2008-12-09T19:10:30+00:00","dateModified":"2017-11-26T22:08:23+00:00","author":{"@id":"https:\/\/www.visit-ulcinj.com\/blog\/#\/schema\/person\/dcab619c614d3038751c63bc2aadc06d"},"description":"Askush nuk e v\u00ebreu k\u00ebt\u00eb detaj... Ka kaluar nj\u00eb koh\u00eb relativisht e gjat\u00eb q\u00eb nga mbajtja e edicionit t\u00eb \"Video Fest\", i cili mbahet \u00e7do vit n\u00eb Prishtin\u00eb.","breadcrumb":{"@id":"https:\/\/www.visit-ulcinj.com\/blog\/2008\/12\/09\/nora-superseksi-pa-sutjena\/#breadcrumb"},"inLanguage":"en-US","potentialAction":[{"@type":"ReadAction","target":["https:\/\/www.visit-ulcinj.com\/blog\/2008\/12\/09\/nora-superseksi-pa-sutjena\/"]}]},{"@type":"BreadcrumbList","@id":"https:\/\/www.visit-ulcinj.com\/blog\/2008\/12\/09\/nora-superseksi-pa-sutjena\/#breadcrumb","itemListElement":[{"@type":"ListItem","position":1,"name":"Nora, superseksi pa sutjena"}]},{"@type":"Person","@id":"https:\/\/www.visit-ulcinj.com\/blog\/#\/schema\/person\/dcab619c614d3038751c63bc2aadc06d","name":"ulqini","sameAs":["http:\/\/www.visit-ulcinj.com"],"url":"https:\/\/www.visit-ulcinj.com\/blog\/author\/admin\/"}]}},"jetpack_featured_media_url":"","jetpack_sharing_enabled":true,"jetpack_shortlink":"https:\/\/wp.me\/pe6lTn-1PI","_links":{"self":[{"href":"https:\/\/www.visit-ulcinj.com\/blog\/wp-json\/wp\/v2\/posts\/7050"}],"collection":[{"href":"https:\/\/www.visit-ulcinj.com\/blog\/wp-json\/wp\/v2\/posts"}],"about":[{"href":"https:\/\/www.visit-ulcinj.com\/blog\/wp-json\/wp\/v2\/types\/post"}],"author":[{"embeddable":true,"href":"https:\/\/www.visit-ulcinj.com\/blog\/wp-json\/wp\/v2\/users\/1"}],"replies":[{"embeddable":true,"href":"https:\/\/www.visit-ulcinj.com\/blog\/wp-json\/wp\/v2\/comments?post=7050"}],"version-history":[{"count":1,"href":"https:\/\/www.visit-ulcinj.com\/blog\/wp-json\/wp\/v2\/posts\/7050\/revisions"}],"predecessor-version":[{"id":106490,"href":"https:\/\/www.visit-ulcinj.com\/blog\/wp-json\/wp\/v2\/posts\/7050\/revisions\/106490"}],"wp:attachment":[{"href":"https:\/\/www.visit-ulcinj.com\/blog\/wp-json\/wp\/v2\/media?parent=7050"}],"wp:term":[{"taxonomy":"category","embeddable":true,"href":"https:\/\/www.visit-ulcinj.com\/blog\/wp-json\/wp\/v2\/categories?post=7050"},{"taxonomy":"post_tag","embeddable":true,"href":"https:\/\/www.visit-ulcinj.com\/blog\/wp-json\/wp\/v2\/tags?post=7050"}],"curies":[{"name":"wp","href":"https:\/\/api.w.org\/{rel}","templated":true}]}}