{"id":70518,"date":"2013-04-11T17:38:20","date_gmt":"2013-04-11T16:38:20","guid":{"rendered":"http:\/\/www.visit-ulcinj.com\/blog\/?p=70518"},"modified":"2013-04-11T17:38:20","modified_gmt":"2013-04-11T16:38:20","slug":"centar-za-djecu-sa-smetnjama-i-teskocama-sirena-ulcinj-zahtjev-za-pomoc","status":"publish","type":"post","link":"https:\/\/www.visit-ulcinj.com\/blog\/2013\/04\/11\/centar-za-djecu-sa-smetnjama-i-teskocama-sirena-ulcinj-zahtjev-za-pomoc\/","title":{"rendered":"Centar za djecu sa smetnjama i te\u0161ko\u0107ama Sirena Ulcinj &#8211; Zahtjev za pomoc"},"content":{"rendered":"<p><strong><a href=\"http:\/\/www.visit-ulcinj.com\/blog\/wp-content\/uploads\/2013\/04\/Zahtjev-za-pomoc-Centar-za-djecu-Sirena-Ulcinj.jpg\"><img loading=\"lazy\" class=\"alignleft  wp-image-70520\" alt=\"Zahtjev za pomoc - Centar za djecu - Sirena Ulcinj\" src=\"http:\/\/www.visit-ulcinj.com\/blog\/wp-content\/uploads\/2013\/04\/Zahtjev-za-pomoc-Centar-za-djecu-Sirena-Ulcinj.jpg\" width=\"508\" height=\"380\" \/><\/a>Po\u0161tovani prijatelji,<\/strong><\/p>\n<p>Obra\u0107amo Vam se uz du\u017eno po\u0161tovanje sa zahtjevom da ukoliko ste u mogu\u0107nosti materijalno ili nematerijalno pomognete ovaj centar.<br \/>\nU na\u0161em centru registrovano je 32 djece sa posebnim potrebama, a u narednom periodu o\u010dekujemo da se i mnoga druga djeca (na \u017ealost) koja jo\u0161 nijesu registrovana prijave u na\u0161u ustanovu.<br \/>\nS toga je Centar pokrenuo humanitarnu akciju kako bi se bolje pripremio za predstoje\u0107i period, u kome o\u010dekuje anga\u017eovanje neophodnog osoblja, naro\u010dito logopeda, psihologa, fizoterapeuta i nabavku neophodne opreme za rehabiliticaiju djece.<br \/>\nKao prepoznati humanista koji ste uvjek nesebi\u010dno pomagali, ovom Centru i na\u0161oj djeci, nadamo se da \u0107ete na\u0107i na\u010din da nam i ovaj put iza\u0111ete u susret i tako makar malo olak\u0161ate svakodnevnicu na\u0161im malji\u0161anima.<br \/>\nBilo koji vid pomo\u0107i bi bio nam dragocjen s&#8217;obzirom da sredstva koja su predvi\u0111ena bud\u017eetom Op\u0161tine ne\u0107e biti dovoljna da pokriju tro\u0161kove kvalitetnog tretmana djece sa posebnim potrebama.<br \/>\nNova upravna struktura Centra svoje aktivnosti obavlja\u0107e krajne transparentno i profesionalno kako bi se njega djece u Centru sprovodila na najbolji mogu\u0107i na\u010din.<\/p>\n<p><strong>Ukoliko se odlu\u010dite da finansijski pomognete na\u0161 Centar, molimo Vas da to uradite isklju\u010divo preko ra\u010duna 520-18072-82 kod Hipotekarne Banke.<\/strong><\/p>\n<p>U nadi da \u0107ete prepoznati zna\u010daj na\u0161e humanitarne akcije i pomo\u0107i djeci grada Ulcinja koja imaju potrebu za dodatnim staranjem unaprijed Vam se srda\u010dno zahvaljujemo!<br \/>\nOvim putem Vas i pozivamo da kada god budete na\u0161li slobodnog vremena posjetite na\u0161 Centar, uvjerite se u uslove njegovog rada kao i sagledate mogu\u0107nosti daljnije saradnje sa na\u0161om ustanovom.<br \/>\nS&#8217; po\u0161tovanjem i uz veliku zahvalnost!<\/p>\n<p><strong>Direktor<\/strong><br \/>\n<strong> Bilal Alaj<\/strong><\/p>\n\n\t\t<style type=\"text\/css\">\n\t\t\t#gallery-1 {\n\t\t\t\tmargin: auto;\n\t\t\t}\n\t\t\t#gallery-1 .gallery-item {\n\t\t\t\tfloat: left;\n\t\t\t\tmargin-top: 10px;\n\t\t\t\ttext-align: center;\n\t\t\t\twidth: 33%;\n\t\t\t}\n\t\t\t#gallery-1 img {\n\t\t\t\tborder: 2px solid #cfcfcf;\n\t\t\t}\n\t\t\t#gallery-1 .gallery-caption {\n\t\t\t\tmargin-left: 0;\n\t\t\t}\n\t\t\t\/* see gallery_shortcode() in wp-includes\/media.php *\/\n\t\t<\/style>\n\t\t<div id='gallery-1' class='gallery galleryid-70518 gallery-columns-3 gallery-size-thumbnail'><dl class='gallery-item'>\n\t\t\t<dt class='gallery-icon landscape'>\n\t\t\t\t<a href='https:\/\/www.visit-ulcinj.com\/blog\/2013\/04\/11\/qendra-per-te-rinje-me-pengesa-ne-zhvillim-sirena-kerkese-per-ndihme\/qendra-per-te-rinje-me-pengesa-ne-zhvillim-sirena-ulqin\/'><img width=\"150\" height=\"150\" src=\"https:\/\/www.visit-ulcinj.com\/blog\/wp-content\/uploads\/2013\/04\/Qendra-per-te-Rinje-me-pengesa-ne-zhvillim-Sirena-Ulqin-150x150.jpg\" class=\"attachment-thumbnail size-thumbnail\" alt=\"\" loading=\"lazy\" \/><\/a>\n\t\t\t<\/dt><\/dl><dl class='gallery-item'>\n\t\t\t<dt class='gallery-icon landscape'>\n\t\t\t\t<a href='https:\/\/www.visit-ulcinj.com\/blog\/2013\/04\/11\/qendra-per-te-rinje-me-pengesa-ne-zhvillim-sirena-kerkese-per-ndihme\/qendra-per-te-rinje-me-pengesa-ne-zhvillim-sirena-ulqin-2\/'><img width=\"150\" height=\"150\" src=\"https:\/\/www.visit-ulcinj.com\/blog\/wp-content\/uploads\/2013\/04\/Qendra-per-te-Rinje-me-pengesa-ne-zhvillim-Sirena-Ulqin.2-150x150.jpg\" class=\"attachment-thumbnail size-thumbnail\" alt=\"\" loading=\"lazy\" \/><\/a>\n\t\t\t<\/dt><\/dl><dl class='gallery-item'>\n\t\t\t<dt class='gallery-icon landscape'>\n\t\t\t\t<a href='https:\/\/www.visit-ulcinj.com\/blog\/2013\/04\/11\/qendra-per-te-rinje-me-pengesa-ne-zhvillim-sirena-kerkese-per-ndihme\/qendra-per-te-rinje-me-pengesa-ne-zhvillim-sirena-ulqin-3\/'><img width=\"150\" height=\"150\" src=\"https:\/\/www.visit-ulcinj.com\/blog\/wp-content\/uploads\/2013\/04\/Qendra-per-te-Rinje-me-pengesa-ne-zhvillim-Sirena-Ulqin.3-150x150.jpg\" class=\"attachment-thumbnail size-thumbnail\" alt=\"\" loading=\"lazy\" \/><\/a>\n\t\t\t<\/dt><\/dl><br style=\"clear: both\" \/><dl class='gallery-item'>\n\t\t\t<dt class='gallery-icon landscape'>\n\t\t\t\t<a href='https:\/\/www.visit-ulcinj.com\/blog\/2013\/04\/11\/qendra-per-te-rinje-me-pengesa-ne-zhvillim-sirena-kerkese-per-ndihme\/qendra-per-te-rinje-me-pengesa-ne-zhvillim-sirena-ulqin-9\/'><img width=\"150\" height=\"150\" src=\"https:\/\/www.visit-ulcinj.com\/blog\/wp-content\/uploads\/2013\/04\/Qendra-per-te-Rinje-me-pengesa-ne-zhvillim-Sirena-Ulqin.9-150x150.jpg\" class=\"attachment-thumbnail size-thumbnail\" alt=\"\" loading=\"lazy\" \/><\/a>\n\t\t\t<\/dt><\/dl><dl class='gallery-item'>\n\t\t\t<dt class='gallery-icon landscape'>\n\t\t\t\t<a href='https:\/\/www.visit-ulcinj.com\/blog\/2013\/04\/11\/qendra-per-te-rinje-me-pengesa-ne-zhvillim-sirena-kerkese-per-ndihme\/qendra-per-te-rinje-me-pengesa-ne-zhvillim-sirena-ulqin-8\/'><img width=\"150\" height=\"150\" src=\"https:\/\/www.visit-ulcinj.com\/blog\/wp-content\/uploads\/2013\/04\/Qendra-per-te-Rinje-me-pengesa-ne-zhvillim-Sirena-Ulqin.8-150x150.jpg\" class=\"attachment-thumbnail size-thumbnail\" alt=\"\" loading=\"lazy\" \/><\/a>\n\t\t\t<\/dt><\/dl><dl class='gallery-item'>\n\t\t\t<dt class='gallery-icon landscape'>\n\t\t\t\t<a href='https:\/\/www.visit-ulcinj.com\/blog\/2013\/04\/11\/qendra-per-te-rinje-me-pengesa-ne-zhvillim-sirena-kerkese-per-ndihme\/qendra-per-te-rinje-me-pengesa-ne-zhvillim-sirena-ulqin-7\/'><img width=\"150\" height=\"150\" src=\"https:\/\/www.visit-ulcinj.com\/blog\/wp-content\/uploads\/2013\/04\/Qendra-per-te-Rinje-me-pengesa-ne-zhvillim-Sirena-Ulqin.7-150x150.jpg\" class=\"attachment-thumbnail size-thumbnail\" alt=\"\" loading=\"lazy\" \/><\/a>\n\t\t\t<\/dt><\/dl><br style=\"clear: both\" \/><dl class='gallery-item'>\n\t\t\t<dt class='gallery-icon landscape'>\n\t\t\t\t<a href='https:\/\/www.visit-ulcinj.com\/blog\/2013\/04\/11\/qendra-per-te-rinje-me-pengesa-ne-zhvillim-sirena-kerkese-per-ndihme\/qendra-per-te-rinje-me-pengesa-ne-zhvillim-sirena-ulqin-6\/'><img width=\"150\" height=\"150\" src=\"https:\/\/www.visit-ulcinj.com\/blog\/wp-content\/uploads\/2013\/04\/Qendra-per-te-Rinje-me-pengesa-ne-zhvillim-Sirena-Ulqin.6-150x150.jpg\" class=\"attachment-thumbnail size-thumbnail\" alt=\"\" loading=\"lazy\" \/><\/a>\n\t\t\t<\/dt><\/dl><dl class='gallery-item'>\n\t\t\t<dt class='gallery-icon landscape'>\n\t\t\t\t<a href='https:\/\/www.visit-ulcinj.com\/blog\/2013\/04\/11\/qendra-per-te-rinje-me-pengesa-ne-zhvillim-sirena-kerkese-per-ndihme\/qendra-per-te-rinje-me-pengesa-ne-zhvillim-sirena-ulqin-5\/'><img width=\"150\" height=\"150\" src=\"https:\/\/www.visit-ulcinj.com\/blog\/wp-content\/uploads\/2013\/04\/Qendra-per-te-Rinje-me-pengesa-ne-zhvillim-Sirena-Ulqin.5-150x150.jpg\" class=\"attachment-thumbnail size-thumbnail\" alt=\"\" loading=\"lazy\" \/><\/a>\n\t\t\t<\/dt><\/dl><dl class='gallery-item'>\n\t\t\t<dt class='gallery-icon landscape'>\n\t\t\t\t<a href='https:\/\/www.visit-ulcinj.com\/blog\/2013\/04\/11\/qendra-per-te-rinje-me-pengesa-ne-zhvillim-sirena-kerkese-per-ndihme\/qendra-per-te-rinje-me-pengesa-ne-zhvillim-sirena-ulqin-4\/'><img width=\"150\" height=\"150\" src=\"https:\/\/www.visit-ulcinj.com\/blog\/wp-content\/uploads\/2013\/04\/Qendra-per-te-Rinje-me-pengesa-ne-zhvillim-Sirena-Ulqin.4-150x150.jpg\" class=\"attachment-thumbnail size-thumbnail\" alt=\"\" loading=\"lazy\" \/><\/a>\n\t\t\t<\/dt><\/dl><br style=\"clear: both\" \/>\n\t\t<\/div>\n\n","protected":false},"excerpt":{"rendered":"<p>Po\u0161tovani prijatelji, Obra\u0107amo Vam se uz du\u017eno po\u0161tovanje sa zahtjevom da ukoliko ste u mogu\u0107nosti materijalno ili nematerijalno pomognete ovaj centar. U na\u0161em centru registrovano je 32 djece sa posebnim potrebama, a u narednom periodu o\u010dekujemo da se i mnoga druga djeca (na \u017ealost) koja jo\u0161 nijesu registrovana prijave u na\u0161u ustanovu. S toga je [&hellip;]<\/p>\n","protected":false},"author":1,"featured_media":0,"comment_status":"open","ping_status":"closed","sticky":false,"template":"","format":"standard","meta":{"spay_email":"","jetpack_publicize_message":"","jetpack_is_tweetstorm":false,"jetpack_publicize_feature_enabled":true},"categories":[8337],"tags":[19],"jetpack_publicize_connections":[],"yoast_head":"<!-- This site is optimized with the Yoast SEO plugin v19.1 - https:\/\/yoast.com\/wordpress\/plugins\/seo\/ -->\n<title>Centar za djecu sa smetnjama i te\u0161ko\u0107ama Sirena Ulcinj - Zahtjev za pomoc - Lajme nga Ulqini<\/title>\n<meta name=\"description\" content=\"Po\u0161tovani prijatelji, Obra\u0107amo Vam se uz du\u017eno po\u0161tovanje sa zahtjevom da ukoliko ste u mogu\u0107nosti materijalno ili nematerijalno pomognete ovaj centar. U\" \/>\n<meta name=\"robots\" content=\"index, follow, max-snippet:-1, max-image-preview:large, max-video-preview:-1\" \/>\n<link rel=\"canonical\" href=\"https:\/\/www.visit-ulcinj.com\/blog\/2013\/04\/11\/centar-za-djecu-sa-smetnjama-i-teskocama-sirena-ulcinj-zahtjev-za-pomoc\/\" \/>\n<meta property=\"og:locale\" content=\"en_US\" \/>\n<meta property=\"og:type\" content=\"article\" \/>\n<meta property=\"og:title\" content=\"Centar za djecu sa smetnjama i te\u0161ko\u0107ama Sirena Ulcinj - Zahtjev za pomoc - Lajme nga Ulqini\" \/>\n<meta property=\"og:description\" content=\"Po\u0161tovani prijatelji, Obra\u0107amo Vam se uz du\u017eno po\u0161tovanje sa zahtjevom da ukoliko ste u mogu\u0107nosti materijalno ili nematerijalno pomognete ovaj centar. U\" \/>\n<meta property=\"og:url\" content=\"https:\/\/www.visit-ulcinj.com\/blog\/2013\/04\/11\/centar-za-djecu-sa-smetnjama-i-teskocama-sirena-ulcinj-zahtjev-za-pomoc\/\" \/>\n<meta property=\"og:site_name\" content=\"Lajme nga Ulqini\" \/>\n<meta property=\"article:published_time\" content=\"2013-04-11T16:38:20+00:00\" \/>\n<meta property=\"og:image\" content=\"https:\/\/www.visit-ulcinj.com\/blog\/wp-content\/uploads\/2013\/04\/Qendra-per-te-Rinje-me-pengesa-ne-zhvillim-Sirena-Ulqin-150x150.jpg\" \/>\n<meta name=\"twitter:label1\" content=\"Written by\" \/>\n\t<meta name=\"twitter:data1\" content=\"ulqini\" \/>\n\t<meta name=\"twitter:label2\" content=\"Est. reading time\" \/>\n\t<meta name=\"twitter:data2\" content=\"1 minute\" \/>\n<script type=\"application\/ld+json\" class=\"yoast-schema-graph\">{\"@context\":\"https:\/\/schema.org\",\"@graph\":[{\"@type\":\"WebSite\",\"@id\":\"https:\/\/www.visit-ulcinj.com\/blog\/#website\",\"url\":\"https:\/\/www.visit-ulcinj.com\/blog\/\",\"name\":\"Lajme nga Ulqini\",\"description\":\"Lajme,Vijesti,Ulqini,Ulqin,Crna Gora,Mali i Zi\",\"potentialAction\":[{\"@type\":\"SearchAction\",\"target\":{\"@type\":\"EntryPoint\",\"urlTemplate\":\"https:\/\/www.visit-ulcinj.com\/blog\/?s={search_term_string}\"},\"query-input\":\"required name=search_term_string\"}],\"inLanguage\":\"en-US\"},{\"@type\":\"ImageObject\",\"inLanguage\":\"en-US\",\"@id\":\"https:\/\/www.visit-ulcinj.com\/blog\/2013\/04\/11\/centar-za-djecu-sa-smetnjama-i-teskocama-sirena-ulcinj-zahtjev-za-pomoc\/#primaryimage\",\"url\":\"https:\/\/www.visit-ulcinj.com\/blog\/wp-content\/uploads\/2013\/04\/Zahtjev-za-pomoc-Centar-za-djecu-Sirena-Ulcinj.jpg\",\"contentUrl\":\"https:\/\/www.visit-ulcinj.com\/blog\/wp-content\/uploads\/2013\/04\/Zahtjev-za-pomoc-Centar-za-djecu-Sirena-Ulcinj.jpg\",\"width\":960,\"height\":879},{\"@type\":\"WebPage\",\"@id\":\"https:\/\/www.visit-ulcinj.com\/blog\/2013\/04\/11\/centar-za-djecu-sa-smetnjama-i-teskocama-sirena-ulcinj-zahtjev-za-pomoc\/#webpage\",\"url\":\"https:\/\/www.visit-ulcinj.com\/blog\/2013\/04\/11\/centar-za-djecu-sa-smetnjama-i-teskocama-sirena-ulcinj-zahtjev-za-pomoc\/\",\"name\":\"Centar za djecu sa smetnjama i te\u0161ko\u0107ama Sirena Ulcinj - Zahtjev za pomoc - Lajme nga Ulqini\",\"isPartOf\":{\"@id\":\"https:\/\/www.visit-ulcinj.com\/blog\/#website\"},\"primaryImageOfPage\":{\"@id\":\"https:\/\/www.visit-ulcinj.com\/blog\/2013\/04\/11\/centar-za-djecu-sa-smetnjama-i-teskocama-sirena-ulcinj-zahtjev-za-pomoc\/#primaryimage\"},\"datePublished\":\"2013-04-11T16:38:20+00:00\",\"dateModified\":\"2013-04-11T16:38:20+00:00\",\"author\":{\"@id\":\"https:\/\/www.visit-ulcinj.com\/blog\/#\/schema\/person\/dcab619c614d3038751c63bc2aadc06d\"},\"description\":\"Po\u0161tovani prijatelji, Obra\u0107amo Vam se uz du\u017eno po\u0161tovanje sa zahtjevom da ukoliko ste u mogu\u0107nosti materijalno ili nematerijalno pomognete ovaj centar. U\",\"breadcrumb\":{\"@id\":\"https:\/\/www.visit-ulcinj.com\/blog\/2013\/04\/11\/centar-za-djecu-sa-smetnjama-i-teskocama-sirena-ulcinj-zahtjev-za-pomoc\/#breadcrumb\"},\"inLanguage\":\"en-US\",\"potentialAction\":[{\"@type\":\"ReadAction\",\"target\":[\"https:\/\/www.visit-ulcinj.com\/blog\/2013\/04\/11\/centar-za-djecu-sa-smetnjama-i-teskocama-sirena-ulcinj-zahtjev-za-pomoc\/\"]}]},{\"@type\":\"BreadcrumbList\",\"@id\":\"https:\/\/www.visit-ulcinj.com\/blog\/2013\/04\/11\/centar-za-djecu-sa-smetnjama-i-teskocama-sirena-ulcinj-zahtjev-za-pomoc\/#breadcrumb\",\"itemListElement\":[{\"@type\":\"ListItem\",\"position\":1,\"name\":\"Centar za djecu sa smetnjama i te\u0161ko\u0107ama Sirena Ulcinj &#8211; Zahtjev za pomoc\"}]},{\"@type\":\"Person\",\"@id\":\"https:\/\/www.visit-ulcinj.com\/blog\/#\/schema\/person\/dcab619c614d3038751c63bc2aadc06d\",\"name\":\"ulqini\",\"sameAs\":[\"http:\/\/www.visit-ulcinj.com\"],\"url\":\"https:\/\/www.visit-ulcinj.com\/blog\/author\/admin\/\"}]}<\/script>\n<!-- \/ Yoast SEO plugin. -->","yoast_head_json":{"title":"Centar za djecu sa smetnjama i te\u0161ko\u0107ama Sirena Ulcinj - Zahtjev za pomoc - Lajme nga Ulqini","description":"Po\u0161tovani prijatelji, Obra\u0107amo Vam se uz du\u017eno po\u0161tovanje sa zahtjevom da ukoliko ste u mogu\u0107nosti materijalno ili nematerijalno pomognete ovaj centar. U","robots":{"index":"index","follow":"follow","max-snippet":"max-snippet:-1","max-image-preview":"max-image-preview:large","max-video-preview":"max-video-preview:-1"},"canonical":"https:\/\/www.visit-ulcinj.com\/blog\/2013\/04\/11\/centar-za-djecu-sa-smetnjama-i-teskocama-sirena-ulcinj-zahtjev-za-pomoc\/","og_locale":"en_US","og_type":"article","og_title":"Centar za djecu sa smetnjama i te\u0161ko\u0107ama Sirena Ulcinj - Zahtjev za pomoc - Lajme nga Ulqini","og_description":"Po\u0161tovani prijatelji, Obra\u0107amo Vam se uz du\u017eno po\u0161tovanje sa zahtjevom da ukoliko ste u mogu\u0107nosti materijalno ili nematerijalno pomognete ovaj centar. U","og_url":"https:\/\/www.visit-ulcinj.com\/blog\/2013\/04\/11\/centar-za-djecu-sa-smetnjama-i-teskocama-sirena-ulcinj-zahtjev-za-pomoc\/","og_site_name":"Lajme nga Ulqini","article_published_time":"2013-04-11T16:38:20+00:00","og_image":[{"url":"https:\/\/www.visit-ulcinj.com\/blog\/wp-content\/uploads\/2013\/04\/Qendra-per-te-Rinje-me-pengesa-ne-zhvillim-Sirena-Ulqin-150x150.jpg"}],"twitter_misc":{"Written by":"ulqini","Est. reading time":"1 minute"},"schema":{"@context":"https:\/\/schema.org","@graph":[{"@type":"WebSite","@id":"https:\/\/www.visit-ulcinj.com\/blog\/#website","url":"https:\/\/www.visit-ulcinj.com\/blog\/","name":"Lajme nga Ulqini","description":"Lajme,Vijesti,Ulqini,Ulqin,Crna Gora,Mali i Zi","potentialAction":[{"@type":"SearchAction","target":{"@type":"EntryPoint","urlTemplate":"https:\/\/www.visit-ulcinj.com\/blog\/?s={search_term_string}"},"query-input":"required name=search_term_string"}],"inLanguage":"en-US"},{"@type":"ImageObject","inLanguage":"en-US","@id":"https:\/\/www.visit-ulcinj.com\/blog\/2013\/04\/11\/centar-za-djecu-sa-smetnjama-i-teskocama-sirena-ulcinj-zahtjev-za-pomoc\/#primaryimage","url":"https:\/\/www.visit-ulcinj.com\/blog\/wp-content\/uploads\/2013\/04\/Zahtjev-za-pomoc-Centar-za-djecu-Sirena-Ulcinj.jpg","contentUrl":"https:\/\/www.visit-ulcinj.com\/blog\/wp-content\/uploads\/2013\/04\/Zahtjev-za-pomoc-Centar-za-djecu-Sirena-Ulcinj.jpg","width":960,"height":879},{"@type":"WebPage","@id":"https:\/\/www.visit-ulcinj.com\/blog\/2013\/04\/11\/centar-za-djecu-sa-smetnjama-i-teskocama-sirena-ulcinj-zahtjev-za-pomoc\/#webpage","url":"https:\/\/www.visit-ulcinj.com\/blog\/2013\/04\/11\/centar-za-djecu-sa-smetnjama-i-teskocama-sirena-ulcinj-zahtjev-za-pomoc\/","name":"Centar za djecu sa smetnjama i te\u0161ko\u0107ama Sirena Ulcinj - Zahtjev za pomoc - Lajme nga Ulqini","isPartOf":{"@id":"https:\/\/www.visit-ulcinj.com\/blog\/#website"},"primaryImageOfPage":{"@id":"https:\/\/www.visit-ulcinj.com\/blog\/2013\/04\/11\/centar-za-djecu-sa-smetnjama-i-teskocama-sirena-ulcinj-zahtjev-za-pomoc\/#primaryimage"},"datePublished":"2013-04-11T16:38:20+00:00","dateModified":"2013-04-11T16:38:20+00:00","author":{"@id":"https:\/\/www.visit-ulcinj.com\/blog\/#\/schema\/person\/dcab619c614d3038751c63bc2aadc06d"},"description":"Po\u0161tovani prijatelji, Obra\u0107amo Vam se uz du\u017eno po\u0161tovanje sa zahtjevom da ukoliko ste u mogu\u0107nosti materijalno ili nematerijalno pomognete ovaj centar. U","breadcrumb":{"@id":"https:\/\/www.visit-ulcinj.com\/blog\/2013\/04\/11\/centar-za-djecu-sa-smetnjama-i-teskocama-sirena-ulcinj-zahtjev-za-pomoc\/#breadcrumb"},"inLanguage":"en-US","potentialAction":[{"@type":"ReadAction","target":["https:\/\/www.visit-ulcinj.com\/blog\/2013\/04\/11\/centar-za-djecu-sa-smetnjama-i-teskocama-sirena-ulcinj-zahtjev-za-pomoc\/"]}]},{"@type":"BreadcrumbList","@id":"https:\/\/www.visit-ulcinj.com\/blog\/2013\/04\/11\/centar-za-djecu-sa-smetnjama-i-teskocama-sirena-ulcinj-zahtjev-za-pomoc\/#breadcrumb","itemListElement":[{"@type":"ListItem","position":1,"name":"Centar za djecu sa smetnjama i te\u0161ko\u0107ama Sirena Ulcinj &#8211; Zahtjev za pomoc"}]},{"@type":"Person","@id":"https:\/\/www.visit-ulcinj.com\/blog\/#\/schema\/person\/dcab619c614d3038751c63bc2aadc06d","name":"ulqini","sameAs":["http:\/\/www.visit-ulcinj.com"],"url":"https:\/\/www.visit-ulcinj.com\/blog\/author\/admin\/"}]}},"jetpack_featured_media_url":"","jetpack_sharing_enabled":true,"jetpack_shortlink":"https:\/\/wp.me\/pe6lTn-ilo","_links":{"self":[{"href":"https:\/\/www.visit-ulcinj.com\/blog\/wp-json\/wp\/v2\/posts\/70518"}],"collection":[{"href":"https:\/\/www.visit-ulcinj.com\/blog\/wp-json\/wp\/v2\/posts"}],"about":[{"href":"https:\/\/www.visit-ulcinj.com\/blog\/wp-json\/wp\/v2\/types\/post"}],"author":[{"embeddable":true,"href":"https:\/\/www.visit-ulcinj.com\/blog\/wp-json\/wp\/v2\/users\/1"}],"replies":[{"embeddable":true,"href":"https:\/\/www.visit-ulcinj.com\/blog\/wp-json\/wp\/v2\/comments?post=70518"}],"version-history":[{"count":1,"href":"https:\/\/www.visit-ulcinj.com\/blog\/wp-json\/wp\/v2\/posts\/70518\/revisions"}],"predecessor-version":[{"id":70521,"href":"https:\/\/www.visit-ulcinj.com\/blog\/wp-json\/wp\/v2\/posts\/70518\/revisions\/70521"}],"wp:attachment":[{"href":"https:\/\/www.visit-ulcinj.com\/blog\/wp-json\/wp\/v2\/media?parent=70518"}],"wp:term":[{"taxonomy":"category","embeddable":true,"href":"https:\/\/www.visit-ulcinj.com\/blog\/wp-json\/wp\/v2\/categories?post=70518"},{"taxonomy":"post_tag","embeddable":true,"href":"https:\/\/www.visit-ulcinj.com\/blog\/wp-json\/wp\/v2\/tags?post=70518"}],"curies":[{"name":"wp","href":"https:\/\/api.w.org\/{rel}","templated":true}]}}