{"id":70522,"date":"2013-04-11T17:48:53","date_gmt":"2013-04-11T16:48:53","guid":{"rendered":"http:\/\/www.visit-ulcinj.com\/blog\/?p=70522"},"modified":"2013-04-11T17:50:24","modified_gmt":"2013-04-11T16:50:24","slug":"poruka-radnika-solane-ako-treba-dici-cemo-i-crnu-goru-na-noge","status":"publish","type":"post","link":"https:\/\/www.visit-ulcinj.com\/blog\/2013\/04\/11\/poruka-radnika-solane-ako-treba-dici-cemo-i-crnu-goru-na-noge\/","title":{"rendered":"Poruka radnika Solane: Ako treba di\u0107i \u0107emo i Crnu Goru na noge"},"content":{"rendered":"<p>U ulcinjskoj Solani organizovan jednosatni \u0161trajk upozorenja, sindikalci upravi poru\u010dili da fabrika mora opstati<\/p>\n<p>Zaposleni u ulcinjskoj Solani su prisustvovali jednosatnom \u0161trajku upozorenja, koji je u krugu fabrike organizovao sindikat, sa koga je upravi i vlasnicima poru\u010deno da se pozabave neispla\u0107enim zaradama i povezivanjem radnog sta\u017ea ukoliko i dalje \u017eele socijalni mir.<\/p>\n<p>Jedan od zaposlenih, \u010cedo Popovi\u0107, ima blizu 35 godina radnog sta\u017ea u Solani i do penzije mu fali skoro ta\u010dno onoliko koliko mu nije povezan radni sta\u017e u najstarijem ulcinjskom preduze\u0107u.<\/p>\n<div>\u00a0<a href=\"http:\/\/www.visit-ulcinj.com\/blog\/wp-content\/uploads\/2013\/04\/Strajk-u-ulcinjskoj-Solani.jpg\"><img loading=\"lazy\" class=\"alignleft  wp-image-70523\" alt=\"Strajk u ulcinjskoj Solani\" src=\"http:\/\/www.visit-ulcinj.com\/blog\/wp-content\/uploads\/2013\/04\/Strajk-u-ulcinjskoj-Solani.jpg\" width=\"508\" height=\"360\" \/><\/a><\/div>\n<div><strong>Sa protesta u Ulcinju (Foto: Samir Adrovi\u0107)<br \/>\n<\/strong><br \/>\n\u201cNe tra\u017eimo ni\u0161ta \u0161to nam ne pripada, samo svoje i po zakonu\u201d, kazao on slije\u017eu\u0107i ramenima.<\/div>\n<p>To je potvrdio i njegov kolega Zuber Kasnecovi\u0107. Njemu do penzije treba jo\u0161 sedam mjeseci radnog sta\u017ea, a, kao i Popovi\u0107u, radni sta\u017e u Solani mu nije povezan od 2009. godine.<\/p>\n<p>\u201cNeispla\u0107ivanjem zarada ugro\u017eena je na\u0161a egzistencija. Mi smo uglavnom nosioci zdravstvenog osiguranja za na\u0161e porodice, ali zbog ovakog odnosa uprave i vlasnika nemamo pravo da se lije\u010dimo poput drugih, ve\u0107 uz pre\u0107utnu saglasnost zaposlenih u Domu zdravlja\u201d, kazao je predsjednik sindikata Marko Miranovi\u0107.<\/p>\n<p>On je poru\u010dio upravi i vlasnicima da se do kraja mjeseca izjasne o plati za mart, neispla\u0107enih 12 zarada, ali i sudbini fabrike.<\/p>\n<p>\u201cVjerujem da \u0107emo na\u0107i zajedni\u010dki jezik, a ako ne, suo\u010di\u0107emo se sa radikalizacijom protesta i ne\u010dim \u0161to se zove generalni \u0161trajk\u201d, kazao je Miranovi\u0107.<\/p>\n<p>Povjernik USS za Ulcinj, Aslan Zenelji, poru\u010dio je radnicima da je sindikat uz njih.<br \/>\n<a href=\"http:\/\/www.visit-ulcinj.com\/blog\/wp-content\/uploads\/2013\/04\/Strajk-u-ulcinjskoj-Solani.1.jpg\"><img loading=\"lazy\" class=\"alignleft  wp-image-70524\" alt=\"Strajk u ulcinjskoj Solani.1\" src=\"http:\/\/www.visit-ulcinj.com\/blog\/wp-content\/uploads\/2013\/04\/Strajk-u-ulcinjskoj-Solani.1.jpg\" width=\"508\" height=\"360\" \/><\/a><\/p>\n<p><strong>Sa protesta u Ulcinju (Foto: Samir Adrovi\u0107)<\/strong><\/p>\n<p>\u201cUnija \u0107e biti uz vas i va\u0161e zahtjeve. Sta\u0107emo u odbranu va\u0161ih intreresa, jer Solana mora da opstane. Ako treba, di\u0107i \u0107emo cijeli Ulcinj i Crnu Goru na noge\u201d, kazao je Zenelji, ocijeniv\u0161i \u201cda vlasnicima i upravi ne treba vjerovati\u201d.<\/p>\n<p>Radnici su na crnogorskom i albanskom jeziku nosili transparente \u201eugro\u017eena su nam osnovna ljudska prava, od 2008. nemamo zdravstveno osiguranje\u201c, \u201eod va\u0161ih lijepih rije\u010di se ne \u017eivi, na rubu smo egzistencije, zdravstveno oronuli\u201d&#8230;<\/p>\n<p><a href=\"http:\/\/www.vijesti.me\/vijesti\/poruka-radnika-solane-ako-treba-dici-cemo-crnu-goru-noge-clanak-122639\" target=\"_blank\"><strong>Samir Adrovi\u0107<\/strong><\/a><br \/>\n<a href=\"http:\/\/www.vijesti.me\/vijesti\/poruka-radnika-solane-ako-treba-dici-cemo-crnu-goru-noge-clanak-122639\" target=\"_blank\"><strong>Vijesti online<\/strong><\/a><\/p>\n","protected":false},"excerpt":{"rendered":"<p>U ulcinjskoj Solani organizovan jednosatni \u0161trajk upozorenja, sindikalci upravi poru\u010dili da fabrika mora opstati Zaposleni u ulcinjskoj Solani su prisustvovali jednosatnom \u0161trajku upozorenja, koji je u krugu fabrike organizovao sindikat, sa koga je upravi i vlasnicima poru\u010deno da se pozabave neispla\u0107enim zaradama i povezivanjem radnog sta\u017ea ukoliko i dalje \u017eele socijalni mir. Jedan od zaposlenih, [&hellip;]<\/p>\n","protected":false},"author":1,"featured_media":0,"comment_status":"open","ping_status":"closed","sticky":false,"template":"","format":"standard","meta":{"spay_email":"","jetpack_publicize_message":"","jetpack_is_tweetstorm":false,"jetpack_publicize_feature_enabled":true},"categories":[8337],"tags":[1968],"jetpack_publicize_connections":[],"yoast_head":"<!-- This site is optimized with the Yoast SEO plugin v19.1 - https:\/\/yoast.com\/wordpress\/plugins\/seo\/ -->\n<title>Poruka radnika Solane: Ako treba di\u0107i \u0107emo i Crnu Goru na noge - Lajme nga Ulqini<\/title>\n<meta name=\"description\" content=\"U ulcinjskoj Solani organizovan jednosatni \u0161trajk upozorenja, sindikalci upravi poru\u010dili da fabrika mora opstati Zaposleni u ulcinjskoj Solani su\" \/>\n<meta name=\"robots\" content=\"index, follow, max-snippet:-1, max-image-preview:large, max-video-preview:-1\" \/>\n<link rel=\"canonical\" href=\"https:\/\/www.visit-ulcinj.com\/blog\/2013\/04\/11\/poruka-radnika-solane-ako-treba-dici-cemo-i-crnu-goru-na-noge\/\" \/>\n<meta property=\"og:locale\" content=\"en_US\" \/>\n<meta property=\"og:type\" content=\"article\" \/>\n<meta property=\"og:title\" content=\"Poruka radnika Solane: Ako treba di\u0107i \u0107emo i Crnu Goru na noge - Lajme nga Ulqini\" \/>\n<meta property=\"og:description\" content=\"U ulcinjskoj Solani organizovan jednosatni \u0161trajk upozorenja, sindikalci upravi poru\u010dili da fabrika mora opstati Zaposleni u ulcinjskoj Solani su\" \/>\n<meta property=\"og:url\" content=\"https:\/\/www.visit-ulcinj.com\/blog\/2013\/04\/11\/poruka-radnika-solane-ako-treba-dici-cemo-i-crnu-goru-na-noge\/\" \/>\n<meta property=\"og:site_name\" content=\"Lajme nga Ulqini\" \/>\n<meta property=\"article:published_time\" content=\"2013-04-11T16:48:53+00:00\" \/>\n<meta property=\"article:modified_time\" content=\"2013-04-11T16:50:24+00:00\" \/>\n<meta property=\"og:image\" content=\"http:\/\/www.visit-ulcinj.com\/blog\/wp-content\/uploads\/2013\/04\/Strajk-u-ulcinjskoj-Solani.jpg\" \/>\n<meta name=\"twitter:label1\" content=\"Written by\" \/>\n\t<meta name=\"twitter:data1\" content=\"ulqini\" \/>\n\t<meta name=\"twitter:label2\" content=\"Est. reading time\" \/>\n\t<meta name=\"twitter:data2\" content=\"2 minutes\" \/>\n<script type=\"application\/ld+json\" class=\"yoast-schema-graph\">{\"@context\":\"https:\/\/schema.org\",\"@graph\":[{\"@type\":\"WebSite\",\"@id\":\"https:\/\/www.visit-ulcinj.com\/blog\/#website\",\"url\":\"https:\/\/www.visit-ulcinj.com\/blog\/\",\"name\":\"Lajme nga Ulqini\",\"description\":\"Lajme,Vijesti,Ulqini,Ulqin,Crna Gora,Mali i Zi\",\"potentialAction\":[{\"@type\":\"SearchAction\",\"target\":{\"@type\":\"EntryPoint\",\"urlTemplate\":\"https:\/\/www.visit-ulcinj.com\/blog\/?s={search_term_string}\"},\"query-input\":\"required name=search_term_string\"}],\"inLanguage\":\"en-US\"},{\"@type\":\"ImageObject\",\"inLanguage\":\"en-US\",\"@id\":\"https:\/\/www.visit-ulcinj.com\/blog\/2013\/04\/11\/poruka-radnika-solane-ako-treba-dici-cemo-i-crnu-goru-na-noge\/#primaryimage\",\"url\":\"https:\/\/www.visit-ulcinj.com\/blog\/wp-content\/uploads\/2013\/04\/Strajk-u-ulcinjskoj-Solani.jpg\",\"contentUrl\":\"https:\/\/www.visit-ulcinj.com\/blog\/wp-content\/uploads\/2013\/04\/Strajk-u-ulcinjskoj-Solani.jpg\",\"width\":1000,\"height\":750},{\"@type\":\"WebPage\",\"@id\":\"https:\/\/www.visit-ulcinj.com\/blog\/2013\/04\/11\/poruka-radnika-solane-ako-treba-dici-cemo-i-crnu-goru-na-noge\/#webpage\",\"url\":\"https:\/\/www.visit-ulcinj.com\/blog\/2013\/04\/11\/poruka-radnika-solane-ako-treba-dici-cemo-i-crnu-goru-na-noge\/\",\"name\":\"Poruka radnika Solane: Ako treba di\u0107i \u0107emo i Crnu Goru na noge - Lajme nga Ulqini\",\"isPartOf\":{\"@id\":\"https:\/\/www.visit-ulcinj.com\/blog\/#website\"},\"primaryImageOfPage\":{\"@id\":\"https:\/\/www.visit-ulcinj.com\/blog\/2013\/04\/11\/poruka-radnika-solane-ako-treba-dici-cemo-i-crnu-goru-na-noge\/#primaryimage\"},\"datePublished\":\"2013-04-11T16:48:53+00:00\",\"dateModified\":\"2013-04-11T16:50:24+00:00\",\"author\":{\"@id\":\"https:\/\/www.visit-ulcinj.com\/blog\/#\/schema\/person\/dcab619c614d3038751c63bc2aadc06d\"},\"description\":\"U ulcinjskoj Solani organizovan jednosatni \u0161trajk upozorenja, sindikalci upravi poru\u010dili da fabrika mora opstati Zaposleni u ulcinjskoj Solani su\",\"breadcrumb\":{\"@id\":\"https:\/\/www.visit-ulcinj.com\/blog\/2013\/04\/11\/poruka-radnika-solane-ako-treba-dici-cemo-i-crnu-goru-na-noge\/#breadcrumb\"},\"inLanguage\":\"en-US\",\"potentialAction\":[{\"@type\":\"ReadAction\",\"target\":[\"https:\/\/www.visit-ulcinj.com\/blog\/2013\/04\/11\/poruka-radnika-solane-ako-treba-dici-cemo-i-crnu-goru-na-noge\/\"]}]},{\"@type\":\"BreadcrumbList\",\"@id\":\"https:\/\/www.visit-ulcinj.com\/blog\/2013\/04\/11\/poruka-radnika-solane-ako-treba-dici-cemo-i-crnu-goru-na-noge\/#breadcrumb\",\"itemListElement\":[{\"@type\":\"ListItem\",\"position\":1,\"name\":\"Poruka radnika Solane: Ako treba di\u0107i \u0107emo i Crnu Goru na noge\"}]},{\"@type\":\"Person\",\"@id\":\"https:\/\/www.visit-ulcinj.com\/blog\/#\/schema\/person\/dcab619c614d3038751c63bc2aadc06d\",\"name\":\"ulqini\",\"sameAs\":[\"http:\/\/www.visit-ulcinj.com\"],\"url\":\"https:\/\/www.visit-ulcinj.com\/blog\/author\/admin\/\"}]}<\/script>\n<!-- \/ Yoast SEO plugin. -->","yoast_head_json":{"title":"Poruka radnika Solane: Ako treba di\u0107i \u0107emo i Crnu Goru na noge - Lajme nga Ulqini","description":"U ulcinjskoj Solani organizovan jednosatni \u0161trajk upozorenja, sindikalci upravi poru\u010dili da fabrika mora opstati Zaposleni u ulcinjskoj Solani su","robots":{"index":"index","follow":"follow","max-snippet":"max-snippet:-1","max-image-preview":"max-image-preview:large","max-video-preview":"max-video-preview:-1"},"canonical":"https:\/\/www.visit-ulcinj.com\/blog\/2013\/04\/11\/poruka-radnika-solane-ako-treba-dici-cemo-i-crnu-goru-na-noge\/","og_locale":"en_US","og_type":"article","og_title":"Poruka radnika Solane: Ako treba di\u0107i \u0107emo i Crnu Goru na noge - Lajme nga Ulqini","og_description":"U ulcinjskoj Solani organizovan jednosatni \u0161trajk upozorenja, sindikalci upravi poru\u010dili da fabrika mora opstati Zaposleni u ulcinjskoj Solani su","og_url":"https:\/\/www.visit-ulcinj.com\/blog\/2013\/04\/11\/poruka-radnika-solane-ako-treba-dici-cemo-i-crnu-goru-na-noge\/","og_site_name":"Lajme nga Ulqini","article_published_time":"2013-04-11T16:48:53+00:00","article_modified_time":"2013-04-11T16:50:24+00:00","og_image":[{"url":"http:\/\/www.visit-ulcinj.com\/blog\/wp-content\/uploads\/2013\/04\/Strajk-u-ulcinjskoj-Solani.jpg"}],"twitter_misc":{"Written by":"ulqini","Est. reading time":"2 minutes"},"schema":{"@context":"https:\/\/schema.org","@graph":[{"@type":"WebSite","@id":"https:\/\/www.visit-ulcinj.com\/blog\/#website","url":"https:\/\/www.visit-ulcinj.com\/blog\/","name":"Lajme nga Ulqini","description":"Lajme,Vijesti,Ulqini,Ulqin,Crna Gora,Mali i Zi","potentialAction":[{"@type":"SearchAction","target":{"@type":"EntryPoint","urlTemplate":"https:\/\/www.visit-ulcinj.com\/blog\/?s={search_term_string}"},"query-input":"required name=search_term_string"}],"inLanguage":"en-US"},{"@type":"ImageObject","inLanguage":"en-US","@id":"https:\/\/www.visit-ulcinj.com\/blog\/2013\/04\/11\/poruka-radnika-solane-ako-treba-dici-cemo-i-crnu-goru-na-noge\/#primaryimage","url":"https:\/\/www.visit-ulcinj.com\/blog\/wp-content\/uploads\/2013\/04\/Strajk-u-ulcinjskoj-Solani.jpg","contentUrl":"https:\/\/www.visit-ulcinj.com\/blog\/wp-content\/uploads\/2013\/04\/Strajk-u-ulcinjskoj-Solani.jpg","width":1000,"height":750},{"@type":"WebPage","@id":"https:\/\/www.visit-ulcinj.com\/blog\/2013\/04\/11\/poruka-radnika-solane-ako-treba-dici-cemo-i-crnu-goru-na-noge\/#webpage","url":"https:\/\/www.visit-ulcinj.com\/blog\/2013\/04\/11\/poruka-radnika-solane-ako-treba-dici-cemo-i-crnu-goru-na-noge\/","name":"Poruka radnika Solane: Ako treba di\u0107i \u0107emo i Crnu Goru na noge - Lajme nga Ulqini","isPartOf":{"@id":"https:\/\/www.visit-ulcinj.com\/blog\/#website"},"primaryImageOfPage":{"@id":"https:\/\/www.visit-ulcinj.com\/blog\/2013\/04\/11\/poruka-radnika-solane-ako-treba-dici-cemo-i-crnu-goru-na-noge\/#primaryimage"},"datePublished":"2013-04-11T16:48:53+00:00","dateModified":"2013-04-11T16:50:24+00:00","author":{"@id":"https:\/\/www.visit-ulcinj.com\/blog\/#\/schema\/person\/dcab619c614d3038751c63bc2aadc06d"},"description":"U ulcinjskoj Solani organizovan jednosatni \u0161trajk upozorenja, sindikalci upravi poru\u010dili da fabrika mora opstati Zaposleni u ulcinjskoj Solani su","breadcrumb":{"@id":"https:\/\/www.visit-ulcinj.com\/blog\/2013\/04\/11\/poruka-radnika-solane-ako-treba-dici-cemo-i-crnu-goru-na-noge\/#breadcrumb"},"inLanguage":"en-US","potentialAction":[{"@type":"ReadAction","target":["https:\/\/www.visit-ulcinj.com\/blog\/2013\/04\/11\/poruka-radnika-solane-ako-treba-dici-cemo-i-crnu-goru-na-noge\/"]}]},{"@type":"BreadcrumbList","@id":"https:\/\/www.visit-ulcinj.com\/blog\/2013\/04\/11\/poruka-radnika-solane-ako-treba-dici-cemo-i-crnu-goru-na-noge\/#breadcrumb","itemListElement":[{"@type":"ListItem","position":1,"name":"Poruka radnika Solane: Ako treba di\u0107i \u0107emo i Crnu Goru na noge"}]},{"@type":"Person","@id":"https:\/\/www.visit-ulcinj.com\/blog\/#\/schema\/person\/dcab619c614d3038751c63bc2aadc06d","name":"ulqini","sameAs":["http:\/\/www.visit-ulcinj.com"],"url":"https:\/\/www.visit-ulcinj.com\/blog\/author\/admin\/"}]}},"jetpack_featured_media_url":"","jetpack_sharing_enabled":true,"jetpack_shortlink":"https:\/\/wp.me\/pe6lTn-ils","_links":{"self":[{"href":"https:\/\/www.visit-ulcinj.com\/blog\/wp-json\/wp\/v2\/posts\/70522"}],"collection":[{"href":"https:\/\/www.visit-ulcinj.com\/blog\/wp-json\/wp\/v2\/posts"}],"about":[{"href":"https:\/\/www.visit-ulcinj.com\/blog\/wp-json\/wp\/v2\/types\/post"}],"author":[{"embeddable":true,"href":"https:\/\/www.visit-ulcinj.com\/blog\/wp-json\/wp\/v2\/users\/1"}],"replies":[{"embeddable":true,"href":"https:\/\/www.visit-ulcinj.com\/blog\/wp-json\/wp\/v2\/comments?post=70522"}],"version-history":[{"count":3,"href":"https:\/\/www.visit-ulcinj.com\/blog\/wp-json\/wp\/v2\/posts\/70522\/revisions"}],"predecessor-version":[{"id":70527,"href":"https:\/\/www.visit-ulcinj.com\/blog\/wp-json\/wp\/v2\/posts\/70522\/revisions\/70527"}],"wp:attachment":[{"href":"https:\/\/www.visit-ulcinj.com\/blog\/wp-json\/wp\/v2\/media?parent=70522"}],"wp:term":[{"taxonomy":"category","embeddable":true,"href":"https:\/\/www.visit-ulcinj.com\/blog\/wp-json\/wp\/v2\/categories?post=70522"},{"taxonomy":"post_tag","embeddable":true,"href":"https:\/\/www.visit-ulcinj.com\/blog\/wp-json\/wp\/v2\/tags?post=70522"}],"curies":[{"name":"wp","href":"https:\/\/api.w.org\/{rel}","templated":true}]}}