{"id":70532,"date":"2013-04-11T18:21:05","date_gmt":"2013-04-11T17:21:05","guid":{"rendered":"http:\/\/www.visit-ulcinj.com\/blog\/?p=70532"},"modified":"2013-04-11T18:21:05","modified_gmt":"2013-04-11T17:21:05","slug":"abazovic-za-protest-ali-ako-je-nad-partijski","status":"publish","type":"post","link":"https:\/\/www.visit-ulcinj.com\/blog\/2013\/04\/11\/abazovic-za-protest-ali-ako-je-nad-partijski\/","title":{"rendered":"Abazovi\u0107 za protest, ali ako je nad-partijski"},"content":{"rendered":"<div id=\"article_text\">\n<p>Protest zbog rezultata predsjedni\u010dkih izbora trebalo bi da bude gra\u0111anski, a ne bunt partija, smatra poslanik Pozitivne Crne Gore, Dritan Abazovi\u0107, navode\u0107i da u Crnoj Gori ima dovoljno energije da u tom doga\u0111aju u\u010destvuju svi subjekti.<br \/>\n<a href=\"http:\/\/www.visit-ulcinj.com\/blog\/wp-content\/uploads\/2013\/04\/abazovic.jpg\"><a href=\"http:\/\/www.visit-ulcinj.com\/blog\/wp-content\/uploads\/2013\/04\/abazovic.jpg\"><img loading=\"lazy\" class=\"alignleft  wp-image-70533\" alt=\"abazovic\" src=\"http:\/\/www.visit-ulcinj.com\/blog\/wp-content\/uploads\/2013\/04\/abazovic.jpg\" width=\"508\" height=\"358\" \/><\/a><\/a><\/p>\n<p>On je agenciji MINA kazao da prihvata ideju protesta, dodaju\u0107i da je za Pozitivnu prihvatljiv samo koncept &#8220;nad-partijskog protesta&#8221;.<\/p>\n<p>Abazovi\u0107 smatra da organizatori protesta ne treba da bude ni Demokratski front ni Pozitivna, nego da to bude jedan gra\u0111anski bunt.<\/p>\n<p>&#8220;U Crnoj Gori ima dovoljno energije da se priklju\u010de svi, i politi\u010dki subjekti, i nepoliti\u010dki, nevladine organizacije, sindikati, slobodni intelektualci i svi nezadovoljni gra\u0111ani, i da to bude gra\u0111anski, a ne protest jedne ili druge partije&#8221;, pojasnio je Abazovi\u0107.<\/p>\n<p>On je ocijenio da bi taj koncept imao uspjeha. &#8220;A ako se postavi pitanje da li to mo\u017ee bez nekog inostranog faktora, ja sam siguran da u ovom momentu postoji energije u Crnoj Gori da se to izvede i bez inostrane pomo\u0107i&#8221;, smatra on.<\/p>\n<p><strong>Mora se djelovati da bi institucije djelovale demokratske<\/strong><\/p>\n<p>Abazovi\u0107 je rekao da je ta\u010dno da evropski zvani\u010dnici tra\u017ee da se djeluje u oviru institucija sistema.<\/p>\n<p>&#8220;Ali ako su institucije sistema nedemokratske, onda, da bi one po\u010dele da djeluju, mi moramo da primjenjujemo neke druge mjere&#8221;, dodao je Abazovi\u0107.<\/p>\n<p>Upitan da li je proteste trebalo ve\u0107 organizovati, Abazovi\u0107 je ocijenio da je stvar i dalje &#8220;vru\u0107a&#8221;.<\/p>\n<p>&#8220;I da je logi\u010dno da i mi o\u010dekujemo da se neko u Demokratskoj partiji socijalista zastidi i ka\u017ee \u2013 &#8220;da, ovo nije ne\u0161to u redu i dajte da sjednemo da vidimo kako da iza\u0111emo iz ove politi\u010dke krize&#8221; i da sami, na kraju krajeva, priznaju taj poraz&#8221;, rekao je on.<\/p>\n<p>Abazovi\u0107 je ocijenio da, sa druge strane, iako nemaju velika o\u010dekivanja, treba sa\u010dekati Dr\u017eavnu izbornu komisiju da iza\u0111e sa posljednjim rezultatim-<\/p>\n<p>&#8220;Tu se nije izgubilo puno vremena, milim da je logi\u010dno da je parlament suspendovao aktivnosti do utorka, tako da ne\u0107e biti kasno i ako se to desi slede\u0107e sedmice&#8221;, poru\u010dio je on.<\/p>\n<p>Prema njegovim rije\u010dima, odluka o bojkotovanju svih parlamentarnih aktivnosti, do kona\u010dnih rezultata izbora i procesuiranja neregularnosti, potpuno je primjerena i, kako je dodao, odgovara trenutnoj politi\u010dkoj krizi i slo\u017eenoj situaciji u kojoj se nalazi Crna Gora.<\/p>\n<p>&#8220;Da li ideja bojkota mo\u017ee da uspije je veliko pitanje i zavisi od puno faktora, ali u svakom slu\u010daju je legitiman na\u010din borbe protiv destruktivnog pona\u0161anja vladaju\u0107e partije i njenih satelita vezano za predsjedni\u010dke izbore&#8221;, rekao je on.<\/p>\n<div><\/div>\n<p><strong>Nema dileme da je Vujanovi\u0107 izgubio izbore<\/strong><\/p>\n<p>Abazovi\u0107, kako je naveo, nema nikakvu dilemu da je Filip Vujanovi\u0107 izgubio izbore i smatra da bi bilo krajnje neprimjereno jo\u0161 jednom podle\u0107i klasi\u010dnoj politi\u010dkoj manipulaciji i da pobjeda pripadne onima koji je nijesu zaslu\u017eili i koja, dodao je, ne odgovara onome \u0161to je zaista volja gra\u0111ana Crne Gore.<\/p>\n<p>&#8220;Tako da treba iskoristiti sva mogu\u0107a sredstva, pa i bojkot i proteste i sve \u0161to je legitimno i praktikovano i u drugim evropskim dr\u017eavama, da bi se jednostavno taj put demokratizacije dru\u0161tva nesmetano nastavio&#8221;, kazao je on.<\/p>\n<p>Abazovi\u0107 smatra da je mogu\u0107e da \u0107e neko pokazati da napu\u0161tanje institucija sistema podrazumijeva opstrukcije evropskog puta i dono\u0161enje bitnih zakona.<\/p>\n<p>&#8220;Tvrdim da posao odgovornog poslanika nije samo u parlamentu. Postoje drugi na\u010dini borbe i, da biste stigli do onog trenutka kad donosite dobre zakone koji se primjenjuju, za razliku od onih koji se donose u Crnoj Gori, morate prije svega da uradite sve da se zadovolji volja gra\u0111ana Crne Gore&#8221;, naveo je Abazovi\u0107.<\/p>\n<p><a href=\"http:\/\/www.vijesti.me\/vijesti\/abazovic-protest-ali-ako-je-nad-partijski-clanak-122797\" target=\"_blank\"><strong>Izvor: Mina<\/strong><\/a><br \/>\n<a href=\"http:\/\/www.vijesti.me\/vijesti\/abazovic-protest-ali-ako-je-nad-partijski-clanak-122797\" target=\"_blank\"><strong>Vijesti online<\/strong><\/a><\/p>\n<\/div>\n","protected":false},"excerpt":{"rendered":"<p>Protest zbog rezultata predsjedni\u010dkih izbora trebalo bi da bude gra\u0111anski, a ne bunt partija, smatra poslanik Pozitivne Crne Gore, Dritan Abazovi\u0107, navode\u0107i da u Crnoj Gori ima dovoljno energije da u tom doga\u0111aju u\u010destvuju svi subjekti. On je agenciji MINA kazao da prihvata ideju protesta, dodaju\u0107i da je za Pozitivnu prihvatljiv samo koncept &#8220;nad-partijskog protesta&#8221;. [&hellip;]<\/p>\n","protected":false},"author":1,"featured_media":0,"comment_status":"open","ping_status":"closed","sticky":false,"template":"","format":"standard","meta":{"spay_email":"","jetpack_publicize_message":"","jetpack_is_tweetstorm":false,"jetpack_publicize_feature_enabled":true},"categories":[6950],"tags":[],"jetpack_publicize_connections":[],"yoast_head":"<!-- This site is optimized with the Yoast SEO plugin v19.1 - https:\/\/yoast.com\/wordpress\/plugins\/seo\/ -->\n<title>Abazovi\u0107 za protest, ali ako je nad-partijski - Lajme nga Ulqini<\/title>\n<meta name=\"description\" content=\"Protest zbog rezultata predsjedni\u010dkih izbora trebalo bi da bude gra\u0111anski, a ne bunt partija, smatra poslanik Pozitivne Crne Gore, Dritan Abazovi\u0107,\" \/>\n<meta name=\"robots\" content=\"index, follow, max-snippet:-1, max-image-preview:large, max-video-preview:-1\" \/>\n<link rel=\"canonical\" href=\"https:\/\/www.visit-ulcinj.com\/blog\/2013\/04\/11\/abazovic-za-protest-ali-ako-je-nad-partijski\/\" \/>\n<meta property=\"og:locale\" content=\"en_US\" \/>\n<meta property=\"og:type\" content=\"article\" \/>\n<meta property=\"og:title\" content=\"Abazovi\u0107 za protest, ali ako je nad-partijski - Lajme nga Ulqini\" \/>\n<meta property=\"og:description\" content=\"Protest zbog rezultata predsjedni\u010dkih izbora trebalo bi da bude gra\u0111anski, a ne bunt partija, smatra poslanik Pozitivne Crne Gore, Dritan Abazovi\u0107,\" \/>\n<meta property=\"og:url\" content=\"https:\/\/www.visit-ulcinj.com\/blog\/2013\/04\/11\/abazovic-za-protest-ali-ako-je-nad-partijski\/\" \/>\n<meta property=\"og:site_name\" content=\"Lajme nga Ulqini\" \/>\n<meta property=\"article:published_time\" content=\"2013-04-11T17:21:05+00:00\" \/>\n<meta property=\"og:image\" content=\"http:\/\/www.visit-ulcinj.com\/blog\/wp-content\/uploads\/2013\/04\/abazovic.jpg\" \/>\n<meta name=\"twitter:label1\" content=\"Written by\" \/>\n\t<meta name=\"twitter:data1\" content=\"ulqini\" \/>\n\t<meta name=\"twitter:label2\" content=\"Est. reading time\" \/>\n\t<meta name=\"twitter:data2\" content=\"3 minutes\" \/>\n<script type=\"application\/ld+json\" class=\"yoast-schema-graph\">{\"@context\":\"https:\/\/schema.org\",\"@graph\":[{\"@type\":\"WebSite\",\"@id\":\"https:\/\/www.visit-ulcinj.com\/blog\/#website\",\"url\":\"https:\/\/www.visit-ulcinj.com\/blog\/\",\"name\":\"Lajme nga Ulqini\",\"description\":\"Lajme,Vijesti,Ulqini,Ulqin,Crna Gora,Mali i Zi\",\"potentialAction\":[{\"@type\":\"SearchAction\",\"target\":{\"@type\":\"EntryPoint\",\"urlTemplate\":\"https:\/\/www.visit-ulcinj.com\/blog\/?s={search_term_string}\"},\"query-input\":\"required name=search_term_string\"}],\"inLanguage\":\"en-US\"},{\"@type\":\"ImageObject\",\"inLanguage\":\"en-US\",\"@id\":\"https:\/\/www.visit-ulcinj.com\/blog\/2013\/04\/11\/abazovic-za-protest-ali-ako-je-nad-partijski\/#primaryimage\",\"url\":\"https:\/\/www.visit-ulcinj.com\/blog\/wp-content\/uploads\/2013\/04\/abazovic.jpg\",\"contentUrl\":\"https:\/\/www.visit-ulcinj.com\/blog\/wp-content\/uploads\/2013\/04\/abazovic.jpg\",\"width\":621,\"height\":358},{\"@type\":\"WebPage\",\"@id\":\"https:\/\/www.visit-ulcinj.com\/blog\/2013\/04\/11\/abazovic-za-protest-ali-ako-je-nad-partijski\/#webpage\",\"url\":\"https:\/\/www.visit-ulcinj.com\/blog\/2013\/04\/11\/abazovic-za-protest-ali-ako-je-nad-partijski\/\",\"name\":\"Abazovi\u0107 za protest, ali ako je nad-partijski - Lajme nga Ulqini\",\"isPartOf\":{\"@id\":\"https:\/\/www.visit-ulcinj.com\/blog\/#website\"},\"primaryImageOfPage\":{\"@id\":\"https:\/\/www.visit-ulcinj.com\/blog\/2013\/04\/11\/abazovic-za-protest-ali-ako-je-nad-partijski\/#primaryimage\"},\"datePublished\":\"2013-04-11T17:21:05+00:00\",\"dateModified\":\"2013-04-11T17:21:05+00:00\",\"author\":{\"@id\":\"https:\/\/www.visit-ulcinj.com\/blog\/#\/schema\/person\/dcab619c614d3038751c63bc2aadc06d\"},\"description\":\"Protest zbog rezultata predsjedni\u010dkih izbora trebalo bi da bude gra\u0111anski, a ne bunt partija, smatra poslanik Pozitivne Crne Gore, Dritan Abazovi\u0107,\",\"breadcrumb\":{\"@id\":\"https:\/\/www.visit-ulcinj.com\/blog\/2013\/04\/11\/abazovic-za-protest-ali-ako-je-nad-partijski\/#breadcrumb\"},\"inLanguage\":\"en-US\",\"potentialAction\":[{\"@type\":\"ReadAction\",\"target\":[\"https:\/\/www.visit-ulcinj.com\/blog\/2013\/04\/11\/abazovic-za-protest-ali-ako-je-nad-partijski\/\"]}]},{\"@type\":\"BreadcrumbList\",\"@id\":\"https:\/\/www.visit-ulcinj.com\/blog\/2013\/04\/11\/abazovic-za-protest-ali-ako-je-nad-partijski\/#breadcrumb\",\"itemListElement\":[{\"@type\":\"ListItem\",\"position\":1,\"name\":\"Abazovi\u0107 za protest, ali ako je nad-partijski\"}]},{\"@type\":\"Person\",\"@id\":\"https:\/\/www.visit-ulcinj.com\/blog\/#\/schema\/person\/dcab619c614d3038751c63bc2aadc06d\",\"name\":\"ulqini\",\"sameAs\":[\"http:\/\/www.visit-ulcinj.com\"],\"url\":\"https:\/\/www.visit-ulcinj.com\/blog\/author\/admin\/\"}]}<\/script>\n<!-- \/ Yoast SEO plugin. -->","yoast_head_json":{"title":"Abazovi\u0107 za protest, ali ako je nad-partijski - Lajme nga Ulqini","description":"Protest zbog rezultata predsjedni\u010dkih izbora trebalo bi da bude gra\u0111anski, a ne bunt partija, smatra poslanik Pozitivne Crne Gore, Dritan Abazovi\u0107,","robots":{"index":"index","follow":"follow","max-snippet":"max-snippet:-1","max-image-preview":"max-image-preview:large","max-video-preview":"max-video-preview:-1"},"canonical":"https:\/\/www.visit-ulcinj.com\/blog\/2013\/04\/11\/abazovic-za-protest-ali-ako-je-nad-partijski\/","og_locale":"en_US","og_type":"article","og_title":"Abazovi\u0107 za protest, ali ako je nad-partijski - Lajme nga Ulqini","og_description":"Protest zbog rezultata predsjedni\u010dkih izbora trebalo bi da bude gra\u0111anski, a ne bunt partija, smatra poslanik Pozitivne Crne Gore, Dritan Abazovi\u0107,","og_url":"https:\/\/www.visit-ulcinj.com\/blog\/2013\/04\/11\/abazovic-za-protest-ali-ako-je-nad-partijski\/","og_site_name":"Lajme nga Ulqini","article_published_time":"2013-04-11T17:21:05+00:00","og_image":[{"url":"http:\/\/www.visit-ulcinj.com\/blog\/wp-content\/uploads\/2013\/04\/abazovic.jpg"}],"twitter_misc":{"Written by":"ulqini","Est. reading time":"3 minutes"},"schema":{"@context":"https:\/\/schema.org","@graph":[{"@type":"WebSite","@id":"https:\/\/www.visit-ulcinj.com\/blog\/#website","url":"https:\/\/www.visit-ulcinj.com\/blog\/","name":"Lajme nga Ulqini","description":"Lajme,Vijesti,Ulqini,Ulqin,Crna Gora,Mali i Zi","potentialAction":[{"@type":"SearchAction","target":{"@type":"EntryPoint","urlTemplate":"https:\/\/www.visit-ulcinj.com\/blog\/?s={search_term_string}"},"query-input":"required name=search_term_string"}],"inLanguage":"en-US"},{"@type":"ImageObject","inLanguage":"en-US","@id":"https:\/\/www.visit-ulcinj.com\/blog\/2013\/04\/11\/abazovic-za-protest-ali-ako-je-nad-partijski\/#primaryimage","url":"https:\/\/www.visit-ulcinj.com\/blog\/wp-content\/uploads\/2013\/04\/abazovic.jpg","contentUrl":"https:\/\/www.visit-ulcinj.com\/blog\/wp-content\/uploads\/2013\/04\/abazovic.jpg","width":621,"height":358},{"@type":"WebPage","@id":"https:\/\/www.visit-ulcinj.com\/blog\/2013\/04\/11\/abazovic-za-protest-ali-ako-je-nad-partijski\/#webpage","url":"https:\/\/www.visit-ulcinj.com\/blog\/2013\/04\/11\/abazovic-za-protest-ali-ako-je-nad-partijski\/","name":"Abazovi\u0107 za protest, ali ako je nad-partijski - Lajme nga Ulqini","isPartOf":{"@id":"https:\/\/www.visit-ulcinj.com\/blog\/#website"},"primaryImageOfPage":{"@id":"https:\/\/www.visit-ulcinj.com\/blog\/2013\/04\/11\/abazovic-za-protest-ali-ako-je-nad-partijski\/#primaryimage"},"datePublished":"2013-04-11T17:21:05+00:00","dateModified":"2013-04-11T17:21:05+00:00","author":{"@id":"https:\/\/www.visit-ulcinj.com\/blog\/#\/schema\/person\/dcab619c614d3038751c63bc2aadc06d"},"description":"Protest zbog rezultata predsjedni\u010dkih izbora trebalo bi da bude gra\u0111anski, a ne bunt partija, smatra poslanik Pozitivne Crne Gore, Dritan Abazovi\u0107,","breadcrumb":{"@id":"https:\/\/www.visit-ulcinj.com\/blog\/2013\/04\/11\/abazovic-za-protest-ali-ako-je-nad-partijski\/#breadcrumb"},"inLanguage":"en-US","potentialAction":[{"@type":"ReadAction","target":["https:\/\/www.visit-ulcinj.com\/blog\/2013\/04\/11\/abazovic-za-protest-ali-ako-je-nad-partijski\/"]}]},{"@type":"BreadcrumbList","@id":"https:\/\/www.visit-ulcinj.com\/blog\/2013\/04\/11\/abazovic-za-protest-ali-ako-je-nad-partijski\/#breadcrumb","itemListElement":[{"@type":"ListItem","position":1,"name":"Abazovi\u0107 za protest, ali ako je nad-partijski"}]},{"@type":"Person","@id":"https:\/\/www.visit-ulcinj.com\/blog\/#\/schema\/person\/dcab619c614d3038751c63bc2aadc06d","name":"ulqini","sameAs":["http:\/\/www.visit-ulcinj.com"],"url":"https:\/\/www.visit-ulcinj.com\/blog\/author\/admin\/"}]}},"jetpack_featured_media_url":"","jetpack_sharing_enabled":true,"jetpack_shortlink":"https:\/\/wp.me\/pe6lTn-ilC","_links":{"self":[{"href":"https:\/\/www.visit-ulcinj.com\/blog\/wp-json\/wp\/v2\/posts\/70532"}],"collection":[{"href":"https:\/\/www.visit-ulcinj.com\/blog\/wp-json\/wp\/v2\/posts"}],"about":[{"href":"https:\/\/www.visit-ulcinj.com\/blog\/wp-json\/wp\/v2\/types\/post"}],"author":[{"embeddable":true,"href":"https:\/\/www.visit-ulcinj.com\/blog\/wp-json\/wp\/v2\/users\/1"}],"replies":[{"embeddable":true,"href":"https:\/\/www.visit-ulcinj.com\/blog\/wp-json\/wp\/v2\/comments?post=70532"}],"version-history":[{"count":1,"href":"https:\/\/www.visit-ulcinj.com\/blog\/wp-json\/wp\/v2\/posts\/70532\/revisions"}],"predecessor-version":[{"id":70534,"href":"https:\/\/www.visit-ulcinj.com\/blog\/wp-json\/wp\/v2\/posts\/70532\/revisions\/70534"}],"wp:attachment":[{"href":"https:\/\/www.visit-ulcinj.com\/blog\/wp-json\/wp\/v2\/media?parent=70532"}],"wp:term":[{"taxonomy":"category","embeddable":true,"href":"https:\/\/www.visit-ulcinj.com\/blog\/wp-json\/wp\/v2\/categories?post=70532"},{"taxonomy":"post_tag","embeddable":true,"href":"https:\/\/www.visit-ulcinj.com\/blog\/wp-json\/wp\/v2\/tags?post=70532"}],"curies":[{"name":"wp","href":"https:\/\/api.w.org\/{rel}","templated":true}]}}