{"id":70536,"date":"2013-04-12T07:27:52","date_gmt":"2013-04-12T06:27:52","guid":{"rendered":"http:\/\/www.visit-ulcinj.com\/blog\/?p=70536"},"modified":"2013-04-12T07:27:52","modified_gmt":"2013-04-12T06:27:52","slug":"ulcinj-samo-pristan-ekskluzivna-zona","status":"publish","type":"post","link":"https:\/\/www.visit-ulcinj.com\/blog\/2013\/04\/12\/ulcinj-samo-pristan-ekskluzivna-zona\/","title":{"rendered":"Ulcinj: Samo Pristan ekskluzivna zona"},"content":{"rendered":"<p>Odbornici u ulcinjskom parlamentu usvojili su\u00a0 odluku o utvr\u0111ivanju naknade za ure\u0111enje, kori\u0161\u0107enje i privremeno kori\u0161\u0107enje zemlji\u0161ta u skladu sa planom privremenih objekata.<\/p>\n<p>Prema toj odluci, zakupnina zemlji\u0161ta utvr\u0111uje se na godinu, prema povr\u0161ini objekta, zoni u kojoj se nalazi i djelatnosti koja \u0107e biti obavljana na njemu.<br \/>\n<a href=\"http:\/\/www.visit-ulcinj.com\/blog\/wp-content\/uploads\/2013\/04\/Pogled-Ulcinja1.jpg\"><img loading=\"lazy\" class=\"alignleft  wp-image-70537\" alt=\"Pogled-Ulcinja\" src=\"http:\/\/www.visit-ulcinj.com\/blog\/wp-content\/uploads\/2013\/04\/Pogled-Ulcinja1.jpg\" width=\"508\" height=\"360\" \/><\/a><br \/>\nOdlukom je precizirano da je vrijednost zakupnine 13 eura po kvadratu, dok su djelatnosti svrstane u tri kategorije &#8211; ugostiteljske i uslu\u017ene djelatnosti sa koeficijentom 1,40, trgovinske djelatnosti sa koeficijentom 1,20 i ostala poslovanja sa koeficijentom 1.<\/p>\n<p>Pristan je zona broj 1 sa koeficijentom pet, Velika pla\u017ea, od mosta na Port Mileni do raskrsnice za \u0160toj, i dvije saobra\u0107ajnice, od kafe bara \u201cPosejdon\u201d do Pristana, zona 2 sa koeficijentom \u010detiri, dok su Bratica i ostala prigradska naselja, ne ra\u010dunaju\u0107i \u0160toj, svrstani u posljednju zonu sa koeficijentom 1.<\/p>\n<p>Primjera radi, iznos zakupnine zemlji\u0161ta od 30 kvadrata za privremene objekte ugostiteljskog karaktera na Pristanu iznosi\u0107e vi\u0161e od 2.300 eura.<\/p>\n<p>Na Bratici za iste gabarite zemlji\u0161ta i po istoj djelatnosti, ta cijena bi\u0107e pet puta manja.<\/p>\n<p>Istovremeno, naknada za postavljanje privremenih objekata uslu\u017ene djelatnosti na op\u0161tinskom zemlji\u0161tu i privatnoj svojini od 30 kvadrata na Pristanu iznosi\u0107e oko 410 eura.<\/p>\n<p>Skup\u0161tina je prethodno usvojila i program rada za ovu godinu, a samo na utvr\u0111ivanju dnevnog reda odbornici su utro\u0161ili vi\u0161e od dva sata.<\/p>\n<p>Na dnevnom redu u nastavku sjednice odbornici \u0107e raspravljati o nekoliko predloga odluka za ustupanje zemlji\u0161ta u cilju kompletiranja urbanisti\u010dkih parcela kao i o nekim va\u017enim informacijama koje su vezane za zonu morskog dobra i potvr\u0111ivanja od op\u0161tine.<\/p>\n<p><a href=\"http:\/\/www.vijesti.me\/vijesti\/ulcinj-samo-pristan-ekskluzivna-zona-clanak-122829\" target=\"_blank\"><strong>Samir Adrovi\u0107<\/strong><\/a><br \/>\n<a href=\"http:\/\/www.vijesti.me\/vijesti\/ulcinj-samo-pristan-ekskluzivna-zona-clanak-122829\" target=\"_blank\"><strong>Vijesti online<\/strong><\/a><\/p>\n","protected":false},"excerpt":{"rendered":"<p>Odbornici u ulcinjskom parlamentu usvojili su\u00a0 odluku o utvr\u0111ivanju naknade za ure\u0111enje, kori\u0161\u0107enje i privremeno kori\u0161\u0107enje zemlji\u0161ta u skladu sa planom privremenih objekata. Prema toj odluci, zakupnina zemlji\u0161ta utvr\u0111uje se na godinu, prema povr\u0161ini objekta, zoni u kojoj se nalazi i djelatnosti koja \u0107e biti obavljana na njemu. Odlukom je precizirano da je vrijednost zakupnine [&hellip;]<\/p>\n","protected":false},"author":1,"featured_media":0,"comment_status":"open","ping_status":"closed","sticky":false,"template":"","format":"standard","meta":{"spay_email":"","jetpack_publicize_message":"","jetpack_is_tweetstorm":false,"jetpack_publicize_feature_enabled":true},"categories":[6950],"tags":[19],"jetpack_publicize_connections":[],"yoast_head":"<!-- This site is optimized with the Yoast SEO plugin v19.1 - https:\/\/yoast.com\/wordpress\/plugins\/seo\/ -->\n<title>Ulcinj: Samo Pristan ekskluzivna zona - Lajme nga Ulqini<\/title>\n<meta name=\"description\" content=\"Odbornici u ulcinjskom parlamentu usvojili su\u00a0 odluku o utvr\u0111ivanju naknade za ure\u0111enje, kori\u0161\u0107enje i privremeno kori\u0161\u0107enje zemlji\u0161ta u skladu sa planom\" \/>\n<meta name=\"robots\" content=\"index, follow, max-snippet:-1, max-image-preview:large, max-video-preview:-1\" \/>\n<link rel=\"canonical\" href=\"https:\/\/www.visit-ulcinj.com\/blog\/2013\/04\/12\/ulcinj-samo-pristan-ekskluzivna-zona\/\" \/>\n<meta property=\"og:locale\" content=\"en_US\" \/>\n<meta property=\"og:type\" content=\"article\" \/>\n<meta property=\"og:title\" content=\"Ulcinj: Samo Pristan ekskluzivna zona - Lajme nga Ulqini\" \/>\n<meta property=\"og:description\" content=\"Odbornici u ulcinjskom parlamentu usvojili su\u00a0 odluku o utvr\u0111ivanju naknade za ure\u0111enje, kori\u0161\u0107enje i privremeno kori\u0161\u0107enje zemlji\u0161ta u skladu sa planom\" \/>\n<meta property=\"og:url\" content=\"https:\/\/www.visit-ulcinj.com\/blog\/2013\/04\/12\/ulcinj-samo-pristan-ekskluzivna-zona\/\" \/>\n<meta property=\"og:site_name\" content=\"Lajme nga Ulqini\" \/>\n<meta property=\"article:published_time\" content=\"2013-04-12T06:27:52+00:00\" \/>\n<meta property=\"og:image\" content=\"http:\/\/www.visit-ulcinj.com\/blog\/wp-content\/uploads\/2013\/04\/Pogled-Ulcinja1.jpg\" \/>\n<meta name=\"twitter:label1\" content=\"Written by\" \/>\n\t<meta name=\"twitter:data1\" content=\"ulqini\" \/>\n\t<meta name=\"twitter:label2\" content=\"Est. reading time\" \/>\n\t<meta name=\"twitter:data2\" content=\"1 minute\" \/>\n<script type=\"application\/ld+json\" class=\"yoast-schema-graph\">{\"@context\":\"https:\/\/schema.org\",\"@graph\":[{\"@type\":\"WebSite\",\"@id\":\"https:\/\/www.visit-ulcinj.com\/blog\/#website\",\"url\":\"https:\/\/www.visit-ulcinj.com\/blog\/\",\"name\":\"Lajme nga Ulqini\",\"description\":\"Lajme,Vijesti,Ulqini,Ulqin,Crna Gora,Mali i Zi\",\"potentialAction\":[{\"@type\":\"SearchAction\",\"target\":{\"@type\":\"EntryPoint\",\"urlTemplate\":\"https:\/\/www.visit-ulcinj.com\/blog\/?s={search_term_string}\"},\"query-input\":\"required name=search_term_string\"}],\"inLanguage\":\"en-US\"},{\"@type\":\"ImageObject\",\"inLanguage\":\"en-US\",\"@id\":\"https:\/\/www.visit-ulcinj.com\/blog\/2013\/04\/12\/ulcinj-samo-pristan-ekskluzivna-zona\/#primaryimage\",\"url\":\"https:\/\/www.visit-ulcinj.com\/blog\/wp-content\/uploads\/2013\/04\/Pogled-Ulcinja1.jpg\",\"contentUrl\":\"https:\/\/www.visit-ulcinj.com\/blog\/wp-content\/uploads\/2013\/04\/Pogled-Ulcinja1.jpg\",\"width\":960,\"height\":530},{\"@type\":\"WebPage\",\"@id\":\"https:\/\/www.visit-ulcinj.com\/blog\/2013\/04\/12\/ulcinj-samo-pristan-ekskluzivna-zona\/#webpage\",\"url\":\"https:\/\/www.visit-ulcinj.com\/blog\/2013\/04\/12\/ulcinj-samo-pristan-ekskluzivna-zona\/\",\"name\":\"Ulcinj: Samo Pristan ekskluzivna zona - Lajme nga Ulqini\",\"isPartOf\":{\"@id\":\"https:\/\/www.visit-ulcinj.com\/blog\/#website\"},\"primaryImageOfPage\":{\"@id\":\"https:\/\/www.visit-ulcinj.com\/blog\/2013\/04\/12\/ulcinj-samo-pristan-ekskluzivna-zona\/#primaryimage\"},\"datePublished\":\"2013-04-12T06:27:52+00:00\",\"dateModified\":\"2013-04-12T06:27:52+00:00\",\"author\":{\"@id\":\"https:\/\/www.visit-ulcinj.com\/blog\/#\/schema\/person\/dcab619c614d3038751c63bc2aadc06d\"},\"description\":\"Odbornici u ulcinjskom parlamentu usvojili su\u00a0 odluku o utvr\u0111ivanju naknade za ure\u0111enje, kori\u0161\u0107enje i privremeno kori\u0161\u0107enje zemlji\u0161ta u skladu sa planom\",\"breadcrumb\":{\"@id\":\"https:\/\/www.visit-ulcinj.com\/blog\/2013\/04\/12\/ulcinj-samo-pristan-ekskluzivna-zona\/#breadcrumb\"},\"inLanguage\":\"en-US\",\"potentialAction\":[{\"@type\":\"ReadAction\",\"target\":[\"https:\/\/www.visit-ulcinj.com\/blog\/2013\/04\/12\/ulcinj-samo-pristan-ekskluzivna-zona\/\"]}]},{\"@type\":\"BreadcrumbList\",\"@id\":\"https:\/\/www.visit-ulcinj.com\/blog\/2013\/04\/12\/ulcinj-samo-pristan-ekskluzivna-zona\/#breadcrumb\",\"itemListElement\":[{\"@type\":\"ListItem\",\"position\":1,\"name\":\"Ulcinj: Samo Pristan ekskluzivna zona\"}]},{\"@type\":\"Person\",\"@id\":\"https:\/\/www.visit-ulcinj.com\/blog\/#\/schema\/person\/dcab619c614d3038751c63bc2aadc06d\",\"name\":\"ulqini\",\"sameAs\":[\"http:\/\/www.visit-ulcinj.com\"],\"url\":\"https:\/\/www.visit-ulcinj.com\/blog\/author\/admin\/\"}]}<\/script>\n<!-- \/ Yoast SEO plugin. -->","yoast_head_json":{"title":"Ulcinj: Samo Pristan ekskluzivna zona - Lajme nga Ulqini","description":"Odbornici u ulcinjskom parlamentu usvojili su\u00a0 odluku o utvr\u0111ivanju naknade za ure\u0111enje, kori\u0161\u0107enje i privremeno kori\u0161\u0107enje zemlji\u0161ta u skladu sa planom","robots":{"index":"index","follow":"follow","max-snippet":"max-snippet:-1","max-image-preview":"max-image-preview:large","max-video-preview":"max-video-preview:-1"},"canonical":"https:\/\/www.visit-ulcinj.com\/blog\/2013\/04\/12\/ulcinj-samo-pristan-ekskluzivna-zona\/","og_locale":"en_US","og_type":"article","og_title":"Ulcinj: Samo Pristan ekskluzivna zona - Lajme nga Ulqini","og_description":"Odbornici u ulcinjskom parlamentu usvojili su\u00a0 odluku o utvr\u0111ivanju naknade za ure\u0111enje, kori\u0161\u0107enje i privremeno kori\u0161\u0107enje zemlji\u0161ta u skladu sa planom","og_url":"https:\/\/www.visit-ulcinj.com\/blog\/2013\/04\/12\/ulcinj-samo-pristan-ekskluzivna-zona\/","og_site_name":"Lajme nga Ulqini","article_published_time":"2013-04-12T06:27:52+00:00","og_image":[{"url":"http:\/\/www.visit-ulcinj.com\/blog\/wp-content\/uploads\/2013\/04\/Pogled-Ulcinja1.jpg"}],"twitter_misc":{"Written by":"ulqini","Est. reading time":"1 minute"},"schema":{"@context":"https:\/\/schema.org","@graph":[{"@type":"WebSite","@id":"https:\/\/www.visit-ulcinj.com\/blog\/#website","url":"https:\/\/www.visit-ulcinj.com\/blog\/","name":"Lajme nga Ulqini","description":"Lajme,Vijesti,Ulqini,Ulqin,Crna Gora,Mali i Zi","potentialAction":[{"@type":"SearchAction","target":{"@type":"EntryPoint","urlTemplate":"https:\/\/www.visit-ulcinj.com\/blog\/?s={search_term_string}"},"query-input":"required name=search_term_string"}],"inLanguage":"en-US"},{"@type":"ImageObject","inLanguage":"en-US","@id":"https:\/\/www.visit-ulcinj.com\/blog\/2013\/04\/12\/ulcinj-samo-pristan-ekskluzivna-zona\/#primaryimage","url":"https:\/\/www.visit-ulcinj.com\/blog\/wp-content\/uploads\/2013\/04\/Pogled-Ulcinja1.jpg","contentUrl":"https:\/\/www.visit-ulcinj.com\/blog\/wp-content\/uploads\/2013\/04\/Pogled-Ulcinja1.jpg","width":960,"height":530},{"@type":"WebPage","@id":"https:\/\/www.visit-ulcinj.com\/blog\/2013\/04\/12\/ulcinj-samo-pristan-ekskluzivna-zona\/#webpage","url":"https:\/\/www.visit-ulcinj.com\/blog\/2013\/04\/12\/ulcinj-samo-pristan-ekskluzivna-zona\/","name":"Ulcinj: Samo Pristan ekskluzivna zona - Lajme nga Ulqini","isPartOf":{"@id":"https:\/\/www.visit-ulcinj.com\/blog\/#website"},"primaryImageOfPage":{"@id":"https:\/\/www.visit-ulcinj.com\/blog\/2013\/04\/12\/ulcinj-samo-pristan-ekskluzivna-zona\/#primaryimage"},"datePublished":"2013-04-12T06:27:52+00:00","dateModified":"2013-04-12T06:27:52+00:00","author":{"@id":"https:\/\/www.visit-ulcinj.com\/blog\/#\/schema\/person\/dcab619c614d3038751c63bc2aadc06d"},"description":"Odbornici u ulcinjskom parlamentu usvojili su\u00a0 odluku o utvr\u0111ivanju naknade za ure\u0111enje, kori\u0161\u0107enje i privremeno kori\u0161\u0107enje zemlji\u0161ta u skladu sa planom","breadcrumb":{"@id":"https:\/\/www.visit-ulcinj.com\/blog\/2013\/04\/12\/ulcinj-samo-pristan-ekskluzivna-zona\/#breadcrumb"},"inLanguage":"en-US","potentialAction":[{"@type":"ReadAction","target":["https:\/\/www.visit-ulcinj.com\/blog\/2013\/04\/12\/ulcinj-samo-pristan-ekskluzivna-zona\/"]}]},{"@type":"BreadcrumbList","@id":"https:\/\/www.visit-ulcinj.com\/blog\/2013\/04\/12\/ulcinj-samo-pristan-ekskluzivna-zona\/#breadcrumb","itemListElement":[{"@type":"ListItem","position":1,"name":"Ulcinj: Samo Pristan ekskluzivna zona"}]},{"@type":"Person","@id":"https:\/\/www.visit-ulcinj.com\/blog\/#\/schema\/person\/dcab619c614d3038751c63bc2aadc06d","name":"ulqini","sameAs":["http:\/\/www.visit-ulcinj.com"],"url":"https:\/\/www.visit-ulcinj.com\/blog\/author\/admin\/"}]}},"jetpack_featured_media_url":"","jetpack_sharing_enabled":true,"jetpack_shortlink":"https:\/\/wp.me\/pe6lTn-ilG","_links":{"self":[{"href":"https:\/\/www.visit-ulcinj.com\/blog\/wp-json\/wp\/v2\/posts\/70536"}],"collection":[{"href":"https:\/\/www.visit-ulcinj.com\/blog\/wp-json\/wp\/v2\/posts"}],"about":[{"href":"https:\/\/www.visit-ulcinj.com\/blog\/wp-json\/wp\/v2\/types\/post"}],"author":[{"embeddable":true,"href":"https:\/\/www.visit-ulcinj.com\/blog\/wp-json\/wp\/v2\/users\/1"}],"replies":[{"embeddable":true,"href":"https:\/\/www.visit-ulcinj.com\/blog\/wp-json\/wp\/v2\/comments?post=70536"}],"version-history":[{"count":1,"href":"https:\/\/www.visit-ulcinj.com\/blog\/wp-json\/wp\/v2\/posts\/70536\/revisions"}],"predecessor-version":[{"id":70538,"href":"https:\/\/www.visit-ulcinj.com\/blog\/wp-json\/wp\/v2\/posts\/70536\/revisions\/70538"}],"wp:attachment":[{"href":"https:\/\/www.visit-ulcinj.com\/blog\/wp-json\/wp\/v2\/media?parent=70536"}],"wp:term":[{"taxonomy":"category","embeddable":true,"href":"https:\/\/www.visit-ulcinj.com\/blog\/wp-json\/wp\/v2\/categories?post=70536"},{"taxonomy":"post_tag","embeddable":true,"href":"https:\/\/www.visit-ulcinj.com\/blog\/wp-json\/wp\/v2\/tags?post=70536"}],"curies":[{"name":"wp","href":"https:\/\/api.w.org\/{rel}","templated":true}]}}