{"id":70539,"date":"2013-04-12T14:20:00","date_gmt":"2013-04-12T13:20:00","guid":{"rendered":"http:\/\/www.visit-ulcinj.com\/blog\/?p=70539"},"modified":"2013-04-12T19:03:35","modified_gmt":"2013-04-12T18:03:35","slug":"karamanaga-asgje-e-re-per-valdanos-foto","status":"publish","type":"post","link":"https:\/\/www.visit-ulcinj.com\/blog\/2013\/04\/12\/karamanaga-asgje-e-re-per-valdanos-foto\/","title":{"rendered":"Karamanaga:  Asgj\u00eb e re p\u00ebr Valdanos + Foto"},"content":{"rendered":"<p><a href=\"http:\/\/www.visit-ulcinj.com\/blog\/wp-content\/uploads\/2013\/04\/Alert-te-shpetojm-Valdanosin.7.jpg\"><img loading=\"lazy\" class=\"alignleft  wp-image-70540\" alt=\"Alert te shpetojm Valdanosin.7\" src=\"http:\/\/www.visit-ulcinj.com\/blog\/wp-content\/uploads\/2013\/04\/Alert-te-shpetojm-Valdanosin.7.jpg\" width=\"508\" height=\"360\" \/><\/a>Edhe n\u00eb tubimin t\u00eb organizuar nga &#8220;Moguli&#8221;l n\u00eb &#8220;Qendr\u00ebn p\u00ebr kultur\u00eb&#8221;, p\u00ebr kthimin e ullisht\u00ebs n\u00eb Valdanos, nuk \u00ebsht\u00eb degjuar \u00ebsgj\u00eb e re, asgj\u00eb \u00e7ka nuk e kemi ditur m\u00eb par\u00eb. Por, nj\u00eb risi duhet t\u00eb p\u00ebrmendet. Pavar\u00ebsisht se \u00e7eshtja e Valdanosit \u00ebsht\u00eb m\u00eb s\u00eb parit, \u00e7eshtje politike, k\u00ebsaj radhe tubimi nuk \u00ebsht\u00eb b\u00ebr\u00eb konfrontim i partive politike n\u00eb pushtetin vendor, si ai m\u00eb par\u00eb, i organizuar n\u00eb sall\u00ebn e &#8220;Madhe t\u00eb Komun\u00ebs&#8221;. Si\u00e7 duket organizator\u00ebt e kan\u00eb kuptuar se nga ato nuk ka shum\u00eb ndihm\u00eb, pavar\u00ebsisht se ato duhet t\u00eb marrin pjes\u00eb. Ndaj mendimin e shumic\u00ebs se \u00e7eshtja e Valdanosit, duhet me u radikalizu. Duhet t\u00eb shkohet dhe t\u00eb hyhet n\u00eb Valdanos, ashtu si\u00e7 e kemi b\u00ebr\u00eb m\u00eb par\u00eb, vitin e kaluar. Zot\u00ebrinnj\u00ebt duhen ta kuptojn\u00eb se Valdanosi, nuk \u00ebsht\u00eb vetum ullishta, Valdanosi \u00ebsht\u00eb shum\u00eb m\u00eb tep\u00ebr. Prandaj ndaj mendimin i z. M. Bardhit nga tubimi i par\u00eb, se n\u00eb Valdanos duhet t\u00eb hyhet m\u00eb fuqi.<br \/>\n<a href=\"http:\/\/www.visit-ulcinj.com\/blog\/wp-content\/uploads\/2013\/04\/Alert-te-shpetojm-Valdanosin.13.jpg\"><img loading=\"lazy\" class=\"alignleft  wp-image-70541\" alt=\"Alert te shpetojm Valdanosin.13\" src=\"http:\/\/www.visit-ulcinj.com\/blog\/wp-content\/uploads\/2013\/04\/Alert-te-shpetojm-Valdanosin.13.jpg\" width=\"508\" height=\"300\" \/><\/a><\/p>\n<p>Qytetar, a po lexuas t\u00eb ri dhe t\u00eb vjet\u00ebr, nese ndokush nga t\u00eb vjet\u00ebrit lexon informata nga fcb. A mund er t\u00eb paramendohet nj\u00eb gj\u00eb e till n\u00eb Budve, a po ndokund tjet\u00ebr n\u00eb Malin e Zi. Nj\u00eb shembul p\u00ebr ato t\u00eb cil\u00ebt kan\u00eb nj\u00eb kujtes\u00eb m\u00eb t\u00eb gjat\u00eb. Edhe n\u00eb koh\u00ebn e asaj Yugoslavis\u00eb s\u00eb madhe, ka pasur diskriminim i pushtetit Qendror ndaj Ulqinit dhe popullat\u00ebs ton\u00eb. T\u00eb gjith\u00eb ne i dim &#8220;floskullat&#8221; e asaj kohe, kush ka punu dhe ku kan\u00eb shkuar t\u00eb hollat. Por nj\u00eb shembull i cili mund t\u00eb krahasohet n\u00eb disa pika me \u00e7eshtjen e Valdanosit \u00ebsht\u00eb edhe kalaja e Budves. Pas termetit t\u00eb vitit 79. Kalaja e Budves \u00ebsht\u00eb restauru dhe rinovu si pas standardeve bot\u00ebror, gjithashtu edhe ajo e Kotorit. Pronar\u00ebve t\u00eb kalas\u00eb t\u00eb Budves \u00ebsht\u00eb marr\u00eb kati i par\u00eb nga ana e shtetit. Pas rinovimit t\u00eb gjitha jan kthyer p\u00ebrs\u00ebri,pavar\u00ebsisht se t\u00eb hollat p\u00ebr rinovim i ka paguar shteti. Prandaj \u00e7eshtja e Valdanosit, \u00ebsht\u00eb pa dyshim \u00e7eshtje politike e cila vite m\u00eb radh\u00eb i bahet qytetit ton\u00eb, duke filluar nga privatizimi i pa par\u00eb n\u00eb bot\u00eb&#8230; Nuk \u00ebsht\u00eb m\u00eb e nevojshme p\u00ebr t\u00eb p\u00ebrmendur, n\u00eb \u00e7far gjendje, gjendet qyteti yn\u00eb. Politika qendrore nga Pushteti i Malit t\u00eb Zi m\u00eb s\u00eb parit m\u00eb nj\u00eb politik diskriminuese, por duhet t\u00eb thuhet haptas se nj\u00eb &#8220;kontribut&#8221; t\u00eb madh\u00eb p\u00ebr k\u00ebt\u00eb ramje, n\u00eb t\u00ebr sferat e jet\u00ebs ka edhe politika &#8220;serve&#8221; e pushtet\u00ebve t\u00eb &#8220;Pushtetit&#8221; lokal, t\u00eb themeluar, pak e shum\u00eb gjithmon\u00eb, nga partit\u00eb politike shqiptare, \u00e7\u00eb nga vitet e 90&#8230;Mjafton, sot t\u00eb hidhet nj\u00eb sy n\u00eb Parlamentin lokal. P\u00ebrve\u00e7 disa deput\u00ebtve t\u00eb cil\u00ebt mund t\u00eb marrin pjes\u00eb n\u00eb nj\u00eb Parlament, ku b\u00ebhet flaj\u00eb p\u00ebr \u00e7eshtje serioze krucijale, t\u00eb cilat duhet m\u00eb ngrit\u00eb nivelin e jetes\u00ebs dhe zhvillimit e qytetit, shumica nga ato nuk e meriton, as me hy n\u00eb Komun\u00eb. .. Kush , dhe si i ka zgjedhur, nuk \u00ebsht\u00eb m\u00eb, m\u00eb r\u00ebnd\u00ebsi, pasi q\u00eb ne jemi d\u00ebshmitar e &#8220;form\u00ebs&#8221; se si zhgjidhen, duke filluar nga &#8220;Ministrat&#8221;, sekretar\u00ebt deri ke deputet\u00ebt&#8230; Prandaj, &#8230;<\/p>\n<p tabindex=\"0\" data-ft=\"{&quot;tn&quot;:&quot;B&quot;,&quot;type&quot;:1}\"><a href=\"https:\/\/www.facebook.com\/ismet.karamanaga\" target=\"_blank\"><strong>Ismet Karamanaga Facebook+Foto dhe Komente <\/strong><\/a><\/p>\n\n\t\t<style type=\"text\/css\">\n\t\t\t#gallery-1 {\n\t\t\t\tmargin: auto;\n\t\t\t}\n\t\t\t#gallery-1 .gallery-item {\n\t\t\t\tfloat: left;\n\t\t\t\tmargin-top: 10px;\n\t\t\t\ttext-align: center;\n\t\t\t\twidth: 33%;\n\t\t\t}\n\t\t\t#gallery-1 img {\n\t\t\t\tborder: 2px solid #cfcfcf;\n\t\t\t}\n\t\t\t#gallery-1 .gallery-caption {\n\t\t\t\tmargin-left: 0;\n\t\t\t}\n\t\t\t\/* see gallery_shortcode() in wp-includes\/media.php *\/\n\t\t<\/style>\n\t\t<div id='gallery-1' class='gallery galleryid-70539 gallery-columns-3 gallery-size-thumbnail'><dl class='gallery-item'>\n\t\t\t<dt class='gallery-icon landscape'>\n\t\t\t\t<a href='https:\/\/www.visit-ulcinj.com\/blog\/2013\/04\/12\/karamanaga-asgje-e-re-per-valdanos-foto\/alert-te-shpetojm-valdanosin\/'><img width=\"150\" height=\"150\" src=\"https:\/\/www.visit-ulcinj.com\/blog\/wp-content\/uploads\/2013\/04\/Alert-te-shpetojm-Valdanosin-150x150.jpg\" class=\"attachment-thumbnail size-thumbnail\" alt=\"\" loading=\"lazy\" \/><\/a>\n\t\t\t<\/dt><\/dl><dl class='gallery-item'>\n\t\t\t<dt class='gallery-icon landscape'>\n\t\t\t\t<a href='https:\/\/www.visit-ulcinj.com\/blog\/2013\/04\/12\/karamanaga-asgje-e-re-per-valdanos-foto\/alert-te-shpetojm-valdanosin-11\/'><img width=\"150\" height=\"150\" src=\"https:\/\/www.visit-ulcinj.com\/blog\/wp-content\/uploads\/2013\/04\/Alert-te-shpetojm-Valdanosin.11-150x150.jpg\" class=\"attachment-thumbnail size-thumbnail\" alt=\"\" loading=\"lazy\" \/><\/a>\n\t\t\t<\/dt><\/dl><dl class='gallery-item'>\n\t\t\t<dt class='gallery-icon landscape'>\n\t\t\t\t<a href='https:\/\/www.visit-ulcinj.com\/blog\/2013\/04\/12\/karamanaga-asgje-e-re-per-valdanos-foto\/alert-te-shpetojm-valdanosin-12\/'><img width=\"150\" height=\"150\" src=\"https:\/\/www.visit-ulcinj.com\/blog\/wp-content\/uploads\/2013\/04\/Alert-te-shpetojm-Valdanosin.12-150x150.jpg\" class=\"attachment-thumbnail size-thumbnail\" alt=\"\" loading=\"lazy\" \/><\/a>\n\t\t\t<\/dt><\/dl><br style=\"clear: both\" \/><dl class='gallery-item'>\n\t\t\t<dt class='gallery-icon landscape'>\n\t\t\t\t<a href='https:\/\/www.visit-ulcinj.com\/blog\/2013\/04\/12\/karamanaga-asgje-e-re-per-valdanos-foto\/alert-te-shpetojm-valdanosin-8\/'><img width=\"150\" height=\"150\" src=\"https:\/\/www.visit-ulcinj.com\/blog\/wp-content\/uploads\/2013\/04\/Alert-te-shpetojm-Valdanosin.8-150x150.jpg\" class=\"attachment-thumbnail size-thumbnail\" alt=\"\" loading=\"lazy\" \/><\/a>\n\t\t\t<\/dt><\/dl><dl class='gallery-item'>\n\t\t\t<dt class='gallery-icon landscape'>\n\t\t\t\t<a href='https:\/\/www.visit-ulcinj.com\/blog\/2013\/04\/12\/karamanaga-asgje-e-re-per-valdanos-foto\/alert-te-shpetojm-valdanosin-9\/'><img width=\"150\" height=\"150\" src=\"https:\/\/www.visit-ulcinj.com\/blog\/wp-content\/uploads\/2013\/04\/Alert-te-shpetojm-Valdanosin.9-150x150.jpg\" class=\"attachment-thumbnail size-thumbnail\" alt=\"\" loading=\"lazy\" \/><\/a>\n\t\t\t<\/dt><\/dl><dl class='gallery-item'>\n\t\t\t<dt class='gallery-icon landscape'>\n\t\t\t\t<a href='https:\/\/www.visit-ulcinj.com\/blog\/2013\/04\/12\/karamanaga-asgje-e-re-per-valdanos-foto\/alert-te-shpetojm-valdanosin-10\/'><img width=\"150\" height=\"150\" src=\"https:\/\/www.visit-ulcinj.com\/blog\/wp-content\/uploads\/2013\/04\/Alert-te-shpetojm-Valdanosin.10-150x150.jpg\" class=\"attachment-thumbnail size-thumbnail\" alt=\"\" loading=\"lazy\" \/><\/a>\n\t\t\t<\/dt><\/dl><br style=\"clear: both\" \/><dl class='gallery-item'>\n\t\t\t<dt class='gallery-icon landscape'>\n\t\t\t\t<a href='https:\/\/www.visit-ulcinj.com\/blog\/2013\/04\/12\/karamanaga-asgje-e-re-per-valdanos-foto\/alert-te-shpetojm-valdanosin-3\/'><img width=\"150\" height=\"150\" src=\"https:\/\/www.visit-ulcinj.com\/blog\/wp-content\/uploads\/2013\/04\/Alert-te-shpetojm-Valdanosin.3-150x150.jpg\" class=\"attachment-thumbnail size-thumbnail\" alt=\"\" loading=\"lazy\" \/><\/a>\n\t\t\t<\/dt><\/dl><dl class='gallery-item'>\n\t\t\t<dt class='gallery-icon landscape'>\n\t\t\t\t<a href='https:\/\/www.visit-ulcinj.com\/blog\/2013\/04\/12\/karamanaga-asgje-e-re-per-valdanos-foto\/alert-te-shpetojm-valdanosin-4\/'><img width=\"150\" height=\"150\" src=\"https:\/\/www.visit-ulcinj.com\/blog\/wp-content\/uploads\/2013\/04\/Alert-te-shpetojm-Valdanosin.4-150x150.jpg\" class=\"attachment-thumbnail size-thumbnail\" alt=\"\" loading=\"lazy\" \/><\/a>\n\t\t\t<\/dt><\/dl><dl class='gallery-item'>\n\t\t\t<dt class='gallery-icon landscape'>\n\t\t\t\t<a href='https:\/\/www.visit-ulcinj.com\/blog\/2013\/04\/12\/karamanaga-asgje-e-re-per-valdanos-foto\/alert-te-shpetojm-valdanosin-5\/'><img width=\"150\" height=\"150\" src=\"https:\/\/www.visit-ulcinj.com\/blog\/wp-content\/uploads\/2013\/04\/Alert-te-shpetojm-Valdanosin.5-150x150.jpg\" class=\"attachment-thumbnail size-thumbnail\" alt=\"\" loading=\"lazy\" \/><\/a>\n\t\t\t<\/dt><\/dl><br style=\"clear: both\" \/><dl class='gallery-item'>\n\t\t\t<dt class='gallery-icon landscape'>\n\t\t\t\t<a href='https:\/\/www.visit-ulcinj.com\/blog\/2013\/04\/12\/karamanaga-asgje-e-re-per-valdanos-foto\/alert-te-shpetojm-valdanosin-6\/'><img width=\"150\" height=\"150\" src=\"https:\/\/www.visit-ulcinj.com\/blog\/wp-content\/uploads\/2013\/04\/Alert-te-shpetojm-Valdanosin.6-150x150.jpg\" class=\"attachment-thumbnail size-thumbnail\" alt=\"\" loading=\"lazy\" \/><\/a>\n\t\t\t<\/dt><\/dl><dl class='gallery-item'>\n\t\t\t<dt class='gallery-icon landscape'>\n\t\t\t\t<a href='https:\/\/www.visit-ulcinj.com\/blog\/2013\/04\/12\/karamanaga-asgje-e-re-per-valdanos-foto\/alert-te-shpetojm-valdanosin-1\/'><img width=\"150\" height=\"150\" src=\"https:\/\/www.visit-ulcinj.com\/blog\/wp-content\/uploads\/2013\/04\/Alert-te-shpetojm-Valdanosin.1-150x150.jpg\" class=\"attachment-thumbnail size-thumbnail\" alt=\"\" loading=\"lazy\" \/><\/a>\n\t\t\t<\/dt><\/dl><dl class='gallery-item'>\n\t\t\t<dt class='gallery-icon landscape'>\n\t\t\t\t<a href='https:\/\/www.visit-ulcinj.com\/blog\/2013\/04\/12\/karamanaga-asgje-e-re-per-valdanos-foto\/alert-te-shpetojm-valdanosin-2\/'><img width=\"150\" height=\"150\" src=\"https:\/\/www.visit-ulcinj.com\/blog\/wp-content\/uploads\/2013\/04\/Alert-te-shpetojm-Valdanosin.2-150x150.jpg\" class=\"attachment-thumbnail size-thumbnail\" alt=\"\" loading=\"lazy\" \/><\/a>\n\t\t\t<\/dt><\/dl><br style=\"clear: both\" \/>\n\t\t<\/div>\n\n","protected":false},"excerpt":{"rendered":"<p>Edhe n\u00eb tubimin t\u00eb organizuar nga &#8220;Moguli&#8221;l n\u00eb &#8220;Qendr\u00ebn p\u00ebr kultur\u00eb&#8221;, p\u00ebr kthimin e ullisht\u00ebs n\u00eb Valdanos, nuk \u00ebsht\u00eb degjuar \u00ebsgj\u00eb e re, asgj\u00eb \u00e7ka nuk e kemi ditur m\u00eb par\u00eb. Por, nj\u00eb risi duhet t\u00eb p\u00ebrmendet. Pavar\u00ebsisht se \u00e7eshtja e Valdanosit \u00ebsht\u00eb m\u00eb s\u00eb parit, \u00e7eshtje politike, k\u00ebsaj radhe tubimi nuk \u00ebsht\u00eb b\u00ebr\u00eb konfrontim [&hellip;]<\/p>\n","protected":false},"author":1,"featured_media":0,"comment_status":"open","ping_status":"closed","sticky":false,"template":"","format":"standard","meta":{"spay_email":"","jetpack_publicize_message":"","jetpack_is_tweetstorm":false,"jetpack_publicize_feature_enabled":true},"categories":[14249],"tags":[200,18,136],"jetpack_publicize_connections":[],"yoast_head":"<!-- This site is optimized with the Yoast SEO plugin v19.1 - https:\/\/yoast.com\/wordpress\/plugins\/seo\/ -->\n<title>Karamanaga: Asgj\u00eb e re p\u00ebr Valdanos + Foto - Lajme nga Ulqini<\/title>\n<meta name=\"description\" content=\"Edhe n\u00eb tubimin t\u00eb organizuar nga &quot;Moguli&quot;l n\u00eb &quot;Qendr\u00ebn p\u00ebr kultur\u00eb&quot;, p\u00ebr kthimin e ullisht\u00ebs n\u00eb Valdanos, nuk \u00ebsht\u00eb degjuar \u00ebsgj\u00eb e re, asgj\u00eb \u00e7ka nuk e\" \/>\n<meta name=\"robots\" content=\"index, follow, max-snippet:-1, max-image-preview:large, max-video-preview:-1\" \/>\n<link rel=\"canonical\" href=\"https:\/\/www.visit-ulcinj.com\/blog\/2013\/04\/12\/karamanaga-asgje-e-re-per-valdanos-foto\/\" \/>\n<meta property=\"og:locale\" content=\"en_US\" \/>\n<meta property=\"og:type\" content=\"article\" \/>\n<meta property=\"og:title\" content=\"Karamanaga: Asgj\u00eb e re p\u00ebr Valdanos + Foto - Lajme nga Ulqini\" \/>\n<meta property=\"og:description\" content=\"Edhe n\u00eb tubimin t\u00eb organizuar nga &quot;Moguli&quot;l n\u00eb &quot;Qendr\u00ebn p\u00ebr kultur\u00eb&quot;, p\u00ebr kthimin e ullisht\u00ebs n\u00eb Valdanos, nuk \u00ebsht\u00eb degjuar \u00ebsgj\u00eb e re, asgj\u00eb \u00e7ka nuk e\" \/>\n<meta property=\"og:url\" content=\"https:\/\/www.visit-ulcinj.com\/blog\/2013\/04\/12\/karamanaga-asgje-e-re-per-valdanos-foto\/\" \/>\n<meta property=\"og:site_name\" content=\"Lajme nga Ulqini\" \/>\n<meta property=\"article:published_time\" content=\"2013-04-12T13:20:00+00:00\" \/>\n<meta property=\"article:modified_time\" content=\"2013-04-12T18:03:35+00:00\" \/>\n<meta property=\"og:image\" content=\"https:\/\/www.visit-ulcinj.com\/blog\/wp-content\/uploads\/2013\/04\/Alert-te-shpetojm-Valdanosin-150x150.jpg\" \/>\n<meta name=\"twitter:label1\" content=\"Written by\" \/>\n\t<meta name=\"twitter:data1\" content=\"ulqini\" \/>\n\t<meta name=\"twitter:label2\" content=\"Est. reading time\" \/>\n\t<meta name=\"twitter:data2\" content=\"3 minutes\" \/>\n<script type=\"application\/ld+json\" class=\"yoast-schema-graph\">{\"@context\":\"https:\/\/schema.org\",\"@graph\":[{\"@type\":\"WebSite\",\"@id\":\"https:\/\/www.visit-ulcinj.com\/blog\/#website\",\"url\":\"https:\/\/www.visit-ulcinj.com\/blog\/\",\"name\":\"Lajme nga Ulqini\",\"description\":\"Lajme,Vijesti,Ulqini,Ulqin,Crna Gora,Mali i Zi\",\"potentialAction\":[{\"@type\":\"SearchAction\",\"target\":{\"@type\":\"EntryPoint\",\"urlTemplate\":\"https:\/\/www.visit-ulcinj.com\/blog\/?s={search_term_string}\"},\"query-input\":\"required name=search_term_string\"}],\"inLanguage\":\"en-US\"},{\"@type\":\"ImageObject\",\"inLanguage\":\"en-US\",\"@id\":\"https:\/\/www.visit-ulcinj.com\/blog\/2013\/04\/12\/karamanaga-asgje-e-re-per-valdanos-foto\/#primaryimage\",\"url\":\"https:\/\/www.visit-ulcinj.com\/blog\/wp-content\/uploads\/2013\/04\/Alert-te-shpetojm-Valdanosin.7.jpg\",\"contentUrl\":\"https:\/\/www.visit-ulcinj.com\/blog\/wp-content\/uploads\/2013\/04\/Alert-te-shpetojm-Valdanosin.7.jpg\",\"width\":960,\"height\":720},{\"@type\":\"WebPage\",\"@id\":\"https:\/\/www.visit-ulcinj.com\/blog\/2013\/04\/12\/karamanaga-asgje-e-re-per-valdanos-foto\/#webpage\",\"url\":\"https:\/\/www.visit-ulcinj.com\/blog\/2013\/04\/12\/karamanaga-asgje-e-re-per-valdanos-foto\/\",\"name\":\"Karamanaga: Asgj\u00eb e re p\u00ebr Valdanos + Foto - Lajme nga Ulqini\",\"isPartOf\":{\"@id\":\"https:\/\/www.visit-ulcinj.com\/blog\/#website\"},\"primaryImageOfPage\":{\"@id\":\"https:\/\/www.visit-ulcinj.com\/blog\/2013\/04\/12\/karamanaga-asgje-e-re-per-valdanos-foto\/#primaryimage\"},\"datePublished\":\"2013-04-12T13:20:00+00:00\",\"dateModified\":\"2013-04-12T18:03:35+00:00\",\"author\":{\"@id\":\"https:\/\/www.visit-ulcinj.com\/blog\/#\/schema\/person\/dcab619c614d3038751c63bc2aadc06d\"},\"description\":\"Edhe n\u00eb tubimin t\u00eb organizuar nga \\\"Moguli\\\"l n\u00eb \\\"Qendr\u00ebn p\u00ebr kultur\u00eb\\\", p\u00ebr kthimin e ullisht\u00ebs n\u00eb Valdanos, nuk \u00ebsht\u00eb degjuar \u00ebsgj\u00eb e re, asgj\u00eb \u00e7ka nuk e\",\"breadcrumb\":{\"@id\":\"https:\/\/www.visit-ulcinj.com\/blog\/2013\/04\/12\/karamanaga-asgje-e-re-per-valdanos-foto\/#breadcrumb\"},\"inLanguage\":\"en-US\",\"potentialAction\":[{\"@type\":\"ReadAction\",\"target\":[\"https:\/\/www.visit-ulcinj.com\/blog\/2013\/04\/12\/karamanaga-asgje-e-re-per-valdanos-foto\/\"]}]},{\"@type\":\"BreadcrumbList\",\"@id\":\"https:\/\/www.visit-ulcinj.com\/blog\/2013\/04\/12\/karamanaga-asgje-e-re-per-valdanos-foto\/#breadcrumb\",\"itemListElement\":[{\"@type\":\"ListItem\",\"position\":1,\"name\":\"Karamanaga: Asgj\u00eb e re p\u00ebr Valdanos + Foto\"}]},{\"@type\":\"Person\",\"@id\":\"https:\/\/www.visit-ulcinj.com\/blog\/#\/schema\/person\/dcab619c614d3038751c63bc2aadc06d\",\"name\":\"ulqini\",\"sameAs\":[\"http:\/\/www.visit-ulcinj.com\"],\"url\":\"https:\/\/www.visit-ulcinj.com\/blog\/author\/admin\/\"}]}<\/script>\n<!-- \/ Yoast SEO plugin. -->","yoast_head_json":{"title":"Karamanaga: Asgj\u00eb e re p\u00ebr Valdanos + Foto - Lajme nga Ulqini","description":"Edhe n\u00eb tubimin t\u00eb organizuar nga \"Moguli\"l n\u00eb \"Qendr\u00ebn p\u00ebr kultur\u00eb\", p\u00ebr kthimin e ullisht\u00ebs n\u00eb Valdanos, nuk \u00ebsht\u00eb degjuar \u00ebsgj\u00eb e re, asgj\u00eb \u00e7ka nuk e","robots":{"index":"index","follow":"follow","max-snippet":"max-snippet:-1","max-image-preview":"max-image-preview:large","max-video-preview":"max-video-preview:-1"},"canonical":"https:\/\/www.visit-ulcinj.com\/blog\/2013\/04\/12\/karamanaga-asgje-e-re-per-valdanos-foto\/","og_locale":"en_US","og_type":"article","og_title":"Karamanaga: Asgj\u00eb e re p\u00ebr Valdanos + Foto - Lajme nga Ulqini","og_description":"Edhe n\u00eb tubimin t\u00eb organizuar nga \"Moguli\"l n\u00eb \"Qendr\u00ebn p\u00ebr kultur\u00eb\", p\u00ebr kthimin e ullisht\u00ebs n\u00eb Valdanos, nuk \u00ebsht\u00eb degjuar \u00ebsgj\u00eb e re, asgj\u00eb \u00e7ka nuk e","og_url":"https:\/\/www.visit-ulcinj.com\/blog\/2013\/04\/12\/karamanaga-asgje-e-re-per-valdanos-foto\/","og_site_name":"Lajme nga Ulqini","article_published_time":"2013-04-12T13:20:00+00:00","article_modified_time":"2013-04-12T18:03:35+00:00","og_image":[{"url":"https:\/\/www.visit-ulcinj.com\/blog\/wp-content\/uploads\/2013\/04\/Alert-te-shpetojm-Valdanosin-150x150.jpg"}],"twitter_misc":{"Written by":"ulqini","Est. reading time":"3 minutes"},"schema":{"@context":"https:\/\/schema.org","@graph":[{"@type":"WebSite","@id":"https:\/\/www.visit-ulcinj.com\/blog\/#website","url":"https:\/\/www.visit-ulcinj.com\/blog\/","name":"Lajme nga Ulqini","description":"Lajme,Vijesti,Ulqini,Ulqin,Crna Gora,Mali i Zi","potentialAction":[{"@type":"SearchAction","target":{"@type":"EntryPoint","urlTemplate":"https:\/\/www.visit-ulcinj.com\/blog\/?s={search_term_string}"},"query-input":"required name=search_term_string"}],"inLanguage":"en-US"},{"@type":"ImageObject","inLanguage":"en-US","@id":"https:\/\/www.visit-ulcinj.com\/blog\/2013\/04\/12\/karamanaga-asgje-e-re-per-valdanos-foto\/#primaryimage","url":"https:\/\/www.visit-ulcinj.com\/blog\/wp-content\/uploads\/2013\/04\/Alert-te-shpetojm-Valdanosin.7.jpg","contentUrl":"https:\/\/www.visit-ulcinj.com\/blog\/wp-content\/uploads\/2013\/04\/Alert-te-shpetojm-Valdanosin.7.jpg","width":960,"height":720},{"@type":"WebPage","@id":"https:\/\/www.visit-ulcinj.com\/blog\/2013\/04\/12\/karamanaga-asgje-e-re-per-valdanos-foto\/#webpage","url":"https:\/\/www.visit-ulcinj.com\/blog\/2013\/04\/12\/karamanaga-asgje-e-re-per-valdanos-foto\/","name":"Karamanaga: Asgj\u00eb e re p\u00ebr Valdanos + Foto - Lajme nga Ulqini","isPartOf":{"@id":"https:\/\/www.visit-ulcinj.com\/blog\/#website"},"primaryImageOfPage":{"@id":"https:\/\/www.visit-ulcinj.com\/blog\/2013\/04\/12\/karamanaga-asgje-e-re-per-valdanos-foto\/#primaryimage"},"datePublished":"2013-04-12T13:20:00+00:00","dateModified":"2013-04-12T18:03:35+00:00","author":{"@id":"https:\/\/www.visit-ulcinj.com\/blog\/#\/schema\/person\/dcab619c614d3038751c63bc2aadc06d"},"description":"Edhe n\u00eb tubimin t\u00eb organizuar nga \"Moguli\"l n\u00eb \"Qendr\u00ebn p\u00ebr kultur\u00eb\", p\u00ebr kthimin e ullisht\u00ebs n\u00eb Valdanos, nuk \u00ebsht\u00eb degjuar \u00ebsgj\u00eb e re, asgj\u00eb \u00e7ka nuk e","breadcrumb":{"@id":"https:\/\/www.visit-ulcinj.com\/blog\/2013\/04\/12\/karamanaga-asgje-e-re-per-valdanos-foto\/#breadcrumb"},"inLanguage":"en-US","potentialAction":[{"@type":"ReadAction","target":["https:\/\/www.visit-ulcinj.com\/blog\/2013\/04\/12\/karamanaga-asgje-e-re-per-valdanos-foto\/"]}]},{"@type":"BreadcrumbList","@id":"https:\/\/www.visit-ulcinj.com\/blog\/2013\/04\/12\/karamanaga-asgje-e-re-per-valdanos-foto\/#breadcrumb","itemListElement":[{"@type":"ListItem","position":1,"name":"Karamanaga: Asgj\u00eb e re p\u00ebr Valdanos + Foto"}]},{"@type":"Person","@id":"https:\/\/www.visit-ulcinj.com\/blog\/#\/schema\/person\/dcab619c614d3038751c63bc2aadc06d","name":"ulqini","sameAs":["http:\/\/www.visit-ulcinj.com"],"url":"https:\/\/www.visit-ulcinj.com\/blog\/author\/admin\/"}]}},"jetpack_featured_media_url":"","jetpack_sharing_enabled":true,"jetpack_shortlink":"https:\/\/wp.me\/pe6lTn-ilJ","_links":{"self":[{"href":"https:\/\/www.visit-ulcinj.com\/blog\/wp-json\/wp\/v2\/posts\/70539"}],"collection":[{"href":"https:\/\/www.visit-ulcinj.com\/blog\/wp-json\/wp\/v2\/posts"}],"about":[{"href":"https:\/\/www.visit-ulcinj.com\/blog\/wp-json\/wp\/v2\/types\/post"}],"author":[{"embeddable":true,"href":"https:\/\/www.visit-ulcinj.com\/blog\/wp-json\/wp\/v2\/users\/1"}],"replies":[{"embeddable":true,"href":"https:\/\/www.visit-ulcinj.com\/blog\/wp-json\/wp\/v2\/comments?post=70539"}],"version-history":[{"count":3,"href":"https:\/\/www.visit-ulcinj.com\/blog\/wp-json\/wp\/v2\/posts\/70539\/revisions"}],"predecessor-version":[{"id":70603,"href":"https:\/\/www.visit-ulcinj.com\/blog\/wp-json\/wp\/v2\/posts\/70539\/revisions\/70603"}],"wp:attachment":[{"href":"https:\/\/www.visit-ulcinj.com\/blog\/wp-json\/wp\/v2\/media?parent=70539"}],"wp:term":[{"taxonomy":"category","embeddable":true,"href":"https:\/\/www.visit-ulcinj.com\/blog\/wp-json\/wp\/v2\/categories?post=70539"},{"taxonomy":"post_tag","embeddable":true,"href":"https:\/\/www.visit-ulcinj.com\/blog\/wp-json\/wp\/v2\/tags?post=70539"}],"curies":[{"name":"wp","href":"https:\/\/api.w.org\/{rel}","templated":true}]}}