{"id":70558,"date":"2013-04-12T14:31:18","date_gmt":"2013-04-12T13:31:18","guid":{"rendered":"http:\/\/www.visit-ulcinj.com\/blog\/?p=70558"},"modified":"2013-04-12T19:02:21","modified_gmt":"2013-04-12T18:02:21","slug":"nvo-mogul-valdanos-da-bude-zasticeno-podrucje","status":"publish","type":"post","link":"https:\/\/www.visit-ulcinj.com\/blog\/2013\/04\/12\/nvo-mogul-valdanos-da-bude-zasticeno-podrucje\/","title":{"rendered":"NVO Mogul: Valdanos da bude za\u0161ti\u0107eno podru\u010dje"},"content":{"rendered":"<p><strong><a href=\"http:\/\/www.visit-ulcinj.com\/blog\/wp-content\/uploads\/2013\/04\/Alert-te-shpetojm-Valdanosin.jpg\"><img loading=\"lazy\" class=\"alignleft  wp-image-70542\" alt=\"Alert te shpetojm Valdanosin\" src=\"http:\/\/www.visit-ulcinj.com\/blog\/wp-content\/uploads\/2013\/04\/Alert-te-shpetojm-Valdanosin.jpg\" width=\"508\" height=\"360\" \/><\/a>ULCINJ \u2013 NVO Mogul organizovao je u \u010detvrtak u sali Centra za kulturu panel-diskusiju na temu \u201eSpasimo Valdanos \u2013 alert\u201c. Okupio se veliki broj predstavnika NVO i gra\u0111ana. Prikazan je sedmominutni film o stanju u maslinadi.<\/strong><\/p>\n<p>Mustafa Canka je, u ime organizacije Mogul, rekao da je u interesu svih da Valdanos postane me\u0111unarodni ekolo\u0161ki centar, da bude uvr\u0161t\u0107en u za\u0161ti\u0107ena podru\u010dja Mediterana i u mre\u017eu \u201eNatura 2000\u201c.<\/p>\n<p>&#8211; S obzirom na zapu\u0161tenost maslinjaka i budu\u0107u viziju, kao i saznanje da je potro\u0161nja maslinovog ulja u stalnom porastu, nu\u017eno je da se taj kompleks \u0161to prije revitalizuje. To jedino mogu obaviti stvarni vlasnici! Oni za to imaju volje, znanja i spremnosti. Svi im moramo pomo\u0107i u nastavljanju vjekovne porodi\u010dne tradicije, a za to je mogu\u0107e obezbijediti znatna sredstva iz posebnih fondova EU i me\u0111unarodnih organizacija i institucija \u2013 rekao je Canka.<\/p>\n<p>Iz Mogula su na skupu poru\u010dili da ne prihvataju bilo kakvu mogu\u0107nost gradnje kompleksa u Valdanosu.<\/p>\n<p><em><strong>A. \u017d.<\/strong><\/em><\/p>\n<p><strong>Izvor: Pobjeda<\/strong><\/p>\n<p>&nbsp;<\/p>\n<p><strong>NVO MO\u00adGUL OR\u00adGA\u00adNI\u00adZO\u00adVAO PA\u00adNEL DI\u00adSKU\u00adSI\u00adJU <\/strong><\/p>\n<p><strong>Bit\u00adka za Val\u00adda\u00adnos<\/strong><\/p>\n<p>Go\u00addi\u00adna\u00adma vo\u00addi\u00admo bit\u00adku za Val\u00adda\u00adnos, re\u00adkao je iz\u00advr\u00ad\u0161ni di\u00adrek\u00adtor NVO Mo\u00adgul D\u017ee\u00admal Pe\u00adro\u00advi\u0107 na pa\u00adnel di\u00adsku\u00adsi\u00adji ko\u00adjoj su pri\u00adsu\u00adstvo\u00adva\u00adli pr\u00adted\u00adstav\u00adni\u00adci Udru\u00ad\u017ee\u00adnja za po\u00advra\u00ad\u0107aj imo\u00advi\u00adne, Mi\u00adni\u00adstar\u00adstva od\u00adbra\u00adne, po\u00adli\u00adti\u010d\u00adkih par\u00adti\u00adja, vjer\u00adskih or\u00adga\u00adni\u00adza\u00adci\u00adja, pred\u00adu\u00adze\u00ad\u0107a i ne\u00advla\u00addi\u00adnih or\u00adga\u00adni\u00adza\u00adci\u00adja. Kon\u00adsta\u00adtu\u00adju\u00ad\u0107i sla\u00adbi\u00adju po\u00adsje\u00ad\u0107e\u00adnost iz\u00adla\u00adga\u00adnja ne\u00adko\u00adli\u00adko ak\u00adte\u00adra, on je po\u00adsum\u00adnjao u op\u00adstruk\u00adci\u00adju jav\u00adne ras\u00adpra\u00adve.<br \/>\n\u2013 Svje\u00adsni smo si\u00adle pod\u00adgo\u00adri\u010d\u00adkih vla\u00adsto\u00addr\u00ad\u017ea\u00adca. To se mo\u00ad\u017ee vi\u00addje\u00adti i u nji\u00adho\u00advom po\u00adku\u00ad\u0161a\u00adju da se uvu\u00adku u na\u00ad\u0161e re\u00addo\u00adve, ali uko\u00adli\u00adko ne u\u010di\u00adni\u00admo sve \u0161to je u na\u00ad\u0161oj mo\u00ad\u0107i ne za\u00adslu\u00ad\u017eu\u00adje\u00admo da \u017ei\u00advi\u00admo na ovom pro\u00adsto\u00adru \u2013 re\u00adkao je Pe\u00adro\u00advi\u0107 i is\u00adta\u00adkao da \u0107e Mo\u00adgul na\u00adsta\u00advi\u00adti da se bo\u00adri, jer je na nji\u00adho\u00advoj stra\u00adni isti\u00adna i prav\u00adda \u201eko\u00adje su po\u00adne\u00adkad spo\u00adre, ali uvi\u00adjek po\u00adbje\u00ad\u0111u\u00adju\u201d.<br \/>\nPre\u00adma ri\u00adje\u00ad\u010di\u00adma advo\u00adka\u00adta Mu\u00adsta\u00adfe \u010ca\u00adpu\u00adni\u00adja, za\u00adhtje\u00advi biv\u00ad\u0161ih vla\u00adsni\u00adka da po\u00advra\u00ad\u0107aj ima\u00adnja su prav\u00adno ute\u00adme\u00adlje\u00adni, jer ima\u00adnja ni\u00adsu pri\u00adve\u00adde\u00adna na\u00admje\u00adni.<br \/>\n\u2013 Po\u00adnu\u00addi\u00adli smo po\u00ad\u0161te\u00adno po\u00adrav\u00adna\u00adnje, u skla\u00addu sa za\u00adko\u00adnom, pre\u00adma ko\u00adjem se ima\u00adnja biv\u00ad\u0161im vla\u00adsni\u00adci\u00adma vra\u00ad\u0107a\u00adju, uz nji\u00adho\u00advu oba\u00adve\u00adzu da dr\u00ad\u017ea\u00advi pla\u00adte re\u00adva\u00adlo\u00adri\u00adzo\u00adva\u00adnu vri\u00adjed\u00adnost \u2013 ka\u00adzao je \u010ca\u00adpu\u00adni, ko\u00adji sma\u00adtra da bi gra\u00addo\u00adna\u00ad\u010del\u00adnik Ul\u00adci\u00adnja Na\u00adzif Cun\u00adgu tre\u00adba\u00adlo da u dnev\u00adni red lo\u00adkjal\u00adnog par\u00adla\u00admen\u00adta uvr\u00adsti ovaj pro\u00adblem.<br \/>\nZa Dar\u00adka Iva\u00adno\u00advi\u00ad\u0107a iz NVO Gra\u00ad\u0111an\u00adski ak\u00adti\u00advi\u00adzam od\u00adbra\u00adna ima\u00adnja za\u00adsni\u00adva se na za\u00adko\u00adnu, a isto mi\u00ad\u0161lje\u00adnje di\u00adje\u00adli i Cun\u00adgu. Op\u00ad\u0161ti\u00adna Ul\u00adcinj je pod\u00adni\u00adje\u00adla 724 pri\u00admjed\u00adbe na pro\u00adstor\u00adno-ur\u00adba\u00adni\u00adsti\u010d\u00adki plan Cr\u00adne Go\u00adre, ve\u00ad\u0107i\u00adnu ve\u00adza\u00adnu za Val\u00adda\u00adnos. Pred\u00adsjed\u00adnik uprav\u00adnog od\u00adbo\u00adra Mo\u00adgu\u00adla Mu\u00adsta\u00adfa Can\u00adka sma\u00adtra da Val\u00adda\u00adnos tre\u00adba da bu\u00adde me\u00ad\u0111u\u00adna\u00adrod\u00adni eko\u00adlo\u00ad\u0161ki cen\u00adtar i oaza bez be\u00adto\u00adna.<br \/>\n\u2013 Za\u00adla\u00ad\u017ee\u00admo se da po\u00adsta\u00adne pod\u00advod\u00adni park pri\u00adro\u00adde i da zbog bi\u00ado\u00adra\u00adzli\u00adko\u00adsti u\u0111e u me\u00ad\u0111u\u00adna\u00adrod\u00adni pro\u00adgram Na\u00adtu\u00adra 2000. Naj\u00adbo\u00adlje \u0107e ima\u00adnje pa\u00adzi\u00adti pra\u00advi vla\u00adsnik i za\u00adto na\u00adred\u00adnu ber\u00adbu ne smi\u00adje\u00admo do\u00ad\u010de\u00adka\u00adti van Val\u00adda\u00adno\u00adsa \u2013 po\u00adru\u00ad\u010dio je Can\u00adka. Va.R.<\/p>\n<p><strong>Izvor: DAN<\/strong><\/p>\n","protected":false},"excerpt":{"rendered":"<p>ULCINJ \u2013 NVO Mogul organizovao je u \u010detvrtak u sali Centra za kulturu panel-diskusiju na temu \u201eSpasimo Valdanos \u2013 alert\u201c. Okupio se veliki broj predstavnika NVO i gra\u0111ana. Prikazan je sedmominutni film o stanju u maslinadi. Mustafa Canka je, u ime organizacije Mogul, rekao da je u interesu svih da Valdanos postane me\u0111unarodni ekolo\u0161ki centar, [&hellip;]<\/p>\n","protected":false},"author":1,"featured_media":0,"comment_status":"open","ping_status":"closed","sticky":false,"template":"","format":"standard","meta":{"spay_email":"","jetpack_publicize_message":"","jetpack_is_tweetstorm":false,"jetpack_publicize_feature_enabled":true},"categories":[6950],"tags":[19,136],"jetpack_publicize_connections":[],"yoast_head":"<!-- This site is optimized with the Yoast SEO plugin v19.1 - https:\/\/yoast.com\/wordpress\/plugins\/seo\/ -->\n<title>NVO Mogul: Valdanos da bude za\u0161ti\u0107eno podru\u010dje - Lajme nga Ulqini<\/title>\n<meta name=\"description\" content=\"ULCINJ \u2013 NVO Mogul organizovao je u \u010detvrtak u sali Centra za kulturu panel-diskusiju na temu \u201eSpasimo Valdanos \u2013 alert\u201c. Okupio se veliki broj\" \/>\n<meta name=\"robots\" content=\"index, follow, max-snippet:-1, max-image-preview:large, max-video-preview:-1\" \/>\n<link rel=\"canonical\" href=\"https:\/\/www.visit-ulcinj.com\/blog\/2013\/04\/12\/nvo-mogul-valdanos-da-bude-zasticeno-podrucje\/\" \/>\n<meta property=\"og:locale\" content=\"en_US\" \/>\n<meta property=\"og:type\" content=\"article\" \/>\n<meta property=\"og:title\" content=\"NVO Mogul: Valdanos da bude za\u0161ti\u0107eno podru\u010dje - Lajme nga Ulqini\" \/>\n<meta property=\"og:description\" content=\"ULCINJ \u2013 NVO Mogul organizovao je u \u010detvrtak u sali Centra za kulturu panel-diskusiju na temu \u201eSpasimo Valdanos \u2013 alert\u201c. Okupio se veliki broj\" \/>\n<meta property=\"og:url\" content=\"https:\/\/www.visit-ulcinj.com\/blog\/2013\/04\/12\/nvo-mogul-valdanos-da-bude-zasticeno-podrucje\/\" \/>\n<meta property=\"og:site_name\" content=\"Lajme nga Ulqini\" \/>\n<meta property=\"article:published_time\" content=\"2013-04-12T13:31:18+00:00\" \/>\n<meta property=\"article:modified_time\" content=\"2013-04-12T18:02:21+00:00\" \/>\n<meta property=\"og:image\" content=\"http:\/\/www.visit-ulcinj.com\/blog\/wp-content\/uploads\/2013\/04\/Alert-te-shpetojm-Valdanosin.jpg\" \/>\n<meta name=\"twitter:label1\" content=\"Written by\" \/>\n\t<meta name=\"twitter:data1\" content=\"ulqini\" \/>\n\t<meta name=\"twitter:label2\" content=\"Est. reading time\" \/>\n\t<meta name=\"twitter:data2\" content=\"4 minutes\" \/>\n<script type=\"application\/ld+json\" class=\"yoast-schema-graph\">{\"@context\":\"https:\/\/schema.org\",\"@graph\":[{\"@type\":\"WebSite\",\"@id\":\"https:\/\/www.visit-ulcinj.com\/blog\/#website\",\"url\":\"https:\/\/www.visit-ulcinj.com\/blog\/\",\"name\":\"Lajme nga Ulqini\",\"description\":\"Lajme,Vijesti,Ulqini,Ulqin,Crna Gora,Mali i Zi\",\"potentialAction\":[{\"@type\":\"SearchAction\",\"target\":{\"@type\":\"EntryPoint\",\"urlTemplate\":\"https:\/\/www.visit-ulcinj.com\/blog\/?s={search_term_string}\"},\"query-input\":\"required name=search_term_string\"}],\"inLanguage\":\"en-US\"},{\"@type\":\"ImageObject\",\"inLanguage\":\"en-US\",\"@id\":\"https:\/\/www.visit-ulcinj.com\/blog\/2013\/04\/12\/nvo-mogul-valdanos-da-bude-zasticeno-podrucje\/#primaryimage\",\"url\":\"https:\/\/www.visit-ulcinj.com\/blog\/wp-content\/uploads\/2013\/04\/Alert-te-shpetojm-Valdanosin.jpg\",\"contentUrl\":\"https:\/\/www.visit-ulcinj.com\/blog\/wp-content\/uploads\/2013\/04\/Alert-te-shpetojm-Valdanosin.jpg\",\"width\":640,\"height\":480},{\"@type\":\"WebPage\",\"@id\":\"https:\/\/www.visit-ulcinj.com\/blog\/2013\/04\/12\/nvo-mogul-valdanos-da-bude-zasticeno-podrucje\/#webpage\",\"url\":\"https:\/\/www.visit-ulcinj.com\/blog\/2013\/04\/12\/nvo-mogul-valdanos-da-bude-zasticeno-podrucje\/\",\"name\":\"NVO Mogul: Valdanos da bude za\u0161ti\u0107eno podru\u010dje - Lajme nga Ulqini\",\"isPartOf\":{\"@id\":\"https:\/\/www.visit-ulcinj.com\/blog\/#website\"},\"primaryImageOfPage\":{\"@id\":\"https:\/\/www.visit-ulcinj.com\/blog\/2013\/04\/12\/nvo-mogul-valdanos-da-bude-zasticeno-podrucje\/#primaryimage\"},\"datePublished\":\"2013-04-12T13:31:18+00:00\",\"dateModified\":\"2013-04-12T18:02:21+00:00\",\"author\":{\"@id\":\"https:\/\/www.visit-ulcinj.com\/blog\/#\/schema\/person\/dcab619c614d3038751c63bc2aadc06d\"},\"description\":\"ULCINJ \u2013 NVO Mogul organizovao je u \u010detvrtak u sali Centra za kulturu panel-diskusiju na temu \u201eSpasimo Valdanos \u2013 alert\u201c. Okupio se veliki broj\",\"breadcrumb\":{\"@id\":\"https:\/\/www.visit-ulcinj.com\/blog\/2013\/04\/12\/nvo-mogul-valdanos-da-bude-zasticeno-podrucje\/#breadcrumb\"},\"inLanguage\":\"en-US\",\"potentialAction\":[{\"@type\":\"ReadAction\",\"target\":[\"https:\/\/www.visit-ulcinj.com\/blog\/2013\/04\/12\/nvo-mogul-valdanos-da-bude-zasticeno-podrucje\/\"]}]},{\"@type\":\"BreadcrumbList\",\"@id\":\"https:\/\/www.visit-ulcinj.com\/blog\/2013\/04\/12\/nvo-mogul-valdanos-da-bude-zasticeno-podrucje\/#breadcrumb\",\"itemListElement\":[{\"@type\":\"ListItem\",\"position\":1,\"name\":\"NVO Mogul: Valdanos da bude za\u0161ti\u0107eno podru\u010dje\"}]},{\"@type\":\"Person\",\"@id\":\"https:\/\/www.visit-ulcinj.com\/blog\/#\/schema\/person\/dcab619c614d3038751c63bc2aadc06d\",\"name\":\"ulqini\",\"sameAs\":[\"http:\/\/www.visit-ulcinj.com\"],\"url\":\"https:\/\/www.visit-ulcinj.com\/blog\/author\/admin\/\"}]}<\/script>\n<!-- \/ Yoast SEO plugin. -->","yoast_head_json":{"title":"NVO Mogul: Valdanos da bude za\u0161ti\u0107eno podru\u010dje - Lajme nga Ulqini","description":"ULCINJ \u2013 NVO Mogul organizovao je u \u010detvrtak u sali Centra za kulturu panel-diskusiju na temu \u201eSpasimo Valdanos \u2013 alert\u201c. Okupio se veliki broj","robots":{"index":"index","follow":"follow","max-snippet":"max-snippet:-1","max-image-preview":"max-image-preview:large","max-video-preview":"max-video-preview:-1"},"canonical":"https:\/\/www.visit-ulcinj.com\/blog\/2013\/04\/12\/nvo-mogul-valdanos-da-bude-zasticeno-podrucje\/","og_locale":"en_US","og_type":"article","og_title":"NVO Mogul: Valdanos da bude za\u0161ti\u0107eno podru\u010dje - Lajme nga Ulqini","og_description":"ULCINJ \u2013 NVO Mogul organizovao je u \u010detvrtak u sali Centra za kulturu panel-diskusiju na temu \u201eSpasimo Valdanos \u2013 alert\u201c. Okupio se veliki broj","og_url":"https:\/\/www.visit-ulcinj.com\/blog\/2013\/04\/12\/nvo-mogul-valdanos-da-bude-zasticeno-podrucje\/","og_site_name":"Lajme nga Ulqini","article_published_time":"2013-04-12T13:31:18+00:00","article_modified_time":"2013-04-12T18:02:21+00:00","og_image":[{"url":"http:\/\/www.visit-ulcinj.com\/blog\/wp-content\/uploads\/2013\/04\/Alert-te-shpetojm-Valdanosin.jpg"}],"twitter_misc":{"Written by":"ulqini","Est. reading time":"4 minutes"},"schema":{"@context":"https:\/\/schema.org","@graph":[{"@type":"WebSite","@id":"https:\/\/www.visit-ulcinj.com\/blog\/#website","url":"https:\/\/www.visit-ulcinj.com\/blog\/","name":"Lajme nga Ulqini","description":"Lajme,Vijesti,Ulqini,Ulqin,Crna Gora,Mali i Zi","potentialAction":[{"@type":"SearchAction","target":{"@type":"EntryPoint","urlTemplate":"https:\/\/www.visit-ulcinj.com\/blog\/?s={search_term_string}"},"query-input":"required name=search_term_string"}],"inLanguage":"en-US"},{"@type":"ImageObject","inLanguage":"en-US","@id":"https:\/\/www.visit-ulcinj.com\/blog\/2013\/04\/12\/nvo-mogul-valdanos-da-bude-zasticeno-podrucje\/#primaryimage","url":"https:\/\/www.visit-ulcinj.com\/blog\/wp-content\/uploads\/2013\/04\/Alert-te-shpetojm-Valdanosin.jpg","contentUrl":"https:\/\/www.visit-ulcinj.com\/blog\/wp-content\/uploads\/2013\/04\/Alert-te-shpetojm-Valdanosin.jpg","width":640,"height":480},{"@type":"WebPage","@id":"https:\/\/www.visit-ulcinj.com\/blog\/2013\/04\/12\/nvo-mogul-valdanos-da-bude-zasticeno-podrucje\/#webpage","url":"https:\/\/www.visit-ulcinj.com\/blog\/2013\/04\/12\/nvo-mogul-valdanos-da-bude-zasticeno-podrucje\/","name":"NVO Mogul: Valdanos da bude za\u0161ti\u0107eno podru\u010dje - Lajme nga Ulqini","isPartOf":{"@id":"https:\/\/www.visit-ulcinj.com\/blog\/#website"},"primaryImageOfPage":{"@id":"https:\/\/www.visit-ulcinj.com\/blog\/2013\/04\/12\/nvo-mogul-valdanos-da-bude-zasticeno-podrucje\/#primaryimage"},"datePublished":"2013-04-12T13:31:18+00:00","dateModified":"2013-04-12T18:02:21+00:00","author":{"@id":"https:\/\/www.visit-ulcinj.com\/blog\/#\/schema\/person\/dcab619c614d3038751c63bc2aadc06d"},"description":"ULCINJ \u2013 NVO Mogul organizovao je u \u010detvrtak u sali Centra za kulturu panel-diskusiju na temu \u201eSpasimo Valdanos \u2013 alert\u201c. Okupio se veliki broj","breadcrumb":{"@id":"https:\/\/www.visit-ulcinj.com\/blog\/2013\/04\/12\/nvo-mogul-valdanos-da-bude-zasticeno-podrucje\/#breadcrumb"},"inLanguage":"en-US","potentialAction":[{"@type":"ReadAction","target":["https:\/\/www.visit-ulcinj.com\/blog\/2013\/04\/12\/nvo-mogul-valdanos-da-bude-zasticeno-podrucje\/"]}]},{"@type":"BreadcrumbList","@id":"https:\/\/www.visit-ulcinj.com\/blog\/2013\/04\/12\/nvo-mogul-valdanos-da-bude-zasticeno-podrucje\/#breadcrumb","itemListElement":[{"@type":"ListItem","position":1,"name":"NVO Mogul: Valdanos da bude za\u0161ti\u0107eno podru\u010dje"}]},{"@type":"Person","@id":"https:\/\/www.visit-ulcinj.com\/blog\/#\/schema\/person\/dcab619c614d3038751c63bc2aadc06d","name":"ulqini","sameAs":["http:\/\/www.visit-ulcinj.com"],"url":"https:\/\/www.visit-ulcinj.com\/blog\/author\/admin\/"}]}},"jetpack_featured_media_url":"","jetpack_sharing_enabled":true,"jetpack_shortlink":"https:\/\/wp.me\/pe6lTn-im2","_links":{"self":[{"href":"https:\/\/www.visit-ulcinj.com\/blog\/wp-json\/wp\/v2\/posts\/70558"}],"collection":[{"href":"https:\/\/www.visit-ulcinj.com\/blog\/wp-json\/wp\/v2\/posts"}],"about":[{"href":"https:\/\/www.visit-ulcinj.com\/blog\/wp-json\/wp\/v2\/types\/post"}],"author":[{"embeddable":true,"href":"https:\/\/www.visit-ulcinj.com\/blog\/wp-json\/wp\/v2\/users\/1"}],"replies":[{"embeddable":true,"href":"https:\/\/www.visit-ulcinj.com\/blog\/wp-json\/wp\/v2\/comments?post=70558"}],"version-history":[{"count":3,"href":"https:\/\/www.visit-ulcinj.com\/blog\/wp-json\/wp\/v2\/posts\/70558\/revisions"}],"predecessor-version":[{"id":70560,"href":"https:\/\/www.visit-ulcinj.com\/blog\/wp-json\/wp\/v2\/posts\/70558\/revisions\/70560"}],"wp:attachment":[{"href":"https:\/\/www.visit-ulcinj.com\/blog\/wp-json\/wp\/v2\/media?parent=70558"}],"wp:term":[{"taxonomy":"category","embeddable":true,"href":"https:\/\/www.visit-ulcinj.com\/blog\/wp-json\/wp\/v2\/categories?post=70558"},{"taxonomy":"post_tag","embeddable":true,"href":"https:\/\/www.visit-ulcinj.com\/blog\/wp-json\/wp\/v2\/tags?post=70558"}],"curies":[{"name":"wp","href":"https:\/\/api.w.org\/{rel}","templated":true}]}}