{"id":70575,"date":"2013-04-12T18:29:03","date_gmt":"2013-04-12T17:29:03","guid":{"rendered":"http:\/\/www.visit-ulcinj.com\/blog\/?p=70575"},"modified":"2013-04-12T18:29:17","modified_gmt":"2013-04-12T17:29:17","slug":"obiljezen-dan-opstine-ulcinj-2","status":"publish","type":"post","link":"https:\/\/www.visit-ulcinj.com\/blog\/2013\/04\/12\/obiljezen-dan-opstine-ulcinj-2\/","title":{"rendered":"Obilje\u017een dan Op\u0161tine Ulcinj"},"content":{"rendered":"<p><a href=\"http:\/\/www.visit-ulcinj.com\/blog\/wp-content\/uploads\/2013\/04\/dan-Ulcinja.jpg\"><img loading=\"lazy\" class=\"alignleft  wp-image-70576\" alt=\"dan Ulcinja\" src=\"http:\/\/www.visit-ulcinj.com\/blog\/wp-content\/uploads\/2013\/04\/dan-Ulcinja.jpg\" width=\"508\" height=\"360\" \/><\/a>Povodom dana Op\u0161tine Ulcinj koji ujedno i predstavlja po\u010detak ljetnje turisti\u010dke sezone odr\u017eana je sve\u010dana sjednica lokalnog parlamenta i niz drugih aktivnosti. Nakon sve\u010dane skup\u0161tine na kojoj su prisustvovali ministarka nauke Sanja Vlahovi\u0107, ministarka bez portfelja Marija Vu\u010dinovi\u0107, potpredsjednik parlamenta CG Suljo Mustafi\u0107, ambasadori Turske, Austrije, BiH kao i mnoge druge li\u010dnosti iz politi\u010dke scene, uslijedio je zabavni dio programa na kome su nastupili pijanista Merita Subasic, violinistkinja Dina Kukalj, \u0110ulije Pelingu uz pratnju pijanistkinje Jelene Knezevic, trio iz Skadra i plesna grupa Porta di Danza.<\/p>\n<p>Dan Opstine Ulcinj je obilje\u017een i otvaranjem sajma doma\u0107ih radinosti na pristan gdje su gra\u0111ani imali mogu\u0107nost da izla\u017eu svoje prozivode. Treba se zahvaliti svima koji su omogu\u0107ili da se ovaj sajam organizuje na veoma visokom nivou, i koji su omogu\u0107ili turistima i svima onima koji su bili prisutni da okuse masline, med, ulcinjsku kuhinju, tako\u0111e da u\u017eivaju u narodnim no\u0161njama i drugim stvarima koje \u017eene i razna udru\u017eenja su izlagale na ovom sajmu. Kulminacija svih ovih aktivnosti je postignuta u subotu ve\u010de gala koncertom gdje su ulcinjski pjeva\u010di odr\u017eali spektakularan nastup i svima pru\u017eili nezaboravnu no\u0107. Na ovom koncertu koji je organizovan u saradnji sa Turisti\u010dkom Organizacijom i Opstinom Ulcinj u\u010destvovali su Armend Mila, Ardian Lul\u0111uraj, Cano Lazoja, Meto Kolari, Luka \u0110akonovic, Dritan Maraj, Rok trio Band, Dj Kadro I Dj Millok i mnogi drugi.<\/p>\n<p>&nbsp;<\/p>\n<p>&nbsp;<\/p>\n<p>Stru\u010dna slu\u017eba Turisti\u010dke Organizacije<\/p>\n","protected":false},"excerpt":{"rendered":"<p>Povodom dana Op\u0161tine Ulcinj koji ujedno i predstavlja po\u010detak ljetnje turisti\u010dke sezone odr\u017eana je sve\u010dana sjednica lokalnog parlamenta i niz drugih aktivnosti. Nakon sve\u010dane skup\u0161tine na kojoj su prisustvovali ministarka nauke Sanja Vlahovi\u0107, ministarka bez portfelja Marija Vu\u010dinovi\u0107, potpredsjednik parlamenta CG Suljo Mustafi\u0107, ambasadori Turske, Austrije, BiH kao i mnoge druge li\u010dnosti iz politi\u010dke scene, [&hellip;]<\/p>\n","protected":false},"author":1,"featured_media":0,"comment_status":"open","ping_status":"closed","sticky":false,"template":"","format":"standard","meta":{"spay_email":"","jetpack_publicize_message":"","jetpack_is_tweetstorm":false,"jetpack_publicize_feature_enabled":true},"categories":[8],"tags":[19],"jetpack_publicize_connections":[],"yoast_head":"<!-- This site is optimized with the Yoast SEO plugin v19.1 - https:\/\/yoast.com\/wordpress\/plugins\/seo\/ -->\n<title>Obilje\u017een dan Op\u0161tine Ulcinj - Lajme nga Ulqini<\/title>\n<meta name=\"description\" content=\"Povodom dana Op\u0161tine Ulcinj koji ujedno i predstavlja po\u010detak ljetnje turisti\u010dke sezone odr\u017eana je sve\u010dana sjednica lokalnog parlamenta i niz drugih\" \/>\n<meta name=\"robots\" content=\"index, follow, max-snippet:-1, max-image-preview:large, max-video-preview:-1\" \/>\n<link rel=\"canonical\" href=\"https:\/\/www.visit-ulcinj.com\/blog\/2013\/04\/12\/obiljezen-dan-opstine-ulcinj-2\/\" \/>\n<meta property=\"og:locale\" content=\"en_US\" \/>\n<meta property=\"og:type\" content=\"article\" \/>\n<meta property=\"og:title\" content=\"Obilje\u017een dan Op\u0161tine Ulcinj - Lajme nga Ulqini\" \/>\n<meta property=\"og:description\" content=\"Povodom dana Op\u0161tine Ulcinj koji ujedno i predstavlja po\u010detak ljetnje turisti\u010dke sezone odr\u017eana je sve\u010dana sjednica lokalnog parlamenta i niz drugih\" \/>\n<meta property=\"og:url\" content=\"https:\/\/www.visit-ulcinj.com\/blog\/2013\/04\/12\/obiljezen-dan-opstine-ulcinj-2\/\" \/>\n<meta property=\"og:site_name\" content=\"Lajme nga Ulqini\" \/>\n<meta property=\"article:published_time\" content=\"2013-04-12T17:29:03+00:00\" \/>\n<meta property=\"article:modified_time\" content=\"2013-04-12T17:29:17+00:00\" \/>\n<meta property=\"og:image\" content=\"http:\/\/www.visit-ulcinj.com\/blog\/wp-content\/uploads\/2013\/04\/dan-Ulcinja.jpg\" \/>\n<meta name=\"twitter:label1\" content=\"Written by\" \/>\n\t<meta name=\"twitter:data1\" content=\"ulqini\" \/>\n\t<meta name=\"twitter:label2\" content=\"Est. reading time\" \/>\n\t<meta name=\"twitter:data2\" content=\"1 minute\" \/>\n<script type=\"application\/ld+json\" class=\"yoast-schema-graph\">{\"@context\":\"https:\/\/schema.org\",\"@graph\":[{\"@type\":\"WebSite\",\"@id\":\"https:\/\/www.visit-ulcinj.com\/blog\/#website\",\"url\":\"https:\/\/www.visit-ulcinj.com\/blog\/\",\"name\":\"Lajme nga Ulqini\",\"description\":\"Lajme,Vijesti,Ulqini,Ulqin,Crna Gora,Mali i Zi\",\"potentialAction\":[{\"@type\":\"SearchAction\",\"target\":{\"@type\":\"EntryPoint\",\"urlTemplate\":\"https:\/\/www.visit-ulcinj.com\/blog\/?s={search_term_string}\"},\"query-input\":\"required name=search_term_string\"}],\"inLanguage\":\"en-US\"},{\"@type\":\"ImageObject\",\"inLanguage\":\"en-US\",\"@id\":\"https:\/\/www.visit-ulcinj.com\/blog\/2013\/04\/12\/obiljezen-dan-opstine-ulcinj-2\/#primaryimage\",\"url\":\"http:\/\/www.visit-ulcinj.com\/blog\/wp-content\/uploads\/2013\/04\/dan-Ulcinja.jpg\",\"contentUrl\":\"http:\/\/www.visit-ulcinj.com\/blog\/wp-content\/uploads\/2013\/04\/dan-Ulcinja.jpg\"},{\"@type\":\"WebPage\",\"@id\":\"https:\/\/www.visit-ulcinj.com\/blog\/2013\/04\/12\/obiljezen-dan-opstine-ulcinj-2\/#webpage\",\"url\":\"https:\/\/www.visit-ulcinj.com\/blog\/2013\/04\/12\/obiljezen-dan-opstine-ulcinj-2\/\",\"name\":\"Obilje\u017een dan Op\u0161tine Ulcinj - Lajme nga Ulqini\",\"isPartOf\":{\"@id\":\"https:\/\/www.visit-ulcinj.com\/blog\/#website\"},\"primaryImageOfPage\":{\"@id\":\"https:\/\/www.visit-ulcinj.com\/blog\/2013\/04\/12\/obiljezen-dan-opstine-ulcinj-2\/#primaryimage\"},\"datePublished\":\"2013-04-12T17:29:03+00:00\",\"dateModified\":\"2013-04-12T17:29:17+00:00\",\"author\":{\"@id\":\"https:\/\/www.visit-ulcinj.com\/blog\/#\/schema\/person\/dcab619c614d3038751c63bc2aadc06d\"},\"description\":\"Povodom dana Op\u0161tine Ulcinj koji ujedno i predstavlja po\u010detak ljetnje turisti\u010dke sezone odr\u017eana je sve\u010dana sjednica lokalnog parlamenta i niz drugih\",\"breadcrumb\":{\"@id\":\"https:\/\/www.visit-ulcinj.com\/blog\/2013\/04\/12\/obiljezen-dan-opstine-ulcinj-2\/#breadcrumb\"},\"inLanguage\":\"en-US\",\"potentialAction\":[{\"@type\":\"ReadAction\",\"target\":[\"https:\/\/www.visit-ulcinj.com\/blog\/2013\/04\/12\/obiljezen-dan-opstine-ulcinj-2\/\"]}]},{\"@type\":\"BreadcrumbList\",\"@id\":\"https:\/\/www.visit-ulcinj.com\/blog\/2013\/04\/12\/obiljezen-dan-opstine-ulcinj-2\/#breadcrumb\",\"itemListElement\":[{\"@type\":\"ListItem\",\"position\":1,\"name\":\"Obilje\u017een dan Op\u0161tine Ulcinj\"}]},{\"@type\":\"Person\",\"@id\":\"https:\/\/www.visit-ulcinj.com\/blog\/#\/schema\/person\/dcab619c614d3038751c63bc2aadc06d\",\"name\":\"ulqini\",\"sameAs\":[\"http:\/\/www.visit-ulcinj.com\"],\"url\":\"https:\/\/www.visit-ulcinj.com\/blog\/author\/admin\/\"}]}<\/script>\n<!-- \/ Yoast SEO plugin. -->","yoast_head_json":{"title":"Obilje\u017een dan Op\u0161tine Ulcinj - Lajme nga Ulqini","description":"Povodom dana Op\u0161tine Ulcinj koji ujedno i predstavlja po\u010detak ljetnje turisti\u010dke sezone odr\u017eana je sve\u010dana sjednica lokalnog parlamenta i niz drugih","robots":{"index":"index","follow":"follow","max-snippet":"max-snippet:-1","max-image-preview":"max-image-preview:large","max-video-preview":"max-video-preview:-1"},"canonical":"https:\/\/www.visit-ulcinj.com\/blog\/2013\/04\/12\/obiljezen-dan-opstine-ulcinj-2\/","og_locale":"en_US","og_type":"article","og_title":"Obilje\u017een dan Op\u0161tine Ulcinj - Lajme nga Ulqini","og_description":"Povodom dana Op\u0161tine Ulcinj koji ujedno i predstavlja po\u010detak ljetnje turisti\u010dke sezone odr\u017eana je sve\u010dana sjednica lokalnog parlamenta i niz drugih","og_url":"https:\/\/www.visit-ulcinj.com\/blog\/2013\/04\/12\/obiljezen-dan-opstine-ulcinj-2\/","og_site_name":"Lajme nga Ulqini","article_published_time":"2013-04-12T17:29:03+00:00","article_modified_time":"2013-04-12T17:29:17+00:00","og_image":[{"url":"http:\/\/www.visit-ulcinj.com\/blog\/wp-content\/uploads\/2013\/04\/dan-Ulcinja.jpg"}],"twitter_misc":{"Written by":"ulqini","Est. reading time":"1 minute"},"schema":{"@context":"https:\/\/schema.org","@graph":[{"@type":"WebSite","@id":"https:\/\/www.visit-ulcinj.com\/blog\/#website","url":"https:\/\/www.visit-ulcinj.com\/blog\/","name":"Lajme nga Ulqini","description":"Lajme,Vijesti,Ulqini,Ulqin,Crna Gora,Mali i Zi","potentialAction":[{"@type":"SearchAction","target":{"@type":"EntryPoint","urlTemplate":"https:\/\/www.visit-ulcinj.com\/blog\/?s={search_term_string}"},"query-input":"required name=search_term_string"}],"inLanguage":"en-US"},{"@type":"ImageObject","inLanguage":"en-US","@id":"https:\/\/www.visit-ulcinj.com\/blog\/2013\/04\/12\/obiljezen-dan-opstine-ulcinj-2\/#primaryimage","url":"http:\/\/www.visit-ulcinj.com\/blog\/wp-content\/uploads\/2013\/04\/dan-Ulcinja.jpg","contentUrl":"http:\/\/www.visit-ulcinj.com\/blog\/wp-content\/uploads\/2013\/04\/dan-Ulcinja.jpg"},{"@type":"WebPage","@id":"https:\/\/www.visit-ulcinj.com\/blog\/2013\/04\/12\/obiljezen-dan-opstine-ulcinj-2\/#webpage","url":"https:\/\/www.visit-ulcinj.com\/blog\/2013\/04\/12\/obiljezen-dan-opstine-ulcinj-2\/","name":"Obilje\u017een dan Op\u0161tine Ulcinj - Lajme nga Ulqini","isPartOf":{"@id":"https:\/\/www.visit-ulcinj.com\/blog\/#website"},"primaryImageOfPage":{"@id":"https:\/\/www.visit-ulcinj.com\/blog\/2013\/04\/12\/obiljezen-dan-opstine-ulcinj-2\/#primaryimage"},"datePublished":"2013-04-12T17:29:03+00:00","dateModified":"2013-04-12T17:29:17+00:00","author":{"@id":"https:\/\/www.visit-ulcinj.com\/blog\/#\/schema\/person\/dcab619c614d3038751c63bc2aadc06d"},"description":"Povodom dana Op\u0161tine Ulcinj koji ujedno i predstavlja po\u010detak ljetnje turisti\u010dke sezone odr\u017eana je sve\u010dana sjednica lokalnog parlamenta i niz drugih","breadcrumb":{"@id":"https:\/\/www.visit-ulcinj.com\/blog\/2013\/04\/12\/obiljezen-dan-opstine-ulcinj-2\/#breadcrumb"},"inLanguage":"en-US","potentialAction":[{"@type":"ReadAction","target":["https:\/\/www.visit-ulcinj.com\/blog\/2013\/04\/12\/obiljezen-dan-opstine-ulcinj-2\/"]}]},{"@type":"BreadcrumbList","@id":"https:\/\/www.visit-ulcinj.com\/blog\/2013\/04\/12\/obiljezen-dan-opstine-ulcinj-2\/#breadcrumb","itemListElement":[{"@type":"ListItem","position":1,"name":"Obilje\u017een dan Op\u0161tine Ulcinj"}]},{"@type":"Person","@id":"https:\/\/www.visit-ulcinj.com\/blog\/#\/schema\/person\/dcab619c614d3038751c63bc2aadc06d","name":"ulqini","sameAs":["http:\/\/www.visit-ulcinj.com"],"url":"https:\/\/www.visit-ulcinj.com\/blog\/author\/admin\/"}]}},"jetpack_featured_media_url":"","jetpack_sharing_enabled":true,"jetpack_shortlink":"https:\/\/wp.me\/pe6lTn-imj","_links":{"self":[{"href":"https:\/\/www.visit-ulcinj.com\/blog\/wp-json\/wp\/v2\/posts\/70575"}],"collection":[{"href":"https:\/\/www.visit-ulcinj.com\/blog\/wp-json\/wp\/v2\/posts"}],"about":[{"href":"https:\/\/www.visit-ulcinj.com\/blog\/wp-json\/wp\/v2\/types\/post"}],"author":[{"embeddable":true,"href":"https:\/\/www.visit-ulcinj.com\/blog\/wp-json\/wp\/v2\/users\/1"}],"replies":[{"embeddable":true,"href":"https:\/\/www.visit-ulcinj.com\/blog\/wp-json\/wp\/v2\/comments?post=70575"}],"version-history":[{"count":2,"href":"https:\/\/www.visit-ulcinj.com\/blog\/wp-json\/wp\/v2\/posts\/70575\/revisions"}],"predecessor-version":[{"id":70578,"href":"https:\/\/www.visit-ulcinj.com\/blog\/wp-json\/wp\/v2\/posts\/70575\/revisions\/70578"}],"wp:attachment":[{"href":"https:\/\/www.visit-ulcinj.com\/blog\/wp-json\/wp\/v2\/media?parent=70575"}],"wp:term":[{"taxonomy":"category","embeddable":true,"href":"https:\/\/www.visit-ulcinj.com\/blog\/wp-json\/wp\/v2\/categories?post=70575"},{"taxonomy":"post_tag","embeddable":true,"href":"https:\/\/www.visit-ulcinj.com\/blog\/wp-json\/wp\/v2\/tags?post=70575"}],"curies":[{"name":"wp","href":"https:\/\/api.w.org\/{rel}","templated":true}]}}