{"id":7058,"date":"2008-12-10T16:28:28","date_gmt":"2008-12-10T15:28:28","guid":{"rendered":"http:\/\/www.visit-ulcinj.com\/blog\/?p=7058"},"modified":"2008-12-10T16:28:28","modified_gmt":"2008-12-10T15:28:28","slug":"univerzalnost-ljudskih-prava","status":"publish","type":"post","link":"https:\/\/www.visit-ulcinj.com\/blog\/2008\/12\/10\/univerzalnost-ljudskih-prava\/","title":{"rendered":"Univerzalnost ljudskih prava"},"content":{"rendered":"<p><a href=\"http:\/\/www.visit-ulcinj.com\/blog\/wp-content\/uploads\/2008\/12\/roderik-mur.jpg\"><img loading=\"lazy\" class=\"alignleft size-medium wp-image-7059\" title=\"roderik-mur\" src=\"http:\/\/www.visit-ulcinj.com\/blog\/wp-content\/uploads\/2008\/12\/roderik-mur.jpg\" alt=\"\" width=\"361\" height=\"276\" \/><\/a><strong>Autorski tekst ameri?kog ambasadora u podgorici Roderika Mura<\/strong><br \/>\nSvi ljudi ro?enjem sti?u ljudska prava i osnovne slobode zajam?ene Univerzalnom deklaracijom o ljudskim pravima. Tokom nedjelje ljudskih prava (10-15. decembar), narod Sjedinjenih Dr\u017eava ?e se u obilje\u017eavanju Univerzalne deklaracije pridru\u017eiti mu\u0161karcima i \u017eenama svih kultura i uvjerenja, svih rasa i religija, u velikim i malim, razvijenim i dr\u017eavama u razvoju.<br \/>\nTokom \u0161ezdeset godina od usvajanja Deklaracije 10. 12. 1948. godine prava u njoj nabrojana zna?ajno su unaprije?ena na svim kontinentima. Ipak, poslije \u0161est decenija, stotinama miliona ljudi njihove vlade i dalje uskra?uju osnovne slobode.<br \/>\nUnivezalna deklaracija je mnogo vi\u0161e od kataloga prava \u2013 to je poziv na akciju. Univerzalna deklaracija poziva da \u201esvaki pojedinac i svaki organ dru\u0161tva\u2026 doprinese po\u0161tovanju ovih prava i sloboda i da postupnim unutra\u0161njim i me?unarodnim mjerama obezbijedi njihovo op\u0161te i stvarno priznanje i po\u0161tovanje\u2026\u201d<\/p>\n<p><strong>Podaci o SAD<\/strong><\/p>\n<p>Sjedinjene Dr\u017eave, kao sva demokratska dru\u0161tva, nijesu savr\u0161ene. Na\u0161i gra?ani pola\u017eu pravo na ponosnu istoriju te\u017enje u svakoj generaciji od osnivanja na\u0161e nacije da demokratsku praksu pribli\u017eimo \u017eeljenim principima, ?ak i dok poku\u0161avamo da se nosimo sa nepravdama i izazovima svakog novog doba.<br \/>\nMi se ozbiljno odnosimo prema svim na\u0161im obavezama u vezi sa ljudskim pravima, i u dobroj vjeri i iskrenim naporima da ostvarimo te obaveze smatramo veoma va\u017enom ulogu koju imaju civilno dru\u0161tvo i nezavisni mediji. Ne smatramo da mi\u0161ljenja o na\u0161em u?inku iskazana od drugih iz me?unarodne zajednice predstavljaju mije\u0161anje u na\u0161e unutra\u0161nje poslove, niti bi druge vlade trebalo tako da gledaju na stavove o svom u?inku. Kao dio tog napora, Sjedinjene Dr\u017eave predaju izvje\u0161taje me?unarodnim tijelima u skladu sa svojim obavezama na osnovu raznih ugovora o ljudskim pravima ?ija smo strana potpisnica.<br \/>\nI na\u0161a demokratija se jo\u0161 razvija. Put Sjedinjenih Dr\u017eava ka slobodi i pravdi za sve gra?ane bio je duga?ak i te\u017eak, ali se ponosimo time \u0161to nastavljamo da ostvarujemo va\u017ean napredak. U januaru, na\u0161a demokratija ?e obilje\u017eiti istorijski doga?aj &#8211; inauguraciju prvog afroamerikanca za predsjednika Sjedinjenih Dr\u017eava. Pa ipak, u potpunosti smo svjesni da je put na\u0161e nacije ka savr\u0161enijoj zajednici daleko od dovr\u0161enog.<br \/>\nPut demokratije nije ni bez te\u0161ko?a, ni prav, ali je siguran. Na tom putu mora biti posrtanja i prepreka. Neke dr\u017eave jo\u0161 imaju slabe institucije demokratske vlasti i nastavljaju da se bore; druge tek treba da se u potpunosti posvete demokratskom procesu.<br \/>\nAli put pred nama je jasan: povjeriti gra?anima ve?u slobodu tako da je mogu koristiti za ispravljanje nepravilnosti koje se nalaze na putu ka budu?nosti ispunjenoj nadom.<br \/>\n<strong><br \/>\nSu\u0161tinski doprinos branilaca ljudskih prava, NVO-a i nezavisnih medija<\/strong><\/p>\n<p>U dana\u0161njem svijetu, problemi sa kojima se dr\u017eave suo?avaju su previ\u0161e kompleksni, ?ak i za one najmo?nije, da bi se sa njima same nosile. Doprinosi civilnog dru\u0161tva i slobodan protok ideja i infomacija su presudni u tretiranju mno\u0161tva doma?ih i me?unarodnih izazova. Ograni?avanje politi?kog prostora NVO-a i javne debate jedino ograni?ava rast samog dru\u0161tva.<br \/>\nZa civilno dru\u0161tvo i nezavisne medije, slobode izra\u017eavanja, udru\u017eivanja i mirnog okupljanja su kao kiseonik. Bez tih osnovnih sloboda demokratiji se oduzima \u017eivotni dah.<br \/>\nKada demokratske dr\u017eave podr\u017eavaju rad zastupnika ljudskih prava i organizacija civilnog dru\u0161tva, mi poma\u017eemo mu\u0161karcima i \u017eenama u dr\u017eavama \u0161irom svijeta da oblikuju sopstvene sudbine u slobodi. Rade?i to, poma\u017eemo izgradnju bezbjednijeg i boljeg svijeta za sve.<br \/>\n\u0160irom svijeta raste zahtjev za ve?om li?nom i politi?kom slobodom i za usvajanjem demokratskih principa vlasti. Sjedinjene Dr\u017eave podr\u017eavaju napore mu\u0161karaca i \u017eena \u0161irom svijeta za obezbje?ivanje i ostvarivanje njihovih prava. Na\u0161a podr\u0161ka odra\u017eava su\u0161tinske vrijednosti ameri?kog naroda. Kao \u0161to je predsjednik Bu\u0161 rekao: \u201eSloboda je pravo svakog ?ovjeka, \u017eene i djeteta o kojem se ne mo\u017ee pregovarati i staza ka trajnom miru u na\u0161em svijetu je sloboda.\u201d<br \/>\nU Sjedinjenim Dr\u017eavama smo usred demokratske tranzicije ka novoj administraciji. Rad Amerike na pitanju slobode \u0161irom svijeta nadma\u0161uje na\u0161u doma?u politiku zato \u0161to unapre?enje ljudskih prava i demokratskih principa odra\u017eava su\u0161tinske vrijednosti na\u0161ih gra?ana. Kada Obamina administracija preuzme vlast u januaru ovaj va\u017ean rad za ljudsku slobodu ?e se nastaviti, osna\u017een aktivnom, dvostrana?kom podr\u0161kom Kongresa, u najboljoj tradiciji naroda Sjedinjenih Dr\u017eava.<br \/>\n<strong>Izvor \/ Pobjeda<\/strong><\/p>\n","protected":false},"excerpt":{"rendered":"<p>Autorski tekst ameri?kog ambasadora u podgorici Roderika Mura Svi ljudi ro?enjem sti?u ljudska prava i osnovne slobode zajam?ene Univerzalnom deklaracijom o ljudskim pravima. Tokom nedjelje ljudskih prava (10-15. decembar), narod Sjedinjenih Dr\u017eava ?e se u obilje\u017eavanju Univerzalne deklaracije pridru\u017eiti mu\u0161karcima i \u017eenama svih kultura i uvjerenja, svih rasa i religija, u velikim i malim, razvijenim [&hellip;]<\/p>\n","protected":false},"author":1,"featured_media":0,"comment_status":"open","ping_status":"closed","sticky":false,"template":"","format":"standard","meta":{"spay_email":"","jetpack_publicize_message":"","jetpack_is_tweetstorm":false,"jetpack_publicize_feature_enabled":true},"categories":[12],"tags":[3909,1099,479],"jetpack_publicize_connections":[],"yoast_head":"<!-- This site is optimized with the Yoast SEO plugin v19.1 - https:\/\/yoast.com\/wordpress\/plugins\/seo\/ -->\n<title>Univerzalnost ljudskih prava - Lajme nga Ulqini<\/title>\n<meta name=\"description\" content=\"Autorski tekst ameri?kog ambasadora u podgorici Roderika Mura Svi ljudi ro?enjem sti?u ljudska prava i osnovne slobode zajam?ene Univerzalnom deklaracijom\" \/>\n<meta name=\"robots\" content=\"index, follow, max-snippet:-1, max-image-preview:large, max-video-preview:-1\" \/>\n<link rel=\"canonical\" href=\"https:\/\/www.visit-ulcinj.com\/blog\/2008\/12\/10\/univerzalnost-ljudskih-prava\/\" \/>\n<meta property=\"og:locale\" content=\"en_US\" \/>\n<meta property=\"og:type\" content=\"article\" \/>\n<meta property=\"og:title\" content=\"Univerzalnost ljudskih prava - Lajme nga Ulqini\" \/>\n<meta property=\"og:description\" content=\"Autorski tekst ameri?kog ambasadora u podgorici Roderika Mura Svi ljudi ro?enjem sti?u ljudska prava i osnovne slobode zajam?ene Univerzalnom deklaracijom\" \/>\n<meta property=\"og:url\" content=\"https:\/\/www.visit-ulcinj.com\/blog\/2008\/12\/10\/univerzalnost-ljudskih-prava\/\" \/>\n<meta property=\"og:site_name\" content=\"Lajme nga Ulqini\" \/>\n<meta property=\"article:published_time\" content=\"2008-12-10T15:28:28+00:00\" \/>\n<meta property=\"og:image\" content=\"http:\/\/www.visit-ulcinj.com\/blog\/wp-content\/uploads\/2008\/12\/roderik-mur.jpg\" \/>\n<meta name=\"twitter:label1\" content=\"Written by\" \/>\n\t<meta name=\"twitter:data1\" content=\"ulqini\" \/>\n\t<meta name=\"twitter:label2\" content=\"Est. reading time\" \/>\n\t<meta name=\"twitter:data2\" content=\"4 minutes\" \/>\n<script type=\"application\/ld+json\" class=\"yoast-schema-graph\">{\"@context\":\"https:\/\/schema.org\",\"@graph\":[{\"@type\":\"WebSite\",\"@id\":\"https:\/\/www.visit-ulcinj.com\/blog\/#website\",\"url\":\"https:\/\/www.visit-ulcinj.com\/blog\/\",\"name\":\"Lajme nga Ulqini\",\"description\":\"Lajme,Vijesti,Ulqini,Ulqin,Crna Gora,Mali i Zi\",\"potentialAction\":[{\"@type\":\"SearchAction\",\"target\":{\"@type\":\"EntryPoint\",\"urlTemplate\":\"https:\/\/www.visit-ulcinj.com\/blog\/?s={search_term_string}\"},\"query-input\":\"required name=search_term_string\"}],\"inLanguage\":\"en-US\"},{\"@type\":\"ImageObject\",\"inLanguage\":\"en-US\",\"@id\":\"https:\/\/www.visit-ulcinj.com\/blog\/2008\/12\/10\/univerzalnost-ljudskih-prava\/#primaryimage\",\"url\":\"http:\/\/www.visit-ulcinj.com\/blog\/wp-content\/uploads\/2008\/12\/roderik-mur.jpg\",\"contentUrl\":\"http:\/\/www.visit-ulcinj.com\/blog\/wp-content\/uploads\/2008\/12\/roderik-mur.jpg\"},{\"@type\":\"WebPage\",\"@id\":\"https:\/\/www.visit-ulcinj.com\/blog\/2008\/12\/10\/univerzalnost-ljudskih-prava\/#webpage\",\"url\":\"https:\/\/www.visit-ulcinj.com\/blog\/2008\/12\/10\/univerzalnost-ljudskih-prava\/\",\"name\":\"Univerzalnost ljudskih prava - Lajme nga Ulqini\",\"isPartOf\":{\"@id\":\"https:\/\/www.visit-ulcinj.com\/blog\/#website\"},\"primaryImageOfPage\":{\"@id\":\"https:\/\/www.visit-ulcinj.com\/blog\/2008\/12\/10\/univerzalnost-ljudskih-prava\/#primaryimage\"},\"datePublished\":\"2008-12-10T15:28:28+00:00\",\"dateModified\":\"2008-12-10T15:28:28+00:00\",\"author\":{\"@id\":\"https:\/\/www.visit-ulcinj.com\/blog\/#\/schema\/person\/dcab619c614d3038751c63bc2aadc06d\"},\"description\":\"Autorski tekst ameri?kog ambasadora u podgorici Roderika Mura Svi ljudi ro?enjem sti?u ljudska prava i osnovne slobode zajam?ene Univerzalnom deklaracijom\",\"breadcrumb\":{\"@id\":\"https:\/\/www.visit-ulcinj.com\/blog\/2008\/12\/10\/univerzalnost-ljudskih-prava\/#breadcrumb\"},\"inLanguage\":\"en-US\",\"potentialAction\":[{\"@type\":\"ReadAction\",\"target\":[\"https:\/\/www.visit-ulcinj.com\/blog\/2008\/12\/10\/univerzalnost-ljudskih-prava\/\"]}]},{\"@type\":\"BreadcrumbList\",\"@id\":\"https:\/\/www.visit-ulcinj.com\/blog\/2008\/12\/10\/univerzalnost-ljudskih-prava\/#breadcrumb\",\"itemListElement\":[{\"@type\":\"ListItem\",\"position\":1,\"name\":\"Univerzalnost ljudskih prava\"}]},{\"@type\":\"Person\",\"@id\":\"https:\/\/www.visit-ulcinj.com\/blog\/#\/schema\/person\/dcab619c614d3038751c63bc2aadc06d\",\"name\":\"ulqini\",\"sameAs\":[\"http:\/\/www.visit-ulcinj.com\"],\"url\":\"https:\/\/www.visit-ulcinj.com\/blog\/author\/admin\/\"}]}<\/script>\n<!-- \/ Yoast SEO plugin. -->","yoast_head_json":{"title":"Univerzalnost ljudskih prava - Lajme nga Ulqini","description":"Autorski tekst ameri?kog ambasadora u podgorici Roderika Mura Svi ljudi ro?enjem sti?u ljudska prava i osnovne slobode zajam?ene Univerzalnom deklaracijom","robots":{"index":"index","follow":"follow","max-snippet":"max-snippet:-1","max-image-preview":"max-image-preview:large","max-video-preview":"max-video-preview:-1"},"canonical":"https:\/\/www.visit-ulcinj.com\/blog\/2008\/12\/10\/univerzalnost-ljudskih-prava\/","og_locale":"en_US","og_type":"article","og_title":"Univerzalnost ljudskih prava - Lajme nga Ulqini","og_description":"Autorski tekst ameri?kog ambasadora u podgorici Roderika Mura Svi ljudi ro?enjem sti?u ljudska prava i osnovne slobode zajam?ene Univerzalnom deklaracijom","og_url":"https:\/\/www.visit-ulcinj.com\/blog\/2008\/12\/10\/univerzalnost-ljudskih-prava\/","og_site_name":"Lajme nga Ulqini","article_published_time":"2008-12-10T15:28:28+00:00","og_image":[{"url":"http:\/\/www.visit-ulcinj.com\/blog\/wp-content\/uploads\/2008\/12\/roderik-mur.jpg"}],"twitter_misc":{"Written by":"ulqini","Est. reading time":"4 minutes"},"schema":{"@context":"https:\/\/schema.org","@graph":[{"@type":"WebSite","@id":"https:\/\/www.visit-ulcinj.com\/blog\/#website","url":"https:\/\/www.visit-ulcinj.com\/blog\/","name":"Lajme nga Ulqini","description":"Lajme,Vijesti,Ulqini,Ulqin,Crna Gora,Mali i Zi","potentialAction":[{"@type":"SearchAction","target":{"@type":"EntryPoint","urlTemplate":"https:\/\/www.visit-ulcinj.com\/blog\/?s={search_term_string}"},"query-input":"required name=search_term_string"}],"inLanguage":"en-US"},{"@type":"ImageObject","inLanguage":"en-US","@id":"https:\/\/www.visit-ulcinj.com\/blog\/2008\/12\/10\/univerzalnost-ljudskih-prava\/#primaryimage","url":"http:\/\/www.visit-ulcinj.com\/blog\/wp-content\/uploads\/2008\/12\/roderik-mur.jpg","contentUrl":"http:\/\/www.visit-ulcinj.com\/blog\/wp-content\/uploads\/2008\/12\/roderik-mur.jpg"},{"@type":"WebPage","@id":"https:\/\/www.visit-ulcinj.com\/blog\/2008\/12\/10\/univerzalnost-ljudskih-prava\/#webpage","url":"https:\/\/www.visit-ulcinj.com\/blog\/2008\/12\/10\/univerzalnost-ljudskih-prava\/","name":"Univerzalnost ljudskih prava - Lajme nga Ulqini","isPartOf":{"@id":"https:\/\/www.visit-ulcinj.com\/blog\/#website"},"primaryImageOfPage":{"@id":"https:\/\/www.visit-ulcinj.com\/blog\/2008\/12\/10\/univerzalnost-ljudskih-prava\/#primaryimage"},"datePublished":"2008-12-10T15:28:28+00:00","dateModified":"2008-12-10T15:28:28+00:00","author":{"@id":"https:\/\/www.visit-ulcinj.com\/blog\/#\/schema\/person\/dcab619c614d3038751c63bc2aadc06d"},"description":"Autorski tekst ameri?kog ambasadora u podgorici Roderika Mura Svi ljudi ro?enjem sti?u ljudska prava i osnovne slobode zajam?ene Univerzalnom deklaracijom","breadcrumb":{"@id":"https:\/\/www.visit-ulcinj.com\/blog\/2008\/12\/10\/univerzalnost-ljudskih-prava\/#breadcrumb"},"inLanguage":"en-US","potentialAction":[{"@type":"ReadAction","target":["https:\/\/www.visit-ulcinj.com\/blog\/2008\/12\/10\/univerzalnost-ljudskih-prava\/"]}]},{"@type":"BreadcrumbList","@id":"https:\/\/www.visit-ulcinj.com\/blog\/2008\/12\/10\/univerzalnost-ljudskih-prava\/#breadcrumb","itemListElement":[{"@type":"ListItem","position":1,"name":"Univerzalnost ljudskih prava"}]},{"@type":"Person","@id":"https:\/\/www.visit-ulcinj.com\/blog\/#\/schema\/person\/dcab619c614d3038751c63bc2aadc06d","name":"ulqini","sameAs":["http:\/\/www.visit-ulcinj.com"],"url":"https:\/\/www.visit-ulcinj.com\/blog\/author\/admin\/"}]}},"jetpack_featured_media_url":"","jetpack_sharing_enabled":true,"jetpack_shortlink":"https:\/\/wp.me\/pe6lTn-1PQ","_links":{"self":[{"href":"https:\/\/www.visit-ulcinj.com\/blog\/wp-json\/wp\/v2\/posts\/7058"}],"collection":[{"href":"https:\/\/www.visit-ulcinj.com\/blog\/wp-json\/wp\/v2\/posts"}],"about":[{"href":"https:\/\/www.visit-ulcinj.com\/blog\/wp-json\/wp\/v2\/types\/post"}],"author":[{"embeddable":true,"href":"https:\/\/www.visit-ulcinj.com\/blog\/wp-json\/wp\/v2\/users\/1"}],"replies":[{"embeddable":true,"href":"https:\/\/www.visit-ulcinj.com\/blog\/wp-json\/wp\/v2\/comments?post=7058"}],"version-history":[{"count":0,"href":"https:\/\/www.visit-ulcinj.com\/blog\/wp-json\/wp\/v2\/posts\/7058\/revisions"}],"wp:attachment":[{"href":"https:\/\/www.visit-ulcinj.com\/blog\/wp-json\/wp\/v2\/media?parent=7058"}],"wp:term":[{"taxonomy":"category","embeddable":true,"href":"https:\/\/www.visit-ulcinj.com\/blog\/wp-json\/wp\/v2\/categories?post=7058"},{"taxonomy":"post_tag","embeddable":true,"href":"https:\/\/www.visit-ulcinj.com\/blog\/wp-json\/wp\/v2\/tags?post=7058"}],"curies":[{"name":"wp","href":"https:\/\/api.w.org\/{rel}","templated":true}]}}