{"id":7061,"date":"2008-12-10T17:49:51","date_gmt":"2008-12-10T16:49:51","guid":{"rendered":"http:\/\/www.visit-ulcinj.com\/blog\/?p=7061"},"modified":"2008-12-12T19:32:39","modified_gmt":"2008-12-12T18:32:39","slug":"dukanovic-investitori-nece-napustiti-crnu-goru","status":"publish","type":"post","link":"https:\/\/www.visit-ulcinj.com\/blog\/2008\/12\/10\/dukanovic-investitori-nece-napustiti-crnu-goru\/","title":{"rendered":"?ukanovi?: Investitori ne?e napustiti Crnu Goru"},"content":{"rendered":"<p><a href=\"http:\/\/www.visit-ulcinj.com\/blog\/wp-content\/uploads\/2008\/12\/dukanovic_munk.jpg\"><img loading=\"lazy\" class=\"alignleft size-medium wp-image-7062\" title=\"dukanovic_munk\" src=\"http:\/\/www.visit-ulcinj.com\/blog\/wp-content\/uploads\/2008\/12\/dukanovic_munk-300x200.jpg\" alt=\"\" width=\"354\" height=\"236\" srcset=\"https:\/\/www.visit-ulcinj.com\/blog\/wp-content\/uploads\/2008\/12\/dukanovic_munk-300x200.jpg 300w, https:\/\/www.visit-ulcinj.com\/blog\/wp-content\/uploads\/2008\/12\/dukanovic_munk.jpg 640w\" sizes=\"(max-width: 354px) 100vw, 354px\" \/><\/a>PODGORICA &#8211; Vlada nema informacije da ?e bilo ko od njenih privatizacionih partnera, uklju?uju?i i vlasnika \u017deljezare, napustiti Crnu Goru zbog problema u poslovanju, tvrdi crnogorski premijer Milo ?ukanovi?.<br \/>\n\u201cNemam najave da bilo ko iz \u017deljezare razmi\u0161lja da di\u017ee sidro iz Crne Gore, mislim na nekog od ve?inskih vlasnika\u201d, kazao je ?ukanovi? novinarima nakon sastanka u Savezu sindikata kometari\u0161u?i optu\u017ebe koje su razmijenili predstavnici nik\u0161i?ke fabrike i Prve banke Crne Gore.<br \/>\nUprava Prve banke saop\u0161tila je da osnovano sumnja da ve?inski vlasnik \u017deljezare, kompanija Montenegro Speciality Steels (MNSS), najavom tu\u017ebe protiv te finansijske kompanije, \u017eeli samo da izvu?e svoje depozite, na osnovu kojih su izdate grancije za investicije i da ostavi \u017deljezaru banci sa svojim i njenim dugovima.<br \/>\nIz \u017deljezare je prethodno stigla najava da ?e pokrenuti tu\u017ebu za naknadu \u0161tete protiv Prve banke Crne Gore jer im, kako tvrde iz uprave, redovno ne pla?a sve obaveze prema klijentima iako u njoj ima polo\u017een depozit.<br \/>\n?ukanovi? je rekao da je o?igledno da ima malo vi\u0161e tenzija jer se sa problemima likvidnosti suo?avaju \u017deljezara i Prva banka, kao i da svako insistira na svojim argumentima. On smatra da ?e se tenzije izme?u Prve banke i \u017deljezare rje\u0161avati i kroz mjere Vlade koje treba da obezbijede podr\u0161ku bankarskom sektoru koji bi trebalo da isprati teku?u reporodukuciju u kompanijama, kao i njihove razvojne projekte.<br \/>\n?ukanovi? je ponovio da ?e Vlada odluku o odobravanju pomo?i Prvoj banci donijeti tek nakon \u0161to dobije mi\u0161ljenje od Centralne banke i Ministarstva finansija. On smatra da je dobro da Vlada podr\u017eava bankarski sektor jer se na taj na?in ?uva njegova stabilnost i dalja podr\u0161ka privrednim aktivnostima.<br \/>\n\u201cSmatram da je to apsolutno opravdano. Vlada se mora suo?iti sa tom potrebom na na?in kao \u0161to su se suo?ile i sve svjetske vlade\u201d, dodao je ?ukanovi?.<br \/>\nPrva banka nedavno je zbog problema sa likvidno\u0161?u tra\u017eila 40 miliona EUR dr\u017eavne pomo?i. ?ukanovi? je naveo da su odmakli razgovori sa investitorima sa Srednjeg Istoka, kao i da su oni zainteresovani za ulazak u bankarski sistem Crne Gore, ulaganja u turizma i neke prate?e industrije koje bi trebale da isprate proces gradnje turisti?kih kompleksa.<br \/>\n\u201cMislim da je njihovo interesovanje vrlo ozbiljno. Njihovi finansijski potencijal je neupitan ?ak i u ovim godinama globalne finansijske krize, zato ta partnerstva koja smo gradili prethodnih godina smatram jako va\u017enim u uslovima u kojima su zapadni partneri u ozbiljnim finansijskim problemima\u201d, saop\u0161tio je ?ukanovi?.<br \/>\nOn je naveo da \u201costaje se da se vidi\u201d da li ?e biti realno ostvariv njihov aran\u017eman sa nekom od crnogorskih banaka.<br \/>\n\u201cNjihovo interesovanje postoji, jer oni \u017eele da budu prisutni i vlasni?ki u nekoj od banaka, da bi mogli da isprate finansijske tokove za realizaciju svojih poslova u Crnoj Gori&#8221;, kazao je ?ukanovi? i dodao da dr\u017eava nije vlasnik nijedne banke tako da ne zna ho?e li do?i do kompromisa.<br \/>\nOn je rekao da je u ponedjeljak razgovarao sa predstavnicima ve?inskih vlasnika Kombinata aluminijuma Podgorica (KAP) koji su ga obavijestili da ne razmi\u0161ljaju o zaustavljanju proizvodnje u Crnoj Gori bez obzira na ote\u017eane uslove poslovanja.<br \/>\n?ukanovi? je dodao da je od vlasnika KAP-a obavije\u0161ten da su oni ve? zatvorili ?etiri fabrike zbog gubitaka.<br \/>\n\u201cPrivatni vlasnik nema nikakvih sentimenata da kapital koji sti?e na nekim drugim lokacijama gubi na ovoj&#8221;, kazao je ?ukanovi?.<br \/>\nU tim razgovorima, dodaje ?ukanovi?, obavije\u0161ten je da je cijena proizvodnje aluminijuma u Crnoj Gori ve?a nego od bilo koje u ?etiri zatvorene fabrike, ali da ve?inski vlasnik \u017eeli da sa?uva proizvodnju u Crnoj Gori i da prepoznaje u Vladi partnera koji razmi\u0161lja na isti na?in.<br \/>\n\u201cDa, potrebna je ta proizvodnja Crnoj Gori\u201d, poru?io je ?ukanovi? odgovaraju?i na pitanje predstavnika Sindikata da li je Crnoj Gori potreban KAP.<br \/>\nOn je ponovio da KAP predstavlja vrlo va\u017ean subjekat u privrednom sistemu Crne Gore.<br \/>\n\u201cTi se problemi ne rje\u0161avaju lako i tako \u0161to ?e se skupiti dru\u0161tvo na okruglom stolu i iz malog mozga predlagati rje\u0161enja kao da sad razmi\u0161ljamo kako upotrijebiti livadu na putu prema aerodromu. To nije razumna pri?a\u201d, ocijenio je ?ukanovi? aludiraju?i na okrugli sto koji je organizovao dio opozicije na kojem je izme?u ostalog predlo\u017eeno i zatvaranje KAP-a.<br \/>\nOn je ponovio da je Vlada veoma posve?ena tome kako da poku\u0161a da izbjegnemo najgori scenario.<br \/>\n\u201cVrlo smo zainteresovani za partnerstvo u tom i svakom slu?aju. ?uvaju?i partnerstvo i odgovornom odnosu prema partneru ?uvamo svoj interes i to je su\u0161tina pri?a\u201d, zaklju?io ?ukanovi?.<br \/>\n<strong>izvor \/ Mina-business <\/strong><\/p>\n","protected":false},"excerpt":{"rendered":"<p>PODGORICA &#8211; Vlada nema informacije da ?e bilo ko od njenih privatizacionih partnera, uklju?uju?i i vlasnika \u017deljezare, napustiti Crnu Goru zbog problema u poslovanju, tvrdi crnogorski premijer Milo ?ukanovi?. \u201cNemam najave da bilo ko iz \u017deljezare razmi\u0161lja da di\u017ee sidro iz Crne Gore, mislim na nekog od ve?inskih vlasnika\u201d, kazao je ?ukanovi? novinarima nakon sastanka [&hellip;]<\/p>\n","protected":false},"author":1,"featured_media":0,"comment_status":"open","ping_status":"closed","sticky":false,"template":"","format":"standard","meta":{"spay_email":"","jetpack_publicize_message":"","jetpack_is_tweetstorm":false,"jetpack_publicize_feature_enabled":true},"categories":[10],"tags":[5192,434],"jetpack_publicize_connections":[],"yoast_head":"<!-- This site is optimized with the Yoast SEO plugin v19.1 - https:\/\/yoast.com\/wordpress\/plugins\/seo\/ -->\n<title>?ukanovi?: Investitori ne?e napustiti Crnu Goru - Lajme nga Ulqini<\/title>\n<meta name=\"description\" content=\"PODGORICA - Vlada nema informacije da ?e bilo ko od njenih privatizacionih partnera, uklju?uju?i i vlasnika \u017deljezare, napustiti Crnu Goru zbog problema u\" \/>\n<meta name=\"robots\" content=\"index, follow, max-snippet:-1, max-image-preview:large, max-video-preview:-1\" \/>\n<link rel=\"canonical\" href=\"https:\/\/www.visit-ulcinj.com\/blog\/2008\/12\/10\/dukanovic-investitori-nece-napustiti-crnu-goru\/\" \/>\n<meta property=\"og:locale\" content=\"en_US\" \/>\n<meta property=\"og:type\" content=\"article\" \/>\n<meta property=\"og:title\" content=\"?ukanovi?: Investitori ne?e napustiti Crnu Goru - Lajme nga Ulqini\" \/>\n<meta property=\"og:description\" content=\"PODGORICA - Vlada nema informacije da ?e bilo ko od njenih privatizacionih partnera, uklju?uju?i i vlasnika \u017deljezare, napustiti Crnu Goru zbog problema u\" \/>\n<meta property=\"og:url\" content=\"https:\/\/www.visit-ulcinj.com\/blog\/2008\/12\/10\/dukanovic-investitori-nece-napustiti-crnu-goru\/\" \/>\n<meta property=\"og:site_name\" content=\"Lajme nga Ulqini\" \/>\n<meta property=\"article:published_time\" content=\"2008-12-10T16:49:51+00:00\" \/>\n<meta property=\"article:modified_time\" content=\"2008-12-12T18:32:39+00:00\" \/>\n<meta property=\"og:image\" content=\"http:\/\/www.visit-ulcinj.com\/blog\/wp-content\/uploads\/2008\/12\/dukanovic_munk-300x200.jpg\" \/>\n<meta name=\"twitter:label1\" content=\"Written by\" \/>\n\t<meta name=\"twitter:data1\" content=\"ulqini\" \/>\n\t<meta name=\"twitter:label2\" content=\"Est. reading time\" \/>\n\t<meta name=\"twitter:data2\" content=\"4 minutes\" \/>\n<script type=\"application\/ld+json\" class=\"yoast-schema-graph\">{\"@context\":\"https:\/\/schema.org\",\"@graph\":[{\"@type\":\"WebSite\",\"@id\":\"https:\/\/www.visit-ulcinj.com\/blog\/#website\",\"url\":\"https:\/\/www.visit-ulcinj.com\/blog\/\",\"name\":\"Lajme nga Ulqini\",\"description\":\"Lajme,Vijesti,Ulqini,Ulqin,Crna Gora,Mali i Zi\",\"potentialAction\":[{\"@type\":\"SearchAction\",\"target\":{\"@type\":\"EntryPoint\",\"urlTemplate\":\"https:\/\/www.visit-ulcinj.com\/blog\/?s={search_term_string}\"},\"query-input\":\"required name=search_term_string\"}],\"inLanguage\":\"en-US\"},{\"@type\":\"ImageObject\",\"inLanguage\":\"en-US\",\"@id\":\"https:\/\/www.visit-ulcinj.com\/blog\/2008\/12\/10\/dukanovic-investitori-nece-napustiti-crnu-goru\/#primaryimage\",\"url\":\"http:\/\/www.visit-ulcinj.com\/blog\/wp-content\/uploads\/2008\/12\/dukanovic_munk-300x200.jpg\",\"contentUrl\":\"http:\/\/www.visit-ulcinj.com\/blog\/wp-content\/uploads\/2008\/12\/dukanovic_munk-300x200.jpg\"},{\"@type\":\"WebPage\",\"@id\":\"https:\/\/www.visit-ulcinj.com\/blog\/2008\/12\/10\/dukanovic-investitori-nece-napustiti-crnu-goru\/#webpage\",\"url\":\"https:\/\/www.visit-ulcinj.com\/blog\/2008\/12\/10\/dukanovic-investitori-nece-napustiti-crnu-goru\/\",\"name\":\"?ukanovi?: Investitori ne?e napustiti Crnu Goru - Lajme nga Ulqini\",\"isPartOf\":{\"@id\":\"https:\/\/www.visit-ulcinj.com\/blog\/#website\"},\"primaryImageOfPage\":{\"@id\":\"https:\/\/www.visit-ulcinj.com\/blog\/2008\/12\/10\/dukanovic-investitori-nece-napustiti-crnu-goru\/#primaryimage\"},\"datePublished\":\"2008-12-10T16:49:51+00:00\",\"dateModified\":\"2008-12-12T18:32:39+00:00\",\"author\":{\"@id\":\"https:\/\/www.visit-ulcinj.com\/blog\/#\/schema\/person\/dcab619c614d3038751c63bc2aadc06d\"},\"description\":\"PODGORICA - Vlada nema informacije da ?e bilo ko od njenih privatizacionih partnera, uklju?uju?i i vlasnika \u017deljezare, napustiti Crnu Goru zbog problema u\",\"breadcrumb\":{\"@id\":\"https:\/\/www.visit-ulcinj.com\/blog\/2008\/12\/10\/dukanovic-investitori-nece-napustiti-crnu-goru\/#breadcrumb\"},\"inLanguage\":\"en-US\",\"potentialAction\":[{\"@type\":\"ReadAction\",\"target\":[\"https:\/\/www.visit-ulcinj.com\/blog\/2008\/12\/10\/dukanovic-investitori-nece-napustiti-crnu-goru\/\"]}]},{\"@type\":\"BreadcrumbList\",\"@id\":\"https:\/\/www.visit-ulcinj.com\/blog\/2008\/12\/10\/dukanovic-investitori-nece-napustiti-crnu-goru\/#breadcrumb\",\"itemListElement\":[{\"@type\":\"ListItem\",\"position\":1,\"name\":\"?ukanovi?: Investitori ne?e napustiti Crnu Goru\"}]},{\"@type\":\"Person\",\"@id\":\"https:\/\/www.visit-ulcinj.com\/blog\/#\/schema\/person\/dcab619c614d3038751c63bc2aadc06d\",\"name\":\"ulqini\",\"sameAs\":[\"http:\/\/www.visit-ulcinj.com\"],\"url\":\"https:\/\/www.visit-ulcinj.com\/blog\/author\/admin\/\"}]}<\/script>\n<!-- \/ Yoast SEO plugin. -->","yoast_head_json":{"title":"?ukanovi?: Investitori ne?e napustiti Crnu Goru - Lajme nga Ulqini","description":"PODGORICA - Vlada nema informacije da ?e bilo ko od njenih privatizacionih partnera, uklju?uju?i i vlasnika \u017deljezare, napustiti Crnu Goru zbog problema u","robots":{"index":"index","follow":"follow","max-snippet":"max-snippet:-1","max-image-preview":"max-image-preview:large","max-video-preview":"max-video-preview:-1"},"canonical":"https:\/\/www.visit-ulcinj.com\/blog\/2008\/12\/10\/dukanovic-investitori-nece-napustiti-crnu-goru\/","og_locale":"en_US","og_type":"article","og_title":"?ukanovi?: Investitori ne?e napustiti Crnu Goru - Lajme nga Ulqini","og_description":"PODGORICA - Vlada nema informacije da ?e bilo ko od njenih privatizacionih partnera, uklju?uju?i i vlasnika \u017deljezare, napustiti Crnu Goru zbog problema u","og_url":"https:\/\/www.visit-ulcinj.com\/blog\/2008\/12\/10\/dukanovic-investitori-nece-napustiti-crnu-goru\/","og_site_name":"Lajme nga Ulqini","article_published_time":"2008-12-10T16:49:51+00:00","article_modified_time":"2008-12-12T18:32:39+00:00","og_image":[{"url":"http:\/\/www.visit-ulcinj.com\/blog\/wp-content\/uploads\/2008\/12\/dukanovic_munk-300x200.jpg"}],"twitter_misc":{"Written by":"ulqini","Est. reading time":"4 minutes"},"schema":{"@context":"https:\/\/schema.org","@graph":[{"@type":"WebSite","@id":"https:\/\/www.visit-ulcinj.com\/blog\/#website","url":"https:\/\/www.visit-ulcinj.com\/blog\/","name":"Lajme nga Ulqini","description":"Lajme,Vijesti,Ulqini,Ulqin,Crna Gora,Mali i Zi","potentialAction":[{"@type":"SearchAction","target":{"@type":"EntryPoint","urlTemplate":"https:\/\/www.visit-ulcinj.com\/blog\/?s={search_term_string}"},"query-input":"required name=search_term_string"}],"inLanguage":"en-US"},{"@type":"ImageObject","inLanguage":"en-US","@id":"https:\/\/www.visit-ulcinj.com\/blog\/2008\/12\/10\/dukanovic-investitori-nece-napustiti-crnu-goru\/#primaryimage","url":"http:\/\/www.visit-ulcinj.com\/blog\/wp-content\/uploads\/2008\/12\/dukanovic_munk-300x200.jpg","contentUrl":"http:\/\/www.visit-ulcinj.com\/blog\/wp-content\/uploads\/2008\/12\/dukanovic_munk-300x200.jpg"},{"@type":"WebPage","@id":"https:\/\/www.visit-ulcinj.com\/blog\/2008\/12\/10\/dukanovic-investitori-nece-napustiti-crnu-goru\/#webpage","url":"https:\/\/www.visit-ulcinj.com\/blog\/2008\/12\/10\/dukanovic-investitori-nece-napustiti-crnu-goru\/","name":"?ukanovi?: Investitori ne?e napustiti Crnu Goru - Lajme nga Ulqini","isPartOf":{"@id":"https:\/\/www.visit-ulcinj.com\/blog\/#website"},"primaryImageOfPage":{"@id":"https:\/\/www.visit-ulcinj.com\/blog\/2008\/12\/10\/dukanovic-investitori-nece-napustiti-crnu-goru\/#primaryimage"},"datePublished":"2008-12-10T16:49:51+00:00","dateModified":"2008-12-12T18:32:39+00:00","author":{"@id":"https:\/\/www.visit-ulcinj.com\/blog\/#\/schema\/person\/dcab619c614d3038751c63bc2aadc06d"},"description":"PODGORICA - Vlada nema informacije da ?e bilo ko od njenih privatizacionih partnera, uklju?uju?i i vlasnika \u017deljezare, napustiti Crnu Goru zbog problema u","breadcrumb":{"@id":"https:\/\/www.visit-ulcinj.com\/blog\/2008\/12\/10\/dukanovic-investitori-nece-napustiti-crnu-goru\/#breadcrumb"},"inLanguage":"en-US","potentialAction":[{"@type":"ReadAction","target":["https:\/\/www.visit-ulcinj.com\/blog\/2008\/12\/10\/dukanovic-investitori-nece-napustiti-crnu-goru\/"]}]},{"@type":"BreadcrumbList","@id":"https:\/\/www.visit-ulcinj.com\/blog\/2008\/12\/10\/dukanovic-investitori-nece-napustiti-crnu-goru\/#breadcrumb","itemListElement":[{"@type":"ListItem","position":1,"name":"?ukanovi?: Investitori ne?e napustiti Crnu Goru"}]},{"@type":"Person","@id":"https:\/\/www.visit-ulcinj.com\/blog\/#\/schema\/person\/dcab619c614d3038751c63bc2aadc06d","name":"ulqini","sameAs":["http:\/\/www.visit-ulcinj.com"],"url":"https:\/\/www.visit-ulcinj.com\/blog\/author\/admin\/"}]}},"jetpack_featured_media_url":"","jetpack_sharing_enabled":true,"jetpack_shortlink":"https:\/\/wp.me\/pe6lTn-1PT","_links":{"self":[{"href":"https:\/\/www.visit-ulcinj.com\/blog\/wp-json\/wp\/v2\/posts\/7061"}],"collection":[{"href":"https:\/\/www.visit-ulcinj.com\/blog\/wp-json\/wp\/v2\/posts"}],"about":[{"href":"https:\/\/www.visit-ulcinj.com\/blog\/wp-json\/wp\/v2\/types\/post"}],"author":[{"embeddable":true,"href":"https:\/\/www.visit-ulcinj.com\/blog\/wp-json\/wp\/v2\/users\/1"}],"replies":[{"embeddable":true,"href":"https:\/\/www.visit-ulcinj.com\/blog\/wp-json\/wp\/v2\/comments?post=7061"}],"version-history":[{"count":0,"href":"https:\/\/www.visit-ulcinj.com\/blog\/wp-json\/wp\/v2\/posts\/7061\/revisions"}],"wp:attachment":[{"href":"https:\/\/www.visit-ulcinj.com\/blog\/wp-json\/wp\/v2\/media?parent=7061"}],"wp:term":[{"taxonomy":"category","embeddable":true,"href":"https:\/\/www.visit-ulcinj.com\/blog\/wp-json\/wp\/v2\/categories?post=7061"},{"taxonomy":"post_tag","embeddable":true,"href":"https:\/\/www.visit-ulcinj.com\/blog\/wp-json\/wp\/v2\/tags?post=7061"}],"curies":[{"name":"wp","href":"https:\/\/api.w.org\/{rel}","templated":true}]}}