{"id":70625,"date":"2013-04-19T10:10:09","date_gmt":"2013-04-19T09:10:09","guid":{"rendered":"http:\/\/www.visit-ulcinj.com\/blog\/?p=70625"},"modified":"2013-04-19T10:10:23","modified_gmt":"2013-04-19T09:10:23","slug":"sajam-u-pristini-od-17-do-19-04-13","status":"publish","type":"post","link":"https:\/\/www.visit-ulcinj.com\/blog\/2013\/04\/19\/sajam-u-pristini-od-17-do-19-04-13\/","title":{"rendered":"Sajam u Pri\u0161tini od 17 do 19.04.13"},"content":{"rendered":"<p><a href=\"http:\/\/www.visit-ulcinj.com\/blog\/wp-content\/uploads\/2013\/04\/Sajam-u-Pristini.jpg\"><img loading=\"lazy\" class=\"alignleft  wp-image-70627\" alt=\"Sajam u Pristini\" src=\"http:\/\/www.visit-ulcinj.com\/blog\/wp-content\/uploads\/2013\/04\/Sajam-u-Pristini.jpg\" width=\"508\" height=\"360\" \/><\/a>Na 10.me\u0111unarodnom sajmu turizma koji se odr\u017eava u Pri\u0161tini od 17 do 19.aprila, Turisti\u010dka Organizacija Ulcinj nastupa u saradnji sa Op\u0161tinom Ulcinj. Sajam je otvoren u 11.00 \u010dasova a pozdravne rije\u010di dobrodo\u0161lice je uputio i gradona\u010delnik Ulcinja g.Nazif Cungu. Na ovom sajmu na kojem je prisutan veliki broj izlaga\u010da iz zemalja okru\u017eenja, OT Ulcinj je obezbjedila za prezentaciju grada i svih zainteresovanih turisti\u010dkih subjekata 30m2 izlaga\u010dkog prostora. Tako\u0111e OT Ulcinj je za ovu priliku \u0161tampala nekoliko primjeraka novog kataloga za hotelski i privatni smje\u0161taj na albanskom jeziku kojim je obogatila promovisanje svoje ponude.<\/p>\n<p>U cilju \u0161to kvalitetnije promocije i upoznavanja kosovske javnosti sa novitetima u turisti\u010dkoj ponudi Ulcinja za 2013.godinu, delegacija Ulcinja koju predvodi gradona\u010delnik Cung \u00a0je organizovala pres konferenciju za medije sa Kosova u hotelu Swiss Diamond, na kojoj su bile prisutne najve\u0107e nacionalne televizije i novine kao \u0161to su: RTK, RTV21, Koha, Klan Kosova, Zeri, Bota Sot, Koha Ditore, Kosova Press, Radio Dukagjini, Tv Rrokum, turisti\u010dke agencije i turisti\u010dki privrednici, direktor Biznis Alijanse Kosova Agim Sahini, direktor turisti\u010dkog udru\u017eenja Kosova Shkelzen Riza kao i direktor sekretarijata za turizam iz Albanije.<\/p>\n<p>Poslije press konferencije je uprili\u010den koktel za sve prisutne i nagla\u0161eno je da je priprema sezone otpo\u010dela ranije i to na svim nivoima. Od turisti\u010dkih privrednika sa podru\u010dja Ulcinjske Op\u0161tine prisutni su i HTP Ulcinjska Rivijera, Hoteli Otrant, Albatros, Meiteran, htp Velika Plaza, firma Giovanni Trade, agencije MCM Travel, Arlind Tours i dr koji ce ovih dana imati brojne kontakte sa partnerima i zainteresovanim klijentima.<\/p>\n<p>Vjerujemo da \u0107e anga\u017eovanje Turisti\u010dke Organizacije Ulcinj da se predstavi na najbolji mogu\u0107i na\u010din pozitivno rezultirati pove\u0107anju broja gostiju sa Kosova koji su pro\u0161le godine realizovali 211.195 no\u0107enja.<\/p>\n<p>&nbsp;<\/p>\n<p>Stru\u010dna slu\u017eba TO Ulcinj<\/p>\n","protected":false},"excerpt":{"rendered":"<p>Na 10.me\u0111unarodnom sajmu turizma koji se odr\u017eava u Pri\u0161tini od 17 do 19.aprila, Turisti\u010dka Organizacija Ulcinj nastupa u saradnji sa Op\u0161tinom Ulcinj. Sajam je otvoren u 11.00 \u010dasova a pozdravne rije\u010di dobrodo\u0161lice je uputio i gradona\u010delnik Ulcinja g.Nazif Cungu. Na ovom sajmu na kojem je prisutan veliki broj izlaga\u010da iz zemalja okru\u017eenja, OT Ulcinj je [&hellip;]<\/p>\n","protected":false},"author":1,"featured_media":0,"comment_status":"open","ping_status":"closed","sticky":false,"template":"","format":"standard","meta":{"spay_email":"","jetpack_publicize_message":"","jetpack_is_tweetstorm":false,"jetpack_publicize_feature_enabled":true},"categories":[8337],"tags":[],"jetpack_publicize_connections":[],"yoast_head":"<!-- This site is optimized with the Yoast SEO plugin v19.1 - https:\/\/yoast.com\/wordpress\/plugins\/seo\/ -->\n<title>Sajam u Pri\u0161tini od 17 do 19.04.13 - Lajme nga Ulqini<\/title>\n<meta name=\"description\" content=\"Na 10.me\u0111unarodnom sajmu turizma koji se odr\u017eava u Pri\u0161tini od 17 do 19.aprila, Turisti\u010dka Organizacija Ulcinj nastupa u saradnji sa Op\u0161tinom Ulcinj.\" \/>\n<meta name=\"robots\" content=\"index, follow, max-snippet:-1, max-image-preview:large, max-video-preview:-1\" \/>\n<link rel=\"canonical\" href=\"https:\/\/www.visit-ulcinj.com\/blog\/2013\/04\/19\/sajam-u-pristini-od-17-do-19-04-13\/\" \/>\n<meta property=\"og:locale\" content=\"en_US\" \/>\n<meta property=\"og:type\" content=\"article\" \/>\n<meta property=\"og:title\" content=\"Sajam u Pri\u0161tini od 17 do 19.04.13 - Lajme nga Ulqini\" \/>\n<meta property=\"og:description\" content=\"Na 10.me\u0111unarodnom sajmu turizma koji se odr\u017eava u Pri\u0161tini od 17 do 19.aprila, Turisti\u010dka Organizacija Ulcinj nastupa u saradnji sa Op\u0161tinom Ulcinj.\" \/>\n<meta property=\"og:url\" content=\"https:\/\/www.visit-ulcinj.com\/blog\/2013\/04\/19\/sajam-u-pristini-od-17-do-19-04-13\/\" \/>\n<meta property=\"og:site_name\" content=\"Lajme nga Ulqini\" \/>\n<meta property=\"article:published_time\" content=\"2013-04-19T09:10:09+00:00\" \/>\n<meta property=\"article:modified_time\" content=\"2013-04-19T09:10:23+00:00\" \/>\n<meta property=\"og:image\" content=\"http:\/\/www.visit-ulcinj.com\/blog\/wp-content\/uploads\/2013\/04\/Sajam-u-Pristini.jpg\" \/>\n<meta name=\"twitter:label1\" content=\"Written by\" \/>\n\t<meta name=\"twitter:data1\" content=\"ulqini\" \/>\n\t<meta name=\"twitter:label2\" content=\"Est. reading time\" \/>\n\t<meta name=\"twitter:data2\" content=\"2 minutes\" \/>\n<script type=\"application\/ld+json\" class=\"yoast-schema-graph\">{\"@context\":\"https:\/\/schema.org\",\"@graph\":[{\"@type\":\"WebSite\",\"@id\":\"https:\/\/www.visit-ulcinj.com\/blog\/#website\",\"url\":\"https:\/\/www.visit-ulcinj.com\/blog\/\",\"name\":\"Lajme nga Ulqini\",\"description\":\"Lajme,Vijesti,Ulqini,Ulqin,Crna Gora,Mali i Zi\",\"potentialAction\":[{\"@type\":\"SearchAction\",\"target\":{\"@type\":\"EntryPoint\",\"urlTemplate\":\"https:\/\/www.visit-ulcinj.com\/blog\/?s={search_term_string}\"},\"query-input\":\"required name=search_term_string\"}],\"inLanguage\":\"en-US\"},{\"@type\":\"ImageObject\",\"inLanguage\":\"en-US\",\"@id\":\"https:\/\/www.visit-ulcinj.com\/blog\/2013\/04\/19\/sajam-u-pristini-od-17-do-19-04-13\/#primaryimage\",\"url\":\"https:\/\/www.visit-ulcinj.com\/blog\/wp-content\/uploads\/2013\/04\/Sajam-u-Pristini.jpg\",\"contentUrl\":\"https:\/\/www.visit-ulcinj.com\/blog\/wp-content\/uploads\/2013\/04\/Sajam-u-Pristini.jpg\",\"width\":800,\"height\":600},{\"@type\":\"WebPage\",\"@id\":\"https:\/\/www.visit-ulcinj.com\/blog\/2013\/04\/19\/sajam-u-pristini-od-17-do-19-04-13\/#webpage\",\"url\":\"https:\/\/www.visit-ulcinj.com\/blog\/2013\/04\/19\/sajam-u-pristini-od-17-do-19-04-13\/\",\"name\":\"Sajam u Pri\u0161tini od 17 do 19.04.13 - Lajme nga Ulqini\",\"isPartOf\":{\"@id\":\"https:\/\/www.visit-ulcinj.com\/blog\/#website\"},\"primaryImageOfPage\":{\"@id\":\"https:\/\/www.visit-ulcinj.com\/blog\/2013\/04\/19\/sajam-u-pristini-od-17-do-19-04-13\/#primaryimage\"},\"datePublished\":\"2013-04-19T09:10:09+00:00\",\"dateModified\":\"2013-04-19T09:10:23+00:00\",\"author\":{\"@id\":\"https:\/\/www.visit-ulcinj.com\/blog\/#\/schema\/person\/dcab619c614d3038751c63bc2aadc06d\"},\"description\":\"Na 10.me\u0111unarodnom sajmu turizma koji se odr\u017eava u Pri\u0161tini od 17 do 19.aprila, Turisti\u010dka Organizacija Ulcinj nastupa u saradnji sa Op\u0161tinom Ulcinj.\",\"breadcrumb\":{\"@id\":\"https:\/\/www.visit-ulcinj.com\/blog\/2013\/04\/19\/sajam-u-pristini-od-17-do-19-04-13\/#breadcrumb\"},\"inLanguage\":\"en-US\",\"potentialAction\":[{\"@type\":\"ReadAction\",\"target\":[\"https:\/\/www.visit-ulcinj.com\/blog\/2013\/04\/19\/sajam-u-pristini-od-17-do-19-04-13\/\"]}]},{\"@type\":\"BreadcrumbList\",\"@id\":\"https:\/\/www.visit-ulcinj.com\/blog\/2013\/04\/19\/sajam-u-pristini-od-17-do-19-04-13\/#breadcrumb\",\"itemListElement\":[{\"@type\":\"ListItem\",\"position\":1,\"name\":\"Sajam u Pri\u0161tini od 17 do 19.04.13\"}]},{\"@type\":\"Person\",\"@id\":\"https:\/\/www.visit-ulcinj.com\/blog\/#\/schema\/person\/dcab619c614d3038751c63bc2aadc06d\",\"name\":\"ulqini\",\"sameAs\":[\"http:\/\/www.visit-ulcinj.com\"],\"url\":\"https:\/\/www.visit-ulcinj.com\/blog\/author\/admin\/\"}]}<\/script>\n<!-- \/ Yoast SEO plugin. -->","yoast_head_json":{"title":"Sajam u Pri\u0161tini od 17 do 19.04.13 - Lajme nga Ulqini","description":"Na 10.me\u0111unarodnom sajmu turizma koji se odr\u017eava u Pri\u0161tini od 17 do 19.aprila, Turisti\u010dka Organizacija Ulcinj nastupa u saradnji sa Op\u0161tinom Ulcinj.","robots":{"index":"index","follow":"follow","max-snippet":"max-snippet:-1","max-image-preview":"max-image-preview:large","max-video-preview":"max-video-preview:-1"},"canonical":"https:\/\/www.visit-ulcinj.com\/blog\/2013\/04\/19\/sajam-u-pristini-od-17-do-19-04-13\/","og_locale":"en_US","og_type":"article","og_title":"Sajam u Pri\u0161tini od 17 do 19.04.13 - Lajme nga Ulqini","og_description":"Na 10.me\u0111unarodnom sajmu turizma koji se odr\u017eava u Pri\u0161tini od 17 do 19.aprila, Turisti\u010dka Organizacija Ulcinj nastupa u saradnji sa Op\u0161tinom Ulcinj.","og_url":"https:\/\/www.visit-ulcinj.com\/blog\/2013\/04\/19\/sajam-u-pristini-od-17-do-19-04-13\/","og_site_name":"Lajme nga Ulqini","article_published_time":"2013-04-19T09:10:09+00:00","article_modified_time":"2013-04-19T09:10:23+00:00","og_image":[{"url":"http:\/\/www.visit-ulcinj.com\/blog\/wp-content\/uploads\/2013\/04\/Sajam-u-Pristini.jpg"}],"twitter_misc":{"Written by":"ulqini","Est. reading time":"2 minutes"},"schema":{"@context":"https:\/\/schema.org","@graph":[{"@type":"WebSite","@id":"https:\/\/www.visit-ulcinj.com\/blog\/#website","url":"https:\/\/www.visit-ulcinj.com\/blog\/","name":"Lajme nga Ulqini","description":"Lajme,Vijesti,Ulqini,Ulqin,Crna Gora,Mali i Zi","potentialAction":[{"@type":"SearchAction","target":{"@type":"EntryPoint","urlTemplate":"https:\/\/www.visit-ulcinj.com\/blog\/?s={search_term_string}"},"query-input":"required name=search_term_string"}],"inLanguage":"en-US"},{"@type":"ImageObject","inLanguage":"en-US","@id":"https:\/\/www.visit-ulcinj.com\/blog\/2013\/04\/19\/sajam-u-pristini-od-17-do-19-04-13\/#primaryimage","url":"https:\/\/www.visit-ulcinj.com\/blog\/wp-content\/uploads\/2013\/04\/Sajam-u-Pristini.jpg","contentUrl":"https:\/\/www.visit-ulcinj.com\/blog\/wp-content\/uploads\/2013\/04\/Sajam-u-Pristini.jpg","width":800,"height":600},{"@type":"WebPage","@id":"https:\/\/www.visit-ulcinj.com\/blog\/2013\/04\/19\/sajam-u-pristini-od-17-do-19-04-13\/#webpage","url":"https:\/\/www.visit-ulcinj.com\/blog\/2013\/04\/19\/sajam-u-pristini-od-17-do-19-04-13\/","name":"Sajam u Pri\u0161tini od 17 do 19.04.13 - Lajme nga Ulqini","isPartOf":{"@id":"https:\/\/www.visit-ulcinj.com\/blog\/#website"},"primaryImageOfPage":{"@id":"https:\/\/www.visit-ulcinj.com\/blog\/2013\/04\/19\/sajam-u-pristini-od-17-do-19-04-13\/#primaryimage"},"datePublished":"2013-04-19T09:10:09+00:00","dateModified":"2013-04-19T09:10:23+00:00","author":{"@id":"https:\/\/www.visit-ulcinj.com\/blog\/#\/schema\/person\/dcab619c614d3038751c63bc2aadc06d"},"description":"Na 10.me\u0111unarodnom sajmu turizma koji se odr\u017eava u Pri\u0161tini od 17 do 19.aprila, Turisti\u010dka Organizacija Ulcinj nastupa u saradnji sa Op\u0161tinom Ulcinj.","breadcrumb":{"@id":"https:\/\/www.visit-ulcinj.com\/blog\/2013\/04\/19\/sajam-u-pristini-od-17-do-19-04-13\/#breadcrumb"},"inLanguage":"en-US","potentialAction":[{"@type":"ReadAction","target":["https:\/\/www.visit-ulcinj.com\/blog\/2013\/04\/19\/sajam-u-pristini-od-17-do-19-04-13\/"]}]},{"@type":"BreadcrumbList","@id":"https:\/\/www.visit-ulcinj.com\/blog\/2013\/04\/19\/sajam-u-pristini-od-17-do-19-04-13\/#breadcrumb","itemListElement":[{"@type":"ListItem","position":1,"name":"Sajam u Pri\u0161tini od 17 do 19.04.13"}]},{"@type":"Person","@id":"https:\/\/www.visit-ulcinj.com\/blog\/#\/schema\/person\/dcab619c614d3038751c63bc2aadc06d","name":"ulqini","sameAs":["http:\/\/www.visit-ulcinj.com"],"url":"https:\/\/www.visit-ulcinj.com\/blog\/author\/admin\/"}]}},"jetpack_featured_media_url":"","jetpack_sharing_enabled":true,"jetpack_shortlink":"https:\/\/wp.me\/pe6lTn-in7","_links":{"self":[{"href":"https:\/\/www.visit-ulcinj.com\/blog\/wp-json\/wp\/v2\/posts\/70625"}],"collection":[{"href":"https:\/\/www.visit-ulcinj.com\/blog\/wp-json\/wp\/v2\/posts"}],"about":[{"href":"https:\/\/www.visit-ulcinj.com\/blog\/wp-json\/wp\/v2\/types\/post"}],"author":[{"embeddable":true,"href":"https:\/\/www.visit-ulcinj.com\/blog\/wp-json\/wp\/v2\/users\/1"}],"replies":[{"embeddable":true,"href":"https:\/\/www.visit-ulcinj.com\/blog\/wp-json\/wp\/v2\/comments?post=70625"}],"version-history":[{"count":3,"href":"https:\/\/www.visit-ulcinj.com\/blog\/wp-json\/wp\/v2\/posts\/70625\/revisions"}],"predecessor-version":[{"id":70629,"href":"https:\/\/www.visit-ulcinj.com\/blog\/wp-json\/wp\/v2\/posts\/70625\/revisions\/70629"}],"wp:attachment":[{"href":"https:\/\/www.visit-ulcinj.com\/blog\/wp-json\/wp\/v2\/media?parent=70625"}],"wp:term":[{"taxonomy":"category","embeddable":true,"href":"https:\/\/www.visit-ulcinj.com\/blog\/wp-json\/wp\/v2\/categories?post=70625"},{"taxonomy":"post_tag","embeddable":true,"href":"https:\/\/www.visit-ulcinj.com\/blog\/wp-json\/wp\/v2\/tags?post=70625"}],"curies":[{"name":"wp","href":"https:\/\/api.w.org\/{rel}","templated":true}]}}