{"id":70631,"date":"2013-04-19T10:14:39","date_gmt":"2013-04-19T09:14:39","guid":{"rendered":"http:\/\/www.visit-ulcinj.com\/blog\/?p=70631"},"modified":"2013-05-31T14:24:03","modified_gmt":"2013-05-31T13:24:03","slug":"prezantohet-oferta-turistike-e-ulqinit-ne-prishtine","status":"publish","type":"post","link":"https:\/\/www.visit-ulcinj.com\/blog\/2013\/04\/19\/prezantohet-oferta-turistike-e-ulqinit-ne-prishtine\/","title":{"rendered":"Prezantohet oferta turistike e Ulqinit n\u00eb Prishtin\u00eb"},"content":{"rendered":"<p><a href=\"http:\/\/www.visit-ulcinj.com\/blog\/wp-content\/uploads\/2013\/04\/Sajam-u-Pristini.jpg\"><img loading=\"lazy\" class=\"alignleft  wp-image-70627\" alt=\"Sajam u Pristini\" src=\"http:\/\/www.visit-ulcinj.com\/blog\/wp-content\/uploads\/2013\/04\/Sajam-u-Pristini.jpg\" width=\"508\" height=\"360\" \/><\/a>Panairi i Prishtin\u00ebs (17-19.04)<br \/>\nOrganizata Turistike e Ulqinit n\u00eb bashk\u00ebpunim me Komun\u00ebn e Ulqinit \u00ebsht\u00eb duke marr\u00eb pjes\u00eb n\u00eb panairin e 10 nd\u00ebrkomb\u00ebtar t\u00eb turizmit n\u00eb Prishtin\u00eb i cili po mbahet n\u00eb pallatin e rinis\u00eb. Panairi filloi sot ne ora 11.00 ku fjalen pershendetese e kishte kryetari i Komun\u00ebs z.Nazif Cungu. N\u00eb k\u00ebt\u00eb panair n\u00eb t\u00eb cilin jan\u00eb prezent shum\u00eb ekspozues nga vende t\u00eb ndryshme nga regjioni, Organizata Turistike ka siguruar nj\u00eb stend\u00eb prej 30m2 p\u00ebr t\u00eb gjith\u00eb afarist\u00ebt e Ulqinit n\u00eb m\u00ebnyr\u00eb q\u00eb t\u00eb b\u00ebhet ekpozimi i materijalit promovues dhe shk\u00ebmbimi i kontakteve me afarist\u00eb dhe agjensi t\u00eb ndryshme turistike nga Kosova. OT poashtu ka b\u00ebr\u00eb publikimin e katalogut per akomodimin e hoteleve dhe atij privat edhe n\u00eb gjuh\u00ebn shqipe dhe nj\u00eb video t\u00eb shkurt\u00ebr me disa fotografi t\u00eb qytetit p\u00ebr t\u00eb gjith\u00eb t\u00eb interesuarit nga Kosova.<\/p>\n<p>Me q\u00ebllim t\u00eb nj\u00eb promovimi m\u00eb t\u00eb mir\u00eb t\u00eb ofert\u00ebs turistike p\u00ebr sezonin 2013, delegacioni i Ulqinit n\u00eb krye me Kryetarin e Komunes z.Nazif Cungu, nenkryetarin Xhaudet Cakulin dhe kryetarin e Kuvendit Milazim Mustafen ka mbajtur sot nj\u00eb press konferenc\u00eb n\u00eb hotelin Swiss Diamond p\u00ebr t\u00eb gjith\u00eb medijat e Kosov\u00ebs ku prezente  ishin televizionet nacionale si dhe gazetat sic jane: RTK, RTV21, Koha, Klan Kosova, Zeri, Bota Sot, Koha Ditore, Kosova Press, Radio Dukagjini, TV Rrokum,  shum\u00eb agjensi turistike nga Kosova, Biznis Alijansa e Kosov\u00ebs n\u00eb krye me Agim Shahinin, drejtori i lidhjes Turistike t\u00eb Kosov\u00ebs z.Shk\u00eblzen Riza si dhe drejtori i sekretarijatit turistik te Shqiperise. Pas press konferenc\u00ebs p\u00ebr t\u00eb gjith\u00eb t\u00eb pranishmit ka vijuar nj\u00eb koktej ku me k\u00ebt\u00eb rast kemi shprehur edhe k\u00ebnaqesin\u00eb p\u00ebr prezenc\u00ebn dhe respektin e miq\u00ebve tan\u00eb nga Kosova. Duhet permendur qe koktejin ne kete hotel finansijarisht e ka perkrahur firma TB INFINITY ne kuader te se ciles punon stacioni i autobusave ne Ulqin. Prej afarist\u00ebve t\u00eb Ulqinit q\u00eb kan\u00eb vendosur t\u00eb b\u00ebjn\u00eb promovimin e ofert\u00ebs s\u00eb vet turistike ishin Rivijera e Ulqinit, hotelet Otrant, Mediteran, Albatrosi, Htp Plazhi i madh, firma Giovanni trade agjensite Mcm Travel, Arlind Tours si dhe shum\u00eb t\u00eb tjer\u00eb.<\/p>\n<p>Shpresojm\u00eb q\u00eb me k\u00ebt\u00eb angazhim q\u00eb Organizata Turistike ka b\u00ebr\u00eb gjithnj\u00eb n\u00eb bashk\u00ebpunim me Komun\u00ebn e Ulqinit ka arrit\u00eb sa do pak q\u00eb numri i turist\u00ebve nga Kosova t\u00eb jet\u00eb m\u00eb i madh se sa vitin e kaluar i cili ishte 25.381 turist\u00eb q\u00eb kan\u00eb realizuar 211.195 fjetje. <\/p>\n<p>Sherbimi i Organizate Turistike<\/p>\n\n\t\t<style type=\"text\/css\">\n\t\t\t#gallery-1 {\n\t\t\t\tmargin: auto;\n\t\t\t}\n\t\t\t#gallery-1 .gallery-item {\n\t\t\t\tfloat: left;\n\t\t\t\tmargin-top: 10px;\n\t\t\t\ttext-align: center;\n\t\t\t\twidth: 33%;\n\t\t\t}\n\t\t\t#gallery-1 img {\n\t\t\t\tborder: 2px solid #cfcfcf;\n\t\t\t}\n\t\t\t#gallery-1 .gallery-caption {\n\t\t\t\tmargin-left: 0;\n\t\t\t}\n\t\t\t\/* see gallery_shortcode() in wp-includes\/media.php *\/\n\t\t<\/style>\n\t\t<div id='gallery-1' class='gallery galleryid-70631 gallery-columns-3 gallery-size-thumbnail'><dl class='gallery-item'>\n\t\t\t<dt class='gallery-icon landscape'>\n\t\t\t\t<a href='https:\/\/www.visit-ulcinj.com\/blog\/2013\/04\/19\/prezantohet-oferta-turistike-e-ulqinit-ne-prishtine\/oferta-turistike-e-ulqinit-ne-prishtine-4\/'><img width=\"150\" height=\"150\" src=\"https:\/\/www.visit-ulcinj.com\/blog\/wp-content\/uploads\/2013\/04\/oferta-turistike-e-Ulqinit-n\u00eb-Prishtin\u00eb.4-150x150.jpg\" class=\"attachment-thumbnail size-thumbnail\" alt=\"\" loading=\"lazy\" \/><\/a>\n\t\t\t<\/dt><\/dl><dl class='gallery-item'>\n\t\t\t<dt class='gallery-icon landscape'>\n\t\t\t\t<a href='https:\/\/www.visit-ulcinj.com\/blog\/2013\/04\/19\/prezantohet-oferta-turistike-e-ulqinit-ne-prishtine\/oferta-turistike-e-ulqinit-ne-prishtine-5\/'><img width=\"150\" height=\"150\" src=\"https:\/\/www.visit-ulcinj.com\/blog\/wp-content\/uploads\/2013\/04\/oferta-turistike-e-Ulqinit-n\u00eb-Prishtin\u00eb.5-150x150.jpg\" class=\"attachment-thumbnail size-thumbnail\" alt=\"\" loading=\"lazy\" \/><\/a>\n\t\t\t<\/dt><\/dl><dl class='gallery-item'>\n\t\t\t<dt class='gallery-icon landscape'>\n\t\t\t\t<a href='https:\/\/www.visit-ulcinj.com\/blog\/2013\/04\/19\/prezantohet-oferta-turistike-e-ulqinit-ne-prishtine\/oferta-turistike-e-ulqinit-ne-prishtine-6\/'><img width=\"150\" height=\"150\" src=\"https:\/\/www.visit-ulcinj.com\/blog\/wp-content\/uploads\/2013\/04\/oferta-turistike-e-Ulqinit-n\u00eb-Prishtin\u00eb.6-150x150.jpg\" class=\"attachment-thumbnail size-thumbnail\" alt=\"\" loading=\"lazy\" \/><\/a>\n\t\t\t<\/dt><\/dl><br style=\"clear: both\" \/><dl class='gallery-item'>\n\t\t\t<dt class='gallery-icon landscape'>\n\t\t\t\t<a href='https:\/\/www.visit-ulcinj.com\/blog\/2013\/04\/19\/prezantohet-oferta-turistike-e-ulqinit-ne-prishtine\/oferta-turistike-e-ulqinit-ne-prishtine-7\/'><img width=\"150\" height=\"150\" src=\"https:\/\/www.visit-ulcinj.com\/blog\/wp-content\/uploads\/2013\/04\/oferta-turistike-e-Ulqinit-n\u00eb-Prishtin\u00eb.7-150x150.jpg\" class=\"attachment-thumbnail size-thumbnail\" alt=\"\" loading=\"lazy\" \/><\/a>\n\t\t\t<\/dt><\/dl><dl class='gallery-item'>\n\t\t\t<dt class='gallery-icon landscape'>\n\t\t\t\t<a href='https:\/\/www.visit-ulcinj.com\/blog\/2013\/04\/19\/prezantohet-oferta-turistike-e-ulqinit-ne-prishtine\/oferta-turistike-e-ulqinit-ne-prishtine-8\/'><img width=\"150\" height=\"150\" src=\"https:\/\/www.visit-ulcinj.com\/blog\/wp-content\/uploads\/2013\/04\/oferta-turistike-e-Ulqinit-n\u00eb-Prishtin\u00eb.8-150x150.jpg\" class=\"attachment-thumbnail size-thumbnail\" alt=\"\" loading=\"lazy\" \/><\/a>\n\t\t\t<\/dt><\/dl><dl class='gallery-item'>\n\t\t\t<dt class='gallery-icon portrait'>\n\t\t\t\t<a href='https:\/\/www.visit-ulcinj.com\/blog\/2013\/04\/19\/prezantohet-oferta-turistike-e-ulqinit-ne-prishtine\/oferta-turistike-e-ulqinit-ne-prishtine-9\/'><img width=\"150\" height=\"150\" src=\"https:\/\/www.visit-ulcinj.com\/blog\/wp-content\/uploads\/2013\/04\/oferta-turistike-e-Ulqinit-n\u00eb-Prishtin\u00eb.9-150x150.jpg\" class=\"attachment-thumbnail size-thumbnail\" alt=\"\" loading=\"lazy\" \/><\/a>\n\t\t\t<\/dt><\/dl><br style=\"clear: both\" \/><dl class='gallery-item'>\n\t\t\t<dt class='gallery-icon portrait'>\n\t\t\t\t<a href='https:\/\/www.visit-ulcinj.com\/blog\/2013\/04\/19\/prezantohet-oferta-turistike-e-ulqinit-ne-prishtine\/oferta-turistike-e-ulqinit-ne-prishtine-10\/'><img width=\"150\" height=\"150\" src=\"https:\/\/www.visit-ulcinj.com\/blog\/wp-content\/uploads\/2013\/04\/oferta-turistike-e-Ulqinit-n\u00eb-Prishtin\u00eb.10-150x150.jpg\" class=\"attachment-thumbnail size-thumbnail\" alt=\"\" loading=\"lazy\" \/><\/a>\n\t\t\t<\/dt><\/dl><dl class='gallery-item'>\n\t\t\t<dt class='gallery-icon portrait'>\n\t\t\t\t<a href='https:\/\/www.visit-ulcinj.com\/blog\/2013\/04\/19\/prezantohet-oferta-turistike-e-ulqinit-ne-prishtine\/oferta-turistike-e-ulqinit-ne-prishtine\/'><img width=\"150\" height=\"150\" src=\"https:\/\/www.visit-ulcinj.com\/blog\/wp-content\/uploads\/2013\/04\/oferta-turistike-e-Ulqinit-n\u00eb-Prishtin\u00eb-150x150.jpg\" class=\"attachment-thumbnail size-thumbnail\" alt=\"\" loading=\"lazy\" \/><\/a>\n\t\t\t<\/dt><\/dl><dl class='gallery-item'>\n\t\t\t<dt class='gallery-icon landscape'>\n\t\t\t\t<a href='https:\/\/www.visit-ulcinj.com\/blog\/2013\/04\/19\/prezantohet-oferta-turistike-e-ulqinit-ne-prishtine\/oferta-turistike-e-ulqinit-ne-prishtine-1\/'><img width=\"150\" height=\"150\" src=\"https:\/\/www.visit-ulcinj.com\/blog\/wp-content\/uploads\/2013\/04\/oferta-turistike-e-Ulqinit-n\u00eb-Prishtin\u00eb.1-150x150.jpg\" class=\"attachment-thumbnail size-thumbnail\" alt=\"\" loading=\"lazy\" \/><\/a>\n\t\t\t<\/dt><\/dl><br style=\"clear: both\" \/><dl class='gallery-item'>\n\t\t\t<dt class='gallery-icon landscape'>\n\t\t\t\t<a href='https:\/\/www.visit-ulcinj.com\/blog\/2013\/04\/19\/prezantohet-oferta-turistike-e-ulqinit-ne-prishtine\/oferta-turistike-e-ulqinit-ne-prishtine-2\/'><img width=\"150\" height=\"150\" src=\"https:\/\/www.visit-ulcinj.com\/blog\/wp-content\/uploads\/2013\/04\/oferta-turistike-e-Ulqinit-n\u00eb-Prishtin\u00eb.2-150x150.jpg\" class=\"attachment-thumbnail size-thumbnail\" alt=\"\" loading=\"lazy\" \/><\/a>\n\t\t\t<\/dt><\/dl><dl class='gallery-item'>\n\t\t\t<dt class='gallery-icon landscape'>\n\t\t\t\t<a href='https:\/\/www.visit-ulcinj.com\/blog\/2013\/04\/19\/prezantohet-oferta-turistike-e-ulqinit-ne-prishtine\/oferta-turistike-e-ulqinit-ne-prishtine-3\/'><img width=\"150\" height=\"150\" src=\"https:\/\/www.visit-ulcinj.com\/blog\/wp-content\/uploads\/2013\/04\/oferta-turistike-e-Ulqinit-n\u00eb-Prishtin\u00eb.3-150x150.jpg\" class=\"attachment-thumbnail size-thumbnail\" alt=\"\" loading=\"lazy\" \/><\/a>\n\t\t\t<\/dt><\/dl><dl class='gallery-item'>\n\t\t\t<dt class='gallery-icon landscape'>\n\t\t\t\t<a href='https:\/\/www.visit-ulcinj.com\/blog\/2013\/04\/19\/sajam-u-pristini-od-17-do-19-04-13\/sajam-u-pristini\/'><img width=\"150\" height=\"150\" src=\"https:\/\/www.visit-ulcinj.com\/blog\/wp-content\/uploads\/2013\/04\/Sajam-u-Pristini-150x150.jpg\" class=\"attachment-thumbnail size-thumbnail\" alt=\"\" loading=\"lazy\" \/><\/a>\n\t\t\t<\/dt><\/dl><br style=\"clear: both\" \/>\n\t\t<\/div>\n\n","protected":false},"excerpt":{"rendered":"<p>Panairi i Prishtin\u00ebs (17-19.04) Organizata Turistike e Ulqinit n\u00eb bashk\u00ebpunim me Komun\u00ebn e Ulqinit \u00ebsht\u00eb duke marr\u00eb pjes\u00eb n\u00eb panairin e 10 nd\u00ebrkomb\u00ebtar t\u00eb turizmit n\u00eb Prishtin\u00eb i cili po mbahet n\u00eb pallatin e rinis\u00eb. Panairi filloi sot ne ora 11.00 ku fjalen pershendetese e kishte kryetari i Komun\u00ebs z.Nazif Cungu. N\u00eb k\u00ebt\u00eb panair n\u00eb [&hellip;]<\/p>\n","protected":false},"author":1,"featured_media":0,"comment_status":"open","ping_status":"closed","sticky":false,"template":"","format":"standard","meta":{"spay_email":"","jetpack_publicize_message":"","jetpack_is_tweetstorm":false,"jetpack_publicize_feature_enabled":true},"categories":[1,15],"tags":[],"jetpack_publicize_connections":[],"yoast_head":"<!-- This site is optimized with the Yoast SEO plugin v19.1 - https:\/\/yoast.com\/wordpress\/plugins\/seo\/ -->\n<title>Prezantohet oferta turistike e Ulqinit n\u00eb Prishtin\u00eb - Lajme nga Ulqini<\/title>\n<meta name=\"description\" content=\"Panairi i Prishtin\u00ebs (17-19.04) Organizata Turistike e Ulqinit n\u00eb bashk\u00ebpunim me Komun\u00ebn e Ulqinit \u00ebsht\u00eb duke marr\u00eb pjes\u00eb n\u00eb panairin e 10 nd\u00ebrkomb\u00ebtar t\u00eb\" \/>\n<meta name=\"robots\" content=\"index, follow, max-snippet:-1, max-image-preview:large, max-video-preview:-1\" \/>\n<link rel=\"canonical\" href=\"https:\/\/www.visit-ulcinj.com\/blog\/2013\/04\/19\/prezantohet-oferta-turistike-e-ulqinit-ne-prishtine\/\" \/>\n<meta property=\"og:locale\" content=\"en_US\" \/>\n<meta property=\"og:type\" content=\"article\" \/>\n<meta property=\"og:title\" content=\"Prezantohet oferta turistike e Ulqinit n\u00eb Prishtin\u00eb - Lajme nga Ulqini\" \/>\n<meta property=\"og:description\" content=\"Panairi i Prishtin\u00ebs (17-19.04) Organizata Turistike e Ulqinit n\u00eb bashk\u00ebpunim me Komun\u00ebn e Ulqinit \u00ebsht\u00eb duke marr\u00eb pjes\u00eb n\u00eb panairin e 10 nd\u00ebrkomb\u00ebtar t\u00eb\" \/>\n<meta property=\"og:url\" content=\"https:\/\/www.visit-ulcinj.com\/blog\/2013\/04\/19\/prezantohet-oferta-turistike-e-ulqinit-ne-prishtine\/\" \/>\n<meta property=\"og:site_name\" content=\"Lajme nga Ulqini\" \/>\n<meta property=\"article:published_time\" content=\"2013-04-19T09:14:39+00:00\" \/>\n<meta property=\"article:modified_time\" content=\"2013-05-31T13:24:03+00:00\" \/>\n<meta property=\"og:image\" content=\"https:\/\/www.visit-ulcinj.com\/blog\/wp-content\/uploads\/2013\/04\/oferta-turistike-e-Ulqinit-n\u00eb-Prishtin\u00eb.4-150x150.jpg\" \/>\n<meta name=\"twitter:label1\" content=\"Written by\" \/>\n\t<meta name=\"twitter:data1\" content=\"ulqini\" \/>\n\t<meta name=\"twitter:label2\" content=\"Est. reading time\" \/>\n\t<meta name=\"twitter:data2\" content=\"2 minutes\" \/>\n<script type=\"application\/ld+json\" class=\"yoast-schema-graph\">{\"@context\":\"https:\/\/schema.org\",\"@graph\":[{\"@type\":\"WebSite\",\"@id\":\"https:\/\/www.visit-ulcinj.com\/blog\/#website\",\"url\":\"https:\/\/www.visit-ulcinj.com\/blog\/\",\"name\":\"Lajme nga Ulqini\",\"description\":\"Lajme,Vijesti,Ulqini,Ulqin,Crna Gora,Mali i Zi\",\"potentialAction\":[{\"@type\":\"SearchAction\",\"target\":{\"@type\":\"EntryPoint\",\"urlTemplate\":\"https:\/\/www.visit-ulcinj.com\/blog\/?s={search_term_string}\"},\"query-input\":\"required name=search_term_string\"}],\"inLanguage\":\"en-US\"},{\"@type\":\"ImageObject\",\"inLanguage\":\"en-US\",\"@id\":\"https:\/\/www.visit-ulcinj.com\/blog\/2013\/04\/19\/prezantohet-oferta-turistike-e-ulqinit-ne-prishtine\/#primaryimage\",\"url\":\"https:\/\/www.visit-ulcinj.com\/blog\/wp-content\/uploads\/2013\/04\/Sajam-u-Pristini.jpg\",\"contentUrl\":\"https:\/\/www.visit-ulcinj.com\/blog\/wp-content\/uploads\/2013\/04\/Sajam-u-Pristini.jpg\",\"width\":800,\"height\":600},{\"@type\":\"WebPage\",\"@id\":\"https:\/\/www.visit-ulcinj.com\/blog\/2013\/04\/19\/prezantohet-oferta-turistike-e-ulqinit-ne-prishtine\/#webpage\",\"url\":\"https:\/\/www.visit-ulcinj.com\/blog\/2013\/04\/19\/prezantohet-oferta-turistike-e-ulqinit-ne-prishtine\/\",\"name\":\"Prezantohet oferta turistike e Ulqinit n\u00eb Prishtin\u00eb - Lajme nga Ulqini\",\"isPartOf\":{\"@id\":\"https:\/\/www.visit-ulcinj.com\/blog\/#website\"},\"primaryImageOfPage\":{\"@id\":\"https:\/\/www.visit-ulcinj.com\/blog\/2013\/04\/19\/prezantohet-oferta-turistike-e-ulqinit-ne-prishtine\/#primaryimage\"},\"datePublished\":\"2013-04-19T09:14:39+00:00\",\"dateModified\":\"2013-05-31T13:24:03+00:00\",\"author\":{\"@id\":\"https:\/\/www.visit-ulcinj.com\/blog\/#\/schema\/person\/dcab619c614d3038751c63bc2aadc06d\"},\"description\":\"Panairi i Prishtin\u00ebs (17-19.04) Organizata Turistike e Ulqinit n\u00eb bashk\u00ebpunim me Komun\u00ebn e Ulqinit \u00ebsht\u00eb duke marr\u00eb pjes\u00eb n\u00eb panairin e 10 nd\u00ebrkomb\u00ebtar t\u00eb\",\"breadcrumb\":{\"@id\":\"https:\/\/www.visit-ulcinj.com\/blog\/2013\/04\/19\/prezantohet-oferta-turistike-e-ulqinit-ne-prishtine\/#breadcrumb\"},\"inLanguage\":\"en-US\",\"potentialAction\":[{\"@type\":\"ReadAction\",\"target\":[\"https:\/\/www.visit-ulcinj.com\/blog\/2013\/04\/19\/prezantohet-oferta-turistike-e-ulqinit-ne-prishtine\/\"]}]},{\"@type\":\"BreadcrumbList\",\"@id\":\"https:\/\/www.visit-ulcinj.com\/blog\/2013\/04\/19\/prezantohet-oferta-turistike-e-ulqinit-ne-prishtine\/#breadcrumb\",\"itemListElement\":[{\"@type\":\"ListItem\",\"position\":1,\"name\":\"Prezantohet oferta turistike e Ulqinit n\u00eb Prishtin\u00eb\"}]},{\"@type\":\"Person\",\"@id\":\"https:\/\/www.visit-ulcinj.com\/blog\/#\/schema\/person\/dcab619c614d3038751c63bc2aadc06d\",\"name\":\"ulqini\",\"sameAs\":[\"http:\/\/www.visit-ulcinj.com\"],\"url\":\"https:\/\/www.visit-ulcinj.com\/blog\/author\/admin\/\"}]}<\/script>\n<!-- \/ Yoast SEO plugin. -->","yoast_head_json":{"title":"Prezantohet oferta turistike e Ulqinit n\u00eb Prishtin\u00eb - Lajme nga Ulqini","description":"Panairi i Prishtin\u00ebs (17-19.04) Organizata Turistike e Ulqinit n\u00eb bashk\u00ebpunim me Komun\u00ebn e Ulqinit \u00ebsht\u00eb duke marr\u00eb pjes\u00eb n\u00eb panairin e 10 nd\u00ebrkomb\u00ebtar t\u00eb","robots":{"index":"index","follow":"follow","max-snippet":"max-snippet:-1","max-image-preview":"max-image-preview:large","max-video-preview":"max-video-preview:-1"},"canonical":"https:\/\/www.visit-ulcinj.com\/blog\/2013\/04\/19\/prezantohet-oferta-turistike-e-ulqinit-ne-prishtine\/","og_locale":"en_US","og_type":"article","og_title":"Prezantohet oferta turistike e Ulqinit n\u00eb Prishtin\u00eb - Lajme nga Ulqini","og_description":"Panairi i Prishtin\u00ebs (17-19.04) Organizata Turistike e Ulqinit n\u00eb bashk\u00ebpunim me Komun\u00ebn e Ulqinit \u00ebsht\u00eb duke marr\u00eb pjes\u00eb n\u00eb panairin e 10 nd\u00ebrkomb\u00ebtar t\u00eb","og_url":"https:\/\/www.visit-ulcinj.com\/blog\/2013\/04\/19\/prezantohet-oferta-turistike-e-ulqinit-ne-prishtine\/","og_site_name":"Lajme nga Ulqini","article_published_time":"2013-04-19T09:14:39+00:00","article_modified_time":"2013-05-31T13:24:03+00:00","og_image":[{"url":"https:\/\/www.visit-ulcinj.com\/blog\/wp-content\/uploads\/2013\/04\/oferta-turistike-e-Ulqinit-n\u00eb-Prishtin\u00eb.4-150x150.jpg"}],"twitter_misc":{"Written by":"ulqini","Est. reading time":"2 minutes"},"schema":{"@context":"https:\/\/schema.org","@graph":[{"@type":"WebSite","@id":"https:\/\/www.visit-ulcinj.com\/blog\/#website","url":"https:\/\/www.visit-ulcinj.com\/blog\/","name":"Lajme nga Ulqini","description":"Lajme,Vijesti,Ulqini,Ulqin,Crna Gora,Mali i Zi","potentialAction":[{"@type":"SearchAction","target":{"@type":"EntryPoint","urlTemplate":"https:\/\/www.visit-ulcinj.com\/blog\/?s={search_term_string}"},"query-input":"required name=search_term_string"}],"inLanguage":"en-US"},{"@type":"ImageObject","inLanguage":"en-US","@id":"https:\/\/www.visit-ulcinj.com\/blog\/2013\/04\/19\/prezantohet-oferta-turistike-e-ulqinit-ne-prishtine\/#primaryimage","url":"https:\/\/www.visit-ulcinj.com\/blog\/wp-content\/uploads\/2013\/04\/Sajam-u-Pristini.jpg","contentUrl":"https:\/\/www.visit-ulcinj.com\/blog\/wp-content\/uploads\/2013\/04\/Sajam-u-Pristini.jpg","width":800,"height":600},{"@type":"WebPage","@id":"https:\/\/www.visit-ulcinj.com\/blog\/2013\/04\/19\/prezantohet-oferta-turistike-e-ulqinit-ne-prishtine\/#webpage","url":"https:\/\/www.visit-ulcinj.com\/blog\/2013\/04\/19\/prezantohet-oferta-turistike-e-ulqinit-ne-prishtine\/","name":"Prezantohet oferta turistike e Ulqinit n\u00eb Prishtin\u00eb - Lajme nga Ulqini","isPartOf":{"@id":"https:\/\/www.visit-ulcinj.com\/blog\/#website"},"primaryImageOfPage":{"@id":"https:\/\/www.visit-ulcinj.com\/blog\/2013\/04\/19\/prezantohet-oferta-turistike-e-ulqinit-ne-prishtine\/#primaryimage"},"datePublished":"2013-04-19T09:14:39+00:00","dateModified":"2013-05-31T13:24:03+00:00","author":{"@id":"https:\/\/www.visit-ulcinj.com\/blog\/#\/schema\/person\/dcab619c614d3038751c63bc2aadc06d"},"description":"Panairi i Prishtin\u00ebs (17-19.04) Organizata Turistike e Ulqinit n\u00eb bashk\u00ebpunim me Komun\u00ebn e Ulqinit \u00ebsht\u00eb duke marr\u00eb pjes\u00eb n\u00eb panairin e 10 nd\u00ebrkomb\u00ebtar t\u00eb","breadcrumb":{"@id":"https:\/\/www.visit-ulcinj.com\/blog\/2013\/04\/19\/prezantohet-oferta-turistike-e-ulqinit-ne-prishtine\/#breadcrumb"},"inLanguage":"en-US","potentialAction":[{"@type":"ReadAction","target":["https:\/\/www.visit-ulcinj.com\/blog\/2013\/04\/19\/prezantohet-oferta-turistike-e-ulqinit-ne-prishtine\/"]}]},{"@type":"BreadcrumbList","@id":"https:\/\/www.visit-ulcinj.com\/blog\/2013\/04\/19\/prezantohet-oferta-turistike-e-ulqinit-ne-prishtine\/#breadcrumb","itemListElement":[{"@type":"ListItem","position":1,"name":"Prezantohet oferta turistike e Ulqinit n\u00eb Prishtin\u00eb"}]},{"@type":"Person","@id":"https:\/\/www.visit-ulcinj.com\/blog\/#\/schema\/person\/dcab619c614d3038751c63bc2aadc06d","name":"ulqini","sameAs":["http:\/\/www.visit-ulcinj.com"],"url":"https:\/\/www.visit-ulcinj.com\/blog\/author\/admin\/"}]}},"jetpack_featured_media_url":"","jetpack_sharing_enabled":true,"jetpack_shortlink":"https:\/\/wp.me\/pe6lTn-ind","_links":{"self":[{"href":"https:\/\/www.visit-ulcinj.com\/blog\/wp-json\/wp\/v2\/posts\/70631"}],"collection":[{"href":"https:\/\/www.visit-ulcinj.com\/blog\/wp-json\/wp\/v2\/posts"}],"about":[{"href":"https:\/\/www.visit-ulcinj.com\/blog\/wp-json\/wp\/v2\/types\/post"}],"author":[{"embeddable":true,"href":"https:\/\/www.visit-ulcinj.com\/blog\/wp-json\/wp\/v2\/users\/1"}],"replies":[{"embeddable":true,"href":"https:\/\/www.visit-ulcinj.com\/blog\/wp-json\/wp\/v2\/comments?post=70631"}],"version-history":[{"count":6,"href":"https:\/\/www.visit-ulcinj.com\/blog\/wp-json\/wp\/v2\/posts\/70631\/revisions"}],"predecessor-version":[{"id":71947,"href":"https:\/\/www.visit-ulcinj.com\/blog\/wp-json\/wp\/v2\/posts\/70631\/revisions\/71947"}],"wp:attachment":[{"href":"https:\/\/www.visit-ulcinj.com\/blog\/wp-json\/wp\/v2\/media?parent=70631"}],"wp:term":[{"taxonomy":"category","embeddable":true,"href":"https:\/\/www.visit-ulcinj.com\/blog\/wp-json\/wp\/v2\/categories?post=70631"},{"taxonomy":"post_tag","embeddable":true,"href":"https:\/\/www.visit-ulcinj.com\/blog\/wp-json\/wp\/v2\/tags?post=70631"}],"curies":[{"name":"wp","href":"https:\/\/api.w.org\/{rel}","templated":true}]}}