{"id":70648,"date":"2013-04-19T15:53:51","date_gmt":"2013-04-19T14:53:51","guid":{"rendered":"http:\/\/www.visit-ulcinj.com\/blog\/?p=70648"},"modified":"2013-04-19T15:58:11","modified_gmt":"2013-04-19T14:58:11","slug":"duhet-te-intensifikojne-bashkepunimin-prishtina-dhe-ulqini","status":"publish","type":"post","link":"https:\/\/www.visit-ulcinj.com\/blog\/2013\/04\/19\/duhet-te-intensifikojne-bashkepunimin-prishtina-dhe-ulqini\/","title":{"rendered":"Duhet t\u00eb intensifikojn\u00eb bashk\u00ebpunimin Prishtina dhe Ulqini"},"content":{"rendered":"<div id=\"ContentPane0ArticlesDetails_contentDiv\"><a href=\"http:\/\/www.visit-ulcinj.com\/blog\/wp-content\/uploads\/2013\/04\/Besnik-Tahiri_Nazif-Cungu.jpg\"><img loading=\"lazy\" class=\"alignleft  wp-image-70649\" alt=\"Besnik Tahiri_Nazif Cungu\" src=\"http:\/\/www.visit-ulcinj.com\/blog\/wp-content\/uploads\/2013\/04\/Besnik-Tahiri_Nazif-Cungu.jpg\" width=\"508\" height=\"360\" \/><\/a>Kryetari i Aleanc\u00ebs p\u00ebr Prishtin\u00ebn, Besnik Tahiri ka pritur n\u00eb nj\u00eb takim t\u00eb ve\u00e7ant\u00eb kryetarin e komun\u00ebs s\u00eb Ulqinit Nazif Cungun, nj\u00ebher\u00ebsh kryetar i partis\u00eb Forca e Re Demokratike dhe ish-n\u00ebnkryetarin e Komun\u00ebs Xhudi Cakuli.<\/p>\n<div>Tahiri fillimisht ka fal\u00ebnderuar Cungu p\u00ebr vizit\u00ebn dhe urimin e d\u00ebrguar n\u00eb em\u00ebr t\u00eb partis\u00eb q\u00eb ai drejton me rastin e zgjedhjes s\u00eb tij kryetar i deg\u00ebs dhe kandidat p\u00ebr Prishtin\u00ebn.<br \/>\nCungu u ndal n\u00eb veprimet q\u00eb ai dhe forca politike e cila qeveris\u00eb me Komun\u00ebn e Ulqinit kan\u00eb nd\u00ebrmarr\u00eb me q\u00ebllim realizimin e reformave dhe zhvillimin e k\u00ebsaj komune.<br \/>\nCungu ka th\u00ebn\u00eb se q\u00eb ardhja e tij n\u00eb krye t\u00eb komun\u00ebs ka konstatuar nj\u00eb num\u00ebr t\u00eb madh t\u00eb sfidave esenciale.Nd\u00ebrkaq, kryetari i deg\u00ebs dhe kandidati p\u00ebr Prishtin\u00ebn, Besnik Tahiri u interesua p\u00ebr praktikat e mira q\u00eb mund\u00ebsojn\u00eb forcimin e legjitimitetit t\u00eb qeverisjes si dhe zgjimin e interesit qytetar n\u00eb lidhje me rolin e komun\u00ebs dhe p\u00ebrfshirjen e tyre n\u00eb k\u00ebto procese.<br \/>\nN\u00eb k\u00ebt\u00eb takim \u00ebsht\u00eb p\u00ebrmendur edhe roli i kryeqyteteve si\u00e7 \u00ebsht\u00eb Prishtina dhe Tirana n\u00eb avancimin dhe konsolidimin komunave shqiptare n\u00eb vendet p\u00ebrreth si n\u00eb aspektin intelektual po ashtu dhe at\u00eb ekonomik e zhvillimor.<\/p>\n<p>Tahiri dhe Cungu konstatuan se \u00ebsht\u00eb nevoj\u00eb q\u00eb dhe m\u00eb tutje t\u00eb intensifikohet bashk\u00ebpunimi, n\u00eb fushat me interes t\u00eb p\u00ebrbashk\u00ebt, n\u00eb nivelin e adresimit t\u00eb \u00e7\u00ebshtjeve q\u00eb nd\u00ebrlidhen me problemet e pushteteve lokale.<br \/>\nIshte dakordim i t\u00eb dyve q\u00eb dhe m\u00eb tutje t\u00eb punohet n\u00eb bashk\u00ebpunimin nd\u00ebrpartiak n\u00eb mes Forc\u00ebs s\u00eb Re Demokratike dhe Aleanc\u00ebs p\u00ebr Ardhm\u00ebrin\u00eb e Kosov\u00ebs p\u00ebr unifikimin e spektrit politik nd\u00ebr-shqiptar\u00eb.<\/p>\n<\/div>\n<\/div>\n<div id=\"ArticalDetailsDownloadButtonDiv\"><\/div>\n<div>\n<div id=\"ArticlesImagesDiv\"><\/div>\n<div id=\"ArticlesInnerContentDiv\">\n<div id=\"ArticlesTitleDiv\"><strong>EPOKA E RE<\/strong><\/div>\n<\/div>\n<\/div>\n","protected":false},"excerpt":{"rendered":"<p>Kryetari i Aleanc\u00ebs p\u00ebr Prishtin\u00ebn, Besnik Tahiri ka pritur n\u00eb nj\u00eb takim t\u00eb ve\u00e7ant\u00eb kryetarin e komun\u00ebs s\u00eb Ulqinit Nazif Cungun, nj\u00ebher\u00ebsh kryetar i partis\u00eb Forca e Re Demokratike dhe ish-n\u00ebnkryetarin e Komun\u00ebs Xhudi Cakuli. Tahiri fillimisht ka fal\u00ebnderuar Cungu p\u00ebr vizit\u00ebn dhe urimin e d\u00ebrguar n\u00eb em\u00ebr t\u00eb partis\u00eb q\u00eb ai drejton me rastin [&hellip;]<\/p>\n","protected":false},"author":1,"featured_media":0,"comment_status":"open","ping_status":"closed","sticky":false,"template":"","format":"standard","meta":{"spay_email":"","jetpack_publicize_message":"","jetpack_is_tweetstorm":false,"jetpack_publicize_feature_enabled":true},"categories":[6],"tags":[],"jetpack_publicize_connections":[],"yoast_head":"<!-- This site is optimized with the Yoast SEO plugin v19.1 - https:\/\/yoast.com\/wordpress\/plugins\/seo\/ -->\n<title>Duhet t\u00eb intensifikojn\u00eb bashk\u00ebpunimin Prishtina dhe Ulqini - Lajme nga Ulqini<\/title>\n<meta name=\"description\" content=\"Kryetari i Aleanc\u00ebs p\u00ebr Prishtin\u00ebn, Besnik Tahiri ka pritur n\u00eb nj\u00eb takim t\u00eb ve\u00e7ant\u00eb kryetarin e komun\u00ebs s\u00eb Ulqinit Nazif Cungun, nj\u00ebher\u00ebsh kryetar i\" \/>\n<meta name=\"robots\" content=\"index, follow, max-snippet:-1, max-image-preview:large, max-video-preview:-1\" \/>\n<link rel=\"canonical\" href=\"https:\/\/www.visit-ulcinj.com\/blog\/2013\/04\/19\/duhet-te-intensifikojne-bashkepunimin-prishtina-dhe-ulqini\/\" \/>\n<meta property=\"og:locale\" content=\"en_US\" \/>\n<meta property=\"og:type\" content=\"article\" \/>\n<meta property=\"og:title\" content=\"Duhet t\u00eb intensifikojn\u00eb bashk\u00ebpunimin Prishtina dhe Ulqini - Lajme nga Ulqini\" \/>\n<meta property=\"og:description\" content=\"Kryetari i Aleanc\u00ebs p\u00ebr Prishtin\u00ebn, Besnik Tahiri ka pritur n\u00eb nj\u00eb takim t\u00eb ve\u00e7ant\u00eb kryetarin e komun\u00ebs s\u00eb Ulqinit Nazif Cungun, nj\u00ebher\u00ebsh kryetar i\" \/>\n<meta property=\"og:url\" content=\"https:\/\/www.visit-ulcinj.com\/blog\/2013\/04\/19\/duhet-te-intensifikojne-bashkepunimin-prishtina-dhe-ulqini\/\" \/>\n<meta property=\"og:site_name\" content=\"Lajme nga Ulqini\" \/>\n<meta property=\"article:published_time\" content=\"2013-04-19T14:53:51+00:00\" \/>\n<meta property=\"article:modified_time\" content=\"2013-04-19T14:58:11+00:00\" \/>\n<meta property=\"og:image\" content=\"http:\/\/www.visit-ulcinj.com\/blog\/wp-content\/uploads\/2013\/04\/Besnik-Tahiri_Nazif-Cungu.jpg\" \/>\n<meta name=\"twitter:label1\" content=\"Written by\" \/>\n\t<meta name=\"twitter:data1\" content=\"ulqini\" \/>\n\t<meta name=\"twitter:label2\" content=\"Est. reading time\" \/>\n\t<meta name=\"twitter:data2\" content=\"2 minutes\" \/>\n<script type=\"application\/ld+json\" class=\"yoast-schema-graph\">{\"@context\":\"https:\/\/schema.org\",\"@graph\":[{\"@type\":\"WebSite\",\"@id\":\"https:\/\/www.visit-ulcinj.com\/blog\/#website\",\"url\":\"https:\/\/www.visit-ulcinj.com\/blog\/\",\"name\":\"Lajme nga Ulqini\",\"description\":\"Lajme,Vijesti,Ulqini,Ulqin,Crna Gora,Mali i Zi\",\"potentialAction\":[{\"@type\":\"SearchAction\",\"target\":{\"@type\":\"EntryPoint\",\"urlTemplate\":\"https:\/\/www.visit-ulcinj.com\/blog\/?s={search_term_string}\"},\"query-input\":\"required name=search_term_string\"}],\"inLanguage\":\"en-US\"},{\"@type\":\"ImageObject\",\"inLanguage\":\"en-US\",\"@id\":\"https:\/\/www.visit-ulcinj.com\/blog\/2013\/04\/19\/duhet-te-intensifikojne-bashkepunimin-prishtina-dhe-ulqini\/#primaryimage\",\"url\":\"https:\/\/www.visit-ulcinj.com\/blog\/wp-content\/uploads\/2013\/04\/Besnik-Tahiri_Nazif-Cungu.jpg\",\"contentUrl\":\"https:\/\/www.visit-ulcinj.com\/blog\/wp-content\/uploads\/2013\/04\/Besnik-Tahiri_Nazif-Cungu.jpg\",\"width\":615,\"height\":380},{\"@type\":\"WebPage\",\"@id\":\"https:\/\/www.visit-ulcinj.com\/blog\/2013\/04\/19\/duhet-te-intensifikojne-bashkepunimin-prishtina-dhe-ulqini\/#webpage\",\"url\":\"https:\/\/www.visit-ulcinj.com\/blog\/2013\/04\/19\/duhet-te-intensifikojne-bashkepunimin-prishtina-dhe-ulqini\/\",\"name\":\"Duhet t\u00eb intensifikojn\u00eb bashk\u00ebpunimin Prishtina dhe Ulqini - Lajme nga Ulqini\",\"isPartOf\":{\"@id\":\"https:\/\/www.visit-ulcinj.com\/blog\/#website\"},\"primaryImageOfPage\":{\"@id\":\"https:\/\/www.visit-ulcinj.com\/blog\/2013\/04\/19\/duhet-te-intensifikojne-bashkepunimin-prishtina-dhe-ulqini\/#primaryimage\"},\"datePublished\":\"2013-04-19T14:53:51+00:00\",\"dateModified\":\"2013-04-19T14:58:11+00:00\",\"author\":{\"@id\":\"https:\/\/www.visit-ulcinj.com\/blog\/#\/schema\/person\/dcab619c614d3038751c63bc2aadc06d\"},\"description\":\"Kryetari i Aleanc\u00ebs p\u00ebr Prishtin\u00ebn, Besnik Tahiri ka pritur n\u00eb nj\u00eb takim t\u00eb ve\u00e7ant\u00eb kryetarin e komun\u00ebs s\u00eb Ulqinit Nazif Cungun, nj\u00ebher\u00ebsh kryetar i\",\"breadcrumb\":{\"@id\":\"https:\/\/www.visit-ulcinj.com\/blog\/2013\/04\/19\/duhet-te-intensifikojne-bashkepunimin-prishtina-dhe-ulqini\/#breadcrumb\"},\"inLanguage\":\"en-US\",\"potentialAction\":[{\"@type\":\"ReadAction\",\"target\":[\"https:\/\/www.visit-ulcinj.com\/blog\/2013\/04\/19\/duhet-te-intensifikojne-bashkepunimin-prishtina-dhe-ulqini\/\"]}]},{\"@type\":\"BreadcrumbList\",\"@id\":\"https:\/\/www.visit-ulcinj.com\/blog\/2013\/04\/19\/duhet-te-intensifikojne-bashkepunimin-prishtina-dhe-ulqini\/#breadcrumb\",\"itemListElement\":[{\"@type\":\"ListItem\",\"position\":1,\"name\":\"Duhet t\u00eb intensifikojn\u00eb bashk\u00ebpunimin Prishtina dhe Ulqini\"}]},{\"@type\":\"Person\",\"@id\":\"https:\/\/www.visit-ulcinj.com\/blog\/#\/schema\/person\/dcab619c614d3038751c63bc2aadc06d\",\"name\":\"ulqini\",\"sameAs\":[\"http:\/\/www.visit-ulcinj.com\"],\"url\":\"https:\/\/www.visit-ulcinj.com\/blog\/author\/admin\/\"}]}<\/script>\n<!-- \/ Yoast SEO plugin. -->","yoast_head_json":{"title":"Duhet t\u00eb intensifikojn\u00eb bashk\u00ebpunimin Prishtina dhe Ulqini - Lajme nga Ulqini","description":"Kryetari i Aleanc\u00ebs p\u00ebr Prishtin\u00ebn, Besnik Tahiri ka pritur n\u00eb nj\u00eb takim t\u00eb ve\u00e7ant\u00eb kryetarin e komun\u00ebs s\u00eb Ulqinit Nazif Cungun, nj\u00ebher\u00ebsh kryetar i","robots":{"index":"index","follow":"follow","max-snippet":"max-snippet:-1","max-image-preview":"max-image-preview:large","max-video-preview":"max-video-preview:-1"},"canonical":"https:\/\/www.visit-ulcinj.com\/blog\/2013\/04\/19\/duhet-te-intensifikojne-bashkepunimin-prishtina-dhe-ulqini\/","og_locale":"en_US","og_type":"article","og_title":"Duhet t\u00eb intensifikojn\u00eb bashk\u00ebpunimin Prishtina dhe Ulqini - Lajme nga Ulqini","og_description":"Kryetari i Aleanc\u00ebs p\u00ebr Prishtin\u00ebn, Besnik Tahiri ka pritur n\u00eb nj\u00eb takim t\u00eb ve\u00e7ant\u00eb kryetarin e komun\u00ebs s\u00eb Ulqinit Nazif Cungun, nj\u00ebher\u00ebsh kryetar i","og_url":"https:\/\/www.visit-ulcinj.com\/blog\/2013\/04\/19\/duhet-te-intensifikojne-bashkepunimin-prishtina-dhe-ulqini\/","og_site_name":"Lajme nga Ulqini","article_published_time":"2013-04-19T14:53:51+00:00","article_modified_time":"2013-04-19T14:58:11+00:00","og_image":[{"url":"http:\/\/www.visit-ulcinj.com\/blog\/wp-content\/uploads\/2013\/04\/Besnik-Tahiri_Nazif-Cungu.jpg"}],"twitter_misc":{"Written by":"ulqini","Est. reading time":"2 minutes"},"schema":{"@context":"https:\/\/schema.org","@graph":[{"@type":"WebSite","@id":"https:\/\/www.visit-ulcinj.com\/blog\/#website","url":"https:\/\/www.visit-ulcinj.com\/blog\/","name":"Lajme nga Ulqini","description":"Lajme,Vijesti,Ulqini,Ulqin,Crna Gora,Mali i Zi","potentialAction":[{"@type":"SearchAction","target":{"@type":"EntryPoint","urlTemplate":"https:\/\/www.visit-ulcinj.com\/blog\/?s={search_term_string}"},"query-input":"required name=search_term_string"}],"inLanguage":"en-US"},{"@type":"ImageObject","inLanguage":"en-US","@id":"https:\/\/www.visit-ulcinj.com\/blog\/2013\/04\/19\/duhet-te-intensifikojne-bashkepunimin-prishtina-dhe-ulqini\/#primaryimage","url":"https:\/\/www.visit-ulcinj.com\/blog\/wp-content\/uploads\/2013\/04\/Besnik-Tahiri_Nazif-Cungu.jpg","contentUrl":"https:\/\/www.visit-ulcinj.com\/blog\/wp-content\/uploads\/2013\/04\/Besnik-Tahiri_Nazif-Cungu.jpg","width":615,"height":380},{"@type":"WebPage","@id":"https:\/\/www.visit-ulcinj.com\/blog\/2013\/04\/19\/duhet-te-intensifikojne-bashkepunimin-prishtina-dhe-ulqini\/#webpage","url":"https:\/\/www.visit-ulcinj.com\/blog\/2013\/04\/19\/duhet-te-intensifikojne-bashkepunimin-prishtina-dhe-ulqini\/","name":"Duhet t\u00eb intensifikojn\u00eb bashk\u00ebpunimin Prishtina dhe Ulqini - Lajme nga Ulqini","isPartOf":{"@id":"https:\/\/www.visit-ulcinj.com\/blog\/#website"},"primaryImageOfPage":{"@id":"https:\/\/www.visit-ulcinj.com\/blog\/2013\/04\/19\/duhet-te-intensifikojne-bashkepunimin-prishtina-dhe-ulqini\/#primaryimage"},"datePublished":"2013-04-19T14:53:51+00:00","dateModified":"2013-04-19T14:58:11+00:00","author":{"@id":"https:\/\/www.visit-ulcinj.com\/blog\/#\/schema\/person\/dcab619c614d3038751c63bc2aadc06d"},"description":"Kryetari i Aleanc\u00ebs p\u00ebr Prishtin\u00ebn, Besnik Tahiri ka pritur n\u00eb nj\u00eb takim t\u00eb ve\u00e7ant\u00eb kryetarin e komun\u00ebs s\u00eb Ulqinit Nazif Cungun, nj\u00ebher\u00ebsh kryetar i","breadcrumb":{"@id":"https:\/\/www.visit-ulcinj.com\/blog\/2013\/04\/19\/duhet-te-intensifikojne-bashkepunimin-prishtina-dhe-ulqini\/#breadcrumb"},"inLanguage":"en-US","potentialAction":[{"@type":"ReadAction","target":["https:\/\/www.visit-ulcinj.com\/blog\/2013\/04\/19\/duhet-te-intensifikojne-bashkepunimin-prishtina-dhe-ulqini\/"]}]},{"@type":"BreadcrumbList","@id":"https:\/\/www.visit-ulcinj.com\/blog\/2013\/04\/19\/duhet-te-intensifikojne-bashkepunimin-prishtina-dhe-ulqini\/#breadcrumb","itemListElement":[{"@type":"ListItem","position":1,"name":"Duhet t\u00eb intensifikojn\u00eb bashk\u00ebpunimin Prishtina dhe Ulqini"}]},{"@type":"Person","@id":"https:\/\/www.visit-ulcinj.com\/blog\/#\/schema\/person\/dcab619c614d3038751c63bc2aadc06d","name":"ulqini","sameAs":["http:\/\/www.visit-ulcinj.com"],"url":"https:\/\/www.visit-ulcinj.com\/blog\/author\/admin\/"}]}},"jetpack_featured_media_url":"","jetpack_sharing_enabled":true,"jetpack_shortlink":"https:\/\/wp.me\/pe6lTn-inu","_links":{"self":[{"href":"https:\/\/www.visit-ulcinj.com\/blog\/wp-json\/wp\/v2\/posts\/70648"}],"collection":[{"href":"https:\/\/www.visit-ulcinj.com\/blog\/wp-json\/wp\/v2\/posts"}],"about":[{"href":"https:\/\/www.visit-ulcinj.com\/blog\/wp-json\/wp\/v2\/types\/post"}],"author":[{"embeddable":true,"href":"https:\/\/www.visit-ulcinj.com\/blog\/wp-json\/wp\/v2\/users\/1"}],"replies":[{"embeddable":true,"href":"https:\/\/www.visit-ulcinj.com\/blog\/wp-json\/wp\/v2\/comments?post=70648"}],"version-history":[{"count":3,"href":"https:\/\/www.visit-ulcinj.com\/blog\/wp-json\/wp\/v2\/posts\/70648\/revisions"}],"predecessor-version":[{"id":70652,"href":"https:\/\/www.visit-ulcinj.com\/blog\/wp-json\/wp\/v2\/posts\/70648\/revisions\/70652"}],"wp:attachment":[{"href":"https:\/\/www.visit-ulcinj.com\/blog\/wp-json\/wp\/v2\/media?parent=70648"}],"wp:term":[{"taxonomy":"category","embeddable":true,"href":"https:\/\/www.visit-ulcinj.com\/blog\/wp-json\/wp\/v2\/categories?post=70648"},{"taxonomy":"post_tag","embeddable":true,"href":"https:\/\/www.visit-ulcinj.com\/blog\/wp-json\/wp\/v2\/tags?post=70648"}],"curies":[{"name":"wp","href":"https:\/\/api.w.org\/{rel}","templated":true}]}}