{"id":70667,"date":"2013-04-19T23:45:54","date_gmt":"2013-04-19T22:45:54","guid":{"rendered":"http:\/\/www.visit-ulcinj.com\/blog\/?p=70667"},"modified":"2013-04-20T00:16:50","modified_gmt":"2013-04-19T23:16:50","slug":"neser-finalja-ne-tenis-federation-cup-ulqin-2013","status":"publish","type":"post","link":"https:\/\/www.visit-ulcinj.com\/blog\/2013\/04\/19\/neser-finalja-ne-tenis-federation-cup-ulqin-2013\/","title":{"rendered":"Nes\u00ebr Finalja n\u00eb tenis &#8211; Federation Cup Ulqin 2013"},"content":{"rendered":"<p><a href=\"http:\/\/www.visit-ulcinj.com\/blog\/wp-content\/uploads\/2013\/04\/fed_cup_trofej.jpg.png\"><img loading=\"lazy\" class=\"alignleft  wp-image-70668\" alt=\"fed_cup_trofej.jpg\" src=\"http:\/\/www.visit-ulcinj.com\/blog\/wp-content\/uploads\/2013\/04\/fed_cup_trofej.jpg.png\" width=\"508\" height=\"360\" \/><\/a>N\u00eb fushat sportive t\u00eb Klubit t\u00eb Tenisit \u201c Bellevue\u201d n\u00eb Ulqin t\u00eb mart\u00ebn u hap turneu i Grupit t\u00eb dyt\u00eb t\u00eb Federation Cup, turneut m\u00eb t\u00eb madh ekipor n\u00eb tenis p\u00ebr femra n\u00eb bot\u00eb, i cili mbahet p\u00ebr her\u00eb t\u00eb par\u00eb n\u00eb Mal t\u00eb Zi<\/p>\n<p><strong>Tet\u00eb ekipe luftojn\u00eb p\u00ebr dy vende<\/strong><\/p>\n<p>Kryetari i Federat\u00ebs s\u00eb Tenisit t\u00eb Malit t\u00eb Zi Dimitrije Rashoviq n\u00eb fjal\u00ebn e hapjes tha se n\u00eb k\u00ebt\u00eb turne t\u00eb grupit t\u00eb dyt\u00eb t\u00eb zon\u00ebs evro-afrikane Federation Kup marrin pjes\u00eb tenistet m\u00eb t\u00eb mira nga tet\u00eb shtete: Mali i Zi, Afrika e Jugut, Tunizia, Greqia, Turqia , Finlandda , Lituania dhe Estonia. Rashoviq shprehu besimin se ky turne prestigjioz i nivelit bot\u00ebror \u00ebsht\u00eb nj\u00eb nxitje shtes\u00eb n\u00eb drejtim t\u00eb avancimit t\u00eb sportit t\u00eb tenisit n\u00eb Mal t\u00eb Zi,por edhe nj\u00eb promovim i llojit t\u00eb vet t\u00eb Malit t\u00eb Zi n\u00eb t\u00eb gjitha fushat.<br \/>\n<a href=\"http:\/\/www.visit-ulcinj.com\/blog\/wp-content\/uploads\/2013\/04\/Federation-Cup-Ulqin-2013.jpg\"><img loading=\"lazy\" class=\"alignleft  wp-image-70669\" alt=\"Federation Cup Ulqin 2013\" src=\"http:\/\/www.visit-ulcinj.com\/blog\/wp-content\/uploads\/2013\/04\/Federation-Cup-Ulqin-2013.jpg\" width=\"508\" height=\"300\" \/><\/a><\/p>\n<p>\u201e Kjo gar\u00eb ka r\u00ebnd\u00ebsi t\u00eb madhe p\u00ebr zhvillimin dhe popullarizimin e sportit n\u00eb Mal t\u00eb Zi, dhe p\u00ebr prezantimin e shtetit ton\u00eb, jo vet\u00ebm n\u00eb aspektin sportiv, por edhe kulturor e turistik. P\u00ebrfaq\u00ebsuesja e Malit t\u00eb Zi e udh\u00ebhequr nga tenistja jon\u00eb m\u00eb e mir\u00eb Danka Koviniq, tenistja me p\u00ebrvoj\u00eb Danica Krstajiq, pastaj Ana Veselinoviq dhe tenistja m\u00eb e re Vlladica Babiq jam i sigurt se do t\u00eb jap\u00eb m\u00eb t\u00eb mir\u00ebn e mundshme p\u00ebr t\u00eb arritur nj\u00eb rezultat pozitiv. D\u00ebshiroj me k\u00ebt\u00eb rast t\u00eb fal\u00ebnderoj Klubin e Tenisit \u201e Bellevue\u201c dhe komun\u00ebn e Ulqinit n\u00eb krye me Nazif Cungun, t\u00eb cil\u00ebt arrit\u00ebn n\u00eb afat shum\u00eb t\u00eb shkurt\u00ebr t\u00eb kryejn\u00eb me sukses t\u00eb gjitha p\u00ebrgatitjet e nevojshme p\u00ebr mbajtjen e k\u00ebtij manifestimi sportiv pa marr\u00eb parasysh kushteve t\u00eb k\u00ebqia atmosferike t\u00eb para disa dit\u00ebve\u201c, tha Rashoviq. Ai t\u00eb gjitha tenisteve n\u00eb k\u00ebt\u00eb gar\u00eb u d\u00ebshiroi sukses dhe plasman sa m\u00eb t\u00eb mir\u00eb n\u00eb rangun m\u00eb t\u00eb lart\u00eb, n\u00eb grupin e par\u00eb t\u00eb zon\u00ebs evro-afrikane.<\/p>\n<p>N\u00eb em\u00ebr t\u00eb nikoqirit, t\u00eb pranishmit i p\u00ebrsh\u00ebndeti kryetari i Komun\u00ebs s\u00eb Ulqinit Nazif Cungu i cili nj\u00ebherazi \u00ebsht\u00eb edhe kryetar i KT \u201e Bellevuee\u201c.<\/p>\n<p>\u201e Jam shum\u00eb i k\u00ebnaqur si kryetar i Komun\u00ebs s\u00eb Ulqinit q\u00eb jemi nikoqir i k\u00ebsaj ngjarje t\u00eb madhe sportive. Nd\u00ebrkaq si kryetar i klubit \u201e Bellevue\u201c\u201c ve\u00e7mas m\u00eb vjen mir\u00eb q\u00eb p\u00ebr tri vite kemi arritur t\u00eb nd\u00ebrtojm\u00eb nj\u00eb qend\u00ebr t\u00eb tenisit e cila dallohet nga t\u00eb gjitha komplekset tjera n\u00eb Mal t\u00eb Zi, nd\u00ebrsa klubi yn\u00eb i tenisit t\u00eb radhitet nd\u00ebr klubet m\u00eb t\u00eb mira n\u00eb rajon. Ky turne p\u00ebr Ulqinin dhe ulqinak\u00ebt \u00ebsht\u00eb rast i mir\u00eb t\u00eb tregojm\u00eb mik\u00ebpritjen dhe t\u00eb promovojm\u00eb qytetin ton\u00eb \u201c, theksoi Cungu.<br \/>\n<a href=\"http:\/\/www.visit-ulcinj.com\/blog\/wp-content\/uploads\/2013\/04\/Federation-Cup-Ulqin-2013.Nazif-Cungu.1.jpg\"><img loading=\"lazy\" class=\"alignleft  wp-image-70676\" alt=\"Federation Cup Ulqin 2013.Nazif Cungu.1\" src=\"http:\/\/www.visit-ulcinj.com\/blog\/wp-content\/uploads\/2013\/04\/Federation-Cup-Ulqin-2013.Nazif-Cungu.1.jpg\" width=\"508\" height=\"300\" \/><\/a><\/p>\n<p>T\u00eb pranish\u00ebm n\u00eb ceremonin\u00eb e hapjes s\u00eb turneut p\u00ebrve\u00e7 p\u00ebrfaq\u00ebsuesve t\u00eb Federat\u00ebs s\u00eb Tenisit t\u00eb Malit t\u00eb Zi, ishin edhe p\u00ebrfaq\u00ebsuesit e Federat\u00ebs Bot\u00ebrore t\u00eb Tenisit- ITF, p\u00ebrfaq\u00ebsuesit e Komitetit Olimpik t\u00eb Malit t\u00eb Zi, p\u00ebrfaq\u00ebsuesit e Federat\u00ebs s\u00eb Atlet\u00ebve t\u00eb Malit t\u00eb Zi, deputet\u00ebt shqiptar\u00eb n\u00eb Kuvendin e Malit t\u00eb Zi dhe p\u00ebrfaq\u00ebsues t\u00eb pushtetit lokal t\u00eb Ulqinit.<br \/>\n<a href=\"http:\/\/www.visit-ulcinj.com\/blog\/wp-content\/uploads\/2013\/04\/Federation-Cup-Ulqin-2013.1.jpg\"><img loading=\"lazy\" class=\"alignleft  wp-image-70670\" alt=\"Federation Cup Ulqin 2013.1\" src=\"http:\/\/www.visit-ulcinj.com\/blog\/wp-content\/uploads\/2013\/04\/Federation-Cup-Ulqin-2013.1.jpg\" width=\"508\" height=\"300\" \/><\/a><\/p>\n<p>Sot (e Shtune) eshte dita e fundit e turneut Fed Cup, dhe pas nje lufte te madhe dhe te gjate ndermjet skuadrave gjate ketyre 3 diteve, 4 grupe fituan shansin te luftojne per here te fundit per kualifikimin ne grupin e 1 qe eshte njekohesisht edhe grupi me I lart I keti turneut ku marrin pjese shtetet si Britania e Madhe, Amerika, Franca, Gjermania etj. Skuadrat qe do luftojne sot jane, Mali I Zi, Letonia, Tunisi edhe Lituania. Ne oren 10:00 fillojne lojerat edhe pritet nje publik I madhe. Sot gjithashtu ne public do marrin pjese perfaqsuesit e sportit te Malit te Zi, perfaqsuesit te komitetit olimpik te Malit te Zi si dhe perfaqsuesit e forcave politike.<\/p>\n<p><strong>Gjeke Gjonaj, Armend Milla<br \/>\n\n\t\t<style type=\"text\/css\">\n\t\t\t#gallery-1 {\n\t\t\t\tmargin: auto;\n\t\t\t}\n\t\t\t#gallery-1 .gallery-item {\n\t\t\t\tfloat: left;\n\t\t\t\tmargin-top: 10px;\n\t\t\t\ttext-align: center;\n\t\t\t\twidth: 33%;\n\t\t\t}\n\t\t\t#gallery-1 img {\n\t\t\t\tborder: 2px solid #cfcfcf;\n\t\t\t}\n\t\t\t#gallery-1 .gallery-caption {\n\t\t\t\tmargin-left: 0;\n\t\t\t}\n\t\t\t\/* see gallery_shortcode() in wp-includes\/media.php *\/\n\t\t<\/style>\n\t\t<div id='gallery-1' class='gallery galleryid-70667 gallery-columns-3 gallery-size-thumbnail'><dl class='gallery-item'>\n\t\t\t<dt class='gallery-icon landscape'>\n\t\t\t\t<a href='https:\/\/www.visit-ulcinj.com\/blog\/2013\/04\/19\/neser-finalja-ne-tenis-federation-cup-ulqin-2013\/federation-cup-ulqin-2013-2\/'><img width=\"150\" height=\"150\" src=\"https:\/\/www.visit-ulcinj.com\/blog\/wp-content\/uploads\/2013\/04\/Federation-Cup-Ulqin-2013.2-150x150.jpg\" class=\"attachment-thumbnail size-thumbnail\" alt=\"\" loading=\"lazy\" \/><\/a>\n\t\t\t<\/dt><\/dl><dl class='gallery-item'>\n\t\t\t<dt class='gallery-icon landscape'>\n\t\t\t\t<a href='https:\/\/www.visit-ulcinj.com\/blog\/2013\/04\/19\/neser-finalja-ne-tenis-federation-cup-ulqin-2013\/federation-cup-ulqin-2013-3\/'><img width=\"150\" height=\"150\" src=\"https:\/\/www.visit-ulcinj.com\/blog\/wp-content\/uploads\/2013\/04\/Federation-Cup-Ulqin-2013.3-150x150.jpg\" class=\"attachment-thumbnail size-thumbnail\" alt=\"\" loading=\"lazy\" \/><\/a>\n\t\t\t<\/dt><\/dl><dl class='gallery-item'>\n\t\t\t<dt class='gallery-icon landscape'>\n\t\t\t\t<a href='https:\/\/www.visit-ulcinj.com\/blog\/2013\/04\/19\/neser-finalja-ne-tenis-federation-cup-ulqin-2013\/federation-cup-ulqin-2013-4\/'><img width=\"150\" height=\"150\" src=\"https:\/\/www.visit-ulcinj.com\/blog\/wp-content\/uploads\/2013\/04\/Federation-Cup-Ulqin-2013.4-150x150.jpg\" class=\"attachment-thumbnail size-thumbnail\" alt=\"\" loading=\"lazy\" \/><\/a>\n\t\t\t<\/dt><\/dl><br style=\"clear: both\" \/>\n\t\t<\/div>\n<br \/>\n<\/strong><\/p>\n","protected":false},"excerpt":{"rendered":"<p>N\u00eb fushat sportive t\u00eb Klubit t\u00eb Tenisit \u201c Bellevue\u201d n\u00eb Ulqin t\u00eb mart\u00ebn u hap turneu i Grupit t\u00eb dyt\u00eb t\u00eb Federation Cup, turneut m\u00eb t\u00eb madh ekipor n\u00eb tenis p\u00ebr femra n\u00eb bot\u00eb, i cili mbahet p\u00ebr her\u00eb t\u00eb par\u00eb n\u00eb Mal t\u00eb Zi Tet\u00eb ekipe luftojn\u00eb p\u00ebr dy vende Kryetari i Federat\u00ebs s\u00eb [&hellip;]<\/p>\n","protected":false},"author":1,"featured_media":0,"comment_status":"open","ping_status":"closed","sticky":false,"template":"","format":"standard","meta":{"spay_email":"","jetpack_publicize_message":"","jetpack_is_tweetstorm":false,"jetpack_publicize_feature_enabled":true},"categories":[1],"tags":[21982,21981],"jetpack_publicize_connections":[],"yoast_head":"<!-- This site is optimized with the Yoast SEO plugin v19.1 - https:\/\/yoast.com\/wordpress\/plugins\/seo\/ -->\n<title>Nes\u00ebr Finalja n\u00eb tenis - Federation Cup Ulqin 2013 - Lajme nga Ulqini<\/title>\n<meta name=\"description\" content=\"N\u00eb fushat sportive t\u00eb Klubit t\u00eb Tenisit \u201c Bellevue\u201d n\u00eb Ulqin t\u00eb mart\u00ebn u hap turneu i Grupit t\u00eb dyt\u00eb t\u00eb Federation Cup, turneut m\u00eb t\u00eb madh ekipor n\u00eb tenis\" \/>\n<meta name=\"robots\" content=\"index, follow, max-snippet:-1, max-image-preview:large, max-video-preview:-1\" \/>\n<link rel=\"canonical\" href=\"https:\/\/www.visit-ulcinj.com\/blog\/2013\/04\/19\/neser-finalja-ne-tenis-federation-cup-ulqin-2013\/\" \/>\n<meta property=\"og:locale\" content=\"en_US\" \/>\n<meta property=\"og:type\" content=\"article\" \/>\n<meta property=\"og:title\" content=\"Nes\u00ebr Finalja n\u00eb tenis - Federation Cup Ulqin 2013 - Lajme nga Ulqini\" \/>\n<meta property=\"og:description\" content=\"N\u00eb fushat sportive t\u00eb Klubit t\u00eb Tenisit \u201c Bellevue\u201d n\u00eb Ulqin t\u00eb mart\u00ebn u hap turneu i Grupit t\u00eb dyt\u00eb t\u00eb Federation Cup, turneut m\u00eb t\u00eb madh ekipor n\u00eb tenis\" \/>\n<meta property=\"og:url\" content=\"https:\/\/www.visit-ulcinj.com\/blog\/2013\/04\/19\/neser-finalja-ne-tenis-federation-cup-ulqin-2013\/\" \/>\n<meta property=\"og:site_name\" content=\"Lajme nga Ulqini\" \/>\n<meta property=\"article:published_time\" content=\"2013-04-19T22:45:54+00:00\" \/>\n<meta property=\"article:modified_time\" content=\"2013-04-19T23:16:50+00:00\" \/>\n<meta property=\"og:image\" content=\"https:\/\/www.visit-ulcinj.com\/blog\/wp-content\/uploads\/2013\/04\/Federation-Cup-Ulqin-2013.2-150x150.jpg\" \/>\n<meta name=\"twitter:label1\" content=\"Written by\" \/>\n\t<meta name=\"twitter:data1\" content=\"ulqini\" \/>\n\t<meta name=\"twitter:label2\" content=\"Est. reading time\" \/>\n\t<meta name=\"twitter:data2\" content=\"3 minutes\" \/>\n<script type=\"application\/ld+json\" class=\"yoast-schema-graph\">{\"@context\":\"https:\/\/schema.org\",\"@graph\":[{\"@type\":\"WebSite\",\"@id\":\"https:\/\/www.visit-ulcinj.com\/blog\/#website\",\"url\":\"https:\/\/www.visit-ulcinj.com\/blog\/\",\"name\":\"Lajme nga Ulqini\",\"description\":\"Lajme,Vijesti,Ulqini,Ulqin,Crna Gora,Mali i Zi\",\"potentialAction\":[{\"@type\":\"SearchAction\",\"target\":{\"@type\":\"EntryPoint\",\"urlTemplate\":\"https:\/\/www.visit-ulcinj.com\/blog\/?s={search_term_string}\"},\"query-input\":\"required name=search_term_string\"}],\"inLanguage\":\"en-US\"},{\"@type\":\"ImageObject\",\"inLanguage\":\"en-US\",\"@id\":\"https:\/\/www.visit-ulcinj.com\/blog\/2013\/04\/19\/neser-finalja-ne-tenis-federation-cup-ulqin-2013\/#primaryimage\",\"url\":\"https:\/\/www.visit-ulcinj.com\/blog\/wp-content\/uploads\/2013\/04\/fed_cup_trofej.jpg.png\",\"contentUrl\":\"https:\/\/www.visit-ulcinj.com\/blog\/wp-content\/uploads\/2013\/04\/fed_cup_trofej.jpg.png\",\"width\":700,\"height\":500},{\"@type\":\"WebPage\",\"@id\":\"https:\/\/www.visit-ulcinj.com\/blog\/2013\/04\/19\/neser-finalja-ne-tenis-federation-cup-ulqin-2013\/#webpage\",\"url\":\"https:\/\/www.visit-ulcinj.com\/blog\/2013\/04\/19\/neser-finalja-ne-tenis-federation-cup-ulqin-2013\/\",\"name\":\"Nes\u00ebr Finalja n\u00eb tenis - Federation Cup Ulqin 2013 - Lajme nga Ulqini\",\"isPartOf\":{\"@id\":\"https:\/\/www.visit-ulcinj.com\/blog\/#website\"},\"primaryImageOfPage\":{\"@id\":\"https:\/\/www.visit-ulcinj.com\/blog\/2013\/04\/19\/neser-finalja-ne-tenis-federation-cup-ulqin-2013\/#primaryimage\"},\"datePublished\":\"2013-04-19T22:45:54+00:00\",\"dateModified\":\"2013-04-19T23:16:50+00:00\",\"author\":{\"@id\":\"https:\/\/www.visit-ulcinj.com\/blog\/#\/schema\/person\/dcab619c614d3038751c63bc2aadc06d\"},\"description\":\"N\u00eb fushat sportive t\u00eb Klubit t\u00eb Tenisit \u201c Bellevue\u201d n\u00eb Ulqin t\u00eb mart\u00ebn u hap turneu i Grupit t\u00eb dyt\u00eb t\u00eb Federation Cup, turneut m\u00eb t\u00eb madh ekipor n\u00eb tenis\",\"breadcrumb\":{\"@id\":\"https:\/\/www.visit-ulcinj.com\/blog\/2013\/04\/19\/neser-finalja-ne-tenis-federation-cup-ulqin-2013\/#breadcrumb\"},\"inLanguage\":\"en-US\",\"potentialAction\":[{\"@type\":\"ReadAction\",\"target\":[\"https:\/\/www.visit-ulcinj.com\/blog\/2013\/04\/19\/neser-finalja-ne-tenis-federation-cup-ulqin-2013\/\"]}]},{\"@type\":\"BreadcrumbList\",\"@id\":\"https:\/\/www.visit-ulcinj.com\/blog\/2013\/04\/19\/neser-finalja-ne-tenis-federation-cup-ulqin-2013\/#breadcrumb\",\"itemListElement\":[{\"@type\":\"ListItem\",\"position\":1,\"name\":\"Nes\u00ebr Finalja n\u00eb tenis &#8211; Federation Cup Ulqin 2013\"}]},{\"@type\":\"Person\",\"@id\":\"https:\/\/www.visit-ulcinj.com\/blog\/#\/schema\/person\/dcab619c614d3038751c63bc2aadc06d\",\"name\":\"ulqini\",\"sameAs\":[\"http:\/\/www.visit-ulcinj.com\"],\"url\":\"https:\/\/www.visit-ulcinj.com\/blog\/author\/admin\/\"}]}<\/script>\n<!-- \/ Yoast SEO plugin. -->","yoast_head_json":{"title":"Nes\u00ebr Finalja n\u00eb tenis - Federation Cup Ulqin 2013 - Lajme nga Ulqini","description":"N\u00eb fushat sportive t\u00eb Klubit t\u00eb Tenisit \u201c Bellevue\u201d n\u00eb Ulqin t\u00eb mart\u00ebn u hap turneu i Grupit t\u00eb dyt\u00eb t\u00eb Federation Cup, turneut m\u00eb t\u00eb madh ekipor n\u00eb tenis","robots":{"index":"index","follow":"follow","max-snippet":"max-snippet:-1","max-image-preview":"max-image-preview:large","max-video-preview":"max-video-preview:-1"},"canonical":"https:\/\/www.visit-ulcinj.com\/blog\/2013\/04\/19\/neser-finalja-ne-tenis-federation-cup-ulqin-2013\/","og_locale":"en_US","og_type":"article","og_title":"Nes\u00ebr Finalja n\u00eb tenis - Federation Cup Ulqin 2013 - Lajme nga Ulqini","og_description":"N\u00eb fushat sportive t\u00eb Klubit t\u00eb Tenisit \u201c Bellevue\u201d n\u00eb Ulqin t\u00eb mart\u00ebn u hap turneu i Grupit t\u00eb dyt\u00eb t\u00eb Federation Cup, turneut m\u00eb t\u00eb madh ekipor n\u00eb tenis","og_url":"https:\/\/www.visit-ulcinj.com\/blog\/2013\/04\/19\/neser-finalja-ne-tenis-federation-cup-ulqin-2013\/","og_site_name":"Lajme nga Ulqini","article_published_time":"2013-04-19T22:45:54+00:00","article_modified_time":"2013-04-19T23:16:50+00:00","og_image":[{"url":"https:\/\/www.visit-ulcinj.com\/blog\/wp-content\/uploads\/2013\/04\/Federation-Cup-Ulqin-2013.2-150x150.jpg"}],"twitter_misc":{"Written by":"ulqini","Est. reading time":"3 minutes"},"schema":{"@context":"https:\/\/schema.org","@graph":[{"@type":"WebSite","@id":"https:\/\/www.visit-ulcinj.com\/blog\/#website","url":"https:\/\/www.visit-ulcinj.com\/blog\/","name":"Lajme nga Ulqini","description":"Lajme,Vijesti,Ulqini,Ulqin,Crna Gora,Mali i Zi","potentialAction":[{"@type":"SearchAction","target":{"@type":"EntryPoint","urlTemplate":"https:\/\/www.visit-ulcinj.com\/blog\/?s={search_term_string}"},"query-input":"required name=search_term_string"}],"inLanguage":"en-US"},{"@type":"ImageObject","inLanguage":"en-US","@id":"https:\/\/www.visit-ulcinj.com\/blog\/2013\/04\/19\/neser-finalja-ne-tenis-federation-cup-ulqin-2013\/#primaryimage","url":"https:\/\/www.visit-ulcinj.com\/blog\/wp-content\/uploads\/2013\/04\/fed_cup_trofej.jpg.png","contentUrl":"https:\/\/www.visit-ulcinj.com\/blog\/wp-content\/uploads\/2013\/04\/fed_cup_trofej.jpg.png","width":700,"height":500},{"@type":"WebPage","@id":"https:\/\/www.visit-ulcinj.com\/blog\/2013\/04\/19\/neser-finalja-ne-tenis-federation-cup-ulqin-2013\/#webpage","url":"https:\/\/www.visit-ulcinj.com\/blog\/2013\/04\/19\/neser-finalja-ne-tenis-federation-cup-ulqin-2013\/","name":"Nes\u00ebr Finalja n\u00eb tenis - Federation Cup Ulqin 2013 - Lajme nga Ulqini","isPartOf":{"@id":"https:\/\/www.visit-ulcinj.com\/blog\/#website"},"primaryImageOfPage":{"@id":"https:\/\/www.visit-ulcinj.com\/blog\/2013\/04\/19\/neser-finalja-ne-tenis-federation-cup-ulqin-2013\/#primaryimage"},"datePublished":"2013-04-19T22:45:54+00:00","dateModified":"2013-04-19T23:16:50+00:00","author":{"@id":"https:\/\/www.visit-ulcinj.com\/blog\/#\/schema\/person\/dcab619c614d3038751c63bc2aadc06d"},"description":"N\u00eb fushat sportive t\u00eb Klubit t\u00eb Tenisit \u201c Bellevue\u201d n\u00eb Ulqin t\u00eb mart\u00ebn u hap turneu i Grupit t\u00eb dyt\u00eb t\u00eb Federation Cup, turneut m\u00eb t\u00eb madh ekipor n\u00eb tenis","breadcrumb":{"@id":"https:\/\/www.visit-ulcinj.com\/blog\/2013\/04\/19\/neser-finalja-ne-tenis-federation-cup-ulqin-2013\/#breadcrumb"},"inLanguage":"en-US","potentialAction":[{"@type":"ReadAction","target":["https:\/\/www.visit-ulcinj.com\/blog\/2013\/04\/19\/neser-finalja-ne-tenis-federation-cup-ulqin-2013\/"]}]},{"@type":"BreadcrumbList","@id":"https:\/\/www.visit-ulcinj.com\/blog\/2013\/04\/19\/neser-finalja-ne-tenis-federation-cup-ulqin-2013\/#breadcrumb","itemListElement":[{"@type":"ListItem","position":1,"name":"Nes\u00ebr Finalja n\u00eb tenis &#8211; Federation Cup Ulqin 2013"}]},{"@type":"Person","@id":"https:\/\/www.visit-ulcinj.com\/blog\/#\/schema\/person\/dcab619c614d3038751c63bc2aadc06d","name":"ulqini","sameAs":["http:\/\/www.visit-ulcinj.com"],"url":"https:\/\/www.visit-ulcinj.com\/blog\/author\/admin\/"}]}},"jetpack_featured_media_url":"","jetpack_sharing_enabled":true,"jetpack_shortlink":"https:\/\/wp.me\/pe6lTn-inN","_links":{"self":[{"href":"https:\/\/www.visit-ulcinj.com\/blog\/wp-json\/wp\/v2\/posts\/70667"}],"collection":[{"href":"https:\/\/www.visit-ulcinj.com\/blog\/wp-json\/wp\/v2\/posts"}],"about":[{"href":"https:\/\/www.visit-ulcinj.com\/blog\/wp-json\/wp\/v2\/types\/post"}],"author":[{"embeddable":true,"href":"https:\/\/www.visit-ulcinj.com\/blog\/wp-json\/wp\/v2\/users\/1"}],"replies":[{"embeddable":true,"href":"https:\/\/www.visit-ulcinj.com\/blog\/wp-json\/wp\/v2\/comments?post=70667"}],"version-history":[{"count":3,"href":"https:\/\/www.visit-ulcinj.com\/blog\/wp-json\/wp\/v2\/posts\/70667\/revisions"}],"predecessor-version":[{"id":70673,"href":"https:\/\/www.visit-ulcinj.com\/blog\/wp-json\/wp\/v2\/posts\/70667\/revisions\/70673"}],"wp:attachment":[{"href":"https:\/\/www.visit-ulcinj.com\/blog\/wp-json\/wp\/v2\/media?parent=70667"}],"wp:term":[{"taxonomy":"category","embeddable":true,"href":"https:\/\/www.visit-ulcinj.com\/blog\/wp-json\/wp\/v2\/categories?post=70667"},{"taxonomy":"post_tag","embeddable":true,"href":"https:\/\/www.visit-ulcinj.com\/blog\/wp-json\/wp\/v2\/tags?post=70667"}],"curies":[{"name":"wp","href":"https:\/\/api.w.org\/{rel}","templated":true}]}}