{"id":70685,"date":"2013-04-21T11:55:37","date_gmt":"2013-04-21T10:55:37","guid":{"rendered":"http:\/\/www.visit-ulcinj.com\/blog\/?p=70685"},"modified":"2013-04-23T17:02:36","modified_gmt":"2013-04-23T16:02:36","slug":"top-modeli-adnan-gjinaj-ben-fejesen-zyrtare-me-arbeniten","status":"publish","type":"post","link":"https:\/\/www.visit-ulcinj.com\/blog\/2013\/04\/21\/top-modeli-adnan-gjinaj-ben-fejesen-zyrtare-me-arbeniten\/","title":{"rendered":"Top modeli Adnan Gjinaj ben fejes\u00ebn zyrtare me Arbeniten + Foto + Video"},"content":{"rendered":"<p><a href=\"http:\/\/www.visit-ulcinj.com\/blog\/wp-content\/uploads\/2013\/04\/Adnan-Gjinaj-fejohet-me-Arbenita-Nikeziqin-nga-Ulqini.jpg\"><img loading=\"lazy\" class=\"alignleft  wp-image-70686\" alt=\"Adnan Gjinaj  fejohet me Arbenita Nikeziqin nga Ulqini\" src=\"http:\/\/www.visit-ulcinj.com\/blog\/wp-content\/uploads\/2013\/04\/Adnan-Gjinaj-fejohet-me-Arbenita-Nikeziqin-nga-Ulqini.jpg\" width=\"508\" height=\"400\" \/><\/a>Adnan Gjinaj shp\u00ebrngulet prej Parisit p\u00ebr n\u00eb Shtetet e Bashkuara t\u00eb Amerik\u00ebs, ku ai punon prej nj\u00eb kohe t\u00eb gjat\u00eb si model i agjensioneve t\u00eb ndryshme t\u00eb mod\u00ebs me renome nderkomb\u00ebtare. Duke mos i mjaftuar vet\u00ebm kaq, pasi kontratat e tija t\u00eb pun\u00ebs e detyrojn\u00eb t\u00eb udh\u00ebtoj\u00eb n\u00ebp\u00ebr vende t\u00eb ndryshme t\u00eb bot\u00ebs erdhi koha t\u00eb dashurohet n\u00eb nj\u00eb vajz\u00eb nga Ulqini Arbenita Nikeziqi q\u00eb jeton n\u00eb Chikago. N\u00eb lidhje me Top Modelin Adnan Gjinaj i mir\u00ebnjohur me Arbenita Nikeziqin s\u00eb shpejti u be\u00a0 zyrtarizimi me fejes\u00ebn dhe n\u00eb shum\u00eb lajme t\u00eb tjera.<\/p>\n<p>Fejesa u krye vet\u00ebm n\u00eb ceremoni familjare, sepse jan munduar ta mbajn\u00eb sa m\u00eb private q\u00eb t\u2019i lejojm\u00eb familjet tona t\u00eb k\u00ebnaqen dhe t\u00eb shijojn\u00eb g\u00ebzimin deri n\u00eb maksimum thekson nj\u00eb shok\u00eb i Adnanit q\u00eb deshiron t\u00eb jet\u00eb anonim!<\/p>\n<p><a href=\"http:\/\/www.visit-ulcinj.com\/blog\/wp-content\/uploads\/2013\/04\/Adnan-Gjinaj-fejohet-me-Arbenita-Nikeziqin-nga-Ulqini.1.jpg\"><img loading=\"lazy\" class=\"alignleft  wp-image-70687\" alt=\"Adnan Gjinaj  fejohet me Arbenita Nikeziqin nga Ulqini.1\" src=\"http:\/\/www.visit-ulcinj.com\/blog\/wp-content\/uploads\/2013\/04\/Adnan-Gjinaj-fejohet-me-Arbenita-Nikeziqin-nga-Ulqini.1.jpg\" width=\"508\" height=\"600\" \/><\/a><\/p>\n<p><strong>Di\u00e7ka p\u00ebr Adnan Gjinaj<\/strong><\/p>\n<p>I lindur ne 1991 me prejardhje prej qytetit t\u00eb Ulqinit,djaloshi tani me banim ne Paris t\u00eb Franc\u00ebs bashk\u00eb me familjen e aferm t\u00eb tij\u00eb,ku edhe meret me modelizem n\u00eb Paris.<br \/>\nEnderra e Adnan \u00a0Gjinajt qysh si femije ishte fotografia dhe gjithcka qe lidhej me boten e modes.<\/p>\n<p><strong>Adnan Gjinaj, \u00ebsht\u00eb b\u00ebr\u00eb fytyra ky\u00e7e e sht\u00ebpis\u00eb s\u00eb mod\u00ebs Burberry, nd\u00ebr m\u00eb t\u00eb m\u00ebdhat\u00eb n\u00eb bot\u00eb.<\/strong><\/p>\n<p>Shqiptari me prejardhje nga Ulqini qe nj\u00eb koh\u00eb \u00ebsht\u00eb pjes\u00eb e bot\u00ebs s\u00eb mod\u00ebs, duke u b\u00ebr\u00eb nj\u00eb nga model\u00ebt m\u00eb t\u00eb k\u00ebrkuar.<\/p>\n<p>Adnani s\u00eb fundmi ka qen\u00eb pjes\u00ebmarr\u00ebs n\u00eb jav\u00ebn e mod\u00ebs n\u00eb Milano, ku ka sfiluar p\u00ebr markat si Burberry, Misioni, Canali, Prada e shum\u00eb tjera.<\/p>\n<p>P\u00ebrve\u00e7 k\u00ebtyre paraqitjeve, Adnani ka sfiluar edhe p\u00ebr firmat m\u00eb t\u00eb m\u00ebdha n\u00eb bot\u00eb si Lanvin, YSL, Marc Jacobs, Kenzo, Moschino, DKNY, Cerruti etj, dhe ka qen\u00eb n\u00eb kopertinat e shum\u00eb revistave bot\u00ebrore si Vogue, Bazar, GQ, Dazed and Confused, Hero.<\/p>\n<p>Krenar q\u00eb \u00ebsht\u00eb shqiptar, Adnani shpesh n\u00eb paraqitjet e tij, shfaq simbolin e shqiponj\u00ebs dy krer\u00ebsh, duke e zbuluar me krenari prejardhjen e tij.<\/p>\n<p>Shqiptari p\u00ebr momentin \u00ebsht\u00eb n\u00ebn menaxhimin e disa prej agjencive bot\u00ebrore si \u201cFord\u201d, \u201cWilhemina\u201d, \u201cScoop\u201d dhe \u201cFM\u201d.<\/p>\n<p>Adnan Gjinaj n\u00eb t\u00eb gjitha koh\u00ebrat \u00a0si shqiptar\u00eb \u00a0nga Ulqini do sherbej\u00eb si ambasador\u00eb t\u00eb kultur\u00ebs,modes dhe vlerave shqiptaro- ulqinake n\u00eb bot\u00eb. Adnan Gjinaj\u00a0 n\u00eb k\u00ebt\u00eb koh\u00eb, asht\u00eb\u00a0 shqiptari nga Ulqini ku fama e t\u00eb cilit shkoi p\u00ebrtej kufijve t\u00eb vendit t\u00eb tij\u00eb.<\/p>\n<p><strong>Lajme nga Ulqini ju d\u00ebrgon Urime!<\/strong><br \/>\n<strong>Fejesa juaj qofte vula e nje zemre te permbush me dashuri e respekt.<br \/>\n<\/strong><br \/>\n\n\t\t<style type=\"text\/css\">\n\t\t\t#gallery-1 {\n\t\t\t\tmargin: auto;\n\t\t\t}\n\t\t\t#gallery-1 .gallery-item {\n\t\t\t\tfloat: left;\n\t\t\t\tmargin-top: 10px;\n\t\t\t\ttext-align: center;\n\t\t\t\twidth: 33%;\n\t\t\t}\n\t\t\t#gallery-1 img {\n\t\t\t\tborder: 2px solid #cfcfcf;\n\t\t\t}\n\t\t\t#gallery-1 .gallery-caption {\n\t\t\t\tmargin-left: 0;\n\t\t\t}\n\t\t\t\/* see gallery_shortcode() in wp-includes\/media.php *\/\n\t\t<\/style>\n\t\t<div id='gallery-1' class='gallery galleryid-70685 gallery-columns-3 gallery-size-thumbnail'><dl class='gallery-item'>\n\t\t\t<dt class='gallery-icon landscape'>\n\t\t\t\t<a href='https:\/\/www.visit-ulcinj.com\/blog\/2013\/04\/21\/top-modeli-adnan-gjinaj-ben-fejesen-zyrtare-me-arbeniten\/fejesa-e-adnan-gjinaj-3\/'><img width=\"150\" height=\"150\" src=\"https:\/\/www.visit-ulcinj.com\/blog\/wp-content\/uploads\/2013\/04\/Fejesa-e-Adnan-Gjinaj.3-150x150.jpg\" class=\"attachment-thumbnail size-thumbnail\" alt=\"\" loading=\"lazy\" \/><\/a>\n\t\t\t<\/dt><\/dl><dl class='gallery-item'>\n\t\t\t<dt class='gallery-icon landscape'>\n\t\t\t\t<a href='https:\/\/www.visit-ulcinj.com\/blog\/2013\/04\/21\/top-modeli-adnan-gjinaj-ben-fejesen-zyrtare-me-arbeniten\/fejesa-e-adnan-gjinaj\/'><img width=\"150\" height=\"150\" src=\"https:\/\/www.visit-ulcinj.com\/blog\/wp-content\/uploads\/2013\/04\/Fejesa-e-Adnan-Gjinaj-150x150.jpg\" class=\"attachment-thumbnail size-thumbnail\" alt=\"\" loading=\"lazy\" \/><\/a>\n\t\t\t<\/dt><\/dl><dl class='gallery-item'>\n\t\t\t<dt class='gallery-icon landscape'>\n\t\t\t\t<a href='https:\/\/www.visit-ulcinj.com\/blog\/2013\/04\/21\/top-modeli-adnan-gjinaj-ben-fejesen-zyrtare-me-arbeniten\/fejesa-e-adnan-gjinaj-1\/'><img width=\"150\" height=\"150\" src=\"https:\/\/www.visit-ulcinj.com\/blog\/wp-content\/uploads\/2013\/04\/Fejesa-e-Adnan-Gjinaj.1-150x150.jpg\" class=\"attachment-thumbnail size-thumbnail\" alt=\"\" loading=\"lazy\" srcset=\"https:\/\/www.visit-ulcinj.com\/blog\/wp-content\/uploads\/2013\/04\/Fejesa-e-Adnan-Gjinaj.1-150x150.jpg 150w, https:\/\/www.visit-ulcinj.com\/blog\/wp-content\/uploads\/2013\/04\/Fejesa-e-Adnan-Gjinaj.1-300x300.jpg 300w, https:\/\/www.visit-ulcinj.com\/blog\/wp-content\/uploads\/2013\/04\/Fejesa-e-Adnan-Gjinaj.1.jpg 480w\" sizes=\"(max-width: 150px) 100vw, 150px\" \/><\/a>\n\t\t\t<\/dt><\/dl><br style=\"clear: both\" \/>\n\t\t<\/div>\n<br \/>\n<iframe loading=\"lazy\" src=\"https:\/\/www.facebook.com\/video\/embed?video_id=589633947720944\" height=\"360\" width=\"508\" frameborder=\"0\"><\/iframe><\/p>\n","protected":false},"excerpt":{"rendered":"<p>Adnan Gjinaj shp\u00ebrngulet prej Parisit p\u00ebr n\u00eb Shtetet e Bashkuara t\u00eb Amerik\u00ebs, ku ai punon prej nj\u00eb kohe t\u00eb gjat\u00eb si model i agjensioneve t\u00eb ndryshme t\u00eb mod\u00ebs me renome nderkomb\u00ebtare. Duke mos i mjaftuar vet\u00ebm kaq, pasi kontratat e tija t\u00eb pun\u00ebs e detyrojn\u00eb t\u00eb udh\u00ebtoj\u00eb n\u00ebp\u00ebr vende t\u00eb ndryshme t\u00eb bot\u00ebs erdhi koha [&hellip;]<\/p>\n","protected":false},"author":1,"featured_media":0,"comment_status":"open","ping_status":"closed","sticky":false,"template":"","format":"standard","meta":{"spay_email":"","jetpack_publicize_message":"","jetpack_is_tweetstorm":false,"jetpack_publicize_feature_enabled":true},"categories":[1],"tags":[16631,21983,200,18],"jetpack_publicize_connections":[],"yoast_head":"<!-- This site is optimized with the Yoast SEO plugin v19.1 - https:\/\/yoast.com\/wordpress\/plugins\/seo\/ -->\n<title>Top modeli Adnan Gjinaj ben fejes\u00ebn zyrtare me Arbeniten + Foto + Video - Lajme nga Ulqini<\/title>\n<meta name=\"description\" content=\"Adnan Gjinaj shp\u00ebrngulet prej Parisit p\u00ebr n\u00eb Shtetet e Bashkuara t\u00eb Amerik\u00ebs, ku ai punon prej nj\u00eb kohe t\u00eb gjat\u00eb si model i agjensioneve t\u00eb ndryshme t\u00eb\" \/>\n<meta name=\"robots\" content=\"index, follow, max-snippet:-1, max-image-preview:large, max-video-preview:-1\" \/>\n<link rel=\"canonical\" href=\"https:\/\/www.visit-ulcinj.com\/blog\/2013\/04\/21\/top-modeli-adnan-gjinaj-ben-fejesen-zyrtare-me-arbeniten\/\" \/>\n<meta property=\"og:locale\" content=\"en_US\" \/>\n<meta property=\"og:type\" content=\"article\" \/>\n<meta property=\"og:title\" content=\"Top modeli Adnan Gjinaj ben fejes\u00ebn zyrtare me Arbeniten + Foto + Video - Lajme nga Ulqini\" \/>\n<meta property=\"og:description\" content=\"Adnan Gjinaj shp\u00ebrngulet prej Parisit p\u00ebr n\u00eb Shtetet e Bashkuara t\u00eb Amerik\u00ebs, ku ai punon prej nj\u00eb kohe t\u00eb gjat\u00eb si model i agjensioneve t\u00eb ndryshme t\u00eb\" \/>\n<meta property=\"og:url\" content=\"https:\/\/www.visit-ulcinj.com\/blog\/2013\/04\/21\/top-modeli-adnan-gjinaj-ben-fejesen-zyrtare-me-arbeniten\/\" \/>\n<meta property=\"og:site_name\" content=\"Lajme nga Ulqini\" \/>\n<meta property=\"article:published_time\" content=\"2013-04-21T10:55:37+00:00\" \/>\n<meta property=\"article:modified_time\" content=\"2013-04-23T16:02:36+00:00\" \/>\n<meta property=\"og:image\" content=\"https:\/\/www.visit-ulcinj.com\/blog\/wp-content\/uploads\/2013\/04\/FEJESA-E-ADNAN-GJINAJ-150x150.jpg\" \/>\n<meta name=\"twitter:label1\" content=\"Written by\" \/>\n\t<meta name=\"twitter:data1\" content=\"ulqini\" \/>\n\t<meta name=\"twitter:label2\" content=\"Est. reading time\" \/>\n\t<meta name=\"twitter:data2\" content=\"2 minutes\" \/>\n<script type=\"application\/ld+json\" class=\"yoast-schema-graph\">{\"@context\":\"https:\/\/schema.org\",\"@graph\":[{\"@type\":\"WebSite\",\"@id\":\"https:\/\/www.visit-ulcinj.com\/blog\/#website\",\"url\":\"https:\/\/www.visit-ulcinj.com\/blog\/\",\"name\":\"Lajme nga Ulqini\",\"description\":\"Lajme,Vijesti,Ulqini,Ulqin,Crna Gora,Mali i Zi\",\"potentialAction\":[{\"@type\":\"SearchAction\",\"target\":{\"@type\":\"EntryPoint\",\"urlTemplate\":\"https:\/\/www.visit-ulcinj.com\/blog\/?s={search_term_string}\"},\"query-input\":\"required name=search_term_string\"}],\"inLanguage\":\"en-US\"},{\"@type\":\"ImageObject\",\"inLanguage\":\"en-US\",\"@id\":\"https:\/\/www.visit-ulcinj.com\/blog\/2013\/04\/21\/top-modeli-adnan-gjinaj-ben-fejesen-zyrtare-me-arbeniten\/#primaryimage\",\"url\":\"http:\/\/www.visit-ulcinj.com\/blog\/wp-content\/uploads\/2013\/04\/Adnan-Gjinaj-fejohet-me-Arbenita-Nikeziqin-nga-Ulqini.jpg\",\"contentUrl\":\"http:\/\/www.visit-ulcinj.com\/blog\/wp-content\/uploads\/2013\/04\/Adnan-Gjinaj-fejohet-me-Arbenita-Nikeziqin-nga-Ulqini.jpg\"},{\"@type\":\"WebPage\",\"@id\":\"https:\/\/www.visit-ulcinj.com\/blog\/2013\/04\/21\/top-modeli-adnan-gjinaj-ben-fejesen-zyrtare-me-arbeniten\/#webpage\",\"url\":\"https:\/\/www.visit-ulcinj.com\/blog\/2013\/04\/21\/top-modeli-adnan-gjinaj-ben-fejesen-zyrtare-me-arbeniten\/\",\"name\":\"Top modeli Adnan Gjinaj ben fejes\u00ebn zyrtare me Arbeniten + Foto + Video - Lajme nga Ulqini\",\"isPartOf\":{\"@id\":\"https:\/\/www.visit-ulcinj.com\/blog\/#website\"},\"primaryImageOfPage\":{\"@id\":\"https:\/\/www.visit-ulcinj.com\/blog\/2013\/04\/21\/top-modeli-adnan-gjinaj-ben-fejesen-zyrtare-me-arbeniten\/#primaryimage\"},\"datePublished\":\"2013-04-21T10:55:37+00:00\",\"dateModified\":\"2013-04-23T16:02:36+00:00\",\"author\":{\"@id\":\"https:\/\/www.visit-ulcinj.com\/blog\/#\/schema\/person\/dcab619c614d3038751c63bc2aadc06d\"},\"description\":\"Adnan Gjinaj shp\u00ebrngulet prej Parisit p\u00ebr n\u00eb Shtetet e Bashkuara t\u00eb Amerik\u00ebs, ku ai punon prej nj\u00eb kohe t\u00eb gjat\u00eb si model i agjensioneve t\u00eb ndryshme t\u00eb\",\"breadcrumb\":{\"@id\":\"https:\/\/www.visit-ulcinj.com\/blog\/2013\/04\/21\/top-modeli-adnan-gjinaj-ben-fejesen-zyrtare-me-arbeniten\/#breadcrumb\"},\"inLanguage\":\"en-US\",\"potentialAction\":[{\"@type\":\"ReadAction\",\"target\":[\"https:\/\/www.visit-ulcinj.com\/blog\/2013\/04\/21\/top-modeli-adnan-gjinaj-ben-fejesen-zyrtare-me-arbeniten\/\"]}]},{\"@type\":\"BreadcrumbList\",\"@id\":\"https:\/\/www.visit-ulcinj.com\/blog\/2013\/04\/21\/top-modeli-adnan-gjinaj-ben-fejesen-zyrtare-me-arbeniten\/#breadcrumb\",\"itemListElement\":[{\"@type\":\"ListItem\",\"position\":1,\"name\":\"Top modeli Adnan Gjinaj ben fejes\u00ebn zyrtare me Arbeniten + Foto + Video\"}]},{\"@type\":\"Person\",\"@id\":\"https:\/\/www.visit-ulcinj.com\/blog\/#\/schema\/person\/dcab619c614d3038751c63bc2aadc06d\",\"name\":\"ulqini\",\"sameAs\":[\"http:\/\/www.visit-ulcinj.com\"],\"url\":\"https:\/\/www.visit-ulcinj.com\/blog\/author\/admin\/\"}]}<\/script>\n<!-- \/ Yoast SEO plugin. -->","yoast_head_json":{"title":"Top modeli Adnan Gjinaj ben fejes\u00ebn zyrtare me Arbeniten + Foto + Video - Lajme nga Ulqini","description":"Adnan Gjinaj shp\u00ebrngulet prej Parisit p\u00ebr n\u00eb Shtetet e Bashkuara t\u00eb Amerik\u00ebs, ku ai punon prej nj\u00eb kohe t\u00eb gjat\u00eb si model i agjensioneve t\u00eb ndryshme t\u00eb","robots":{"index":"index","follow":"follow","max-snippet":"max-snippet:-1","max-image-preview":"max-image-preview:large","max-video-preview":"max-video-preview:-1"},"canonical":"https:\/\/www.visit-ulcinj.com\/blog\/2013\/04\/21\/top-modeli-adnan-gjinaj-ben-fejesen-zyrtare-me-arbeniten\/","og_locale":"en_US","og_type":"article","og_title":"Top modeli Adnan Gjinaj ben fejes\u00ebn zyrtare me Arbeniten + Foto + Video - Lajme nga Ulqini","og_description":"Adnan Gjinaj shp\u00ebrngulet prej Parisit p\u00ebr n\u00eb Shtetet e Bashkuara t\u00eb Amerik\u00ebs, ku ai punon prej nj\u00eb kohe t\u00eb gjat\u00eb si model i agjensioneve t\u00eb ndryshme t\u00eb","og_url":"https:\/\/www.visit-ulcinj.com\/blog\/2013\/04\/21\/top-modeli-adnan-gjinaj-ben-fejesen-zyrtare-me-arbeniten\/","og_site_name":"Lajme nga Ulqini","article_published_time":"2013-04-21T10:55:37+00:00","article_modified_time":"2013-04-23T16:02:36+00:00","og_image":[{"url":"https:\/\/www.visit-ulcinj.com\/blog\/wp-content\/uploads\/2013\/04\/FEJESA-E-ADNAN-GJINAJ-150x150.jpg"}],"twitter_misc":{"Written by":"ulqini","Est. reading time":"2 minutes"},"schema":{"@context":"https:\/\/schema.org","@graph":[{"@type":"WebSite","@id":"https:\/\/www.visit-ulcinj.com\/blog\/#website","url":"https:\/\/www.visit-ulcinj.com\/blog\/","name":"Lajme nga Ulqini","description":"Lajme,Vijesti,Ulqini,Ulqin,Crna Gora,Mali i Zi","potentialAction":[{"@type":"SearchAction","target":{"@type":"EntryPoint","urlTemplate":"https:\/\/www.visit-ulcinj.com\/blog\/?s={search_term_string}"},"query-input":"required name=search_term_string"}],"inLanguage":"en-US"},{"@type":"ImageObject","inLanguage":"en-US","@id":"https:\/\/www.visit-ulcinj.com\/blog\/2013\/04\/21\/top-modeli-adnan-gjinaj-ben-fejesen-zyrtare-me-arbeniten\/#primaryimage","url":"http:\/\/www.visit-ulcinj.com\/blog\/wp-content\/uploads\/2013\/04\/Adnan-Gjinaj-fejohet-me-Arbenita-Nikeziqin-nga-Ulqini.jpg","contentUrl":"http:\/\/www.visit-ulcinj.com\/blog\/wp-content\/uploads\/2013\/04\/Adnan-Gjinaj-fejohet-me-Arbenita-Nikeziqin-nga-Ulqini.jpg"},{"@type":"WebPage","@id":"https:\/\/www.visit-ulcinj.com\/blog\/2013\/04\/21\/top-modeli-adnan-gjinaj-ben-fejesen-zyrtare-me-arbeniten\/#webpage","url":"https:\/\/www.visit-ulcinj.com\/blog\/2013\/04\/21\/top-modeli-adnan-gjinaj-ben-fejesen-zyrtare-me-arbeniten\/","name":"Top modeli Adnan Gjinaj ben fejes\u00ebn zyrtare me Arbeniten + Foto + Video - Lajme nga Ulqini","isPartOf":{"@id":"https:\/\/www.visit-ulcinj.com\/blog\/#website"},"primaryImageOfPage":{"@id":"https:\/\/www.visit-ulcinj.com\/blog\/2013\/04\/21\/top-modeli-adnan-gjinaj-ben-fejesen-zyrtare-me-arbeniten\/#primaryimage"},"datePublished":"2013-04-21T10:55:37+00:00","dateModified":"2013-04-23T16:02:36+00:00","author":{"@id":"https:\/\/www.visit-ulcinj.com\/blog\/#\/schema\/person\/dcab619c614d3038751c63bc2aadc06d"},"description":"Adnan Gjinaj shp\u00ebrngulet prej Parisit p\u00ebr n\u00eb Shtetet e Bashkuara t\u00eb Amerik\u00ebs, ku ai punon prej nj\u00eb kohe t\u00eb gjat\u00eb si model i agjensioneve t\u00eb ndryshme t\u00eb","breadcrumb":{"@id":"https:\/\/www.visit-ulcinj.com\/blog\/2013\/04\/21\/top-modeli-adnan-gjinaj-ben-fejesen-zyrtare-me-arbeniten\/#breadcrumb"},"inLanguage":"en-US","potentialAction":[{"@type":"ReadAction","target":["https:\/\/www.visit-ulcinj.com\/blog\/2013\/04\/21\/top-modeli-adnan-gjinaj-ben-fejesen-zyrtare-me-arbeniten\/"]}]},{"@type":"BreadcrumbList","@id":"https:\/\/www.visit-ulcinj.com\/blog\/2013\/04\/21\/top-modeli-adnan-gjinaj-ben-fejesen-zyrtare-me-arbeniten\/#breadcrumb","itemListElement":[{"@type":"ListItem","position":1,"name":"Top modeli Adnan Gjinaj ben fejes\u00ebn zyrtare me Arbeniten + Foto + Video"}]},{"@type":"Person","@id":"https:\/\/www.visit-ulcinj.com\/blog\/#\/schema\/person\/dcab619c614d3038751c63bc2aadc06d","name":"ulqini","sameAs":["http:\/\/www.visit-ulcinj.com"],"url":"https:\/\/www.visit-ulcinj.com\/blog\/author\/admin\/"}]}},"jetpack_featured_media_url":"","jetpack_sharing_enabled":true,"jetpack_shortlink":"https:\/\/wp.me\/pe6lTn-io5","_links":{"self":[{"href":"https:\/\/www.visit-ulcinj.com\/blog\/wp-json\/wp\/v2\/posts\/70685"}],"collection":[{"href":"https:\/\/www.visit-ulcinj.com\/blog\/wp-json\/wp\/v2\/posts"}],"about":[{"href":"https:\/\/www.visit-ulcinj.com\/blog\/wp-json\/wp\/v2\/types\/post"}],"author":[{"embeddable":true,"href":"https:\/\/www.visit-ulcinj.com\/blog\/wp-json\/wp\/v2\/users\/1"}],"replies":[{"embeddable":true,"href":"https:\/\/www.visit-ulcinj.com\/blog\/wp-json\/wp\/v2\/comments?post=70685"}],"version-history":[{"count":11,"href":"https:\/\/www.visit-ulcinj.com\/blog\/wp-json\/wp\/v2\/posts\/70685\/revisions"}],"predecessor-version":[{"id":70703,"href":"https:\/\/www.visit-ulcinj.com\/blog\/wp-json\/wp\/v2\/posts\/70685\/revisions\/70703"}],"wp:attachment":[{"href":"https:\/\/www.visit-ulcinj.com\/blog\/wp-json\/wp\/v2\/media?parent=70685"}],"wp:term":[{"taxonomy":"category","embeddable":true,"href":"https:\/\/www.visit-ulcinj.com\/blog\/wp-json\/wp\/v2\/categories?post=70685"},{"taxonomy":"post_tag","embeddable":true,"href":"https:\/\/www.visit-ulcinj.com\/blog\/wp-json\/wp\/v2\/tags?post=70685"}],"curies":[{"name":"wp","href":"https:\/\/api.w.org\/{rel}","templated":true}]}}