{"id":70697,"date":"2013-04-21T23:50:50","date_gmt":"2013-04-21T22:50:50","guid":{"rendered":"http:\/\/www.visit-ulcinj.com\/blog\/?p=70697"},"modified":"2013-04-21T23:50:50","modified_gmt":"2013-04-21T22:50:50","slug":"biblioteka-popullore-e-ulqinit-anetaresim-falas-me-rastin-e-dites-boterore-te-librit","status":"publish","type":"post","link":"https:\/\/www.visit-ulcinj.com\/blog\/2013\/04\/21\/biblioteka-popullore-e-ulqinit-anetaresim-falas-me-rastin-e-dites-boterore-te-librit\/","title":{"rendered":"Biblioteka Popullore e Ulqinit: An\u00ebtar\u00ebsim falas me rastin e dit\u00ebs bot\u00ebrore t\u00eb librit"},"content":{"rendered":"<p><a href=\"http:\/\/www.visit-ulcinj.com\/blog\/wp-content\/uploads\/2013\/04\/Dita-Bot\u00ebrore-e-Librit-Biblioteka-Popullore-e-Ulqinit-Ofron.jpg\"><img loading=\"lazy\" class=\"alignleft  wp-image-70698\" alt=\"Dita-Bot\u00ebrore-e-Librit-Biblioteka-Popullore-e-Ulqinit-Ofron\" src=\"http:\/\/www.visit-ulcinj.com\/blog\/wp-content\/uploads\/2013\/04\/Dita-Bot\u00ebrore-e-Librit-Biblioteka-Popullore-e-Ulqinit-Ofron.jpg\" width=\"350\" height=\"400\" \/><\/a>Me rastin e 23 prillit, Dit\u00ebs Bot\u00ebrore t\u00eb Librit, Biblioteka Popullore e Ulqinit u ofron t\u00eb gjith\u00eb t\u00eb interesuarve an\u00ebtar\u00ebsim nj\u00ebvje\u00e7ar falas. An\u00ebtar\u00ebsimi pa pages\u00eb do t\u00eb b\u00ebhet t\u00eb mart\u00ebn, m\u00eb 23 prill, gjat\u00eb t\u00ebr\u00eb dit\u00ebs nga ora 8 deri n\u00eb 18, n\u00eb lokalet e Bibliotek\u00ebs. An\u00ebtar\u00ebt e vjet\u00ebr munden n\u00eb k\u00ebt\u00eb m\u00ebnyr\u00eb t\u00eb vazhdojn\u00eb an\u00ebtar\u00ebsimin e vet edhe p\u00ebr nj\u00eb vit pa pages\u00eb.<br \/>\n\u00cbsht\u00eb viti i dyt\u00eb q\u00eb Biblioteka po nd\u00ebrmerr nj\u00eb aksion t\u00eb till\u00eb, i cili ka p\u00ebr q\u00ebllim jo vet\u00ebm sh\u00ebnimin e k\u00ebsaj date t\u00eb r\u00ebnd\u00ebsishme p\u00ebr let\u00ebrsin\u00eb bot\u00ebrore, por n\u00eb radh\u00eb t\u00eb par\u00eb promovimin e librit dhe t\u00eb leximit n\u00eb p\u00ebrgjith\u00ebsi.<br \/>\nEdhe pse Biblioteka e Ulqinit koh\u00ebve t\u00eb fundit po p\u00ebrballet me probleme t\u00eb shumta, ajo n\u00eb asnj\u00eb moment nuk i ka mbyllur dyert e veta p\u00ebr lexuesit e saj besnik\u00eb. Situata e shkaktuar nga d\u00ebmet nga uji i cili ka dep\u00ebrtuar nga \u00e7atia, e ka v\u00ebshtir\u00ebsuar shum\u00eb procesin normal t\u00eb pun\u00ebs, por fal\u00eb p\u00ebrkushtimit t\u00eb pashoq dhe profesionalizmit t\u00eb t\u00eb pun\u00ebsuarve t\u00eb saj, i t\u00ebr\u00eb materiali bibliotekar dhe inventari \u00ebsht\u00eb shp\u00ebtuar q\u00eb t\u00eb mos d\u00ebmtohet, nd\u00ebrsa lexuesve u \u00ebsht\u00eb ofruar sh\u00ebrbim i plot\u00eb.<br \/>\nMe k\u00ebt\u00eb aksion po ashtu d\u00ebshirojm\u00eb t\u00eb kthejm\u00eb v\u00ebmendjen e opinionit kah biblioteka si institucion me r\u00ebnd\u00ebsi i kultur\u00ebs, pa t\u00eb cilin nuk mund t\u00eb paramendohet nj\u00eb shoq\u00ebri e civilizuar.<br \/>\nBiblioteka e Ulqinit, q\u00eb nga themelimi i saj 130 vite m\u00eb par\u00eb, ka qen\u00eb vendi ku \u00ebsht\u00eb mbledhur, p\u00ebrpunuar, ruajtur dhe dh\u00ebn\u00eb n\u00eb p\u00ebrdorim t\u00ebr\u00eb kjo trash\u00ebgimi letrare, shkencore, historike e kulturore, e cila sot gjendet n\u00eb raftet e saj. Q\u00eb edhe n\u00eb t\u00eb ardhmen t\u00eb vazhdoj\u00eb t\u00eb kryej\u00eb me sukses veprimtarin\u00eb bibliotekare-informative dhe t\u00eb ruaj\u00eb k\u00ebt\u00eb thesar t\u00eb \u00e7muar kulturor p\u00ebr gjeneratat q\u00eb vijn\u00eb, ajo ka nevoj\u00eb jo vet\u00ebm p\u00ebr p\u00ebrkrahjen e gjith\u00eb shoq\u00ebris\u00eb, por p\u00ebr p\u00ebrkrahjen e \u00e7do individi n\u00eb ve\u00e7anti.<br \/>\nMos t\u00eb harrojm\u00eb fuqin\u00eb e librit \u2013 ai \u00ebsht\u00eb burim i dituris\u00eb, inspirimit, fantazis\u00eb, besimit dhe vlerave t\u00eb mir\u00ebfillta njer\u00ebzore.<\/p>\n<p><strong>Ardita Rama<\/strong><br \/>\n<strong>Udh\u00ebheq\u00ebse e Bibliotek\u00ebs Popullore Ulqin<\/strong><\/p>\n","protected":false},"excerpt":{"rendered":"<p>Me rastin e 23 prillit, Dit\u00ebs Bot\u00ebrore t\u00eb Librit, Biblioteka Popullore e Ulqinit u ofron t\u00eb gjith\u00eb t\u00eb interesuarve an\u00ebtar\u00ebsim nj\u00ebvje\u00e7ar falas. An\u00ebtar\u00ebsimi pa pages\u00eb do t\u00eb b\u00ebhet t\u00eb mart\u00ebn, m\u00eb 23 prill, gjat\u00eb t\u00ebr\u00eb dit\u00ebs nga ora 8 deri n\u00eb 18, n\u00eb lokalet e Bibliotek\u00ebs. An\u00ebtar\u00ebt e vjet\u00ebr munden n\u00eb k\u00ebt\u00eb m\u00ebnyr\u00eb t\u00eb vazhdojn\u00eb [&hellip;]<\/p>\n","protected":false},"author":1,"featured_media":0,"comment_status":"open","ping_status":"closed","sticky":false,"template":"","format":"standard","meta":{"spay_email":"","jetpack_publicize_message":"","jetpack_is_tweetstorm":false,"jetpack_publicize_feature_enabled":true},"categories":[4],"tags":[],"jetpack_publicize_connections":[],"yoast_head":"<!-- This site is optimized with the Yoast SEO plugin v19.1 - https:\/\/yoast.com\/wordpress\/plugins\/seo\/ -->\n<title>Biblioteka Popullore e Ulqinit: An\u00ebtar\u00ebsim falas me rastin e dit\u00ebs bot\u00ebrore t\u00eb librit - Lajme nga Ulqini<\/title>\n<meta name=\"description\" content=\"Me rastin e 23 prillit, Dit\u00ebs Bot\u00ebrore t\u00eb Librit, Biblioteka Popullore e Ulqinit u ofron t\u00eb gjith\u00eb t\u00eb interesuarve an\u00ebtar\u00ebsim nj\u00ebvje\u00e7ar falas. An\u00ebtar\u00ebsimi\" \/>\n<meta name=\"robots\" content=\"index, follow, max-snippet:-1, max-image-preview:large, max-video-preview:-1\" \/>\n<link rel=\"canonical\" href=\"https:\/\/www.visit-ulcinj.com\/blog\/2013\/04\/21\/biblioteka-popullore-e-ulqinit-anetaresim-falas-me-rastin-e-dites-boterore-te-librit\/\" \/>\n<meta property=\"og:locale\" content=\"en_US\" \/>\n<meta property=\"og:type\" content=\"article\" \/>\n<meta property=\"og:title\" content=\"Biblioteka Popullore e Ulqinit: An\u00ebtar\u00ebsim falas me rastin e dit\u00ebs bot\u00ebrore t\u00eb librit - Lajme nga Ulqini\" \/>\n<meta property=\"og:description\" content=\"Me rastin e 23 prillit, Dit\u00ebs Bot\u00ebrore t\u00eb Librit, Biblioteka Popullore e Ulqinit u ofron t\u00eb gjith\u00eb t\u00eb interesuarve an\u00ebtar\u00ebsim nj\u00ebvje\u00e7ar falas. An\u00ebtar\u00ebsimi\" \/>\n<meta property=\"og:url\" content=\"https:\/\/www.visit-ulcinj.com\/blog\/2013\/04\/21\/biblioteka-popullore-e-ulqinit-anetaresim-falas-me-rastin-e-dites-boterore-te-librit\/\" \/>\n<meta property=\"og:site_name\" content=\"Lajme nga Ulqini\" \/>\n<meta property=\"article:published_time\" content=\"2013-04-21T22:50:50+00:00\" \/>\n<meta name=\"twitter:label1\" content=\"Written by\" \/>\n\t<meta name=\"twitter:data1\" content=\"ulqini\" \/>\n\t<meta name=\"twitter:label2\" content=\"Est. reading time\" \/>\n\t<meta name=\"twitter:data2\" content=\"2 minutes\" \/>\n<script type=\"application\/ld+json\" class=\"yoast-schema-graph\">{\"@context\":\"https:\/\/schema.org\",\"@graph\":[{\"@type\":\"WebSite\",\"@id\":\"https:\/\/www.visit-ulcinj.com\/blog\/#website\",\"url\":\"https:\/\/www.visit-ulcinj.com\/blog\/\",\"name\":\"Lajme nga Ulqini\",\"description\":\"Lajme,Vijesti,Ulqini,Ulqin,Crna Gora,Mali i Zi\",\"potentialAction\":[{\"@type\":\"SearchAction\",\"target\":{\"@type\":\"EntryPoint\",\"urlTemplate\":\"https:\/\/www.visit-ulcinj.com\/blog\/?s={search_term_string}\"},\"query-input\":\"required name=search_term_string\"}],\"inLanguage\":\"en-US\"},{\"@type\":\"WebPage\",\"@id\":\"https:\/\/www.visit-ulcinj.com\/blog\/2013\/04\/21\/biblioteka-popullore-e-ulqinit-anetaresim-falas-me-rastin-e-dites-boterore-te-librit\/#webpage\",\"url\":\"https:\/\/www.visit-ulcinj.com\/blog\/2013\/04\/21\/biblioteka-popullore-e-ulqinit-anetaresim-falas-me-rastin-e-dites-boterore-te-librit\/\",\"name\":\"Biblioteka Popullore e Ulqinit: An\u00ebtar\u00ebsim falas me rastin e dit\u00ebs bot\u00ebrore t\u00eb librit - Lajme nga Ulqini\",\"isPartOf\":{\"@id\":\"https:\/\/www.visit-ulcinj.com\/blog\/#website\"},\"datePublished\":\"2013-04-21T22:50:50+00:00\",\"dateModified\":\"2013-04-21T22:50:50+00:00\",\"author\":{\"@id\":\"https:\/\/www.visit-ulcinj.com\/blog\/#\/schema\/person\/dcab619c614d3038751c63bc2aadc06d\"},\"description\":\"Me rastin e 23 prillit, Dit\u00ebs Bot\u00ebrore t\u00eb Librit, Biblioteka Popullore e Ulqinit u ofron t\u00eb gjith\u00eb t\u00eb interesuarve an\u00ebtar\u00ebsim nj\u00ebvje\u00e7ar falas. An\u00ebtar\u00ebsimi\",\"breadcrumb\":{\"@id\":\"https:\/\/www.visit-ulcinj.com\/blog\/2013\/04\/21\/biblioteka-popullore-e-ulqinit-anetaresim-falas-me-rastin-e-dites-boterore-te-librit\/#breadcrumb\"},\"inLanguage\":\"en-US\",\"potentialAction\":[{\"@type\":\"ReadAction\",\"target\":[\"https:\/\/www.visit-ulcinj.com\/blog\/2013\/04\/21\/biblioteka-popullore-e-ulqinit-anetaresim-falas-me-rastin-e-dites-boterore-te-librit\/\"]}]},{\"@type\":\"BreadcrumbList\",\"@id\":\"https:\/\/www.visit-ulcinj.com\/blog\/2013\/04\/21\/biblioteka-popullore-e-ulqinit-anetaresim-falas-me-rastin-e-dites-boterore-te-librit\/#breadcrumb\",\"itemListElement\":[{\"@type\":\"ListItem\",\"position\":1,\"name\":\"Biblioteka Popullore e Ulqinit: An\u00ebtar\u00ebsim falas me rastin e dit\u00ebs bot\u00ebrore t\u00eb librit\"}]},{\"@type\":\"Person\",\"@id\":\"https:\/\/www.visit-ulcinj.com\/blog\/#\/schema\/person\/dcab619c614d3038751c63bc2aadc06d\",\"name\":\"ulqini\",\"sameAs\":[\"http:\/\/www.visit-ulcinj.com\"],\"url\":\"https:\/\/www.visit-ulcinj.com\/blog\/author\/admin\/\"}]}<\/script>\n<!-- \/ Yoast SEO plugin. -->","yoast_head_json":{"title":"Biblioteka Popullore e Ulqinit: An\u00ebtar\u00ebsim falas me rastin e dit\u00ebs bot\u00ebrore t\u00eb librit - Lajme nga Ulqini","description":"Me rastin e 23 prillit, Dit\u00ebs Bot\u00ebrore t\u00eb Librit, Biblioteka Popullore e Ulqinit u ofron t\u00eb gjith\u00eb t\u00eb interesuarve an\u00ebtar\u00ebsim nj\u00ebvje\u00e7ar falas. An\u00ebtar\u00ebsimi","robots":{"index":"index","follow":"follow","max-snippet":"max-snippet:-1","max-image-preview":"max-image-preview:large","max-video-preview":"max-video-preview:-1"},"canonical":"https:\/\/www.visit-ulcinj.com\/blog\/2013\/04\/21\/biblioteka-popullore-e-ulqinit-anetaresim-falas-me-rastin-e-dites-boterore-te-librit\/","og_locale":"en_US","og_type":"article","og_title":"Biblioteka Popullore e Ulqinit: An\u00ebtar\u00ebsim falas me rastin e dit\u00ebs bot\u00ebrore t\u00eb librit - Lajme nga Ulqini","og_description":"Me rastin e 23 prillit, Dit\u00ebs Bot\u00ebrore t\u00eb Librit, Biblioteka Popullore e Ulqinit u ofron t\u00eb gjith\u00eb t\u00eb interesuarve an\u00ebtar\u00ebsim nj\u00ebvje\u00e7ar falas. An\u00ebtar\u00ebsimi","og_url":"https:\/\/www.visit-ulcinj.com\/blog\/2013\/04\/21\/biblioteka-popullore-e-ulqinit-anetaresim-falas-me-rastin-e-dites-boterore-te-librit\/","og_site_name":"Lajme nga Ulqini","article_published_time":"2013-04-21T22:50:50+00:00","twitter_misc":{"Written by":"ulqini","Est. reading time":"2 minutes"},"schema":{"@context":"https:\/\/schema.org","@graph":[{"@type":"WebSite","@id":"https:\/\/www.visit-ulcinj.com\/blog\/#website","url":"https:\/\/www.visit-ulcinj.com\/blog\/","name":"Lajme nga Ulqini","description":"Lajme,Vijesti,Ulqini,Ulqin,Crna Gora,Mali i Zi","potentialAction":[{"@type":"SearchAction","target":{"@type":"EntryPoint","urlTemplate":"https:\/\/www.visit-ulcinj.com\/blog\/?s={search_term_string}"},"query-input":"required name=search_term_string"}],"inLanguage":"en-US"},{"@type":"WebPage","@id":"https:\/\/www.visit-ulcinj.com\/blog\/2013\/04\/21\/biblioteka-popullore-e-ulqinit-anetaresim-falas-me-rastin-e-dites-boterore-te-librit\/#webpage","url":"https:\/\/www.visit-ulcinj.com\/blog\/2013\/04\/21\/biblioteka-popullore-e-ulqinit-anetaresim-falas-me-rastin-e-dites-boterore-te-librit\/","name":"Biblioteka Popullore e Ulqinit: An\u00ebtar\u00ebsim falas me rastin e dit\u00ebs bot\u00ebrore t\u00eb librit - Lajme nga Ulqini","isPartOf":{"@id":"https:\/\/www.visit-ulcinj.com\/blog\/#website"},"datePublished":"2013-04-21T22:50:50+00:00","dateModified":"2013-04-21T22:50:50+00:00","author":{"@id":"https:\/\/www.visit-ulcinj.com\/blog\/#\/schema\/person\/dcab619c614d3038751c63bc2aadc06d"},"description":"Me rastin e 23 prillit, Dit\u00ebs Bot\u00ebrore t\u00eb Librit, Biblioteka Popullore e Ulqinit u ofron t\u00eb gjith\u00eb t\u00eb interesuarve an\u00ebtar\u00ebsim nj\u00ebvje\u00e7ar falas. An\u00ebtar\u00ebsimi","breadcrumb":{"@id":"https:\/\/www.visit-ulcinj.com\/blog\/2013\/04\/21\/biblioteka-popullore-e-ulqinit-anetaresim-falas-me-rastin-e-dites-boterore-te-librit\/#breadcrumb"},"inLanguage":"en-US","potentialAction":[{"@type":"ReadAction","target":["https:\/\/www.visit-ulcinj.com\/blog\/2013\/04\/21\/biblioteka-popullore-e-ulqinit-anetaresim-falas-me-rastin-e-dites-boterore-te-librit\/"]}]},{"@type":"BreadcrumbList","@id":"https:\/\/www.visit-ulcinj.com\/blog\/2013\/04\/21\/biblioteka-popullore-e-ulqinit-anetaresim-falas-me-rastin-e-dites-boterore-te-librit\/#breadcrumb","itemListElement":[{"@type":"ListItem","position":1,"name":"Biblioteka Popullore e Ulqinit: An\u00ebtar\u00ebsim falas me rastin e dit\u00ebs bot\u00ebrore t\u00eb librit"}]},{"@type":"Person","@id":"https:\/\/www.visit-ulcinj.com\/blog\/#\/schema\/person\/dcab619c614d3038751c63bc2aadc06d","name":"ulqini","sameAs":["http:\/\/www.visit-ulcinj.com"],"url":"https:\/\/www.visit-ulcinj.com\/blog\/author\/admin\/"}]}},"jetpack_featured_media_url":"","jetpack_sharing_enabled":true,"jetpack_shortlink":"https:\/\/wp.me\/pe6lTn-ioh","_links":{"self":[{"href":"https:\/\/www.visit-ulcinj.com\/blog\/wp-json\/wp\/v2\/posts\/70697"}],"collection":[{"href":"https:\/\/www.visit-ulcinj.com\/blog\/wp-json\/wp\/v2\/posts"}],"about":[{"href":"https:\/\/www.visit-ulcinj.com\/blog\/wp-json\/wp\/v2\/types\/post"}],"author":[{"embeddable":true,"href":"https:\/\/www.visit-ulcinj.com\/blog\/wp-json\/wp\/v2\/users\/1"}],"replies":[{"embeddable":true,"href":"https:\/\/www.visit-ulcinj.com\/blog\/wp-json\/wp\/v2\/comments?post=70697"}],"version-history":[{"count":1,"href":"https:\/\/www.visit-ulcinj.com\/blog\/wp-json\/wp\/v2\/posts\/70697\/revisions"}],"predecessor-version":[{"id":70699,"href":"https:\/\/www.visit-ulcinj.com\/blog\/wp-json\/wp\/v2\/posts\/70697\/revisions\/70699"}],"wp:attachment":[{"href":"https:\/\/www.visit-ulcinj.com\/blog\/wp-json\/wp\/v2\/media?parent=70697"}],"wp:term":[{"taxonomy":"category","embeddable":true,"href":"https:\/\/www.visit-ulcinj.com\/blog\/wp-json\/wp\/v2\/categories?post=70697"},{"taxonomy":"post_tag","embeddable":true,"href":"https:\/\/www.visit-ulcinj.com\/blog\/wp-json\/wp\/v2\/tags?post=70697"}],"curies":[{"name":"wp","href":"https:\/\/api.w.org\/{rel}","templated":true}]}}