{"id":70713,"date":"2013-04-22T14:54:03","date_gmt":"2013-04-22T13:54:03","guid":{"rendered":"http:\/\/www.visit-ulcinj.com\/blog\/?p=70713"},"modified":"2013-04-22T14:54:19","modified_gmt":"2013-04-22T13:54:19","slug":"kk-ulqini-i-treti-ne-renditjen-e-pergjithshme-ne-mesin-e-24-klubeve","status":"publish","type":"post","link":"https:\/\/www.visit-ulcinj.com\/blog\/2013\/04\/22\/kk-ulqini-i-treti-ne-renditjen-e-pergjithshme-ne-mesin-e-24-klubeve\/","title":{"rendered":"KK \u201cUlqini\u201d i treti n\u00eb renditjen e p\u00ebrgjithshme n\u00eb mesin e 24 klubeve"},"content":{"rendered":"<p><a href=\"http:\/\/www.visit-ulcinj.com\/blog\/wp-content\/uploads\/2013\/04\/KARATE-CLUB-ULQINI-ULCINJ-MONTENEGRO.jpg\"><img loading=\"lazy\" class=\"alignleft  wp-image-70714\" alt=\"KARATE CLUB ULQINI-ULCINJ, MONTENEGRO\" src=\"http:\/\/www.visit-ulcinj.com\/blog\/wp-content\/uploads\/2013\/04\/KARATE-CLUB-ULQINI-ULCINJ-MONTENEGRO.jpg\" width=\"508\" height=\"360\" \/><\/a>T\u00eb shtun\u00ebn, m\u00eb 20 prill 2013 n\u00eb Podgoric\u00eb u mbajt Kampionati i Karates\u00eb s\u00eb Malit t\u00eb Zi p\u00ebr Fatosa dhe Pionier\u00eb n\u00eb kata dhe Kupa e Malit t\u00eb Zi p\u00ebr Kadet\u00eb, Junior\u00eb dhe Senior\u00eb t\u00eb rinj n\u00eb kata individuale dhe ekipore dhe luft\u00ebra individuale. Klubi i karates\u00eb \u201cUlqini\u201d n\u00eb mesin e 24 klubeve pjes\u00ebmarr\u00ebse u rendit n\u00eb vend t\u00eb tret\u00eb n\u00eb renditjen e p\u00ebrgjithshme, n\u00eb vend t\u00eb par\u00eb u rendit KK \u201cOmlladinac\u201d nga Podgorica, nd\u00ebrsa vendi i dyt\u00eb i takoi KK \u201cBuduqnost\u201d po ashtu nga Podgorica.<\/p>\n<p>Garuesit e Klubit t\u00eb karates\u00eb \u201cUlqini\u201d arrit\u00ebn t\u00eb fitojn\u00eb 16 medalje n\u00eb disiplin\u00ebn individuale dhe ekipore; 6 garues u shpall\u00ebn kampion\u00eb duke u kuror\u00ebzuar me medaljen e art\u00eb: 3 n\u00eb disiplin\u00ebn individuale dhe 3 garues n\u00eb disiplin\u00ebn ekipore. Me medaljet e argjendta u kuror\u00ebzuan 9 garues: 6 garues n\u00eb disiplin\u00ebn individuale dhe 3 n\u00eb disiplin\u00ebn ekipore, nd\u00ebrsa me medalje t\u00eb bronzta u kuror\u00ebzuan 2 garues. Kampione e Malit t\u00eb Zi u shpall Fiona Kraja n\u00eb nj\u00eb konkurenc\u00eb mjaft t\u00eb fort\u00eb, por ajo ishte e pandalshme dhe k\u00ebshtu shk\u00eblqeu me medaljen e art\u00eb. Kampion\u00eb t\u00eb Kup\u00ebs s\u00eb Malit t\u00eb Zi u shpall\u00ebn Izabella Ivanoviq &#8211; luft\u00ebra individuale +55 kg (kadete), Hantije Ibro\u00e7i &#8211; kata individuale (seniore), kurse Antigona Rama, Seida Suma dhe Venesa Nuhi u shpall\u00ebn kampione t\u00eb Kup\u00ebs s\u00eb Malit t\u00eb Zi n\u00eb kata ekipore (kadet\u00eb-junior\u00eb).<\/p>\n<p>N\u00ebnkampion\u00eb t\u00eb Kup\u00ebs s\u00eb Malit t\u00eb Zi n\u00eb disiplin\u00ebn individuale luft\u00ebra u shpall\u00ebn: Lavdim Tula, Katarina Marnikoviq , Seida Suma, Lulzim Suma dhe Hantije Ibro\u00e7i, kurse n\u00eb kata individuale n\u00ebnkampione e Kup\u00ebs s\u00eb Malit t\u00eb Zi u shpall Antigona Rama. N\u00eb kata ekipore n\u00ebnkampion\u00eb t\u00eb Kup\u00ebs s\u00eb Malit t\u00eb Zi u shpall\u00ebn Edin Kraja, Lulzim Suma dhe Nderim Cuca. Me medaljen e bronzt\u00eb u kuror\u00ebzuan Behlul Peri dhe Aldin Buliq.<\/p>\n<p>Kryetrajneri i KK \u201cUlqini\u201d Kujtim Sukaliqi dhe trajner\u00ebt Naim Duraku, Anell Beganoviq, Blerim Sukaliqi dhe Dardan Ceka shprehen t\u00eb k\u00ebnaqur me rezultatet e arritura deri m\u00eb tani.<\/p>\n<p>-Jemi t\u00eb k\u00ebnaqur me k\u00ebto rezultate t\u00eb t\u00eb rinjve tan\u00eb, pasi q\u00eb deri m\u00eb tani kemi 7 kampion\u00eb aktual\u00eb t\u00eb Malit t\u00eb Zi n\u00eb disiplinat individuale dhe 8 kampion\u00eb t\u00eb Kup\u00ebs s\u00eb Malit t\u00eb Zi n\u00eb disiplinat individuale dhe ekipore. K\u00ebshtu, ne renditemi n\u00eb vendin e tret\u00eb n\u00eb renditjen e p\u00ebrgjithshme t\u00eb Kampionateve t\u00eb Malit t\u00eb Zi dhe Kup\u00ebs s\u00eb Malit t\u00eb Zi pas KK \u201cOmladinac\u201d dhe KK \u201cBuduqnost\u201d. Duhet t\u00eb theksojm\u00eb se me shum\u00eb mund e pun\u00eb e shum\u00eb v\u00ebshtir\u00ebsi financiare e kemi ruajtur supremacionin ton\u00eb duke qen\u00eb n\u00eb mesin e tre m\u00eb t\u00eb mir\u00ebve. Udh\u00ebheq\u00ebsia e klubit n\u00eb krye me Loro Nrekiqin, Skender Tahirin, Gjergj Daboviqin, Ako Buliqin dhe Ruzhdi Ram\u00ebn po ashtu shprehen t\u00eb k\u00ebnaqur me rezultatet e arritura t\u00eb garuesve t\u00eb tyre, por cekin se v\u00ebshtir\u00ebsit\u00eb m\u00eb t\u00eb m\u00ebdha jan\u00eb gjendja e mjerueshme finaciare q\u00eb pengon pun\u00ebn e m\u00ebtejshme. Prandaj, edhe k\u00ebsaj here po i drejtohemi t\u00eb gjith\u00eb atyre q\u00eb e duan sportin t\u2019i ndihmojn\u00eb k\u00ebta t\u00eb rinj n\u00eb rrug\u00ebn e tyre sportive, t\u00eb ndihmojn\u00eb nj\u00eb tradite t\u00eb gjat\u00eb sportive mbi tri dekada q\u00eb mos t\u00eb shuhet, sespe klubi jon\u00eb k\u00ebt\u00eb e meriton, fal\u00eb rezultateve t\u00eb arritura dhe fal\u00eb pun\u00ebs s\u00eb palodhur e dinjitoze me rini n\u00eb komun\u00ebn e Ulqinit.<\/p>\n<p>&nbsp;<\/p>\n<p><strong> Sh\u00ebrbimi informativ i Klubit t\u00eb Karates\u00eb \u201cUlqini\u201d<\/strong><\/p>\n","protected":false},"excerpt":{"rendered":"<p>T\u00eb shtun\u00ebn, m\u00eb 20 prill 2013 n\u00eb Podgoric\u00eb u mbajt Kampionati i Karates\u00eb s\u00eb Malit t\u00eb Zi p\u00ebr Fatosa dhe Pionier\u00eb n\u00eb kata dhe Kupa e Malit t\u00eb Zi p\u00ebr Kadet\u00eb, Junior\u00eb dhe Senior\u00eb t\u00eb rinj n\u00eb kata individuale dhe ekipore dhe luft\u00ebra individuale. Klubi i karates\u00eb \u201cUlqini\u201d n\u00eb mesin e 24 klubeve pjes\u00ebmarr\u00ebse u [&hellip;]<\/p>\n","protected":false},"author":1,"featured_media":0,"comment_status":"open","ping_status":"closed","sticky":false,"template":"","format":"standard","meta":{"spay_email":"","jetpack_publicize_message":"","jetpack_is_tweetstorm":false,"jetpack_publicize_feature_enabled":true},"categories":[3],"tags":[],"jetpack_publicize_connections":[],"yoast_head":"<!-- This site is optimized with the Yoast SEO plugin v19.1 - https:\/\/yoast.com\/wordpress\/plugins\/seo\/ -->\n<title>KK \u201cUlqini\u201d i treti n\u00eb renditjen e p\u00ebrgjithshme n\u00eb mesin e 24 klubeve - Lajme nga Ulqini<\/title>\n<meta name=\"description\" content=\"T\u00eb shtun\u00ebn, m\u00eb 20 prill 2013 n\u00eb Podgoric\u00eb u mbajt Kampionati i Karates\u00eb s\u00eb Malit t\u00eb Zi p\u00ebr Fatosa dhe Pionier\u00eb n\u00eb kata dhe Kupa e Malit t\u00eb Zi p\u00ebr Kadet\u00eb,\" \/>\n<meta name=\"robots\" content=\"index, follow, max-snippet:-1, max-image-preview:large, max-video-preview:-1\" \/>\n<link rel=\"canonical\" href=\"https:\/\/www.visit-ulcinj.com\/blog\/2013\/04\/22\/kk-ulqini-i-treti-ne-renditjen-e-pergjithshme-ne-mesin-e-24-klubeve\/\" \/>\n<meta property=\"og:locale\" content=\"en_US\" \/>\n<meta property=\"og:type\" content=\"article\" \/>\n<meta property=\"og:title\" content=\"KK \u201cUlqini\u201d i treti n\u00eb renditjen e p\u00ebrgjithshme n\u00eb mesin e 24 klubeve - Lajme nga Ulqini\" \/>\n<meta property=\"og:description\" content=\"T\u00eb shtun\u00ebn, m\u00eb 20 prill 2013 n\u00eb Podgoric\u00eb u mbajt Kampionati i Karates\u00eb s\u00eb Malit t\u00eb Zi p\u00ebr Fatosa dhe Pionier\u00eb n\u00eb kata dhe Kupa e Malit t\u00eb Zi p\u00ebr Kadet\u00eb,\" \/>\n<meta property=\"og:url\" content=\"https:\/\/www.visit-ulcinj.com\/blog\/2013\/04\/22\/kk-ulqini-i-treti-ne-renditjen-e-pergjithshme-ne-mesin-e-24-klubeve\/\" \/>\n<meta property=\"og:site_name\" content=\"Lajme nga Ulqini\" \/>\n<meta property=\"article:published_time\" content=\"2013-04-22T13:54:03+00:00\" \/>\n<meta property=\"article:modified_time\" content=\"2013-04-22T13:54:19+00:00\" \/>\n<meta property=\"og:image\" content=\"http:\/\/www.visit-ulcinj.com\/blog\/wp-content\/uploads\/2013\/04\/KARATE-CLUB-ULQINI-ULCINJ-MONTENEGRO.jpg\" \/>\n<meta name=\"twitter:label1\" content=\"Written by\" \/>\n\t<meta name=\"twitter:data1\" content=\"ulqini\" \/>\n\t<meta name=\"twitter:label2\" content=\"Est. reading time\" \/>\n\t<meta name=\"twitter:data2\" content=\"3 minutes\" \/>\n<script type=\"application\/ld+json\" class=\"yoast-schema-graph\">{\"@context\":\"https:\/\/schema.org\",\"@graph\":[{\"@type\":\"WebSite\",\"@id\":\"https:\/\/www.visit-ulcinj.com\/blog\/#website\",\"url\":\"https:\/\/www.visit-ulcinj.com\/blog\/\",\"name\":\"Lajme nga Ulqini\",\"description\":\"Lajme,Vijesti,Ulqini,Ulqin,Crna Gora,Mali i Zi\",\"potentialAction\":[{\"@type\":\"SearchAction\",\"target\":{\"@type\":\"EntryPoint\",\"urlTemplate\":\"https:\/\/www.visit-ulcinj.com\/blog\/?s={search_term_string}\"},\"query-input\":\"required name=search_term_string\"}],\"inLanguage\":\"en-US\"},{\"@type\":\"ImageObject\",\"inLanguage\":\"en-US\",\"@id\":\"https:\/\/www.visit-ulcinj.com\/blog\/2013\/04\/22\/kk-ulqini-i-treti-ne-renditjen-e-pergjithshme-ne-mesin-e-24-klubeve\/#primaryimage\",\"url\":\"https:\/\/www.visit-ulcinj.com\/blog\/wp-content\/uploads\/2013\/04\/KARATE-CLUB-ULQINI-ULCINJ-MONTENEGRO.jpg\",\"contentUrl\":\"https:\/\/www.visit-ulcinj.com\/blog\/wp-content\/uploads\/2013\/04\/KARATE-CLUB-ULQINI-ULCINJ-MONTENEGRO.jpg\",\"width\":960,\"height\":717},{\"@type\":\"WebPage\",\"@id\":\"https:\/\/www.visit-ulcinj.com\/blog\/2013\/04\/22\/kk-ulqini-i-treti-ne-renditjen-e-pergjithshme-ne-mesin-e-24-klubeve\/#webpage\",\"url\":\"https:\/\/www.visit-ulcinj.com\/blog\/2013\/04\/22\/kk-ulqini-i-treti-ne-renditjen-e-pergjithshme-ne-mesin-e-24-klubeve\/\",\"name\":\"KK \u201cUlqini\u201d i treti n\u00eb renditjen e p\u00ebrgjithshme n\u00eb mesin e 24 klubeve - Lajme nga Ulqini\",\"isPartOf\":{\"@id\":\"https:\/\/www.visit-ulcinj.com\/blog\/#website\"},\"primaryImageOfPage\":{\"@id\":\"https:\/\/www.visit-ulcinj.com\/blog\/2013\/04\/22\/kk-ulqini-i-treti-ne-renditjen-e-pergjithshme-ne-mesin-e-24-klubeve\/#primaryimage\"},\"datePublished\":\"2013-04-22T13:54:03+00:00\",\"dateModified\":\"2013-04-22T13:54:19+00:00\",\"author\":{\"@id\":\"https:\/\/www.visit-ulcinj.com\/blog\/#\/schema\/person\/dcab619c614d3038751c63bc2aadc06d\"},\"description\":\"T\u00eb shtun\u00ebn, m\u00eb 20 prill 2013 n\u00eb Podgoric\u00eb u mbajt Kampionati i Karates\u00eb s\u00eb Malit t\u00eb Zi p\u00ebr Fatosa dhe Pionier\u00eb n\u00eb kata dhe Kupa e Malit t\u00eb Zi p\u00ebr Kadet\u00eb,\",\"breadcrumb\":{\"@id\":\"https:\/\/www.visit-ulcinj.com\/blog\/2013\/04\/22\/kk-ulqini-i-treti-ne-renditjen-e-pergjithshme-ne-mesin-e-24-klubeve\/#breadcrumb\"},\"inLanguage\":\"en-US\",\"potentialAction\":[{\"@type\":\"ReadAction\",\"target\":[\"https:\/\/www.visit-ulcinj.com\/blog\/2013\/04\/22\/kk-ulqini-i-treti-ne-renditjen-e-pergjithshme-ne-mesin-e-24-klubeve\/\"]}]},{\"@type\":\"BreadcrumbList\",\"@id\":\"https:\/\/www.visit-ulcinj.com\/blog\/2013\/04\/22\/kk-ulqini-i-treti-ne-renditjen-e-pergjithshme-ne-mesin-e-24-klubeve\/#breadcrumb\",\"itemListElement\":[{\"@type\":\"ListItem\",\"position\":1,\"name\":\"KK \u201cUlqini\u201d i treti n\u00eb renditjen e p\u00ebrgjithshme n\u00eb mesin e 24 klubeve\"}]},{\"@type\":\"Person\",\"@id\":\"https:\/\/www.visit-ulcinj.com\/blog\/#\/schema\/person\/dcab619c614d3038751c63bc2aadc06d\",\"name\":\"ulqini\",\"sameAs\":[\"http:\/\/www.visit-ulcinj.com\"],\"url\":\"https:\/\/www.visit-ulcinj.com\/blog\/author\/admin\/\"}]}<\/script>\n<!-- \/ Yoast SEO plugin. -->","yoast_head_json":{"title":"KK \u201cUlqini\u201d i treti n\u00eb renditjen e p\u00ebrgjithshme n\u00eb mesin e 24 klubeve - Lajme nga Ulqini","description":"T\u00eb shtun\u00ebn, m\u00eb 20 prill 2013 n\u00eb Podgoric\u00eb u mbajt Kampionati i Karates\u00eb s\u00eb Malit t\u00eb Zi p\u00ebr Fatosa dhe Pionier\u00eb n\u00eb kata dhe Kupa e Malit t\u00eb Zi p\u00ebr Kadet\u00eb,","robots":{"index":"index","follow":"follow","max-snippet":"max-snippet:-1","max-image-preview":"max-image-preview:large","max-video-preview":"max-video-preview:-1"},"canonical":"https:\/\/www.visit-ulcinj.com\/blog\/2013\/04\/22\/kk-ulqini-i-treti-ne-renditjen-e-pergjithshme-ne-mesin-e-24-klubeve\/","og_locale":"en_US","og_type":"article","og_title":"KK \u201cUlqini\u201d i treti n\u00eb renditjen e p\u00ebrgjithshme n\u00eb mesin e 24 klubeve - Lajme nga Ulqini","og_description":"T\u00eb shtun\u00ebn, m\u00eb 20 prill 2013 n\u00eb Podgoric\u00eb u mbajt Kampionati i Karates\u00eb s\u00eb Malit t\u00eb Zi p\u00ebr Fatosa dhe Pionier\u00eb n\u00eb kata dhe Kupa e Malit t\u00eb Zi p\u00ebr Kadet\u00eb,","og_url":"https:\/\/www.visit-ulcinj.com\/blog\/2013\/04\/22\/kk-ulqini-i-treti-ne-renditjen-e-pergjithshme-ne-mesin-e-24-klubeve\/","og_site_name":"Lajme nga Ulqini","article_published_time":"2013-04-22T13:54:03+00:00","article_modified_time":"2013-04-22T13:54:19+00:00","og_image":[{"url":"http:\/\/www.visit-ulcinj.com\/blog\/wp-content\/uploads\/2013\/04\/KARATE-CLUB-ULQINI-ULCINJ-MONTENEGRO.jpg"}],"twitter_misc":{"Written by":"ulqini","Est. reading time":"3 minutes"},"schema":{"@context":"https:\/\/schema.org","@graph":[{"@type":"WebSite","@id":"https:\/\/www.visit-ulcinj.com\/blog\/#website","url":"https:\/\/www.visit-ulcinj.com\/blog\/","name":"Lajme nga Ulqini","description":"Lajme,Vijesti,Ulqini,Ulqin,Crna Gora,Mali i Zi","potentialAction":[{"@type":"SearchAction","target":{"@type":"EntryPoint","urlTemplate":"https:\/\/www.visit-ulcinj.com\/blog\/?s={search_term_string}"},"query-input":"required name=search_term_string"}],"inLanguage":"en-US"},{"@type":"ImageObject","inLanguage":"en-US","@id":"https:\/\/www.visit-ulcinj.com\/blog\/2013\/04\/22\/kk-ulqini-i-treti-ne-renditjen-e-pergjithshme-ne-mesin-e-24-klubeve\/#primaryimage","url":"https:\/\/www.visit-ulcinj.com\/blog\/wp-content\/uploads\/2013\/04\/KARATE-CLUB-ULQINI-ULCINJ-MONTENEGRO.jpg","contentUrl":"https:\/\/www.visit-ulcinj.com\/blog\/wp-content\/uploads\/2013\/04\/KARATE-CLUB-ULQINI-ULCINJ-MONTENEGRO.jpg","width":960,"height":717},{"@type":"WebPage","@id":"https:\/\/www.visit-ulcinj.com\/blog\/2013\/04\/22\/kk-ulqini-i-treti-ne-renditjen-e-pergjithshme-ne-mesin-e-24-klubeve\/#webpage","url":"https:\/\/www.visit-ulcinj.com\/blog\/2013\/04\/22\/kk-ulqini-i-treti-ne-renditjen-e-pergjithshme-ne-mesin-e-24-klubeve\/","name":"KK \u201cUlqini\u201d i treti n\u00eb renditjen e p\u00ebrgjithshme n\u00eb mesin e 24 klubeve - Lajme nga Ulqini","isPartOf":{"@id":"https:\/\/www.visit-ulcinj.com\/blog\/#website"},"primaryImageOfPage":{"@id":"https:\/\/www.visit-ulcinj.com\/blog\/2013\/04\/22\/kk-ulqini-i-treti-ne-renditjen-e-pergjithshme-ne-mesin-e-24-klubeve\/#primaryimage"},"datePublished":"2013-04-22T13:54:03+00:00","dateModified":"2013-04-22T13:54:19+00:00","author":{"@id":"https:\/\/www.visit-ulcinj.com\/blog\/#\/schema\/person\/dcab619c614d3038751c63bc2aadc06d"},"description":"T\u00eb shtun\u00ebn, m\u00eb 20 prill 2013 n\u00eb Podgoric\u00eb u mbajt Kampionati i Karates\u00eb s\u00eb Malit t\u00eb Zi p\u00ebr Fatosa dhe Pionier\u00eb n\u00eb kata dhe Kupa e Malit t\u00eb Zi p\u00ebr Kadet\u00eb,","breadcrumb":{"@id":"https:\/\/www.visit-ulcinj.com\/blog\/2013\/04\/22\/kk-ulqini-i-treti-ne-renditjen-e-pergjithshme-ne-mesin-e-24-klubeve\/#breadcrumb"},"inLanguage":"en-US","potentialAction":[{"@type":"ReadAction","target":["https:\/\/www.visit-ulcinj.com\/blog\/2013\/04\/22\/kk-ulqini-i-treti-ne-renditjen-e-pergjithshme-ne-mesin-e-24-klubeve\/"]}]},{"@type":"BreadcrumbList","@id":"https:\/\/www.visit-ulcinj.com\/blog\/2013\/04\/22\/kk-ulqini-i-treti-ne-renditjen-e-pergjithshme-ne-mesin-e-24-klubeve\/#breadcrumb","itemListElement":[{"@type":"ListItem","position":1,"name":"KK \u201cUlqini\u201d i treti n\u00eb renditjen e p\u00ebrgjithshme n\u00eb mesin e 24 klubeve"}]},{"@type":"Person","@id":"https:\/\/www.visit-ulcinj.com\/blog\/#\/schema\/person\/dcab619c614d3038751c63bc2aadc06d","name":"ulqini","sameAs":["http:\/\/www.visit-ulcinj.com"],"url":"https:\/\/www.visit-ulcinj.com\/blog\/author\/admin\/"}]}},"jetpack_featured_media_url":"","jetpack_sharing_enabled":true,"jetpack_shortlink":"https:\/\/wp.me\/pe6lTn-iox","_links":{"self":[{"href":"https:\/\/www.visit-ulcinj.com\/blog\/wp-json\/wp\/v2\/posts\/70713"}],"collection":[{"href":"https:\/\/www.visit-ulcinj.com\/blog\/wp-json\/wp\/v2\/posts"}],"about":[{"href":"https:\/\/www.visit-ulcinj.com\/blog\/wp-json\/wp\/v2\/types\/post"}],"author":[{"embeddable":true,"href":"https:\/\/www.visit-ulcinj.com\/blog\/wp-json\/wp\/v2\/users\/1"}],"replies":[{"embeddable":true,"href":"https:\/\/www.visit-ulcinj.com\/blog\/wp-json\/wp\/v2\/comments?post=70713"}],"version-history":[{"count":2,"href":"https:\/\/www.visit-ulcinj.com\/blog\/wp-json\/wp\/v2\/posts\/70713\/revisions"}],"predecessor-version":[{"id":70716,"href":"https:\/\/www.visit-ulcinj.com\/blog\/wp-json\/wp\/v2\/posts\/70713\/revisions\/70716"}],"wp:attachment":[{"href":"https:\/\/www.visit-ulcinj.com\/blog\/wp-json\/wp\/v2\/media?parent=70713"}],"wp:term":[{"taxonomy":"category","embeddable":true,"href":"https:\/\/www.visit-ulcinj.com\/blog\/wp-json\/wp\/v2\/categories?post=70713"},{"taxonomy":"post_tag","embeddable":true,"href":"https:\/\/www.visit-ulcinj.com\/blog\/wp-json\/wp\/v2\/tags?post=70713"}],"curies":[{"name":"wp","href":"https:\/\/api.w.org\/{rel}","templated":true}]}}