{"id":7074,"date":"2008-12-10T19:24:16","date_gmt":"2008-12-10T18:24:16","guid":{"rendered":"http:\/\/www.visit-ulcinj.com\/blog\/?p=7074"},"modified":"2008-12-10T19:24:16","modified_gmt":"2008-12-10T18:24:16","slug":"neophodno-pojeftiniti-avionske-karte-u-crnu-goru","status":"publish","type":"post","link":"https:\/\/www.visit-ulcinj.com\/blog\/2008\/12\/10\/neophodno-pojeftiniti-avionske-karte-u-crnu-goru\/","title":{"rendered":"Neophodno pojeftiniti avionske karte u Crnu Goru"},"content":{"rendered":"<p><a href=\"http:\/\/www.visit-ulcinj.com\/blog\/wp-content\/uploads\/2008\/12\/montengro-airlines.jpg\"><img loading=\"lazy\" class=\"alignleft size-medium wp-image-7075\" title=\"montengro-airlines\" src=\"http:\/\/www.visit-ulcinj.com\/blog\/wp-content\/uploads\/2008\/12\/montengro-airlines-300x243.jpg\" alt=\"\" width=\"350\" height=\"284\" srcset=\"https:\/\/www.visit-ulcinj.com\/blog\/wp-content\/uploads\/2008\/12\/montengro-airlines-300x243.jpg 300w, https:\/\/www.visit-ulcinj.com\/blog\/wp-content\/uploads\/2008\/12\/montengro-airlines.jpg 616w\" sizes=\"(max-width: 350px) 100vw, 350px\" \/><\/a>Predsjednik Crnogorskog turisti?kog udru\u017eenja i direktor tivatskog HTP Primorje Predrag Jelu\u0161i?, pozvao je dr\u017eavnu aviokompaniju Montengro Airlines da u zajedni?kim naporima usmjerenim na zadr\u017eavanje uspje\u0161nosti turisti?ke sezone u Crnoj Gori naredne godine, bude kooperativnija prema turisti?koj privredi.<br \/>\nAvio-prevoz je od izuzetne va\u017enosti za dolazak stranih turista u Crnu Goru imaju?i u vidu veoma lo\u0161e stanje na\u0161e putne i \u017eeljezni?ke infrastrukture, pa su u uslovima narastaju?e globalne ekonomske krize, tro\u0161kovi avio-karata veoma zna?ajni za ukupnu cijenu jednog turisti?kog aran\u017emana.<br \/>\n&#8220;Prosto, poku\u0161avamo da napravimo neke paket-aran\u017emane koji podrazumijevaju jeftiniju cijenu avio-karte nego \u0161to je ona sada da bismo uspjeli da animiramo evidentno smanjenu turisti?ku tra\u017enju u naredoj godini, odnosno da na najjednostavniji na?in privu?emo goste i u?inimo im Crnu Goru dostupnom\u201d,\u00a0 kazao je Vijestima predsjednik CTU.<br \/>\n&#8220;Cijena povratne karte u ?arter-prevozu sa kojom se barata za Zapadnu Evropu i Skandinaviju, od 250 eura, jeste neka cijena koju bi gosti u nekom paket-aran\u017emanu mogli da plate, ali mislim da tu jo\u0161 realno ima prostora za sni\u017eavanje. Zbog toga je i dobro da imamo taj direktni kontakt i &#8220;pregovara?ki link&#8221; hotelijera sa Montenegro Airlinesom. Poku\u0161a?emo da uskladimo cjenovnu politiku hotelijera i cjenovnu politiku Montenegro Airlinesa i u?inimo prilagodljivom i \u0161to prihvatljivijom za na\u0161e potencijalne goste, pogotovo za organizovane grupe turista\u201d, kazao je Jelu\u0161i?, dodaju?i da je to posebno bitno za period pred i nakon glavne ljetnje sezone &#8220;kada prakti?no svaki hotelijer \u017eivi od tih organizovanih skupova, kongresnog turizma i sli?no&#8221;.<br \/>\nSama ljetnja sezona nije toliko problemati?na sa stanovi\u0161ta tro\u0161kova avio-prevoza, jer tada ve?ina turista, koje u Crnu Goru dovode veliki strani tur-operatori, ionako ne sti\u017ee Montenegro erlajnzom, ve? posebnim ?arter-letovima u organizaciji samih tur-operatora. Predsjednik CTU smatra da crnogorska dr\u017eavna aviokompanija, imaju?i u vidu drasti?an pad cijena goriva i smanjenje tro\u0161kova hendlinga i lendinga na zapadnoevropskim aerodromima, ima prostora da smanji cijene karata za turiste.<br \/>\n&#8220;Za o?ekivati je da Montenegro Airlines pomogne turisti?koj privredi smanjenjem cijene karata\u201d, rekao je Jelu\u0161i?, podsje?aju?i da je Vlada ve? indirektno dotirala tu aviokompaniju da otvori nove linije za Milano i London i pove?a broj rotacija na nekim drugim destinacijama.<br \/>\nNa pitanje da li turisti?ka privreda razmi\u0161lja o eventualnom osnivanju sopstvene aviokompanije, Jelu\u0161i? je kazao da takav primjer ve? postoji u najbli\u017eem susjedstvu gdje su turisti?ki poslenici dubrova?ke regije osnovali uspje\u0161nu kompaniju Dubrovnik Airline.<br \/>\n&#8220;Mislim da je konkurencija uvijek zdrava pojava, samo treba vidjeti pod kojim uslovima se to mo\u017ee desiti. Ipak, smatram da je za sada pravo rije\u0161enje da Montenegro erlajnz smanji svoje cijene, da bude vi\u0161e u funkciji turisti?ke privrede i da je tu mogu?e na?i jedan dobar model saradnje\u201d, zaklju?io je Jelu\u0161?.<br \/>\n<strong>Izvor \/ Vijesti<\/strong><\/p>\n<!--YouTube Error: bad URL entered-->\n","protected":false},"excerpt":{"rendered":"<p>Predsjednik Crnogorskog turisti?kog udru\u017eenja i direktor tivatskog HTP Primorje Predrag Jelu\u0161i?, pozvao je dr\u017eavnu aviokompaniju Montengro Airlines da u zajedni?kim naporima usmjerenim na zadr\u017eavanje uspje\u0161nosti turisti?ke sezone u Crnoj Gori naredne godine, bude kooperativnija prema turisti?koj privredi. Avio-prevoz je od izuzetne va\u017enosti za dolazak stranih turista u Crnu Goru imaju?i u vidu veoma lo\u0161e stanje [&hellip;]<\/p>\n","protected":false},"author":1,"featured_media":0,"comment_status":"open","ping_status":"closed","sticky":false,"template":"","format":"standard","meta":{"spay_email":"","jetpack_publicize_message":"","jetpack_is_tweetstorm":false,"jetpack_publicize_feature_enabled":true},"categories":[15],"tags":[20,5197],"jetpack_publicize_connections":[],"yoast_head":"<!-- This site is optimized with the Yoast SEO plugin v19.1 - https:\/\/yoast.com\/wordpress\/plugins\/seo\/ -->\n<title>Neophodno pojeftiniti avionske karte u Crnu Goru - Lajme nga Ulqini<\/title>\n<meta name=\"description\" content=\"Predsjednik Crnogorskog turisti?kog udru\u017eenja i direktor tivatskog HTP Primorje Predrag Jelu\u0161i?, pozvao je dr\u017eavnu aviokompaniju Montengro Airlines da u\" \/>\n<meta name=\"robots\" content=\"index, follow, max-snippet:-1, max-image-preview:large, max-video-preview:-1\" \/>\n<link rel=\"canonical\" href=\"https:\/\/www.visit-ulcinj.com\/blog\/2008\/12\/10\/neophodno-pojeftiniti-avionske-karte-u-crnu-goru\/\" \/>\n<meta property=\"og:locale\" content=\"en_US\" \/>\n<meta property=\"og:type\" content=\"article\" \/>\n<meta property=\"og:title\" content=\"Neophodno pojeftiniti avionske karte u Crnu Goru - Lajme nga Ulqini\" \/>\n<meta property=\"og:description\" content=\"Predsjednik Crnogorskog turisti?kog udru\u017eenja i direktor tivatskog HTP Primorje Predrag Jelu\u0161i?, pozvao je dr\u017eavnu aviokompaniju Montengro Airlines da u\" \/>\n<meta property=\"og:url\" content=\"https:\/\/www.visit-ulcinj.com\/blog\/2008\/12\/10\/neophodno-pojeftiniti-avionske-karte-u-crnu-goru\/\" \/>\n<meta property=\"og:site_name\" content=\"Lajme nga Ulqini\" \/>\n<meta property=\"article:published_time\" content=\"2008-12-10T18:24:16+00:00\" \/>\n<meta property=\"og:image\" content=\"http:\/\/www.visit-ulcinj.com\/blog\/wp-content\/uploads\/2008\/12\/montengro-airlines-300x243.jpg\" \/>\n<meta name=\"twitter:label1\" content=\"Written by\" \/>\n\t<meta name=\"twitter:data1\" content=\"ulqini\" \/>\n\t<meta name=\"twitter:label2\" content=\"Est. reading time\" \/>\n\t<meta name=\"twitter:data2\" content=\"3 minutes\" \/>\n<script type=\"application\/ld+json\" class=\"yoast-schema-graph\">{\"@context\":\"https:\/\/schema.org\",\"@graph\":[{\"@type\":\"WebSite\",\"@id\":\"https:\/\/www.visit-ulcinj.com\/blog\/#website\",\"url\":\"https:\/\/www.visit-ulcinj.com\/blog\/\",\"name\":\"Lajme nga Ulqini\",\"description\":\"Lajme,Vijesti,Ulqini,Ulqin,Crna Gora,Mali i Zi\",\"potentialAction\":[{\"@type\":\"SearchAction\",\"target\":{\"@type\":\"EntryPoint\",\"urlTemplate\":\"https:\/\/www.visit-ulcinj.com\/blog\/?s={search_term_string}\"},\"query-input\":\"required name=search_term_string\"}],\"inLanguage\":\"en-US\"},{\"@type\":\"ImageObject\",\"inLanguage\":\"en-US\",\"@id\":\"https:\/\/www.visit-ulcinj.com\/blog\/2008\/12\/10\/neophodno-pojeftiniti-avionske-karte-u-crnu-goru\/#primaryimage\",\"url\":\"http:\/\/www.visit-ulcinj.com\/blog\/wp-content\/uploads\/2008\/12\/montengro-airlines-300x243.jpg\",\"contentUrl\":\"http:\/\/www.visit-ulcinj.com\/blog\/wp-content\/uploads\/2008\/12\/montengro-airlines-300x243.jpg\"},{\"@type\":\"WebPage\",\"@id\":\"https:\/\/www.visit-ulcinj.com\/blog\/2008\/12\/10\/neophodno-pojeftiniti-avionske-karte-u-crnu-goru\/#webpage\",\"url\":\"https:\/\/www.visit-ulcinj.com\/blog\/2008\/12\/10\/neophodno-pojeftiniti-avionske-karte-u-crnu-goru\/\",\"name\":\"Neophodno pojeftiniti avionske karte u Crnu Goru - Lajme nga Ulqini\",\"isPartOf\":{\"@id\":\"https:\/\/www.visit-ulcinj.com\/blog\/#website\"},\"primaryImageOfPage\":{\"@id\":\"https:\/\/www.visit-ulcinj.com\/blog\/2008\/12\/10\/neophodno-pojeftiniti-avionske-karte-u-crnu-goru\/#primaryimage\"},\"datePublished\":\"2008-12-10T18:24:16+00:00\",\"dateModified\":\"2008-12-10T18:24:16+00:00\",\"author\":{\"@id\":\"https:\/\/www.visit-ulcinj.com\/blog\/#\/schema\/person\/dcab619c614d3038751c63bc2aadc06d\"},\"description\":\"Predsjednik Crnogorskog turisti?kog udru\u017eenja i direktor tivatskog HTP Primorje Predrag Jelu\u0161i?, pozvao je dr\u017eavnu aviokompaniju Montengro Airlines da u\",\"breadcrumb\":{\"@id\":\"https:\/\/www.visit-ulcinj.com\/blog\/2008\/12\/10\/neophodno-pojeftiniti-avionske-karte-u-crnu-goru\/#breadcrumb\"},\"inLanguage\":\"en-US\",\"potentialAction\":[{\"@type\":\"ReadAction\",\"target\":[\"https:\/\/www.visit-ulcinj.com\/blog\/2008\/12\/10\/neophodno-pojeftiniti-avionske-karte-u-crnu-goru\/\"]}]},{\"@type\":\"BreadcrumbList\",\"@id\":\"https:\/\/www.visit-ulcinj.com\/blog\/2008\/12\/10\/neophodno-pojeftiniti-avionske-karte-u-crnu-goru\/#breadcrumb\",\"itemListElement\":[{\"@type\":\"ListItem\",\"position\":1,\"name\":\"Neophodno pojeftiniti avionske karte u Crnu Goru\"}]},{\"@type\":\"Person\",\"@id\":\"https:\/\/www.visit-ulcinj.com\/blog\/#\/schema\/person\/dcab619c614d3038751c63bc2aadc06d\",\"name\":\"ulqini\",\"sameAs\":[\"http:\/\/www.visit-ulcinj.com\"],\"url\":\"https:\/\/www.visit-ulcinj.com\/blog\/author\/admin\/\"}]}<\/script>\n<!-- \/ Yoast SEO plugin. -->","yoast_head_json":{"title":"Neophodno pojeftiniti avionske karte u Crnu Goru - Lajme nga Ulqini","description":"Predsjednik Crnogorskog turisti?kog udru\u017eenja i direktor tivatskog HTP Primorje Predrag Jelu\u0161i?, pozvao je dr\u017eavnu aviokompaniju Montengro Airlines da u","robots":{"index":"index","follow":"follow","max-snippet":"max-snippet:-1","max-image-preview":"max-image-preview:large","max-video-preview":"max-video-preview:-1"},"canonical":"https:\/\/www.visit-ulcinj.com\/blog\/2008\/12\/10\/neophodno-pojeftiniti-avionske-karte-u-crnu-goru\/","og_locale":"en_US","og_type":"article","og_title":"Neophodno pojeftiniti avionske karte u Crnu Goru - Lajme nga Ulqini","og_description":"Predsjednik Crnogorskog turisti?kog udru\u017eenja i direktor tivatskog HTP Primorje Predrag Jelu\u0161i?, pozvao je dr\u017eavnu aviokompaniju Montengro Airlines da u","og_url":"https:\/\/www.visit-ulcinj.com\/blog\/2008\/12\/10\/neophodno-pojeftiniti-avionske-karte-u-crnu-goru\/","og_site_name":"Lajme nga Ulqini","article_published_time":"2008-12-10T18:24:16+00:00","og_image":[{"url":"http:\/\/www.visit-ulcinj.com\/blog\/wp-content\/uploads\/2008\/12\/montengro-airlines-300x243.jpg"}],"twitter_misc":{"Written by":"ulqini","Est. reading time":"3 minutes"},"schema":{"@context":"https:\/\/schema.org","@graph":[{"@type":"WebSite","@id":"https:\/\/www.visit-ulcinj.com\/blog\/#website","url":"https:\/\/www.visit-ulcinj.com\/blog\/","name":"Lajme nga Ulqini","description":"Lajme,Vijesti,Ulqini,Ulqin,Crna Gora,Mali i Zi","potentialAction":[{"@type":"SearchAction","target":{"@type":"EntryPoint","urlTemplate":"https:\/\/www.visit-ulcinj.com\/blog\/?s={search_term_string}"},"query-input":"required name=search_term_string"}],"inLanguage":"en-US"},{"@type":"ImageObject","inLanguage":"en-US","@id":"https:\/\/www.visit-ulcinj.com\/blog\/2008\/12\/10\/neophodno-pojeftiniti-avionske-karte-u-crnu-goru\/#primaryimage","url":"http:\/\/www.visit-ulcinj.com\/blog\/wp-content\/uploads\/2008\/12\/montengro-airlines-300x243.jpg","contentUrl":"http:\/\/www.visit-ulcinj.com\/blog\/wp-content\/uploads\/2008\/12\/montengro-airlines-300x243.jpg"},{"@type":"WebPage","@id":"https:\/\/www.visit-ulcinj.com\/blog\/2008\/12\/10\/neophodno-pojeftiniti-avionske-karte-u-crnu-goru\/#webpage","url":"https:\/\/www.visit-ulcinj.com\/blog\/2008\/12\/10\/neophodno-pojeftiniti-avionske-karte-u-crnu-goru\/","name":"Neophodno pojeftiniti avionske karte u Crnu Goru - Lajme nga Ulqini","isPartOf":{"@id":"https:\/\/www.visit-ulcinj.com\/blog\/#website"},"primaryImageOfPage":{"@id":"https:\/\/www.visit-ulcinj.com\/blog\/2008\/12\/10\/neophodno-pojeftiniti-avionske-karte-u-crnu-goru\/#primaryimage"},"datePublished":"2008-12-10T18:24:16+00:00","dateModified":"2008-12-10T18:24:16+00:00","author":{"@id":"https:\/\/www.visit-ulcinj.com\/blog\/#\/schema\/person\/dcab619c614d3038751c63bc2aadc06d"},"description":"Predsjednik Crnogorskog turisti?kog udru\u017eenja i direktor tivatskog HTP Primorje Predrag Jelu\u0161i?, pozvao je dr\u017eavnu aviokompaniju Montengro Airlines da u","breadcrumb":{"@id":"https:\/\/www.visit-ulcinj.com\/blog\/2008\/12\/10\/neophodno-pojeftiniti-avionske-karte-u-crnu-goru\/#breadcrumb"},"inLanguage":"en-US","potentialAction":[{"@type":"ReadAction","target":["https:\/\/www.visit-ulcinj.com\/blog\/2008\/12\/10\/neophodno-pojeftiniti-avionske-karte-u-crnu-goru\/"]}]},{"@type":"BreadcrumbList","@id":"https:\/\/www.visit-ulcinj.com\/blog\/2008\/12\/10\/neophodno-pojeftiniti-avionske-karte-u-crnu-goru\/#breadcrumb","itemListElement":[{"@type":"ListItem","position":1,"name":"Neophodno pojeftiniti avionske karte u Crnu Goru"}]},{"@type":"Person","@id":"https:\/\/www.visit-ulcinj.com\/blog\/#\/schema\/person\/dcab619c614d3038751c63bc2aadc06d","name":"ulqini","sameAs":["http:\/\/www.visit-ulcinj.com"],"url":"https:\/\/www.visit-ulcinj.com\/blog\/author\/admin\/"}]}},"jetpack_featured_media_url":"","jetpack_sharing_enabled":true,"jetpack_shortlink":"https:\/\/wp.me\/pe6lTn-1Q6","_links":{"self":[{"href":"https:\/\/www.visit-ulcinj.com\/blog\/wp-json\/wp\/v2\/posts\/7074"}],"collection":[{"href":"https:\/\/www.visit-ulcinj.com\/blog\/wp-json\/wp\/v2\/posts"}],"about":[{"href":"https:\/\/www.visit-ulcinj.com\/blog\/wp-json\/wp\/v2\/types\/post"}],"author":[{"embeddable":true,"href":"https:\/\/www.visit-ulcinj.com\/blog\/wp-json\/wp\/v2\/users\/1"}],"replies":[{"embeddable":true,"href":"https:\/\/www.visit-ulcinj.com\/blog\/wp-json\/wp\/v2\/comments?post=7074"}],"version-history":[{"count":0,"href":"https:\/\/www.visit-ulcinj.com\/blog\/wp-json\/wp\/v2\/posts\/7074\/revisions"}],"wp:attachment":[{"href":"https:\/\/www.visit-ulcinj.com\/blog\/wp-json\/wp\/v2\/media?parent=7074"}],"wp:term":[{"taxonomy":"category","embeddable":true,"href":"https:\/\/www.visit-ulcinj.com\/blog\/wp-json\/wp\/v2\/categories?post=7074"},{"taxonomy":"post_tag","embeddable":true,"href":"https:\/\/www.visit-ulcinj.com\/blog\/wp-json\/wp\/v2\/tags?post=7074"}],"curies":[{"name":"wp","href":"https:\/\/api.w.org\/{rel}","templated":true}]}}