{"id":70748,"date":"2013-04-23T08:56:33","date_gmt":"2013-04-23T07:56:33","guid":{"rendered":"http:\/\/www.visit-ulcinj.com\/blog\/?p=70748"},"modified":"2013-04-23T08:56:33","modified_gmt":"2013-04-23T07:56:33","slug":"zasijedanje-skupstine-opstine-ulcinj-morsko-dobro-u-centru-paznje","status":"publish","type":"post","link":"https:\/\/www.visit-ulcinj.com\/blog\/2013\/04\/23\/zasijedanje-skupstine-opstine-ulcinj-morsko-dobro-u-centru-paznje\/","title":{"rendered":"Zasijedanje Skup\u0161tine op\u0161tine Ulcinj, morsko dobro u centru pa\u017enje"},"content":{"rendered":"<p><strong><a href=\"http:\/\/www.visit-ulcinj.com\/blog\/wp-content\/uploads\/2013\/04\/skupstina-opstina-ulcinj.jpg\"><img loading=\"lazy\" class=\"alignleft  wp-image-70749\" alt=\"skupstina opstina ulcinj\" src=\"http:\/\/www.visit-ulcinj.com\/blog\/wp-content\/uploads\/2013\/04\/skupstina-opstina-ulcinj.jpg\" width=\"508\" height=\"360\" \/><\/a>ULCINJ \u2013\u00a0 Skup\u0161tina op\u0161tine Ulcinj usvojila je nekoliko odluka koje se odnose na otkup zemlji\u0161ta radi dokompletiranja urbanisti\u010dkih parcela za podru\u010dja Pinje\u0161 2 i Pristan.<\/strong><\/p>\n<p>Usvojen je i prijedlog odluke o raspisivanju javnog poziva za prenos prava svojine na gra\u0111evinsko zemlji\u0161te, kao i informacija o sprovo\u0111enju zaklju\u010daka Skup\u0161tine vezanih za valorizaciju Valdanosa i prijedlog odluke o davanju saglasnosti na izmjene statuta JP Komunalne djelatnosti Ulcinj.<\/p>\n<p>Najve\u0107i dio vremena odbornici su proveli raspravljaju\u0107i o sprovo\u0111enju zaklju\u010daka vezanih za pojas morskog dobra. O primjedbama na zakon o morskom dobru nastavi\u0107e diskusiju u \u010detvrtak.<\/p>\n<p>Prijedlozi i amandmani odnosili su se uglavnom na definisanje pojma morsko dobro, tj. utvr\u0111ivanje ove zone, svojinski re\u017eim i ravnomjernu raspodjelu tereta upravljanja ovim pojasom. Zatra\u017eena je dosljedna primjena na\u010dela decentralizacije, \u0161to bi obezbijedilo ve\u0107e ingerencije lokalnih samouprava na podru\u010dju morskog dobra.<\/p>\n<p>Prema usvojenom prijedlogu, rijeka Bojana trebalo bi da se bri\u0161e iz zone morskog dobra, sa izuzetkom u\u0161\u0107a. Predlo\u017eeno je da se morska obala striktno odredi na \u0161est metara od obalne linije, s tim \u0161to se ovaj pojas mo\u017ee odrediti i u ve\u0107oj \u0161irini, ali uz saglasnost lokalne samouprave.<\/p>\n<p>Za morsko dobro, koje se svojinskom smislu defini\u0161e kao dr\u017eavna svojina, predlo\u017eeno je da se defini\u0161e kao \u201edobro od op\u0161teg interesa na koje niko ne mo\u017ee ste\u0107i pravo vlasni\u0161tva\u201d. Predlo\u017eeno je i da svaka lokalna zajednica ima svog predstavnika u savjetu JP \u201eMorsko dobro\u201c, a da upravni nadzor\u00a0 nad primjenom ovog zakona pored Ministarstva, obavljaju i nadle\u017eni organi lokalne uprave.<\/p>\n<p>Rasprava se nastavlja u \u010detvrtak.<\/p>\n<p><strong>A.\u017d.<\/strong><br \/>\n<strong>Izvor: Pobjeda<\/strong><\/p>\n","protected":false},"excerpt":{"rendered":"<p>ULCINJ \u2013\u00a0 Skup\u0161tina op\u0161tine Ulcinj usvojila je nekoliko odluka koje se odnose na otkup zemlji\u0161ta radi dokompletiranja urbanisti\u010dkih parcela za podru\u010dja Pinje\u0161 2 i Pristan. Usvojen je i prijedlog odluke o raspisivanju javnog poziva za prenos prava svojine na gra\u0111evinsko zemlji\u0161te, kao i informacija o sprovo\u0111enju zaklju\u010daka Skup\u0161tine vezanih za valorizaciju Valdanosa i prijedlog odluke [&hellip;]<\/p>\n","protected":false},"author":1,"featured_media":0,"comment_status":"open","ping_status":"closed","sticky":false,"template":"","format":"standard","meta":{"spay_email":"","jetpack_publicize_message":"","jetpack_is_tweetstorm":false,"jetpack_publicize_feature_enabled":true},"categories":[6950],"tags":[],"jetpack_publicize_connections":[],"yoast_head":"<!-- This site is optimized with the Yoast SEO plugin v19.1 - https:\/\/yoast.com\/wordpress\/plugins\/seo\/ -->\n<title>Zasijedanje Skup\u0161tine op\u0161tine Ulcinj, morsko dobro u centru pa\u017enje - Lajme nga Ulqini<\/title>\n<meta name=\"description\" content=\"ULCINJ \u2013\u00a0 Skup\u0161tina op\u0161tine Ulcinj usvojila je nekoliko odluka koje se odnose na otkup zemlji\u0161ta radi dokompletiranja urbanisti\u010dkih parcela za podru\u010dja\" \/>\n<meta name=\"robots\" content=\"index, follow, max-snippet:-1, max-image-preview:large, max-video-preview:-1\" \/>\n<link rel=\"canonical\" href=\"https:\/\/www.visit-ulcinj.com\/blog\/2013\/04\/23\/zasijedanje-skupstine-opstine-ulcinj-morsko-dobro-u-centru-paznje\/\" \/>\n<meta property=\"og:locale\" content=\"en_US\" \/>\n<meta property=\"og:type\" content=\"article\" \/>\n<meta property=\"og:title\" content=\"Zasijedanje Skup\u0161tine op\u0161tine Ulcinj, morsko dobro u centru pa\u017enje - Lajme nga Ulqini\" \/>\n<meta property=\"og:description\" content=\"ULCINJ \u2013\u00a0 Skup\u0161tina op\u0161tine Ulcinj usvojila je nekoliko odluka koje se odnose na otkup zemlji\u0161ta radi dokompletiranja urbanisti\u010dkih parcela za podru\u010dja\" \/>\n<meta property=\"og:url\" content=\"https:\/\/www.visit-ulcinj.com\/blog\/2013\/04\/23\/zasijedanje-skupstine-opstine-ulcinj-morsko-dobro-u-centru-paznje\/\" \/>\n<meta property=\"og:site_name\" content=\"Lajme nga Ulqini\" \/>\n<meta property=\"article:published_time\" content=\"2013-04-23T07:56:33+00:00\" \/>\n<meta property=\"og:image\" content=\"http:\/\/www.visit-ulcinj.com\/blog\/wp-content\/uploads\/2013\/04\/skupstina-opstina-ulcinj.jpg\" \/>\n<meta name=\"twitter:label1\" content=\"Written by\" \/>\n\t<meta name=\"twitter:data1\" content=\"ulqini\" \/>\n\t<meta name=\"twitter:label2\" content=\"Est. reading time\" \/>\n\t<meta name=\"twitter:data2\" content=\"1 minute\" \/>\n<script type=\"application\/ld+json\" class=\"yoast-schema-graph\">{\"@context\":\"https:\/\/schema.org\",\"@graph\":[{\"@type\":\"WebSite\",\"@id\":\"https:\/\/www.visit-ulcinj.com\/blog\/#website\",\"url\":\"https:\/\/www.visit-ulcinj.com\/blog\/\",\"name\":\"Lajme nga Ulqini\",\"description\":\"Lajme,Vijesti,Ulqini,Ulqin,Crna Gora,Mali i Zi\",\"potentialAction\":[{\"@type\":\"SearchAction\",\"target\":{\"@type\":\"EntryPoint\",\"urlTemplate\":\"https:\/\/www.visit-ulcinj.com\/blog\/?s={search_term_string}\"},\"query-input\":\"required name=search_term_string\"}],\"inLanguage\":\"en-US\"},{\"@type\":\"ImageObject\",\"inLanguage\":\"en-US\",\"@id\":\"https:\/\/www.visit-ulcinj.com\/blog\/2013\/04\/23\/zasijedanje-skupstine-opstine-ulcinj-morsko-dobro-u-centru-paznje\/#primaryimage\",\"url\":\"https:\/\/www.visit-ulcinj.com\/blog\/wp-content\/uploads\/2013\/04\/skupstina-opstina-ulcinj.jpg\",\"contentUrl\":\"https:\/\/www.visit-ulcinj.com\/blog\/wp-content\/uploads\/2013\/04\/skupstina-opstina-ulcinj.jpg\",\"width\":640,\"height\":360},{\"@type\":\"WebPage\",\"@id\":\"https:\/\/www.visit-ulcinj.com\/blog\/2013\/04\/23\/zasijedanje-skupstine-opstine-ulcinj-morsko-dobro-u-centru-paznje\/#webpage\",\"url\":\"https:\/\/www.visit-ulcinj.com\/blog\/2013\/04\/23\/zasijedanje-skupstine-opstine-ulcinj-morsko-dobro-u-centru-paznje\/\",\"name\":\"Zasijedanje Skup\u0161tine op\u0161tine Ulcinj, morsko dobro u centru pa\u017enje - Lajme nga Ulqini\",\"isPartOf\":{\"@id\":\"https:\/\/www.visit-ulcinj.com\/blog\/#website\"},\"primaryImageOfPage\":{\"@id\":\"https:\/\/www.visit-ulcinj.com\/blog\/2013\/04\/23\/zasijedanje-skupstine-opstine-ulcinj-morsko-dobro-u-centru-paznje\/#primaryimage\"},\"datePublished\":\"2013-04-23T07:56:33+00:00\",\"dateModified\":\"2013-04-23T07:56:33+00:00\",\"author\":{\"@id\":\"https:\/\/www.visit-ulcinj.com\/blog\/#\/schema\/person\/dcab619c614d3038751c63bc2aadc06d\"},\"description\":\"ULCINJ \u2013\u00a0 Skup\u0161tina op\u0161tine Ulcinj usvojila je nekoliko odluka koje se odnose na otkup zemlji\u0161ta radi dokompletiranja urbanisti\u010dkih parcela za podru\u010dja\",\"breadcrumb\":{\"@id\":\"https:\/\/www.visit-ulcinj.com\/blog\/2013\/04\/23\/zasijedanje-skupstine-opstine-ulcinj-morsko-dobro-u-centru-paznje\/#breadcrumb\"},\"inLanguage\":\"en-US\",\"potentialAction\":[{\"@type\":\"ReadAction\",\"target\":[\"https:\/\/www.visit-ulcinj.com\/blog\/2013\/04\/23\/zasijedanje-skupstine-opstine-ulcinj-morsko-dobro-u-centru-paznje\/\"]}]},{\"@type\":\"BreadcrumbList\",\"@id\":\"https:\/\/www.visit-ulcinj.com\/blog\/2013\/04\/23\/zasijedanje-skupstine-opstine-ulcinj-morsko-dobro-u-centru-paznje\/#breadcrumb\",\"itemListElement\":[{\"@type\":\"ListItem\",\"position\":1,\"name\":\"Zasijedanje Skup\u0161tine op\u0161tine Ulcinj, morsko dobro u centru pa\u017enje\"}]},{\"@type\":\"Person\",\"@id\":\"https:\/\/www.visit-ulcinj.com\/blog\/#\/schema\/person\/dcab619c614d3038751c63bc2aadc06d\",\"name\":\"ulqini\",\"sameAs\":[\"http:\/\/www.visit-ulcinj.com\"],\"url\":\"https:\/\/www.visit-ulcinj.com\/blog\/author\/admin\/\"}]}<\/script>\n<!-- \/ Yoast SEO plugin. -->","yoast_head_json":{"title":"Zasijedanje Skup\u0161tine op\u0161tine Ulcinj, morsko dobro u centru pa\u017enje - Lajme nga Ulqini","description":"ULCINJ \u2013\u00a0 Skup\u0161tina op\u0161tine Ulcinj usvojila je nekoliko odluka koje se odnose na otkup zemlji\u0161ta radi dokompletiranja urbanisti\u010dkih parcela za podru\u010dja","robots":{"index":"index","follow":"follow","max-snippet":"max-snippet:-1","max-image-preview":"max-image-preview:large","max-video-preview":"max-video-preview:-1"},"canonical":"https:\/\/www.visit-ulcinj.com\/blog\/2013\/04\/23\/zasijedanje-skupstine-opstine-ulcinj-morsko-dobro-u-centru-paznje\/","og_locale":"en_US","og_type":"article","og_title":"Zasijedanje Skup\u0161tine op\u0161tine Ulcinj, morsko dobro u centru pa\u017enje - Lajme nga Ulqini","og_description":"ULCINJ \u2013\u00a0 Skup\u0161tina op\u0161tine Ulcinj usvojila je nekoliko odluka koje se odnose na otkup zemlji\u0161ta radi dokompletiranja urbanisti\u010dkih parcela za podru\u010dja","og_url":"https:\/\/www.visit-ulcinj.com\/blog\/2013\/04\/23\/zasijedanje-skupstine-opstine-ulcinj-morsko-dobro-u-centru-paznje\/","og_site_name":"Lajme nga Ulqini","article_published_time":"2013-04-23T07:56:33+00:00","og_image":[{"url":"http:\/\/www.visit-ulcinj.com\/blog\/wp-content\/uploads\/2013\/04\/skupstina-opstina-ulcinj.jpg"}],"twitter_misc":{"Written by":"ulqini","Est. reading time":"1 minute"},"schema":{"@context":"https:\/\/schema.org","@graph":[{"@type":"WebSite","@id":"https:\/\/www.visit-ulcinj.com\/blog\/#website","url":"https:\/\/www.visit-ulcinj.com\/blog\/","name":"Lajme nga Ulqini","description":"Lajme,Vijesti,Ulqini,Ulqin,Crna Gora,Mali i Zi","potentialAction":[{"@type":"SearchAction","target":{"@type":"EntryPoint","urlTemplate":"https:\/\/www.visit-ulcinj.com\/blog\/?s={search_term_string}"},"query-input":"required name=search_term_string"}],"inLanguage":"en-US"},{"@type":"ImageObject","inLanguage":"en-US","@id":"https:\/\/www.visit-ulcinj.com\/blog\/2013\/04\/23\/zasijedanje-skupstine-opstine-ulcinj-morsko-dobro-u-centru-paznje\/#primaryimage","url":"https:\/\/www.visit-ulcinj.com\/blog\/wp-content\/uploads\/2013\/04\/skupstina-opstina-ulcinj.jpg","contentUrl":"https:\/\/www.visit-ulcinj.com\/blog\/wp-content\/uploads\/2013\/04\/skupstina-opstina-ulcinj.jpg","width":640,"height":360},{"@type":"WebPage","@id":"https:\/\/www.visit-ulcinj.com\/blog\/2013\/04\/23\/zasijedanje-skupstine-opstine-ulcinj-morsko-dobro-u-centru-paznje\/#webpage","url":"https:\/\/www.visit-ulcinj.com\/blog\/2013\/04\/23\/zasijedanje-skupstine-opstine-ulcinj-morsko-dobro-u-centru-paznje\/","name":"Zasijedanje Skup\u0161tine op\u0161tine Ulcinj, morsko dobro u centru pa\u017enje - Lajme nga Ulqini","isPartOf":{"@id":"https:\/\/www.visit-ulcinj.com\/blog\/#website"},"primaryImageOfPage":{"@id":"https:\/\/www.visit-ulcinj.com\/blog\/2013\/04\/23\/zasijedanje-skupstine-opstine-ulcinj-morsko-dobro-u-centru-paznje\/#primaryimage"},"datePublished":"2013-04-23T07:56:33+00:00","dateModified":"2013-04-23T07:56:33+00:00","author":{"@id":"https:\/\/www.visit-ulcinj.com\/blog\/#\/schema\/person\/dcab619c614d3038751c63bc2aadc06d"},"description":"ULCINJ \u2013\u00a0 Skup\u0161tina op\u0161tine Ulcinj usvojila je nekoliko odluka koje se odnose na otkup zemlji\u0161ta radi dokompletiranja urbanisti\u010dkih parcela za podru\u010dja","breadcrumb":{"@id":"https:\/\/www.visit-ulcinj.com\/blog\/2013\/04\/23\/zasijedanje-skupstine-opstine-ulcinj-morsko-dobro-u-centru-paznje\/#breadcrumb"},"inLanguage":"en-US","potentialAction":[{"@type":"ReadAction","target":["https:\/\/www.visit-ulcinj.com\/blog\/2013\/04\/23\/zasijedanje-skupstine-opstine-ulcinj-morsko-dobro-u-centru-paznje\/"]}]},{"@type":"BreadcrumbList","@id":"https:\/\/www.visit-ulcinj.com\/blog\/2013\/04\/23\/zasijedanje-skupstine-opstine-ulcinj-morsko-dobro-u-centru-paznje\/#breadcrumb","itemListElement":[{"@type":"ListItem","position":1,"name":"Zasijedanje Skup\u0161tine op\u0161tine Ulcinj, morsko dobro u centru pa\u017enje"}]},{"@type":"Person","@id":"https:\/\/www.visit-ulcinj.com\/blog\/#\/schema\/person\/dcab619c614d3038751c63bc2aadc06d","name":"ulqini","sameAs":["http:\/\/www.visit-ulcinj.com"],"url":"https:\/\/www.visit-ulcinj.com\/blog\/author\/admin\/"}]}},"jetpack_featured_media_url":"","jetpack_sharing_enabled":true,"jetpack_shortlink":"https:\/\/wp.me\/pe6lTn-ip6","_links":{"self":[{"href":"https:\/\/www.visit-ulcinj.com\/blog\/wp-json\/wp\/v2\/posts\/70748"}],"collection":[{"href":"https:\/\/www.visit-ulcinj.com\/blog\/wp-json\/wp\/v2\/posts"}],"about":[{"href":"https:\/\/www.visit-ulcinj.com\/blog\/wp-json\/wp\/v2\/types\/post"}],"author":[{"embeddable":true,"href":"https:\/\/www.visit-ulcinj.com\/blog\/wp-json\/wp\/v2\/users\/1"}],"replies":[{"embeddable":true,"href":"https:\/\/www.visit-ulcinj.com\/blog\/wp-json\/wp\/v2\/comments?post=70748"}],"version-history":[{"count":1,"href":"https:\/\/www.visit-ulcinj.com\/blog\/wp-json\/wp\/v2\/posts\/70748\/revisions"}],"predecessor-version":[{"id":70751,"href":"https:\/\/www.visit-ulcinj.com\/blog\/wp-json\/wp\/v2\/posts\/70748\/revisions\/70751"}],"wp:attachment":[{"href":"https:\/\/www.visit-ulcinj.com\/blog\/wp-json\/wp\/v2\/media?parent=70748"}],"wp:term":[{"taxonomy":"category","embeddable":true,"href":"https:\/\/www.visit-ulcinj.com\/blog\/wp-json\/wp\/v2\/categories?post=70748"},{"taxonomy":"post_tag","embeddable":true,"href":"https:\/\/www.visit-ulcinj.com\/blog\/wp-json\/wp\/v2\/tags?post=70748"}],"curies":[{"name":"wp","href":"https:\/\/api.w.org\/{rel}","templated":true}]}}