{"id":70752,"date":"2013-04-23T16:27:49","date_gmt":"2013-04-23T15:27:49","guid":{"rendered":"http:\/\/www.visit-ulcinj.com\/blog\/?p=70752"},"modified":"2013-04-24T23:01:05","modified_gmt":"2013-04-24T22:01:05","slug":"cungu-takon-ministrin-e-ekonomise-ne-republikes-se-kosoves-z-besim-beqaj","status":"publish","type":"post","link":"https:\/\/www.visit-ulcinj.com\/blog\/2013\/04\/23\/cungu-takon-ministrin-e-ekonomise-ne-republikes-se-kosoves-z-besim-beqaj\/","title":{"rendered":"Cungu takon ministrin e ekonomis\u00eb n\u00eb Republik\u00ebs s\u00eb Kosov\u00ebs z.Besim Beqaj"},"content":{"rendered":"<p><strong><a href=\"http:\/\/www.visit-ulcinj.com\/blog\/wp-content\/uploads\/2013\/04\/Nazif-Cungu_Besim-Beqaj.jpg\"><img loading=\"lazy\" class=\"alignleft  wp-image-70753\" alt=\"Nazif Cungu_Besim Beqaj\" src=\"http:\/\/www.visit-ulcinj.com\/blog\/wp-content\/uploads\/2013\/04\/Nazif-Cungu_Besim-Beqaj.jpg\" width=\"508\" height=\"360\" \/><\/a>Kryetari Cungu priti n\u00eb takim ministrin e ekonomis\u00eb n\u00eb Republik\u00ebs s\u00eb Kosov\u00ebs z.Besim Beqaj<\/strong><\/p>\n<p>Gjat\u00eb nj\u00eb vizite n\u00eb Mal t\u00eb Zi, delegacioni i Kosov\u00ebs i kryesuar nga ministri i ekonomis\u00eb n\u00eb Republiken e Kosov\u00ebs z.Besim Beqaj vizituan komun\u00ebn e Ulqinit, ku u takuan me Kryetarin e komun\u00ebs z. Nazif Cungu dhe bashkpun\u00ebtor\u00ebt e tij t\u00eb ngusht.<br \/>\nMinistri Beqaj duke falenderuar kryetarin Cungu p\u00ebr pritje, e njoftoi ate me viziten q\u00eb delegacioni Kosovar ka pasur gjat\u00eb dit\u00ebs s\u00eb sotme n\u00eb Podgoric\u00eb me ministrin e ekonomis\u00eb dhe ministrin e transporteve n\u00eb qeverin e Malit t\u00eb Zi p\u00ebr t\u00eb diskutuar lidhur me mardh\u00ebniet e k\u00ebtyre dy shteteve n\u00eb fushen e bashkpunimit ekonomik, transportit dhe n\u00eb fusha t\u00eb tjera relevante.<br \/>\nDuke duke shprehur interesin e nd\u00ebrsjellt n\u00eb mes t\u00eb k\u00ebtyre dy vendeve, ministri u shpreh i bindur q\u00eb mbrenda nj\u00eb kohe shum\u00eb t\u00eb shkurter do t\u00eb n\u00ebnshkruhet nj\u00eb marveshtje bilaterale n\u00eb fushat e lartp\u00ebrmendura.<br \/>\nM\u00eb pas ajo foli p\u00ebr p\u00ebrparimet e shtetnd\u00ebrtimit t\u00eb Kosov\u00ebs si n\u00eb planin e brendsh\u00ebm ashtu edhe n\u00eb at\u00eb t\u00eb jashtem. Shteti i Kosov\u00ebs \u00ebsht\u00eb duke punuar intensivisht n\u00eb zhvillimin e p\u00ebrgjithsh\u00ebm ekonomik, forcimin e marr\u00ebdh\u00ebnieve nd\u00ebrfqinj\u00ebsore dhe se Kosova \u00ebsht\u00eb e angazhuar n\u00eb forcimin e bashk\u00ebpunimit rajonal, stabilitetin dhe paqen e q\u00ebndrueshme si rrug\u00eb e p\u00ebrshpejtimit t\u00eb integrimeve euro-atlatnike. N\u00eb k\u00ebt\u00eb frym\u00eb \u00ebsht\u00eb edhe marrveshja e cila u n\u00ebnshkrua dit\u00ebve t\u00eb fundit n\u00eb mes t\u00eb Kosov\u00ebs dhe Serbis\u00eb u shreh ministry Beqaj.<\/p>\n<p>Kryetari Cungu falenderoi delegacionin nga Kosova p\u00ebr viziten q\u00eb rezervuan n\u00eb qytetin e Ulqinit dhe nj\u00ebherit vlersoi lart\u00eb r\u00ebnd\u00ebsin e bashkpunimit t\u00eb Republikes s\u00eb Kosov\u00ebs me Malin e Zi, ku p\u00ebrfituesit m\u00eb relevant t\u00eb k\u00ebtyre bashkpunimeve jan\u00eb kryesisht shqiptaret n\u00eb Mal t\u00eb Zi.<br \/>\nAi e njoftoi ministrin Beqaj p\u00ebr gjendjen e p\u00ebrgjithshme n\u00eb komun\u00ebn e Ulqinit ku p\u00ebrkund\u00ebr shum\u00eb v\u00ebshtirsive n\u00eb rrafshin financiar, administrata lokale e Ulqinit po punon intenzivisht n\u00eb hartimin e planeve strategjike p\u00ebr zhvillimin e qytetit, t\u00eb cilat do t\u00eb jen\u00eb edhe parakusht p\u00ebr investime t\u00eb reja.<br \/>\n<a href=\"http:\/\/www.visit-ulcinj.com\/blog\/wp-content\/uploads\/2013\/04\/Nazif-Cungu_Besim-Beqaj.1.jpg\"><img loading=\"lazy\" class=\"alignleft  wp-image-70755\" alt=\"Nazif Cungu_Besim Beqaj.1\" src=\"http:\/\/www.visit-ulcinj.com\/blog\/wp-content\/uploads\/2013\/04\/Nazif-Cungu_Besim-Beqaj.1.jpg\" width=\"508\" height=\"300\" \/><\/a><br \/>\nGjat\u00eb dit\u00ebve t\u00eb fundit Kuvendi Komunal i Ulqinit ka aprovuar vendimin e ri p\u00ebr taksat e nd\u00ebrtimit, dokument i cili do t\u00eb b\u00ebj\u00eb kthes\u00eb n\u00eb zhvillimin ekonomik t\u00eb Komun\u00ebs s\u00eb Ulqinit dhe me stimulimet e veta do t&#8217;u ofroj\u00eb investitor\u00ebve shans\u00eb q\u00eb t\u00eb nd\u00ebrtojn\u00eb objekte t\u00eb rinj me kushtet m\u00eb t\u00eb favorshme n\u00eb krahasim me t\u00eb gjitha komunat tjera n\u00eb bregdetin e Malit t\u00eb Zi por edhe m\u00eb gj\u00ebr\u00eb.<br \/>\nMe k\u00ebt\u00eb rast kryetari Cungu ftoi bizneset kosovare q\u00eb t\u00eb investon\u00eb n\u00eb Ulqin.<br \/>\nPoashtu ai njoftoi delegacionin Kosovar edhe p\u00ebr pregaditjet e komun\u00ebs s\u00eb Ulqinit p\u00ebr k\u00ebt\u00eb sezon turistike. Ai tha se vitin e fundit jan\u00eb b\u00ebr\u00eb shum\u00eb investime n\u00eb infrastruktur\u00eb t\u00eb cilat do t\u00eb ndikojn\u00eb drejtp\u00ebrdrejt n\u00eb rritjen e ofertes turistike.<\/p>\n<p>Ai poashtu shftyt\u00ebzoi rastin t\u00eb shpreh mirnjohjet m\u00eb t\u00eb larta ndaj Kosov\u00ebs p\u00ebr ndihmesen e dh\u00ebn\u00eb n\u00eb arsimin e shqip\u00ebtarve n\u00eb Mal t\u00eb Zi. Bashkpunimi n\u00eb fushen e arsimit,kultur\u00ebs,ekonomis\u00eb dhe shum\u00eb fushave t\u00eb tjera do t\u00eb ishte me interes p\u00ebr shqiptaret n\u00eb Mal te Zi duke i b\u00ebr\u00eb ato edhe ur\u00eblidh\u00ebs n\u00eb bashkpunimin e k\u00ebtyre dy vendeve u shpreh kryetari Cungu.<\/p>\n<p><strong>Op\u0161tina Ulcinj \/ Komuna e Ulqinit<\/strong><br \/>\nTel: +382 30 412 050<br \/>\nFax: +382 30 412 413<br \/>\nAdresa: Bul. Skenderbeu bb, 85360 Ulcinj, MNE<\/p>\n","protected":false},"excerpt":{"rendered":"<p>Kryetari Cungu priti n\u00eb takim ministrin e ekonomis\u00eb n\u00eb Republik\u00ebs s\u00eb Kosov\u00ebs z.Besim Beqaj Gjat\u00eb nj\u00eb vizite n\u00eb Mal t\u00eb Zi, delegacioni i Kosov\u00ebs i kryesuar nga ministri i ekonomis\u00eb n\u00eb Republiken e Kosov\u00ebs z.Besim Beqaj vizituan komun\u00ebn e Ulqinit, ku u takuan me Kryetarin e komun\u00ebs z. Nazif Cungu dhe bashkpun\u00ebtor\u00ebt e tij t\u00eb [&hellip;]<\/p>\n","protected":false},"author":1,"featured_media":0,"comment_status":"open","ping_status":"closed","sticky":false,"template":"","format":"standard","meta":{"spay_email":"","jetpack_publicize_message":"","jetpack_is_tweetstorm":false,"jetpack_publicize_feature_enabled":true},"categories":[1,6],"tags":[],"jetpack_publicize_connections":[],"yoast_head":"<!-- This site is optimized with the Yoast SEO plugin v19.1 - https:\/\/yoast.com\/wordpress\/plugins\/seo\/ -->\n<title>Cungu takon ministrin e ekonomis\u00eb n\u00eb Republik\u00ebs s\u00eb Kosov\u00ebs z.Besim Beqaj - Lajme nga Ulqini<\/title>\n<meta name=\"description\" content=\"Kryetari Cungu priti n\u00eb takim ministrin e ekonomis\u00eb n\u00eb Republik\u00ebs s\u00eb Kosov\u00ebs z.Besim Beqaj Gjat\u00eb nj\u00eb vizite n\u00eb Mal t\u00eb Zi, delegacioni i Kosov\u00ebs i kryesuar\" \/>\n<meta name=\"robots\" content=\"index, follow, max-snippet:-1, max-image-preview:large, max-video-preview:-1\" \/>\n<link rel=\"canonical\" href=\"https:\/\/www.visit-ulcinj.com\/blog\/2013\/04\/23\/cungu-takon-ministrin-e-ekonomise-ne-republikes-se-kosoves-z-besim-beqaj\/\" \/>\n<meta property=\"og:locale\" content=\"en_US\" \/>\n<meta property=\"og:type\" content=\"article\" \/>\n<meta property=\"og:title\" content=\"Cungu takon ministrin e ekonomis\u00eb n\u00eb Republik\u00ebs s\u00eb Kosov\u00ebs z.Besim Beqaj - Lajme nga Ulqini\" \/>\n<meta property=\"og:description\" content=\"Kryetari Cungu priti n\u00eb takim ministrin e ekonomis\u00eb n\u00eb Republik\u00ebs s\u00eb Kosov\u00ebs z.Besim Beqaj Gjat\u00eb nj\u00eb vizite n\u00eb Mal t\u00eb Zi, delegacioni i Kosov\u00ebs i kryesuar\" \/>\n<meta property=\"og:url\" content=\"https:\/\/www.visit-ulcinj.com\/blog\/2013\/04\/23\/cungu-takon-ministrin-e-ekonomise-ne-republikes-se-kosoves-z-besim-beqaj\/\" \/>\n<meta property=\"og:site_name\" content=\"Lajme nga Ulqini\" \/>\n<meta property=\"article:published_time\" content=\"2013-04-23T15:27:49+00:00\" \/>\n<meta property=\"article:modified_time\" content=\"2013-04-24T22:01:05+00:00\" \/>\n<meta property=\"og:image\" content=\"http:\/\/www.visit-ulcinj.com\/blog\/wp-content\/uploads\/2013\/04\/Nazif-Cungu_Besim-Beqaj.jpg\" \/>\n<meta name=\"twitter:label1\" content=\"Written by\" \/>\n\t<meta name=\"twitter:data1\" content=\"ulqini\" \/>\n\t<meta name=\"twitter:label2\" content=\"Est. reading time\" \/>\n\t<meta name=\"twitter:data2\" content=\"3 minutes\" \/>\n<script type=\"application\/ld+json\" class=\"yoast-schema-graph\">{\"@context\":\"https:\/\/schema.org\",\"@graph\":[{\"@type\":\"WebSite\",\"@id\":\"https:\/\/www.visit-ulcinj.com\/blog\/#website\",\"url\":\"https:\/\/www.visit-ulcinj.com\/blog\/\",\"name\":\"Lajme nga Ulqini\",\"description\":\"Lajme,Vijesti,Ulqini,Ulqin,Crna Gora,Mali i Zi\",\"potentialAction\":[{\"@type\":\"SearchAction\",\"target\":{\"@type\":\"EntryPoint\",\"urlTemplate\":\"https:\/\/www.visit-ulcinj.com\/blog\/?s={search_term_string}\"},\"query-input\":\"required name=search_term_string\"}],\"inLanguage\":\"en-US\"},{\"@type\":\"ImageObject\",\"inLanguage\":\"en-US\",\"@id\":\"https:\/\/www.visit-ulcinj.com\/blog\/2013\/04\/23\/cungu-takon-ministrin-e-ekonomise-ne-republikes-se-kosoves-z-besim-beqaj\/#primaryimage\",\"url\":\"https:\/\/www.visit-ulcinj.com\/blog\/wp-content\/uploads\/2013\/04\/Nazif-Cungu_Besim-Beqaj.jpg\",\"contentUrl\":\"https:\/\/www.visit-ulcinj.com\/blog\/wp-content\/uploads\/2013\/04\/Nazif-Cungu_Besim-Beqaj.jpg\",\"width\":640,\"height\":424},{\"@type\":\"WebPage\",\"@id\":\"https:\/\/www.visit-ulcinj.com\/blog\/2013\/04\/23\/cungu-takon-ministrin-e-ekonomise-ne-republikes-se-kosoves-z-besim-beqaj\/#webpage\",\"url\":\"https:\/\/www.visit-ulcinj.com\/blog\/2013\/04\/23\/cungu-takon-ministrin-e-ekonomise-ne-republikes-se-kosoves-z-besim-beqaj\/\",\"name\":\"Cungu takon ministrin e ekonomis\u00eb n\u00eb Republik\u00ebs s\u00eb Kosov\u00ebs z.Besim Beqaj - Lajme nga Ulqini\",\"isPartOf\":{\"@id\":\"https:\/\/www.visit-ulcinj.com\/blog\/#website\"},\"primaryImageOfPage\":{\"@id\":\"https:\/\/www.visit-ulcinj.com\/blog\/2013\/04\/23\/cungu-takon-ministrin-e-ekonomise-ne-republikes-se-kosoves-z-besim-beqaj\/#primaryimage\"},\"datePublished\":\"2013-04-23T15:27:49+00:00\",\"dateModified\":\"2013-04-24T22:01:05+00:00\",\"author\":{\"@id\":\"https:\/\/www.visit-ulcinj.com\/blog\/#\/schema\/person\/dcab619c614d3038751c63bc2aadc06d\"},\"description\":\"Kryetari Cungu priti n\u00eb takim ministrin e ekonomis\u00eb n\u00eb Republik\u00ebs s\u00eb Kosov\u00ebs z.Besim Beqaj Gjat\u00eb nj\u00eb vizite n\u00eb Mal t\u00eb Zi, delegacioni i Kosov\u00ebs i kryesuar\",\"breadcrumb\":{\"@id\":\"https:\/\/www.visit-ulcinj.com\/blog\/2013\/04\/23\/cungu-takon-ministrin-e-ekonomise-ne-republikes-se-kosoves-z-besim-beqaj\/#breadcrumb\"},\"inLanguage\":\"en-US\",\"potentialAction\":[{\"@type\":\"ReadAction\",\"target\":[\"https:\/\/www.visit-ulcinj.com\/blog\/2013\/04\/23\/cungu-takon-ministrin-e-ekonomise-ne-republikes-se-kosoves-z-besim-beqaj\/\"]}]},{\"@type\":\"BreadcrumbList\",\"@id\":\"https:\/\/www.visit-ulcinj.com\/blog\/2013\/04\/23\/cungu-takon-ministrin-e-ekonomise-ne-republikes-se-kosoves-z-besim-beqaj\/#breadcrumb\",\"itemListElement\":[{\"@type\":\"ListItem\",\"position\":1,\"name\":\"Cungu takon ministrin e ekonomis\u00eb n\u00eb Republik\u00ebs s\u00eb Kosov\u00ebs z.Besim Beqaj\"}]},{\"@type\":\"Person\",\"@id\":\"https:\/\/www.visit-ulcinj.com\/blog\/#\/schema\/person\/dcab619c614d3038751c63bc2aadc06d\",\"name\":\"ulqini\",\"sameAs\":[\"http:\/\/www.visit-ulcinj.com\"],\"url\":\"https:\/\/www.visit-ulcinj.com\/blog\/author\/admin\/\"}]}<\/script>\n<!-- \/ Yoast SEO plugin. -->","yoast_head_json":{"title":"Cungu takon ministrin e ekonomis\u00eb n\u00eb Republik\u00ebs s\u00eb Kosov\u00ebs z.Besim Beqaj - Lajme nga Ulqini","description":"Kryetari Cungu priti n\u00eb takim ministrin e ekonomis\u00eb n\u00eb Republik\u00ebs s\u00eb Kosov\u00ebs z.Besim Beqaj Gjat\u00eb nj\u00eb vizite n\u00eb Mal t\u00eb Zi, delegacioni i Kosov\u00ebs i kryesuar","robots":{"index":"index","follow":"follow","max-snippet":"max-snippet:-1","max-image-preview":"max-image-preview:large","max-video-preview":"max-video-preview:-1"},"canonical":"https:\/\/www.visit-ulcinj.com\/blog\/2013\/04\/23\/cungu-takon-ministrin-e-ekonomise-ne-republikes-se-kosoves-z-besim-beqaj\/","og_locale":"en_US","og_type":"article","og_title":"Cungu takon ministrin e ekonomis\u00eb n\u00eb Republik\u00ebs s\u00eb Kosov\u00ebs z.Besim Beqaj - Lajme nga Ulqini","og_description":"Kryetari Cungu priti n\u00eb takim ministrin e ekonomis\u00eb n\u00eb Republik\u00ebs s\u00eb Kosov\u00ebs z.Besim Beqaj Gjat\u00eb nj\u00eb vizite n\u00eb Mal t\u00eb Zi, delegacioni i Kosov\u00ebs i kryesuar","og_url":"https:\/\/www.visit-ulcinj.com\/blog\/2013\/04\/23\/cungu-takon-ministrin-e-ekonomise-ne-republikes-se-kosoves-z-besim-beqaj\/","og_site_name":"Lajme nga Ulqini","article_published_time":"2013-04-23T15:27:49+00:00","article_modified_time":"2013-04-24T22:01:05+00:00","og_image":[{"url":"http:\/\/www.visit-ulcinj.com\/blog\/wp-content\/uploads\/2013\/04\/Nazif-Cungu_Besim-Beqaj.jpg"}],"twitter_misc":{"Written by":"ulqini","Est. reading time":"3 minutes"},"schema":{"@context":"https:\/\/schema.org","@graph":[{"@type":"WebSite","@id":"https:\/\/www.visit-ulcinj.com\/blog\/#website","url":"https:\/\/www.visit-ulcinj.com\/blog\/","name":"Lajme nga Ulqini","description":"Lajme,Vijesti,Ulqini,Ulqin,Crna Gora,Mali i Zi","potentialAction":[{"@type":"SearchAction","target":{"@type":"EntryPoint","urlTemplate":"https:\/\/www.visit-ulcinj.com\/blog\/?s={search_term_string}"},"query-input":"required name=search_term_string"}],"inLanguage":"en-US"},{"@type":"ImageObject","inLanguage":"en-US","@id":"https:\/\/www.visit-ulcinj.com\/blog\/2013\/04\/23\/cungu-takon-ministrin-e-ekonomise-ne-republikes-se-kosoves-z-besim-beqaj\/#primaryimage","url":"https:\/\/www.visit-ulcinj.com\/blog\/wp-content\/uploads\/2013\/04\/Nazif-Cungu_Besim-Beqaj.jpg","contentUrl":"https:\/\/www.visit-ulcinj.com\/blog\/wp-content\/uploads\/2013\/04\/Nazif-Cungu_Besim-Beqaj.jpg","width":640,"height":424},{"@type":"WebPage","@id":"https:\/\/www.visit-ulcinj.com\/blog\/2013\/04\/23\/cungu-takon-ministrin-e-ekonomise-ne-republikes-se-kosoves-z-besim-beqaj\/#webpage","url":"https:\/\/www.visit-ulcinj.com\/blog\/2013\/04\/23\/cungu-takon-ministrin-e-ekonomise-ne-republikes-se-kosoves-z-besim-beqaj\/","name":"Cungu takon ministrin e ekonomis\u00eb n\u00eb Republik\u00ebs s\u00eb Kosov\u00ebs z.Besim Beqaj - Lajme nga Ulqini","isPartOf":{"@id":"https:\/\/www.visit-ulcinj.com\/blog\/#website"},"primaryImageOfPage":{"@id":"https:\/\/www.visit-ulcinj.com\/blog\/2013\/04\/23\/cungu-takon-ministrin-e-ekonomise-ne-republikes-se-kosoves-z-besim-beqaj\/#primaryimage"},"datePublished":"2013-04-23T15:27:49+00:00","dateModified":"2013-04-24T22:01:05+00:00","author":{"@id":"https:\/\/www.visit-ulcinj.com\/blog\/#\/schema\/person\/dcab619c614d3038751c63bc2aadc06d"},"description":"Kryetari Cungu priti n\u00eb takim ministrin e ekonomis\u00eb n\u00eb Republik\u00ebs s\u00eb Kosov\u00ebs z.Besim Beqaj Gjat\u00eb nj\u00eb vizite n\u00eb Mal t\u00eb Zi, delegacioni i Kosov\u00ebs i kryesuar","breadcrumb":{"@id":"https:\/\/www.visit-ulcinj.com\/blog\/2013\/04\/23\/cungu-takon-ministrin-e-ekonomise-ne-republikes-se-kosoves-z-besim-beqaj\/#breadcrumb"},"inLanguage":"en-US","potentialAction":[{"@type":"ReadAction","target":["https:\/\/www.visit-ulcinj.com\/blog\/2013\/04\/23\/cungu-takon-ministrin-e-ekonomise-ne-republikes-se-kosoves-z-besim-beqaj\/"]}]},{"@type":"BreadcrumbList","@id":"https:\/\/www.visit-ulcinj.com\/blog\/2013\/04\/23\/cungu-takon-ministrin-e-ekonomise-ne-republikes-se-kosoves-z-besim-beqaj\/#breadcrumb","itemListElement":[{"@type":"ListItem","position":1,"name":"Cungu takon ministrin e ekonomis\u00eb n\u00eb Republik\u00ebs s\u00eb Kosov\u00ebs z.Besim Beqaj"}]},{"@type":"Person","@id":"https:\/\/www.visit-ulcinj.com\/blog\/#\/schema\/person\/dcab619c614d3038751c63bc2aadc06d","name":"ulqini","sameAs":["http:\/\/www.visit-ulcinj.com"],"url":"https:\/\/www.visit-ulcinj.com\/blog\/author\/admin\/"}]}},"jetpack_featured_media_url":"","jetpack_sharing_enabled":true,"jetpack_shortlink":"https:\/\/wp.me\/pe6lTn-ipa","_links":{"self":[{"href":"https:\/\/www.visit-ulcinj.com\/blog\/wp-json\/wp\/v2\/posts\/70752"}],"collection":[{"href":"https:\/\/www.visit-ulcinj.com\/blog\/wp-json\/wp\/v2\/posts"}],"about":[{"href":"https:\/\/www.visit-ulcinj.com\/blog\/wp-json\/wp\/v2\/types\/post"}],"author":[{"embeddable":true,"href":"https:\/\/www.visit-ulcinj.com\/blog\/wp-json\/wp\/v2\/users\/1"}],"replies":[{"embeddable":true,"href":"https:\/\/www.visit-ulcinj.com\/blog\/wp-json\/wp\/v2\/comments?post=70752"}],"version-history":[{"count":2,"href":"https:\/\/www.visit-ulcinj.com\/blog\/wp-json\/wp\/v2\/posts\/70752\/revisions"}],"predecessor-version":[{"id":70782,"href":"https:\/\/www.visit-ulcinj.com\/blog\/wp-json\/wp\/v2\/posts\/70752\/revisions\/70782"}],"wp:attachment":[{"href":"https:\/\/www.visit-ulcinj.com\/blog\/wp-json\/wp\/v2\/media?parent=70752"}],"wp:term":[{"taxonomy":"category","embeddable":true,"href":"https:\/\/www.visit-ulcinj.com\/blog\/wp-json\/wp\/v2\/categories?post=70752"},{"taxonomy":"post_tag","embeddable":true,"href":"https:\/\/www.visit-ulcinj.com\/blog\/wp-json\/wp\/v2\/tags?post=70752"}],"curies":[{"name":"wp","href":"https:\/\/api.w.org\/{rel}","templated":true}]}}