{"id":70758,"date":"2013-04-23T16:45:28","date_gmt":"2013-04-23T15:45:28","guid":{"rendered":"http:\/\/www.visit-ulcinj.com\/blog\/?p=70758"},"modified":"2013-04-23T16:45:53","modified_gmt":"2013-04-23T15:45:53","slug":"a-ulcinj-ministre","status":"publish","type":"post","link":"https:\/\/www.visit-ulcinj.com\/blog\/2013\/04\/23\/a-ulcinj-ministre\/","title":{"rendered":"A Ulcinj, ministre?"},"content":{"rendered":"<p><a href=\"http:\/\/www.visit-ulcinj.com\/blog\/wp-content\/uploads\/2013\/04\/1806-Ulcinj.jpg\"><img loading=\"lazy\" class=\"alignleft  wp-image-70759\" alt=\"-1806-Ulcinj\" src=\"http:\/\/www.visit-ulcinj.com\/blog\/wp-content\/uploads\/2013\/04\/1806-Ulcinj.jpg\" width=\"508\" height=\"400\" \/><\/a>Nepogre\u0161ivost u odabiru strate\u0161koh partnera za Ulcinj, jedna je od vrlina na\u0161e Vlade i ministara<\/p>\n<p>Ko zna koji put biv\u0161i, sada\u0161nji, pa opet biv\u0161i i sada\u0161nji direktor, gradona\u010delnik, podpredsjednik i ministar svega i sva\u010dega, neopravdano pa \u010dak i nesmotreno, izostavio je Ulcinj kada je govori o investicijama i privatizacijama.<\/p>\n<p>Kao najva\u017enije investitore u Crnoj Gori nedavno je pobrojao kanadskog biznismena Pitera Manka i njegov projekat Porto Montenegro, potom Orascom, pa Socar, Beyond the Horizont i Metropol Group. Kako nam saop\u0161ti, u toku su pregovori sa Royal Groupom iz Ujedinjenih Arapskih Emirata za prodaju zemlji\u0161ta na lokalitetu Kralji\u010dine pla\u017ee.<\/p>\n<div><\/div>\n<p>I ustvrdi da imamo investitore na kojima nam mogu zavidjeti i razvijenije zemlje, a posebno region. Ministar, izgleda, povremeno zaboravi i da Ulcinj pripada Crnoj Gori. I da ima investitore koje je dovela ili izabrala njegova Vlada, a koji su u mnogo \u010demu bolji od onih koje je on pobrojao.<\/p>\n<p>Za\u0161to kriti, ministre, pa upravo Ulcinj se mo\u017ee pohvaliti najboljim investitorima u zemlji i regionu. Me\u0111u prvima je na\u0161a i va\u0161a Vlada koja nekoliko godina i u nekoliko faza rekonstrui\u0161e usku saobra\u0107ajnicu do grani\u010dnog prelaza Sukobin dok se na\u0161i ju\u017eni susjedi uveliko voze autoputevima iz jedne faze.<\/p>\n<h3><a href=\"http:\/\/www.vijesti.me\/kolumne\/a-ulcinj-ministre-kolumna-124970\" target=\"_blank\"><strong>\u010citajte vi\u0161e u Vijesti Online Samir Adrovi\u0107<\/strong><\/a><\/h3>\n","protected":false},"excerpt":{"rendered":"<p>Nepogre\u0161ivost u odabiru strate\u0161koh partnera za Ulcinj, jedna je od vrlina na\u0161e Vlade i ministara Ko zna koji put biv\u0161i, sada\u0161nji, pa opet biv\u0161i i sada\u0161nji direktor, gradona\u010delnik, podpredsjednik i ministar svega i sva\u010dega, neopravdano pa \u010dak i nesmotreno, izostavio je Ulcinj kada je govori o investicijama i privatizacijama. Kao najva\u017enije investitore u Crnoj Gori [&hellip;]<\/p>\n","protected":false},"author":1,"featured_media":0,"comment_status":"open","ping_status":"closed","sticky":false,"template":"","format":"standard","meta":{"spay_email":"","jetpack_publicize_message":"","jetpack_is_tweetstorm":false,"jetpack_publicize_feature_enabled":true},"categories":[8337],"tags":[],"jetpack_publicize_connections":[],"yoast_head":"<!-- This site is optimized with the Yoast SEO plugin v19.1 - https:\/\/yoast.com\/wordpress\/plugins\/seo\/ -->\n<title>A Ulcinj, ministre? - Lajme nga Ulqini<\/title>\n<meta name=\"description\" content=\"Nepogre\u0161ivost u odabiru strate\u0161koh partnera za Ulcinj, jedna je od vrlina na\u0161e Vlade i ministara Ko zna koji put biv\u0161i, sada\u0161nji, pa opet biv\u0161i i sada\u0161nji\" \/>\n<meta name=\"robots\" content=\"index, follow, max-snippet:-1, max-image-preview:large, max-video-preview:-1\" \/>\n<link rel=\"canonical\" href=\"https:\/\/www.visit-ulcinj.com\/blog\/2013\/04\/23\/a-ulcinj-ministre\/\" \/>\n<meta property=\"og:locale\" content=\"en_US\" \/>\n<meta property=\"og:type\" content=\"article\" \/>\n<meta property=\"og:title\" content=\"A Ulcinj, ministre? - Lajme nga Ulqini\" \/>\n<meta property=\"og:description\" content=\"Nepogre\u0161ivost u odabiru strate\u0161koh partnera za Ulcinj, jedna je od vrlina na\u0161e Vlade i ministara Ko zna koji put biv\u0161i, sada\u0161nji, pa opet biv\u0161i i sada\u0161nji\" \/>\n<meta property=\"og:url\" content=\"https:\/\/www.visit-ulcinj.com\/blog\/2013\/04\/23\/a-ulcinj-ministre\/\" \/>\n<meta property=\"og:site_name\" content=\"Lajme nga Ulqini\" \/>\n<meta property=\"article:published_time\" content=\"2013-04-23T15:45:28+00:00\" \/>\n<meta property=\"article:modified_time\" content=\"2013-04-23T15:45:53+00:00\" \/>\n<meta property=\"og:image\" content=\"http:\/\/www.visit-ulcinj.com\/blog\/wp-content\/uploads\/2013\/04\/1806-Ulcinj.jpg\" \/>\n<meta name=\"twitter:label1\" content=\"Written by\" \/>\n\t<meta name=\"twitter:data1\" content=\"ulqini\" \/>\n\t<meta name=\"twitter:label2\" content=\"Est. reading time\" \/>\n\t<meta name=\"twitter:data2\" content=\"1 minute\" \/>\n<script type=\"application\/ld+json\" class=\"yoast-schema-graph\">{\"@context\":\"https:\/\/schema.org\",\"@graph\":[{\"@type\":\"WebSite\",\"@id\":\"https:\/\/www.visit-ulcinj.com\/blog\/#website\",\"url\":\"https:\/\/www.visit-ulcinj.com\/blog\/\",\"name\":\"Lajme nga Ulqini\",\"description\":\"Lajme,Vijesti,Ulqini,Ulqin,Crna Gora,Mali i Zi\",\"potentialAction\":[{\"@type\":\"SearchAction\",\"target\":{\"@type\":\"EntryPoint\",\"urlTemplate\":\"https:\/\/www.visit-ulcinj.com\/blog\/?s={search_term_string}\"},\"query-input\":\"required name=search_term_string\"}],\"inLanguage\":\"en-US\"},{\"@type\":\"ImageObject\",\"inLanguage\":\"en-US\",\"@id\":\"https:\/\/www.visit-ulcinj.com\/blog\/2013\/04\/23\/a-ulcinj-ministre\/#primaryimage\",\"url\":\"https:\/\/www.visit-ulcinj.com\/blog\/wp-content\/uploads\/2013\/04\/1806-Ulcinj.jpg\",\"contentUrl\":\"https:\/\/www.visit-ulcinj.com\/blog\/wp-content\/uploads\/2013\/04\/1806-Ulcinj.jpg\",\"width\":1534,\"height\":1055},{\"@type\":\"WebPage\",\"@id\":\"https:\/\/www.visit-ulcinj.com\/blog\/2013\/04\/23\/a-ulcinj-ministre\/#webpage\",\"url\":\"https:\/\/www.visit-ulcinj.com\/blog\/2013\/04\/23\/a-ulcinj-ministre\/\",\"name\":\"A Ulcinj, ministre? - Lajme nga Ulqini\",\"isPartOf\":{\"@id\":\"https:\/\/www.visit-ulcinj.com\/blog\/#website\"},\"primaryImageOfPage\":{\"@id\":\"https:\/\/www.visit-ulcinj.com\/blog\/2013\/04\/23\/a-ulcinj-ministre\/#primaryimage\"},\"datePublished\":\"2013-04-23T15:45:28+00:00\",\"dateModified\":\"2013-04-23T15:45:53+00:00\",\"author\":{\"@id\":\"https:\/\/www.visit-ulcinj.com\/blog\/#\/schema\/person\/dcab619c614d3038751c63bc2aadc06d\"},\"description\":\"Nepogre\u0161ivost u odabiru strate\u0161koh partnera za Ulcinj, jedna je od vrlina na\u0161e Vlade i ministara Ko zna koji put biv\u0161i, sada\u0161nji, pa opet biv\u0161i i sada\u0161nji\",\"breadcrumb\":{\"@id\":\"https:\/\/www.visit-ulcinj.com\/blog\/2013\/04\/23\/a-ulcinj-ministre\/#breadcrumb\"},\"inLanguage\":\"en-US\",\"potentialAction\":[{\"@type\":\"ReadAction\",\"target\":[\"https:\/\/www.visit-ulcinj.com\/blog\/2013\/04\/23\/a-ulcinj-ministre\/\"]}]},{\"@type\":\"BreadcrumbList\",\"@id\":\"https:\/\/www.visit-ulcinj.com\/blog\/2013\/04\/23\/a-ulcinj-ministre\/#breadcrumb\",\"itemListElement\":[{\"@type\":\"ListItem\",\"position\":1,\"name\":\"A Ulcinj, ministre?\"}]},{\"@type\":\"Person\",\"@id\":\"https:\/\/www.visit-ulcinj.com\/blog\/#\/schema\/person\/dcab619c614d3038751c63bc2aadc06d\",\"name\":\"ulqini\",\"sameAs\":[\"http:\/\/www.visit-ulcinj.com\"],\"url\":\"https:\/\/www.visit-ulcinj.com\/blog\/author\/admin\/\"}]}<\/script>\n<!-- \/ Yoast SEO plugin. -->","yoast_head_json":{"title":"A Ulcinj, ministre? - Lajme nga Ulqini","description":"Nepogre\u0161ivost u odabiru strate\u0161koh partnera za Ulcinj, jedna je od vrlina na\u0161e Vlade i ministara Ko zna koji put biv\u0161i, sada\u0161nji, pa opet biv\u0161i i sada\u0161nji","robots":{"index":"index","follow":"follow","max-snippet":"max-snippet:-1","max-image-preview":"max-image-preview:large","max-video-preview":"max-video-preview:-1"},"canonical":"https:\/\/www.visit-ulcinj.com\/blog\/2013\/04\/23\/a-ulcinj-ministre\/","og_locale":"en_US","og_type":"article","og_title":"A Ulcinj, ministre? - Lajme nga Ulqini","og_description":"Nepogre\u0161ivost u odabiru strate\u0161koh partnera za Ulcinj, jedna je od vrlina na\u0161e Vlade i ministara Ko zna koji put biv\u0161i, sada\u0161nji, pa opet biv\u0161i i sada\u0161nji","og_url":"https:\/\/www.visit-ulcinj.com\/blog\/2013\/04\/23\/a-ulcinj-ministre\/","og_site_name":"Lajme nga Ulqini","article_published_time":"2013-04-23T15:45:28+00:00","article_modified_time":"2013-04-23T15:45:53+00:00","og_image":[{"url":"http:\/\/www.visit-ulcinj.com\/blog\/wp-content\/uploads\/2013\/04\/1806-Ulcinj.jpg"}],"twitter_misc":{"Written by":"ulqini","Est. reading time":"1 minute"},"schema":{"@context":"https:\/\/schema.org","@graph":[{"@type":"WebSite","@id":"https:\/\/www.visit-ulcinj.com\/blog\/#website","url":"https:\/\/www.visit-ulcinj.com\/blog\/","name":"Lajme nga Ulqini","description":"Lajme,Vijesti,Ulqini,Ulqin,Crna Gora,Mali i Zi","potentialAction":[{"@type":"SearchAction","target":{"@type":"EntryPoint","urlTemplate":"https:\/\/www.visit-ulcinj.com\/blog\/?s={search_term_string}"},"query-input":"required name=search_term_string"}],"inLanguage":"en-US"},{"@type":"ImageObject","inLanguage":"en-US","@id":"https:\/\/www.visit-ulcinj.com\/blog\/2013\/04\/23\/a-ulcinj-ministre\/#primaryimage","url":"https:\/\/www.visit-ulcinj.com\/blog\/wp-content\/uploads\/2013\/04\/1806-Ulcinj.jpg","contentUrl":"https:\/\/www.visit-ulcinj.com\/blog\/wp-content\/uploads\/2013\/04\/1806-Ulcinj.jpg","width":1534,"height":1055},{"@type":"WebPage","@id":"https:\/\/www.visit-ulcinj.com\/blog\/2013\/04\/23\/a-ulcinj-ministre\/#webpage","url":"https:\/\/www.visit-ulcinj.com\/blog\/2013\/04\/23\/a-ulcinj-ministre\/","name":"A Ulcinj, ministre? - Lajme nga Ulqini","isPartOf":{"@id":"https:\/\/www.visit-ulcinj.com\/blog\/#website"},"primaryImageOfPage":{"@id":"https:\/\/www.visit-ulcinj.com\/blog\/2013\/04\/23\/a-ulcinj-ministre\/#primaryimage"},"datePublished":"2013-04-23T15:45:28+00:00","dateModified":"2013-04-23T15:45:53+00:00","author":{"@id":"https:\/\/www.visit-ulcinj.com\/blog\/#\/schema\/person\/dcab619c614d3038751c63bc2aadc06d"},"description":"Nepogre\u0161ivost u odabiru strate\u0161koh partnera za Ulcinj, jedna je od vrlina na\u0161e Vlade i ministara Ko zna koji put biv\u0161i, sada\u0161nji, pa opet biv\u0161i i sada\u0161nji","breadcrumb":{"@id":"https:\/\/www.visit-ulcinj.com\/blog\/2013\/04\/23\/a-ulcinj-ministre\/#breadcrumb"},"inLanguage":"en-US","potentialAction":[{"@type":"ReadAction","target":["https:\/\/www.visit-ulcinj.com\/blog\/2013\/04\/23\/a-ulcinj-ministre\/"]}]},{"@type":"BreadcrumbList","@id":"https:\/\/www.visit-ulcinj.com\/blog\/2013\/04\/23\/a-ulcinj-ministre\/#breadcrumb","itemListElement":[{"@type":"ListItem","position":1,"name":"A Ulcinj, ministre?"}]},{"@type":"Person","@id":"https:\/\/www.visit-ulcinj.com\/blog\/#\/schema\/person\/dcab619c614d3038751c63bc2aadc06d","name":"ulqini","sameAs":["http:\/\/www.visit-ulcinj.com"],"url":"https:\/\/www.visit-ulcinj.com\/blog\/author\/admin\/"}]}},"jetpack_featured_media_url":"","jetpack_sharing_enabled":true,"jetpack_shortlink":"https:\/\/wp.me\/pe6lTn-ipg","_links":{"self":[{"href":"https:\/\/www.visit-ulcinj.com\/blog\/wp-json\/wp\/v2\/posts\/70758"}],"collection":[{"href":"https:\/\/www.visit-ulcinj.com\/blog\/wp-json\/wp\/v2\/posts"}],"about":[{"href":"https:\/\/www.visit-ulcinj.com\/blog\/wp-json\/wp\/v2\/types\/post"}],"author":[{"embeddable":true,"href":"https:\/\/www.visit-ulcinj.com\/blog\/wp-json\/wp\/v2\/users\/1"}],"replies":[{"embeddable":true,"href":"https:\/\/www.visit-ulcinj.com\/blog\/wp-json\/wp\/v2\/comments?post=70758"}],"version-history":[{"count":2,"href":"https:\/\/www.visit-ulcinj.com\/blog\/wp-json\/wp\/v2\/posts\/70758\/revisions"}],"predecessor-version":[{"id":70761,"href":"https:\/\/www.visit-ulcinj.com\/blog\/wp-json\/wp\/v2\/posts\/70758\/revisions\/70761"}],"wp:attachment":[{"href":"https:\/\/www.visit-ulcinj.com\/blog\/wp-json\/wp\/v2\/media?parent=70758"}],"wp:term":[{"taxonomy":"category","embeddable":true,"href":"https:\/\/www.visit-ulcinj.com\/blog\/wp-json\/wp\/v2\/categories?post=70758"},{"taxonomy":"post_tag","embeddable":true,"href":"https:\/\/www.visit-ulcinj.com\/blog\/wp-json\/wp\/v2\/tags?post=70758"}],"curies":[{"name":"wp","href":"https:\/\/api.w.org\/{rel}","templated":true}]}}