{"id":70774,"date":"2013-04-24T22:57:20","date_gmt":"2013-04-24T21:57:20","guid":{"rendered":"http:\/\/www.visit-ulcinj.com\/blog\/?p=70774"},"modified":"2013-04-25T07:30:44","modified_gmt":"2013-04-25T06:30:44","slug":"vandalistet-demtojne-rruget-e-qytetit-te-ulqinit","status":"publish","type":"post","link":"https:\/\/www.visit-ulcinj.com\/blog\/2013\/04\/24\/vandalistet-demtojne-rruget-e-qytetit-te-ulqinit\/","title":{"rendered":"Vandalist\u00ebt d\u00ebmtojn\u00eb rrug\u00ebt e qytetit t\u00eb Ulqinit"},"content":{"rendered":"<p><a href=\"http:\/\/www.visit-ulcinj.com\/blog\/wp-content\/uploads\/2013\/04\/VANDALIZMI-ME-KONTEJNERET-E-ULQINIT.4.jpg\"><img loading=\"lazy\" class=\"alignleft  wp-image-70775\" alt=\"VANDALIZMI ME KONTEJNERET E ULQINIT.4\" src=\"http:\/\/www.visit-ulcinj.com\/blog\/wp-content\/uploads\/2013\/04\/VANDALIZMI-ME-KONTEJNERET-E-ULQINIT.4.jpg\" width=\"508\" height=\"360\" \/><\/a>Pas denoncimeve t\u00eb shumta nga qytetar\u00eb t\u00eb cil\u00ebt ia don\u00eb t\u00eb mir\u00ebn qytetit dhe pas ndjekjes s\u00eb situat\u00ebs sidomos n\u00eb dy jav\u00ebt e fundit, Komuna e Ulqinit vendosi t\u00eb b\u00ebj\u00eb publike tentativat e vandalist\u00ebve t\u00eb cil\u00ebt nuk dihen motivet q\u00eb d\u00ebmtojn\u00eb rrug\u00ebt e qytetit.<\/p>\n<p>B\u00ebjm\u00eb apel deri te t\u00eb gjith\u00eb qytetar\u00ebt q\u00eb n\u00ebse v\u00ebrejn\u00eb se dikush shkakton \u00e7far\u00ebdo d\u00ebmi n\u00eb rrug\u00ebt publike apo t\u00eb mirat tjera materiale, menj\u00ebher\u00eb t\u00eb lajm\u00ebroj\u00eb organet e rendit dhe personat kompetent n\u00eb Komun\u00ebn e Ulqinit q\u00eb sa m\u00eb shpejt\u00eb t\u00eb kapen keqb\u00ebr\u00ebsit dhe t\u00eb marrin d\u00ebnimin e merituar.<\/p>\n<p>Gjithashtu, u b\u00ebjm\u00eb apel autor\u00ebve t\u00eb k\u00ebtij akti vandal dhe porosit\u00ebsve t\u00eb tyre, q\u00eb t\u00eb vet\u00ebdijesohen, duke i paralajm\u00ebruar se kurdo qoft\u00eb do t\u2019ju vij\u00eb d\u00ebnimi edhe nga shteti edhe nga populli.<br \/>\n<a href=\"http:\/\/www.visit-ulcinj.com\/blog\/wp-content\/uploads\/2013\/04\/VANDALIZMI-ME-KONTEJNERET-E-ULQINIT.3.jpg\"><img loading=\"lazy\" class=\"alignleft  wp-image-70778\" alt=\"VANDALIZMI ME KONTEJNERET E ULQINIT.3\" src=\"http:\/\/www.visit-ulcinj.com\/blog\/wp-content\/uploads\/2013\/04\/VANDALIZMI-ME-KONTEJNERET-E-ULQINIT.3.jpg\" width=\"508\" height=\"300\" \/><\/a><\/p>\n<p><strong>N\u00eb faqen e Facebookut jan dhe reagimet e para q\u00eb vijn\u00eb nga qytetar\u00ebt e Ulqinit<\/strong>.<\/p>\n<ul id=\".reactRoot[135]\" data-ft=\"{&quot;tn&quot;:&quot;]&quot;}\">\n<li id=\".reactRoot[135].[1][4][1]{comment497939346940028_65400571}\" data-ft=\"{&quot;tn&quot;:&quot;R2&quot;}\">\n<div id=\".reactRoot[135].[1][4][1]{comment497939346940028_65400571}.0\">\n<div id=\".reactRoot[135].[1][4][1]{comment497939346940028_65400571}.0.[1]\">\n<div id=\".reactRoot[135].[1][4][1]{comment497939346940028_65400571}.0.[1].0\">\n<div id=\".reactRoot[135].[1][4][1]{comment497939346940028_65400571}.0.[1].0.[1]\">\n<div id=\".reactRoot[135].[1][4][1]{comment497939346940028_65400571}.0.[1].0.[1].0\">\n<div id=\".reactRoot[135].[1][4][1]{comment497939346940028_65400571}.0.[1].0.[1].0.[0]\"><a id=\".reactRoot[135].[1][4][1]{comment497939346940028_65400571}.0.[1].0.[1].0.[0].[0][0]\" href=\"https:\/\/www.facebook.com\/agron.mehmedi.90\" data-hovercard=\"\/ajax\/hovercard\/hovercard.php?id=100000164024439&amp;extragetparams=%7B%22hc_location%22%3A%22ufi%22%7D\" data-ft=\"{&quot;tn&quot;:&quot;;&quot;}\">Agron Mehmedi<\/a> Per qytetin tend gjithmone ja vlen qe te mundohesh &#8230;edhe te luftosh.<\/div>\n<div id=\".reactRoot[135].[1][4][1]{comment497939346940028_65400571}.0.[1].0.[1].0.[1]\"><a id=\".reactRoot[135].[1][4][1]{comment497939346940028_65400571}.0.[1].0.[1].0.[1].[0].[0]\" href=\"https:\/\/www.facebook.com\/zana.hollajsarvan\/posts\/497939346940028?comment_id=65400571&amp;offset=0&amp;total_comments=22\" data-ft=\"{&quot;tn&quot;:&quot;N&quot;}\"><abbr id=\".reactRoot[135].[1][4][1]{comment497939346940028_65400571}.0.[1].0.[1].0.[1].[0].[0].0\" title=\"mercredi 24 avril 2013, 10:31\" data-utime=\"1366792301\">il y a 13 heures<\/abbr><\/a> \u00b7 <a id=\".reactRoot[135].[1][4][1]{comment497939346940028_65400571}.0.[1].0.[1].0.[1].[2]\" title=\"J\u2019aime ce commentaire\" role=\"button\" href=\"https:\/\/www.facebook.com\/#\" data-ft=\"{&quot;tn&quot;:&quot;&gt;&quot;}\">J\u2019aime<\/a> \u00b7 <a id=\".reactRoot[135].[1][4][1]{comment497939346940028_65400571}.0.[1].0.[1].0.[1].[4]\" role=\"button\" href=\"https:\/\/www.facebook.com\/browse\/likes?id=498119120255384\" rel=\"dialog\" data-hover=\"tooltip\" data-tooltip-alignh=\"center\" data-tooltip-uri=\"\/ajax\/like\/tooltip.php?comment_fbid=498119120255384&amp;comment_from=100000164024439&amp;cache_buster=0\">1<\/a><\/div>\n<\/div>\n<\/div>\n<\/div>\n<\/div>\n<\/div>\n<\/li>\n<li id=\".reactRoot[135].[1][4][1]{comment497939346940028_65400970}\" data-ft=\"{&quot;tn&quot;:&quot;R1&quot;}\">\n<div id=\".reactRoot[135].[1][4][1]{comment497939346940028_65400970}.0\">\n<div id=\".reactRoot[135].[1][4][1]{comment497939346940028_65400970}.0.[0]\"><a id=\".reactRoot[135].[1][4][1]{comment497939346940028_65400970}.0.[0].0\" tabindex=\"-1\" href=\"https:\/\/www.facebook.com\/agron.shabani.39\" data-hovercard=\"\/ajax\/hovercard\/hovercard.php?id=100000363216130&amp;extragetparams=%7B%22hc_location%22%3A%22ufi%22%7D\" data-ft=\"{&quot;tn&quot;:&quot;T&quot;}\"><img id=\".reactRoot[135].[1][4][1]{comment497939346940028_65400970}.0.[0].0.0\" alt=\"\" src=\"https:\/\/fbcdn-profile-a.akamaihd.net\/hprofile-ak-ash4\/s32x32\/371907_100000363216130_1097249753_q.jpg\" \/><\/a><\/div>\n<div id=\".reactRoot[135].[1][4][1]{comment497939346940028_65400970}.0.[1]\">\n<div id=\".reactRoot[135].[1][4][1]{comment497939346940028_65400970}.0.[1].0\">\n<div id=\".reactRoot[135].[1][4][1]{comment497939346940028_65400970}.0.[1].0.[1]\">\n<div id=\".reactRoot[135].[1][4][1]{comment497939346940028_65400970}.0.[1].0.[1].0\">\n<div id=\".reactRoot[135].[1][4][1]{comment497939346940028_65400970}.0.[1].0.[1].0.[0]\"><a id=\".reactRoot[135].[1][4][1]{comment497939346940028_65400970}.0.[1].0.[1].0.[0].[0][0]\" href=\"https:\/\/www.facebook.com\/agron.shabani.39\" data-hovercard=\"\/ajax\/hovercard\/hovercard.php?id=100000363216130&amp;extragetparams=%7B%22hc_location%22%3A%22ufi%22%7D\" data-ft=\"{&quot;tn&quot;:&quot;;&quot;}\">Agron Shabani<\/a> Ndoshta ky akt vandal tregon dhe pasyron me mire gjendjen e rende,ne shume aspekte te qytetareve tone.Por nje veprim i tille nuk duhet te behet shkak per te mos vazhduar permiresimin e jetes se qytetareve te Ulqinit.Ata qe jane zgjedhur per te drejtuar Ulqinin,duhet te vazhdojne punen,e ndoshta duhet ti kishin parashikuar edhe veshtiresite e tilla.E keqja behet shpejt, e mira vjen ngadale.Lufta ndaj dukurive negative eshte sfide ne vete. Kete veprim te shemtuar e kane bere maksimumi 2-3 persona,dhe Ulqini nuk duhet te ndikohet vetem nga nje grup i vogel,qe mundohet te prish rehatine e njerezeve te tjere.Per qytetin e Ulqinit dhe per qytetaret e ndereshem te tije,gjithmone ja vlen te behet shume e me shume,sepse dikur do ta dijne per nder&#8230;<\/div>\n<div id=\".reactRoot[135].[1][4][1]{comment497939346940028_65400970}.0.[1].0.[1].0.[1]\"><a id=\".reactRoot[135].[1][4][1]{comment497939346940028_65400970}.0.[1].0.[1].0.[1].[0].[0]\" href=\"https:\/\/www.facebook.com\/zana.hollajsarvan\/posts\/497939346940028?comment_id=65400970&amp;offset=0&amp;total_comments=22\" data-ft=\"{&quot;tn&quot;:&quot;N&quot;}\"><abbr id=\".reactRoot[135].[1][4][1]{comment497939346940028_65400970}.0.[1].0.[1].0.[1].[0].[0].0\" title=\"mercredi 24 avril 2013, 19:28\" data-utime=\"1366824536\">il y a 4 heures<\/abbr><\/a> \u00b7 <a id=\".reactRoot[135].[1][4][1]{comment497939346940028_65400970}.0.[1].0.[1].0.[1].[0].[2][1]\" title=\"Afficher l\u2019historique des modifications\" role=\"button\" href=\"https:\/\/www.facebook.com\/#\" rel=\"dialog\" data-hover=\"tooltip\">Modifi\u00e9<\/a> \u00b7 <a id=\".reactRoot[135].[1][4][1]{comment497939346940028_65400970}.0.[1].0.[1].0.[1].[2]\" title=\"Je n\u2019aime plus ce commentaire\" role=\"button\" href=\"https:\/\/www.facebook.com\/#\" data-ft=\"{&quot;tn&quot;:&quot;?&quot;}\">Je n\u2019aime plus<\/a> \u00b7 <a id=\".reactRoot[135].[1][4][1]{comment497939346940028_65400970}.0.[1].0.[1].0.[1].[4]\" role=\"button\" href=\"https:\/\/www.facebook.com\/browse\/likes?id=498194213581208\" rel=\"dialog\" data-hover=\"tooltip\" data-tooltip-alignh=\"center\" data-tooltip-uri=\"\/ajax\/like\/tooltip.php?comment_fbid=498194213581208&amp;comment_from=100000363216130&amp;cache_buster=560\">2<\/a><\/div>\n<\/div>\n<\/div>\n<\/div>\n<\/div>\n<\/div>\n<\/li>\n<li id=\".reactRoot[135].[1][4][1]{comment497939346940028_65401803}\" data-ft=\"{&quot;tn&quot;:&quot;R0&quot;}\">\n<div id=\".reactRoot[135].[1][4][1]{comment497939346940028_65401803}.0\">\n<div id=\".reactRoot[135].[1][4][1]{comment497939346940028_65401803}.0.[0]\"><a id=\".reactRoot[135].[1][4][1]{comment497939346940028_65401803}.0.[0].0\" tabindex=\"-1\" href=\"https:\/\/www.facebook.com\/naki.ujkashi\" data-hovercard=\"\/ajax\/hovercard\/hovercard.php?id=100001672931505&amp;extragetparams=%7B%22hc_location%22%3A%22ufi%22%7D\" data-ft=\"{&quot;tn&quot;:&quot;T&quot;}\"><img id=\".reactRoot[135].[1][4][1]{comment497939346940028_65401803}.0.[0].0.0\" alt=\"\" src=\"https:\/\/fbcdn-profile-a.akamaihd.net\/hprofile-ak-ash4\/s32x32\/275930_100001672931505_621350473_q.jpg\" \/><\/a><\/div>\n<div id=\".reactRoot[135].[1][4][1]{comment497939346940028_65401803}.0.[1]\">\n<div id=\".reactRoot[135].[1][4][1]{comment497939346940028_65401803}.0.[1].0\">\n<div id=\".reactRoot[135].[1][4][1]{comment497939346940028_65401803}.0.[1].0.[1]\">\n<div id=\".reactRoot[135].[1][4][1]{comment497939346940028_65401803}.0.[1].0.[1].0\">\n<div id=\".reactRoot[135].[1][4][1]{comment497939346940028_65401803}.0.[1].0.[1].0.[0]\"><a id=\".reactRoot[135].[1][4][1]{comment497939346940028_65401803}.0.[1].0.[1].0.[0].[0][0]\" href=\"https:\/\/www.facebook.com\/naki.ujkashi\" data-hovercard=\"\/ajax\/hovercard\/hovercard.php?id=100001672931505&amp;extragetparams=%7B%22hc_location%22%3A%22ufi%22%7D\" data-ft=\"{&quot;tn&quot;:&quot;;&quot;}\">Naki Ujkashi<\/a> zana vertet per qytetin ton duhet te kujdesemi por mos nenvlersoni poziten e puntoreve pa paga ndoshta kjo eshte revolte qytetare dhe jo pasqyre e qytetit tone turistik dhe te dashur per te gjithe neve prandaj po te lutem te mos biesh ne demoralizim pershendetjet e mija<\/div>\n<div id=\".reactRoot[135].[1][4][1]{comment497939346940028_65401803}.0.[1].0.[1].0.[1]\"><a id=\".reactRoot[135].[1][4][1]{comment497939346940028_65401803}.0.[1].0.[1].0.[1].[0].[0]\" href=\"https:\/\/www.facebook.com\/zana.hollajsarvan\/posts\/497939346940028?comment_id=65401803&amp;offset=0&amp;total_comments=22\" data-ft=\"{&quot;tn&quot;:&quot;N&quot;}\"><abbr id=\".reactRoot[135].[1][4][1]{comment497939346940028_65401803}.0.[1].0.[1].0.[1].[0].[0].0\" title=\"mercredi 24 avril 2013, 20:07\" data-utime=\"1366826824\">il y a 3 heures<\/abbr><\/a> \u00b7 <a id=\".reactRoot[135].[1][4][1]{comment497939346940028_65401803}.0.[1].0.[1].0.[1].[2]\" title=\"J\u2019aime ce commentaire\" role=\"button\" href=\"https:\/\/www.facebook.com\/#\" data-ft=\"{&quot;tn&quot;:&quot;&gt;&quot;}\">J\u2019aime<\/a><\/div>\n<div>\n\n\t\t<style type=\"text\/css\">\n\t\t\t#gallery-1 {\n\t\t\t\tmargin: auto;\n\t\t\t}\n\t\t\t#gallery-1 .gallery-item {\n\t\t\t\tfloat: left;\n\t\t\t\tmargin-top: 10px;\n\t\t\t\ttext-align: center;\n\t\t\t\twidth: 33%;\n\t\t\t}\n\t\t\t#gallery-1 img {\n\t\t\t\tborder: 2px solid #cfcfcf;\n\t\t\t}\n\t\t\t#gallery-1 .gallery-caption {\n\t\t\t\tmargin-left: 0;\n\t\t\t}\n\t\t\t\/* see gallery_shortcode() in wp-includes\/media.php *\/\n\t\t<\/style>\n\t\t<div id='gallery-1' class='gallery galleryid-70774 gallery-columns-3 gallery-size-thumbnail'><dl class='gallery-item'>\n\t\t\t<dt class='gallery-icon landscape'>\n\t\t\t\t<a href='https:\/\/www.visit-ulcinj.com\/blog\/2013\/04\/24\/vandalistet-demtojne-rruget-e-qytetit-te-ulqinit\/vandalizmi-me-kontejneret-e-ulqinit-1\/'><img width=\"150\" height=\"150\" src=\"https:\/\/www.visit-ulcinj.com\/blog\/wp-content\/uploads\/2013\/04\/VANDALIZMI-ME-KONTEJNERET-E-ULQINIT.1-150x150.jpg\" class=\"attachment-thumbnail size-thumbnail\" alt=\"\" loading=\"lazy\" \/><\/a>\n\t\t\t<\/dt><\/dl><dl class='gallery-item'>\n\t\t\t<dt class='gallery-icon landscape'>\n\t\t\t\t<a href='https:\/\/www.visit-ulcinj.com\/blog\/2013\/04\/24\/vandalistet-demtojne-rruget-e-qytetit-te-ulqinit\/vandalizmi-me-kontejneret-e-ulqinit\/'><img width=\"150\" height=\"150\" src=\"https:\/\/www.visit-ulcinj.com\/blog\/wp-content\/uploads\/2013\/04\/VANDALIZMI-ME-KONTEJNERET-E-ULQINIT-150x150.jpg\" class=\"attachment-thumbnail size-thumbnail\" alt=\"\" loading=\"lazy\" \/><\/a>\n\t\t\t<\/dt><\/dl><dl class='gallery-item'>\n\t\t\t<dt class='gallery-icon landscape'>\n\t\t\t\t<a href='https:\/\/www.visit-ulcinj.com\/blog\/2013\/04\/24\/vandalistet-demtojne-rruget-e-qytetit-te-ulqinit\/vandalizmi-me-kontejneret-e-ulqinit-3\/'><img width=\"150\" height=\"150\" src=\"https:\/\/www.visit-ulcinj.com\/blog\/wp-content\/uploads\/2013\/04\/VANDALIZMI-ME-KONTEJNERET-E-ULQINIT.3-150x150.jpg\" class=\"attachment-thumbnail size-thumbnail\" alt=\"\" loading=\"lazy\" \/><\/a>\n\t\t\t<\/dt><\/dl><br style=\"clear: both\" \/>\n\t\t<\/div>\n\n<\/div>\n<div><\/div>\n<div><\/div>\n<\/div>\n<\/div>\n<\/div>\n<\/div>\n<\/div>\n<\/li>\n<\/ul>\n","protected":false},"excerpt":{"rendered":"<p>Pas denoncimeve t\u00eb shumta nga qytetar\u00eb t\u00eb cil\u00ebt ia don\u00eb t\u00eb mir\u00ebn qytetit dhe pas ndjekjes s\u00eb situat\u00ebs sidomos n\u00eb dy jav\u00ebt e fundit, Komuna e Ulqinit vendosi t\u00eb b\u00ebj\u00eb publike tentativat e vandalist\u00ebve t\u00eb cil\u00ebt nuk dihen motivet q\u00eb d\u00ebmtojn\u00eb rrug\u00ebt e qytetit. B\u00ebjm\u00eb apel deri te t\u00eb gjith\u00eb qytetar\u00ebt q\u00eb n\u00ebse v\u00ebrejn\u00eb se [&hellip;]<\/p>\n","protected":false},"author":1,"featured_media":0,"comment_status":"open","ping_status":"closed","sticky":false,"template":"","format":"standard","meta":{"spay_email":"","jetpack_publicize_message":"","jetpack_is_tweetstorm":false,"jetpack_publicize_feature_enabled":true},"categories":[1,13],"tags":[200],"jetpack_publicize_connections":[],"yoast_head":"<!-- This site is optimized with the Yoast SEO plugin v19.1 - https:\/\/yoast.com\/wordpress\/plugins\/seo\/ -->\n<title>Vandalist\u00ebt d\u00ebmtojn\u00eb rrug\u00ebt e qytetit t\u00eb Ulqinit - Lajme nga Ulqini<\/title>\n<meta name=\"description\" content=\"Pas denoncimeve t\u00eb shumta nga qytetar\u00eb t\u00eb cil\u00ebt ia don\u00eb t\u00eb mir\u00ebn qytetit dhe pas ndjekjes s\u00eb situat\u00ebs sidomos n\u00eb dy jav\u00ebt e fundit, Komuna e Ulqinit\" \/>\n<meta name=\"robots\" content=\"index, follow, max-snippet:-1, max-image-preview:large, max-video-preview:-1\" \/>\n<link rel=\"canonical\" href=\"https:\/\/www.visit-ulcinj.com\/blog\/2013\/04\/24\/vandalistet-demtojne-rruget-e-qytetit-te-ulqinit\/\" \/>\n<meta property=\"og:locale\" content=\"en_US\" \/>\n<meta property=\"og:type\" content=\"article\" \/>\n<meta property=\"og:title\" content=\"Vandalist\u00ebt d\u00ebmtojn\u00eb rrug\u00ebt e qytetit t\u00eb Ulqinit - Lajme nga Ulqini\" \/>\n<meta property=\"og:description\" content=\"Pas denoncimeve t\u00eb shumta nga qytetar\u00eb t\u00eb cil\u00ebt ia don\u00eb t\u00eb mir\u00ebn qytetit dhe pas ndjekjes s\u00eb situat\u00ebs sidomos n\u00eb dy jav\u00ebt e fundit, Komuna e Ulqinit\" \/>\n<meta property=\"og:url\" content=\"https:\/\/www.visit-ulcinj.com\/blog\/2013\/04\/24\/vandalistet-demtojne-rruget-e-qytetit-te-ulqinit\/\" \/>\n<meta property=\"og:site_name\" content=\"Lajme nga Ulqini\" \/>\n<meta property=\"article:published_time\" content=\"2013-04-24T21:57:20+00:00\" \/>\n<meta property=\"article:modified_time\" content=\"2013-04-25T06:30:44+00:00\" \/>\n<meta property=\"og:image\" content=\"https:\/\/www.visit-ulcinj.com\/blog\/wp-content\/uploads\/2013\/04\/VANDALIZMI-ME-KONTEJNERET-E-ULQINIT.1-150x150.jpg\" \/>\n<meta name=\"twitter:label1\" content=\"Written by\" \/>\n\t<meta name=\"twitter:data1\" content=\"ulqini\" \/>\n\t<meta name=\"twitter:label2\" content=\"Est. reading time\" \/>\n\t<meta name=\"twitter:data2\" content=\"2 minutes\" \/>\n<script type=\"application\/ld+json\" class=\"yoast-schema-graph\">{\"@context\":\"https:\/\/schema.org\",\"@graph\":[{\"@type\":\"WebSite\",\"@id\":\"https:\/\/www.visit-ulcinj.com\/blog\/#website\",\"url\":\"https:\/\/www.visit-ulcinj.com\/blog\/\",\"name\":\"Lajme nga Ulqini\",\"description\":\"Lajme,Vijesti,Ulqini,Ulqin,Crna Gora,Mali i Zi\",\"potentialAction\":[{\"@type\":\"SearchAction\",\"target\":{\"@type\":\"EntryPoint\",\"urlTemplate\":\"https:\/\/www.visit-ulcinj.com\/blog\/?s={search_term_string}\"},\"query-input\":\"required name=search_term_string\"}],\"inLanguage\":\"en-US\"},{\"@type\":\"ImageObject\",\"inLanguage\":\"en-US\",\"@id\":\"https:\/\/www.visit-ulcinj.com\/blog\/2013\/04\/24\/vandalistet-demtojne-rruget-e-qytetit-te-ulqinit\/#primaryimage\",\"url\":\"https:\/\/www.visit-ulcinj.com\/blog\/wp-content\/uploads\/2013\/04\/VANDALIZMI-ME-KONTEJNERET-E-ULQINIT.4.jpg\",\"contentUrl\":\"https:\/\/www.visit-ulcinj.com\/blog\/wp-content\/uploads\/2013\/04\/VANDALIZMI-ME-KONTEJNERET-E-ULQINIT.4.jpg\",\"width\":960,\"height\":720},{\"@type\":\"WebPage\",\"@id\":\"https:\/\/www.visit-ulcinj.com\/blog\/2013\/04\/24\/vandalistet-demtojne-rruget-e-qytetit-te-ulqinit\/#webpage\",\"url\":\"https:\/\/www.visit-ulcinj.com\/blog\/2013\/04\/24\/vandalistet-demtojne-rruget-e-qytetit-te-ulqinit\/\",\"name\":\"Vandalist\u00ebt d\u00ebmtojn\u00eb rrug\u00ebt e qytetit t\u00eb Ulqinit - Lajme nga Ulqini\",\"isPartOf\":{\"@id\":\"https:\/\/www.visit-ulcinj.com\/blog\/#website\"},\"primaryImageOfPage\":{\"@id\":\"https:\/\/www.visit-ulcinj.com\/blog\/2013\/04\/24\/vandalistet-demtojne-rruget-e-qytetit-te-ulqinit\/#primaryimage\"},\"datePublished\":\"2013-04-24T21:57:20+00:00\",\"dateModified\":\"2013-04-25T06:30:44+00:00\",\"author\":{\"@id\":\"https:\/\/www.visit-ulcinj.com\/blog\/#\/schema\/person\/dcab619c614d3038751c63bc2aadc06d\"},\"description\":\"Pas denoncimeve t\u00eb shumta nga qytetar\u00eb t\u00eb cil\u00ebt ia don\u00eb t\u00eb mir\u00ebn qytetit dhe pas ndjekjes s\u00eb situat\u00ebs sidomos n\u00eb dy jav\u00ebt e fundit, Komuna e Ulqinit\",\"breadcrumb\":{\"@id\":\"https:\/\/www.visit-ulcinj.com\/blog\/2013\/04\/24\/vandalistet-demtojne-rruget-e-qytetit-te-ulqinit\/#breadcrumb\"},\"inLanguage\":\"en-US\",\"potentialAction\":[{\"@type\":\"ReadAction\",\"target\":[\"https:\/\/www.visit-ulcinj.com\/blog\/2013\/04\/24\/vandalistet-demtojne-rruget-e-qytetit-te-ulqinit\/\"]}]},{\"@type\":\"BreadcrumbList\",\"@id\":\"https:\/\/www.visit-ulcinj.com\/blog\/2013\/04\/24\/vandalistet-demtojne-rruget-e-qytetit-te-ulqinit\/#breadcrumb\",\"itemListElement\":[{\"@type\":\"ListItem\",\"position\":1,\"name\":\"Vandalist\u00ebt d\u00ebmtojn\u00eb rrug\u00ebt e qytetit t\u00eb Ulqinit\"}]},{\"@type\":\"Person\",\"@id\":\"https:\/\/www.visit-ulcinj.com\/blog\/#\/schema\/person\/dcab619c614d3038751c63bc2aadc06d\",\"name\":\"ulqini\",\"sameAs\":[\"http:\/\/www.visit-ulcinj.com\"],\"url\":\"https:\/\/www.visit-ulcinj.com\/blog\/author\/admin\/\"}]}<\/script>\n<!-- \/ Yoast SEO plugin. -->","yoast_head_json":{"title":"Vandalist\u00ebt d\u00ebmtojn\u00eb rrug\u00ebt e qytetit t\u00eb Ulqinit - Lajme nga Ulqini","description":"Pas denoncimeve t\u00eb shumta nga qytetar\u00eb t\u00eb cil\u00ebt ia don\u00eb t\u00eb mir\u00ebn qytetit dhe pas ndjekjes s\u00eb situat\u00ebs sidomos n\u00eb dy jav\u00ebt e fundit, Komuna e Ulqinit","robots":{"index":"index","follow":"follow","max-snippet":"max-snippet:-1","max-image-preview":"max-image-preview:large","max-video-preview":"max-video-preview:-1"},"canonical":"https:\/\/www.visit-ulcinj.com\/blog\/2013\/04\/24\/vandalistet-demtojne-rruget-e-qytetit-te-ulqinit\/","og_locale":"en_US","og_type":"article","og_title":"Vandalist\u00ebt d\u00ebmtojn\u00eb rrug\u00ebt e qytetit t\u00eb Ulqinit - Lajme nga Ulqini","og_description":"Pas denoncimeve t\u00eb shumta nga qytetar\u00eb t\u00eb cil\u00ebt ia don\u00eb t\u00eb mir\u00ebn qytetit dhe pas ndjekjes s\u00eb situat\u00ebs sidomos n\u00eb dy jav\u00ebt e fundit, Komuna e Ulqinit","og_url":"https:\/\/www.visit-ulcinj.com\/blog\/2013\/04\/24\/vandalistet-demtojne-rruget-e-qytetit-te-ulqinit\/","og_site_name":"Lajme nga Ulqini","article_published_time":"2013-04-24T21:57:20+00:00","article_modified_time":"2013-04-25T06:30:44+00:00","og_image":[{"url":"https:\/\/www.visit-ulcinj.com\/blog\/wp-content\/uploads\/2013\/04\/VANDALIZMI-ME-KONTEJNERET-E-ULQINIT.1-150x150.jpg"}],"twitter_misc":{"Written by":"ulqini","Est. reading time":"2 minutes"},"schema":{"@context":"https:\/\/schema.org","@graph":[{"@type":"WebSite","@id":"https:\/\/www.visit-ulcinj.com\/blog\/#website","url":"https:\/\/www.visit-ulcinj.com\/blog\/","name":"Lajme nga Ulqini","description":"Lajme,Vijesti,Ulqini,Ulqin,Crna Gora,Mali i Zi","potentialAction":[{"@type":"SearchAction","target":{"@type":"EntryPoint","urlTemplate":"https:\/\/www.visit-ulcinj.com\/blog\/?s={search_term_string}"},"query-input":"required name=search_term_string"}],"inLanguage":"en-US"},{"@type":"ImageObject","inLanguage":"en-US","@id":"https:\/\/www.visit-ulcinj.com\/blog\/2013\/04\/24\/vandalistet-demtojne-rruget-e-qytetit-te-ulqinit\/#primaryimage","url":"https:\/\/www.visit-ulcinj.com\/blog\/wp-content\/uploads\/2013\/04\/VANDALIZMI-ME-KONTEJNERET-E-ULQINIT.4.jpg","contentUrl":"https:\/\/www.visit-ulcinj.com\/blog\/wp-content\/uploads\/2013\/04\/VANDALIZMI-ME-KONTEJNERET-E-ULQINIT.4.jpg","width":960,"height":720},{"@type":"WebPage","@id":"https:\/\/www.visit-ulcinj.com\/blog\/2013\/04\/24\/vandalistet-demtojne-rruget-e-qytetit-te-ulqinit\/#webpage","url":"https:\/\/www.visit-ulcinj.com\/blog\/2013\/04\/24\/vandalistet-demtojne-rruget-e-qytetit-te-ulqinit\/","name":"Vandalist\u00ebt d\u00ebmtojn\u00eb rrug\u00ebt e qytetit t\u00eb Ulqinit - Lajme nga Ulqini","isPartOf":{"@id":"https:\/\/www.visit-ulcinj.com\/blog\/#website"},"primaryImageOfPage":{"@id":"https:\/\/www.visit-ulcinj.com\/blog\/2013\/04\/24\/vandalistet-demtojne-rruget-e-qytetit-te-ulqinit\/#primaryimage"},"datePublished":"2013-04-24T21:57:20+00:00","dateModified":"2013-04-25T06:30:44+00:00","author":{"@id":"https:\/\/www.visit-ulcinj.com\/blog\/#\/schema\/person\/dcab619c614d3038751c63bc2aadc06d"},"description":"Pas denoncimeve t\u00eb shumta nga qytetar\u00eb t\u00eb cil\u00ebt ia don\u00eb t\u00eb mir\u00ebn qytetit dhe pas ndjekjes s\u00eb situat\u00ebs sidomos n\u00eb dy jav\u00ebt e fundit, Komuna e Ulqinit","breadcrumb":{"@id":"https:\/\/www.visit-ulcinj.com\/blog\/2013\/04\/24\/vandalistet-demtojne-rruget-e-qytetit-te-ulqinit\/#breadcrumb"},"inLanguage":"en-US","potentialAction":[{"@type":"ReadAction","target":["https:\/\/www.visit-ulcinj.com\/blog\/2013\/04\/24\/vandalistet-demtojne-rruget-e-qytetit-te-ulqinit\/"]}]},{"@type":"BreadcrumbList","@id":"https:\/\/www.visit-ulcinj.com\/blog\/2013\/04\/24\/vandalistet-demtojne-rruget-e-qytetit-te-ulqinit\/#breadcrumb","itemListElement":[{"@type":"ListItem","position":1,"name":"Vandalist\u00ebt d\u00ebmtojn\u00eb rrug\u00ebt e qytetit t\u00eb Ulqinit"}]},{"@type":"Person","@id":"https:\/\/www.visit-ulcinj.com\/blog\/#\/schema\/person\/dcab619c614d3038751c63bc2aadc06d","name":"ulqini","sameAs":["http:\/\/www.visit-ulcinj.com"],"url":"https:\/\/www.visit-ulcinj.com\/blog\/author\/admin\/"}]}},"jetpack_featured_media_url":"","jetpack_sharing_enabled":true,"jetpack_shortlink":"https:\/\/wp.me\/pe6lTn-ipw","_links":{"self":[{"href":"https:\/\/www.visit-ulcinj.com\/blog\/wp-json\/wp\/v2\/posts\/70774"}],"collection":[{"href":"https:\/\/www.visit-ulcinj.com\/blog\/wp-json\/wp\/v2\/posts"}],"about":[{"href":"https:\/\/www.visit-ulcinj.com\/blog\/wp-json\/wp\/v2\/types\/post"}],"author":[{"embeddable":true,"href":"https:\/\/www.visit-ulcinj.com\/blog\/wp-json\/wp\/v2\/users\/1"}],"replies":[{"embeddable":true,"href":"https:\/\/www.visit-ulcinj.com\/blog\/wp-json\/wp\/v2\/comments?post=70774"}],"version-history":[{"count":2,"href":"https:\/\/www.visit-ulcinj.com\/blog\/wp-json\/wp\/v2\/posts\/70774\/revisions"}],"predecessor-version":[{"id":70795,"href":"https:\/\/www.visit-ulcinj.com\/blog\/wp-json\/wp\/v2\/posts\/70774\/revisions\/70795"}],"wp:attachment":[{"href":"https:\/\/www.visit-ulcinj.com\/blog\/wp-json\/wp\/v2\/media?parent=70774"}],"wp:term":[{"taxonomy":"category","embeddable":true,"href":"https:\/\/www.visit-ulcinj.com\/blog\/wp-json\/wp\/v2\/categories?post=70774"},{"taxonomy":"post_tag","embeddable":true,"href":"https:\/\/www.visit-ulcinj.com\/blog\/wp-json\/wp\/v2\/tags?post=70774"}],"curies":[{"name":"wp","href":"https:\/\/api.w.org\/{rel}","templated":true}]}}