{"id":70784,"date":"2013-04-24T23:07:19","date_gmt":"2013-04-24T22:07:19","guid":{"rendered":"http:\/\/www.visit-ulcinj.com\/blog\/?p=70784"},"modified":"2013-04-24T23:07:44","modified_gmt":"2013-04-24T22:07:44","slug":"radnici-ulcinjske-opstine-strajk-ukoliko-ne-bude-plata","status":"publish","type":"post","link":"https:\/\/www.visit-ulcinj.com\/blog\/2013\/04\/24\/radnici-ulcinjske-opstine-strajk-ukoliko-ne-bude-plata\/","title":{"rendered":"Radnici ulcinjske Op\u0161tine: \u0160trajk ukoliko ne bude plata"},"content":{"rendered":"<div id=\"article_text\">\n<p><a href=\"http:\/\/www.visit-ulcinj.com\/blog\/wp-content\/uploads\/2013\/04\/Sefki\u2013Keko-Ljamovic_Ulcinj.jpg\"><img loading=\"lazy\" class=\"alignleft  wp-image-70785\" alt=\"Sefki\u2013Keko-Ljamovic_Ulcinj\" src=\"http:\/\/www.visit-ulcinj.com\/blog\/wp-content\/uploads\/2013\/04\/Sefki\u2013Keko-Ljamovic_Ulcinj.jpg\" width=\"508\" height=\"360\" \/><\/a>Sindikat ulcinjske Op\u0161tine najavio je da \u0107e po\u010detkom maja organizovati \u0161trajk upozorenja ukoliko lokalne vlasti svim zaposlenima u toj upravi do kraja mjeseca ne uplate novembarsku platu.<\/p>\n<p>Predsjednik Sindikata Ahmet Barjaktari kazao je da im lokalne vlasti duguju ukupno \u0161est zarada i da im je gradona\u010delnik Nazif Cungu, u nedavnom razgovoru, rekao da im Op\u0161tina ne mo\u017ee iza\u0107i u susret prije 15. maja, kada je u pitanju novembarska plata.<\/p>\n<p>Cungu je \u010dinovnicima obe\u0107ao isplatu svih zarada do kraja jula.<\/p>\n<p>\u201cRadnici nijesu prihvatili tu ponudu. Na zajedni\u010dkom sastanku, usvojili smo zaklju\u010dke da nam lokalna vlast novembarsku platu isplati najkasnije do 30. aprila, a sve ostale do 30. juna\u201d, kazao je Barjaktari na konferenciji za novinare.<\/p>\n<p>On je poru\u010dio da \u0107e zaposleni, u slu\u010daju da Op\u0161tina ne ispuni prvi zaklju\u010dak, po\u010deti \u0161trajk upozorenja svakog dana, od osam do devet \u010dasova, do ispunjenja zahtjeva.<\/p>\n<p>\u201cU slu\u010daju da vlast bude ignorisala na\u0161e zahtjeve, radikalizova\u0107emo \u0161trajk u skladu sa zakonskim propisima\u201d, kazao je Barjaktari.<\/p>\n<p>Predsjednik Op\u0161tinskog sindikalnog povjereni\u0161tva \u0160efki Ljamovi\u0107 rekao je da je socijalno stanje radnika u gradu alarmantno.<\/p>\n<p>Ve\u0107ina javnih preduze\u0107a, \u010diji je osniva\u010d Op\u0161tina, plate ne prima po vi\u0161e mjeseci, dok im doprinosi nijesu upla\u0107eni i po godinu.<\/p>\n<p>\u201cOd oko 2.300 radnika, plate redovno primaju uglavnom oni koji rade u dr\u017eavnim institucijama, policiji, sudstvu i zdravstvu\u201d, kazao je Ljamovi\u0107.<\/p>\n<p>On je kritikovao odnos dr\u017eave prema Ulcinju.<\/p>\n<p>\u201cKao gra\u0111anin, mogu samo da ka\u017eem da je Ulcinj potpuno zapostavljen jer je ve\u0107ina radnika ostala bez posla zahvaljuju\u0107i uglavnom lo\u0161im privatizacijama\u201d, kazao je Ljamovi\u0107, koji je dugo godina bio visoki funkcioner DPS-a u tom gradu.<\/p>\n<p>&nbsp;<\/p>\n<p><strong>Samir Adrovi\u0107<\/strong><br \/>\n<strong>Vijesti Online<\/strong><\/p>\n<\/div>\n","protected":false},"excerpt":{"rendered":"<p>Sindikat ulcinjske Op\u0161tine najavio je da \u0107e po\u010detkom maja organizovati \u0161trajk upozorenja ukoliko lokalne vlasti svim zaposlenima u toj upravi do kraja mjeseca ne uplate novembarsku platu. Predsjednik Sindikata Ahmet Barjaktari kazao je da im lokalne vlasti duguju ukupno \u0161est zarada i da im je gradona\u010delnik Nazif Cungu, u nedavnom razgovoru, rekao da im Op\u0161tina [&hellip;]<\/p>\n","protected":false},"author":1,"featured_media":0,"comment_status":"open","ping_status":"closed","sticky":false,"template":"","format":"standard","meta":{"spay_email":"","jetpack_publicize_message":"","jetpack_is_tweetstorm":false,"jetpack_publicize_feature_enabled":true},"categories":[8337],"tags":[],"jetpack_publicize_connections":[],"yoast_head":"<!-- This site is optimized with the Yoast SEO plugin v19.1 - https:\/\/yoast.com\/wordpress\/plugins\/seo\/ -->\n<title>Radnici ulcinjske Op\u0161tine: \u0160trajk ukoliko ne bude plata - Lajme nga Ulqini<\/title>\n<meta name=\"description\" content=\"Sindikat ulcinjske Op\u0161tine najavio je da \u0107e po\u010detkom maja organizovati \u0161trajk upozorenja ukoliko lokalne vlasti svim zaposlenima u toj upravi do kraja\" \/>\n<meta name=\"robots\" content=\"index, follow, max-snippet:-1, max-image-preview:large, max-video-preview:-1\" \/>\n<link rel=\"canonical\" href=\"https:\/\/www.visit-ulcinj.com\/blog\/2013\/04\/24\/radnici-ulcinjske-opstine-strajk-ukoliko-ne-bude-plata\/\" \/>\n<meta property=\"og:locale\" content=\"en_US\" \/>\n<meta property=\"og:type\" content=\"article\" \/>\n<meta property=\"og:title\" content=\"Radnici ulcinjske Op\u0161tine: \u0160trajk ukoliko ne bude plata - Lajme nga Ulqini\" \/>\n<meta property=\"og:description\" content=\"Sindikat ulcinjske Op\u0161tine najavio je da \u0107e po\u010detkom maja organizovati \u0161trajk upozorenja ukoliko lokalne vlasti svim zaposlenima u toj upravi do kraja\" \/>\n<meta property=\"og:url\" content=\"https:\/\/www.visit-ulcinj.com\/blog\/2013\/04\/24\/radnici-ulcinjske-opstine-strajk-ukoliko-ne-bude-plata\/\" \/>\n<meta property=\"og:site_name\" content=\"Lajme nga Ulqini\" \/>\n<meta property=\"article:published_time\" content=\"2013-04-24T22:07:19+00:00\" \/>\n<meta property=\"article:modified_time\" content=\"2013-04-24T22:07:44+00:00\" \/>\n<meta name=\"twitter:label1\" content=\"Written by\" \/>\n\t<meta name=\"twitter:data1\" content=\"ulqini\" \/>\n\t<meta name=\"twitter:label2\" content=\"Est. reading time\" \/>\n\t<meta name=\"twitter:data2\" content=\"1 minute\" \/>\n<script type=\"application\/ld+json\" class=\"yoast-schema-graph\">{\"@context\":\"https:\/\/schema.org\",\"@graph\":[{\"@type\":\"WebSite\",\"@id\":\"https:\/\/www.visit-ulcinj.com\/blog\/#website\",\"url\":\"https:\/\/www.visit-ulcinj.com\/blog\/\",\"name\":\"Lajme nga Ulqini\",\"description\":\"Lajme,Vijesti,Ulqini,Ulqin,Crna Gora,Mali i Zi\",\"potentialAction\":[{\"@type\":\"SearchAction\",\"target\":{\"@type\":\"EntryPoint\",\"urlTemplate\":\"https:\/\/www.visit-ulcinj.com\/blog\/?s={search_term_string}\"},\"query-input\":\"required name=search_term_string\"}],\"inLanguage\":\"en-US\"},{\"@type\":\"WebPage\",\"@id\":\"https:\/\/www.visit-ulcinj.com\/blog\/2013\/04\/24\/radnici-ulcinjske-opstine-strajk-ukoliko-ne-bude-plata\/#webpage\",\"url\":\"https:\/\/www.visit-ulcinj.com\/blog\/2013\/04\/24\/radnici-ulcinjske-opstine-strajk-ukoliko-ne-bude-plata\/\",\"name\":\"Radnici ulcinjske Op\u0161tine: \u0160trajk ukoliko ne bude plata - Lajme nga Ulqini\",\"isPartOf\":{\"@id\":\"https:\/\/www.visit-ulcinj.com\/blog\/#website\"},\"datePublished\":\"2013-04-24T22:07:19+00:00\",\"dateModified\":\"2013-04-24T22:07:44+00:00\",\"author\":{\"@id\":\"https:\/\/www.visit-ulcinj.com\/blog\/#\/schema\/person\/dcab619c614d3038751c63bc2aadc06d\"},\"description\":\"Sindikat ulcinjske Op\u0161tine najavio je da \u0107e po\u010detkom maja organizovati \u0161trajk upozorenja ukoliko lokalne vlasti svim zaposlenima u toj upravi do kraja\",\"breadcrumb\":{\"@id\":\"https:\/\/www.visit-ulcinj.com\/blog\/2013\/04\/24\/radnici-ulcinjske-opstine-strajk-ukoliko-ne-bude-plata\/#breadcrumb\"},\"inLanguage\":\"en-US\",\"potentialAction\":[{\"@type\":\"ReadAction\",\"target\":[\"https:\/\/www.visit-ulcinj.com\/blog\/2013\/04\/24\/radnici-ulcinjske-opstine-strajk-ukoliko-ne-bude-plata\/\"]}]},{\"@type\":\"BreadcrumbList\",\"@id\":\"https:\/\/www.visit-ulcinj.com\/blog\/2013\/04\/24\/radnici-ulcinjske-opstine-strajk-ukoliko-ne-bude-plata\/#breadcrumb\",\"itemListElement\":[{\"@type\":\"ListItem\",\"position\":1,\"name\":\"Radnici ulcinjske Op\u0161tine: \u0160trajk ukoliko ne bude plata\"}]},{\"@type\":\"Person\",\"@id\":\"https:\/\/www.visit-ulcinj.com\/blog\/#\/schema\/person\/dcab619c614d3038751c63bc2aadc06d\",\"name\":\"ulqini\",\"sameAs\":[\"http:\/\/www.visit-ulcinj.com\"],\"url\":\"https:\/\/www.visit-ulcinj.com\/blog\/author\/admin\/\"}]}<\/script>\n<!-- \/ Yoast SEO plugin. -->","yoast_head_json":{"title":"Radnici ulcinjske Op\u0161tine: \u0160trajk ukoliko ne bude plata - Lajme nga Ulqini","description":"Sindikat ulcinjske Op\u0161tine najavio je da \u0107e po\u010detkom maja organizovati \u0161trajk upozorenja ukoliko lokalne vlasti svim zaposlenima u toj upravi do kraja","robots":{"index":"index","follow":"follow","max-snippet":"max-snippet:-1","max-image-preview":"max-image-preview:large","max-video-preview":"max-video-preview:-1"},"canonical":"https:\/\/www.visit-ulcinj.com\/blog\/2013\/04\/24\/radnici-ulcinjske-opstine-strajk-ukoliko-ne-bude-plata\/","og_locale":"en_US","og_type":"article","og_title":"Radnici ulcinjske Op\u0161tine: \u0160trajk ukoliko ne bude plata - Lajme nga Ulqini","og_description":"Sindikat ulcinjske Op\u0161tine najavio je da \u0107e po\u010detkom maja organizovati \u0161trajk upozorenja ukoliko lokalne vlasti svim zaposlenima u toj upravi do kraja","og_url":"https:\/\/www.visit-ulcinj.com\/blog\/2013\/04\/24\/radnici-ulcinjske-opstine-strajk-ukoliko-ne-bude-plata\/","og_site_name":"Lajme nga Ulqini","article_published_time":"2013-04-24T22:07:19+00:00","article_modified_time":"2013-04-24T22:07:44+00:00","twitter_misc":{"Written by":"ulqini","Est. reading time":"1 minute"},"schema":{"@context":"https:\/\/schema.org","@graph":[{"@type":"WebSite","@id":"https:\/\/www.visit-ulcinj.com\/blog\/#website","url":"https:\/\/www.visit-ulcinj.com\/blog\/","name":"Lajme nga Ulqini","description":"Lajme,Vijesti,Ulqini,Ulqin,Crna Gora,Mali i Zi","potentialAction":[{"@type":"SearchAction","target":{"@type":"EntryPoint","urlTemplate":"https:\/\/www.visit-ulcinj.com\/blog\/?s={search_term_string}"},"query-input":"required name=search_term_string"}],"inLanguage":"en-US"},{"@type":"WebPage","@id":"https:\/\/www.visit-ulcinj.com\/blog\/2013\/04\/24\/radnici-ulcinjske-opstine-strajk-ukoliko-ne-bude-plata\/#webpage","url":"https:\/\/www.visit-ulcinj.com\/blog\/2013\/04\/24\/radnici-ulcinjske-opstine-strajk-ukoliko-ne-bude-plata\/","name":"Radnici ulcinjske Op\u0161tine: \u0160trajk ukoliko ne bude plata - Lajme nga Ulqini","isPartOf":{"@id":"https:\/\/www.visit-ulcinj.com\/blog\/#website"},"datePublished":"2013-04-24T22:07:19+00:00","dateModified":"2013-04-24T22:07:44+00:00","author":{"@id":"https:\/\/www.visit-ulcinj.com\/blog\/#\/schema\/person\/dcab619c614d3038751c63bc2aadc06d"},"description":"Sindikat ulcinjske Op\u0161tine najavio je da \u0107e po\u010detkom maja organizovati \u0161trajk upozorenja ukoliko lokalne vlasti svim zaposlenima u toj upravi do kraja","breadcrumb":{"@id":"https:\/\/www.visit-ulcinj.com\/blog\/2013\/04\/24\/radnici-ulcinjske-opstine-strajk-ukoliko-ne-bude-plata\/#breadcrumb"},"inLanguage":"en-US","potentialAction":[{"@type":"ReadAction","target":["https:\/\/www.visit-ulcinj.com\/blog\/2013\/04\/24\/radnici-ulcinjske-opstine-strajk-ukoliko-ne-bude-plata\/"]}]},{"@type":"BreadcrumbList","@id":"https:\/\/www.visit-ulcinj.com\/blog\/2013\/04\/24\/radnici-ulcinjske-opstine-strajk-ukoliko-ne-bude-plata\/#breadcrumb","itemListElement":[{"@type":"ListItem","position":1,"name":"Radnici ulcinjske Op\u0161tine: \u0160trajk ukoliko ne bude plata"}]},{"@type":"Person","@id":"https:\/\/www.visit-ulcinj.com\/blog\/#\/schema\/person\/dcab619c614d3038751c63bc2aadc06d","name":"ulqini","sameAs":["http:\/\/www.visit-ulcinj.com"],"url":"https:\/\/www.visit-ulcinj.com\/blog\/author\/admin\/"}]}},"jetpack_featured_media_url":"","jetpack_sharing_enabled":true,"jetpack_shortlink":"https:\/\/wp.me\/pe6lTn-ipG","_links":{"self":[{"href":"https:\/\/www.visit-ulcinj.com\/blog\/wp-json\/wp\/v2\/posts\/70784"}],"collection":[{"href":"https:\/\/www.visit-ulcinj.com\/blog\/wp-json\/wp\/v2\/posts"}],"about":[{"href":"https:\/\/www.visit-ulcinj.com\/blog\/wp-json\/wp\/v2\/types\/post"}],"author":[{"embeddable":true,"href":"https:\/\/www.visit-ulcinj.com\/blog\/wp-json\/wp\/v2\/users\/1"}],"replies":[{"embeddable":true,"href":"https:\/\/www.visit-ulcinj.com\/blog\/wp-json\/wp\/v2\/comments?post=70784"}],"version-history":[{"count":2,"href":"https:\/\/www.visit-ulcinj.com\/blog\/wp-json\/wp\/v2\/posts\/70784\/revisions"}],"predecessor-version":[{"id":70787,"href":"https:\/\/www.visit-ulcinj.com\/blog\/wp-json\/wp\/v2\/posts\/70784\/revisions\/70787"}],"wp:attachment":[{"href":"https:\/\/www.visit-ulcinj.com\/blog\/wp-json\/wp\/v2\/media?parent=70784"}],"wp:term":[{"taxonomy":"category","embeddable":true,"href":"https:\/\/www.visit-ulcinj.com\/blog\/wp-json\/wp\/v2\/categories?post=70784"},{"taxonomy":"post_tag","embeddable":true,"href":"https:\/\/www.visit-ulcinj.com\/blog\/wp-json\/wp\/v2\/tags?post=70784"}],"curies":[{"name":"wp","href":"https:\/\/api.w.org\/{rel}","templated":true}]}}