{"id":70792,"date":"2013-04-25T07:30:11","date_gmt":"2013-04-25T06:30:11","guid":{"rendered":"http:\/\/www.visit-ulcinj.com\/blog\/?p=70792"},"modified":"2013-04-25T08:02:20","modified_gmt":"2013-04-25T07:02:20","slug":"ulqini-po-angazhohet-per-terheqjen-e-investitoreve-ne-hotelieri","status":"publish","type":"post","link":"https:\/\/www.visit-ulcinj.com\/blog\/2013\/04\/25\/ulqini-po-angazhohet-per-terheqjen-e-investitoreve-ne-hotelieri\/","title":{"rendered":"Ulqini po angazhohet p\u00ebr t\u00ebrheqjen e investitor\u00ebve n\u00eb hotelieri"},"content":{"rendered":"<p><a href=\"http:\/\/www.visit-ulcinj.com\/blog\/wp-content\/uploads\/2013\/04\/Plazhi-i-vogel-ne-Ulqin.jpg\"><img loading=\"lazy\" class=\"alignleft  wp-image-70793\" alt=\"Plazhi i vogel ne Ulqin\" src=\"http:\/\/www.visit-ulcinj.com\/blog\/wp-content\/uploads\/2013\/04\/Plazhi-i-vogel-ne-Ulqin.jpg\" width=\"508\" height=\"360\" \/><\/a>Komuna e Ulqinit p\u00ebrve\u00e7 q\u00eb \u00ebsht\u00eb duke u angazhuar p\u00ebr t\u00ebrheqjen e turist\u00ebve, po angazhohet edhe p\u00ebr t\u00ebrheqjen e investitor\u00ebve n\u00eb hotelieri, duke zbritur taksat p\u00ebr investitor\u00eb deri n\u00eb 70%. Nj\u00ebherit, zyrtar\u00ebt e k\u00ebtij qyteti bregdetar, ftojn\u00eb qytetar\u00ebt nga Kosova q\u00eb ti legalizojn\u00eb objektet e tyre n\u00eb k\u00ebt\u00eb komun\u00eb.<\/p>\n<p>N\u00eb drejtim t\u00eb zhvillimit t\u00eb turizmit dhe t\u00ebrheqjes s\u00eb investitor\u00ebve, Komuna e Ulqinit ka nd\u00ebrmarr\u00eb nj\u00eb hap stimulues p\u00ebr investitor\u00eb potencial\u00eb. Kryetari I Ulqinit, Nazif Cungu p\u00ebr transmetuesin publik ka th\u00ebn\u00eb se jan\u00eb ulur taksat p\u00ebr nd\u00ebrtues t\u00eb hoteleve.<br \/>\n\u201cKemi b\u00ebr\u00eb zbritje p\u00ebr ata t\u00eb cil\u00ebt jan\u00eb t\u00eb interesuar t\u00eb nd\u00ebrtojn\u00eb hotele me 3 yje, por kan\u00eb obligim q\u00eb deri n\u00eb fund t\u00eb vitit 2014 t\u00eb marrin lejen p\u00ebr nd\u00ebrtim, kan\u00eb zbritje n\u00eb taks\u00eb p\u00ebr 50%. Kurse p\u00ebr hotele me 4 dhe 5 yje 70%.\u201d, tha ai.<\/p>\n<p>Cungu fton afarist\u00ebt nga Kosova q\u00eb ta shfryt\u00ebzojn\u00eb k\u00ebt\u00eb mund\u00ebsi. Ai nj\u00ebherit b\u00ebn ftes\u00eb edhe p\u00ebr qytetar\u00ebt nga Kosova t\u00eb cil\u00ebt kan\u00eb prona n\u00eb Ulqin, t\u00eb b\u00ebjn\u00eb legalizimin.<\/p>\n<p>\u201cN\u00eb Ulqin shum\u00eb kosovar\u00eb kan\u00eb pronat e tyre, kan\u00eb troje ose objekt t\u00eb nd\u00ebrtuar dhe \u00ebsht\u00eb nj\u00eb problem shum\u00eb i vjet\u00ebr sepse nd\u00ebrtimi \u00ebsht\u00eb b\u00ebr\u00eb pa licenc\u00eb adekuate, p\u00ebr at\u00eb arsye edhe ne kemi b\u00ebr\u00eb p\u00ebrgatitje p\u00ebr miratimin e planeve urbanistike\u201d, theksoi ai.<\/p>\n<p>P\u00ebr legalizimi komuna e Ulqinit ofron edhe leht\u00ebsira, pasi mund\u00ebson q\u00eb pagesat t\u00eb b\u00ebhen n\u00eb disa k\u00ebste dhe afati i pages\u00ebs mund t\u00eb jet\u00eb deri n\u00eb 10 vite.<\/p>\n<p><strong>Bota Sot<\/strong><\/p>\n","protected":false},"excerpt":{"rendered":"<p>Komuna e Ulqinit p\u00ebrve\u00e7 q\u00eb \u00ebsht\u00eb duke u angazhuar p\u00ebr t\u00ebrheqjen e turist\u00ebve, po angazhohet edhe p\u00ebr t\u00ebrheqjen e investitor\u00ebve n\u00eb hotelieri, duke zbritur taksat p\u00ebr investitor\u00eb deri n\u00eb 70%. Nj\u00ebherit, zyrtar\u00ebt e k\u00ebtij qyteti bregdetar, ftojn\u00eb qytetar\u00ebt nga Kosova q\u00eb ti legalizojn\u00eb objektet e tyre n\u00eb k\u00ebt\u00eb komun\u00eb. N\u00eb drejtim t\u00eb zhvillimit t\u00eb turizmit [&hellip;]<\/p>\n","protected":false},"author":1,"featured_media":0,"comment_status":"open","ping_status":"closed","sticky":false,"template":"","format":"standard","meta":{"spay_email":"","jetpack_publicize_message":"","jetpack_is_tweetstorm":false,"jetpack_publicize_feature_enabled":true},"categories":[10,1],"tags":[200,18],"jetpack_publicize_connections":[],"yoast_head":"<!-- This site is optimized with the Yoast SEO plugin v19.1 - https:\/\/yoast.com\/wordpress\/plugins\/seo\/ -->\n<title>Ulqini po angazhohet p\u00ebr t\u00ebrheqjen e investitor\u00ebve n\u00eb hotelieri - Lajme nga Ulqini<\/title>\n<meta name=\"description\" content=\"Komuna e Ulqinit p\u00ebrve\u00e7 q\u00eb \u00ebsht\u00eb duke u angazhuar p\u00ebr t\u00ebrheqjen e turist\u00ebve, po angazhohet edhe p\u00ebr t\u00ebrheqjen e investitor\u00ebve n\u00eb hotelieri, duke zbritur\" \/>\n<meta name=\"robots\" content=\"index, follow, max-snippet:-1, max-image-preview:large, max-video-preview:-1\" \/>\n<link rel=\"canonical\" href=\"https:\/\/www.visit-ulcinj.com\/blog\/2013\/04\/25\/ulqini-po-angazhohet-per-terheqjen-e-investitoreve-ne-hotelieri\/\" \/>\n<meta property=\"og:locale\" content=\"en_US\" \/>\n<meta property=\"og:type\" content=\"article\" \/>\n<meta property=\"og:title\" content=\"Ulqini po angazhohet p\u00ebr t\u00ebrheqjen e investitor\u00ebve n\u00eb hotelieri - Lajme nga Ulqini\" \/>\n<meta property=\"og:description\" content=\"Komuna e Ulqinit p\u00ebrve\u00e7 q\u00eb \u00ebsht\u00eb duke u angazhuar p\u00ebr t\u00ebrheqjen e turist\u00ebve, po angazhohet edhe p\u00ebr t\u00ebrheqjen e investitor\u00ebve n\u00eb hotelieri, duke zbritur\" \/>\n<meta property=\"og:url\" content=\"https:\/\/www.visit-ulcinj.com\/blog\/2013\/04\/25\/ulqini-po-angazhohet-per-terheqjen-e-investitoreve-ne-hotelieri\/\" \/>\n<meta property=\"og:site_name\" content=\"Lajme nga Ulqini\" \/>\n<meta property=\"article:published_time\" content=\"2013-04-25T06:30:11+00:00\" \/>\n<meta property=\"article:modified_time\" content=\"2013-04-25T07:02:20+00:00\" \/>\n<meta property=\"og:image\" content=\"http:\/\/www.visit-ulcinj.com\/blog\/wp-content\/uploads\/2013\/04\/Plazhi-i-vogel-ne-Ulqin.jpg\" \/>\n<meta name=\"twitter:label1\" content=\"Written by\" \/>\n\t<meta name=\"twitter:data1\" content=\"ulqini\" \/>\n\t<meta name=\"twitter:label2\" content=\"Est. reading time\" \/>\n\t<meta name=\"twitter:data2\" content=\"1 minute\" \/>\n<script type=\"application\/ld+json\" class=\"yoast-schema-graph\">{\"@context\":\"https:\/\/schema.org\",\"@graph\":[{\"@type\":\"WebSite\",\"@id\":\"https:\/\/www.visit-ulcinj.com\/blog\/#website\",\"url\":\"https:\/\/www.visit-ulcinj.com\/blog\/\",\"name\":\"Lajme nga Ulqini\",\"description\":\"Lajme,Vijesti,Ulqini,Ulqin,Crna Gora,Mali i Zi\",\"potentialAction\":[{\"@type\":\"SearchAction\",\"target\":{\"@type\":\"EntryPoint\",\"urlTemplate\":\"https:\/\/www.visit-ulcinj.com\/blog\/?s={search_term_string}\"},\"query-input\":\"required name=search_term_string\"}],\"inLanguage\":\"en-US\"},{\"@type\":\"ImageObject\",\"inLanguage\":\"en-US\",\"@id\":\"https:\/\/www.visit-ulcinj.com\/blog\/2013\/04\/25\/ulqini-po-angazhohet-per-terheqjen-e-investitoreve-ne-hotelieri\/#primaryimage\",\"url\":\"https:\/\/www.visit-ulcinj.com\/blog\/wp-content\/uploads\/2013\/04\/Plazhi-i-vogel-ne-Ulqin.jpg\",\"contentUrl\":\"https:\/\/www.visit-ulcinj.com\/blog\/wp-content\/uploads\/2013\/04\/Plazhi-i-vogel-ne-Ulqin.jpg\",\"width\":1260,\"height\":825},{\"@type\":\"WebPage\",\"@id\":\"https:\/\/www.visit-ulcinj.com\/blog\/2013\/04\/25\/ulqini-po-angazhohet-per-terheqjen-e-investitoreve-ne-hotelieri\/#webpage\",\"url\":\"https:\/\/www.visit-ulcinj.com\/blog\/2013\/04\/25\/ulqini-po-angazhohet-per-terheqjen-e-investitoreve-ne-hotelieri\/\",\"name\":\"Ulqini po angazhohet p\u00ebr t\u00ebrheqjen e investitor\u00ebve n\u00eb hotelieri - Lajme nga Ulqini\",\"isPartOf\":{\"@id\":\"https:\/\/www.visit-ulcinj.com\/blog\/#website\"},\"primaryImageOfPage\":{\"@id\":\"https:\/\/www.visit-ulcinj.com\/blog\/2013\/04\/25\/ulqini-po-angazhohet-per-terheqjen-e-investitoreve-ne-hotelieri\/#primaryimage\"},\"datePublished\":\"2013-04-25T06:30:11+00:00\",\"dateModified\":\"2013-04-25T07:02:20+00:00\",\"author\":{\"@id\":\"https:\/\/www.visit-ulcinj.com\/blog\/#\/schema\/person\/dcab619c614d3038751c63bc2aadc06d\"},\"description\":\"Komuna e Ulqinit p\u00ebrve\u00e7 q\u00eb \u00ebsht\u00eb duke u angazhuar p\u00ebr t\u00ebrheqjen e turist\u00ebve, po angazhohet edhe p\u00ebr t\u00ebrheqjen e investitor\u00ebve n\u00eb hotelieri, duke zbritur\",\"breadcrumb\":{\"@id\":\"https:\/\/www.visit-ulcinj.com\/blog\/2013\/04\/25\/ulqini-po-angazhohet-per-terheqjen-e-investitoreve-ne-hotelieri\/#breadcrumb\"},\"inLanguage\":\"en-US\",\"potentialAction\":[{\"@type\":\"ReadAction\",\"target\":[\"https:\/\/www.visit-ulcinj.com\/blog\/2013\/04\/25\/ulqini-po-angazhohet-per-terheqjen-e-investitoreve-ne-hotelieri\/\"]}]},{\"@type\":\"BreadcrumbList\",\"@id\":\"https:\/\/www.visit-ulcinj.com\/blog\/2013\/04\/25\/ulqini-po-angazhohet-per-terheqjen-e-investitoreve-ne-hotelieri\/#breadcrumb\",\"itemListElement\":[{\"@type\":\"ListItem\",\"position\":1,\"name\":\"Ulqini po angazhohet p\u00ebr t\u00ebrheqjen e investitor\u00ebve n\u00eb hotelieri\"}]},{\"@type\":\"Person\",\"@id\":\"https:\/\/www.visit-ulcinj.com\/blog\/#\/schema\/person\/dcab619c614d3038751c63bc2aadc06d\",\"name\":\"ulqini\",\"sameAs\":[\"http:\/\/www.visit-ulcinj.com\"],\"url\":\"https:\/\/www.visit-ulcinj.com\/blog\/author\/admin\/\"}]}<\/script>\n<!-- \/ Yoast SEO plugin. -->","yoast_head_json":{"title":"Ulqini po angazhohet p\u00ebr t\u00ebrheqjen e investitor\u00ebve n\u00eb hotelieri - Lajme nga Ulqini","description":"Komuna e Ulqinit p\u00ebrve\u00e7 q\u00eb \u00ebsht\u00eb duke u angazhuar p\u00ebr t\u00ebrheqjen e turist\u00ebve, po angazhohet edhe p\u00ebr t\u00ebrheqjen e investitor\u00ebve n\u00eb hotelieri, duke zbritur","robots":{"index":"index","follow":"follow","max-snippet":"max-snippet:-1","max-image-preview":"max-image-preview:large","max-video-preview":"max-video-preview:-1"},"canonical":"https:\/\/www.visit-ulcinj.com\/blog\/2013\/04\/25\/ulqini-po-angazhohet-per-terheqjen-e-investitoreve-ne-hotelieri\/","og_locale":"en_US","og_type":"article","og_title":"Ulqini po angazhohet p\u00ebr t\u00ebrheqjen e investitor\u00ebve n\u00eb hotelieri - Lajme nga Ulqini","og_description":"Komuna e Ulqinit p\u00ebrve\u00e7 q\u00eb \u00ebsht\u00eb duke u angazhuar p\u00ebr t\u00ebrheqjen e turist\u00ebve, po angazhohet edhe p\u00ebr t\u00ebrheqjen e investitor\u00ebve n\u00eb hotelieri, duke zbritur","og_url":"https:\/\/www.visit-ulcinj.com\/blog\/2013\/04\/25\/ulqini-po-angazhohet-per-terheqjen-e-investitoreve-ne-hotelieri\/","og_site_name":"Lajme nga Ulqini","article_published_time":"2013-04-25T06:30:11+00:00","article_modified_time":"2013-04-25T07:02:20+00:00","og_image":[{"url":"http:\/\/www.visit-ulcinj.com\/blog\/wp-content\/uploads\/2013\/04\/Plazhi-i-vogel-ne-Ulqin.jpg"}],"twitter_misc":{"Written by":"ulqini","Est. reading time":"1 minute"},"schema":{"@context":"https:\/\/schema.org","@graph":[{"@type":"WebSite","@id":"https:\/\/www.visit-ulcinj.com\/blog\/#website","url":"https:\/\/www.visit-ulcinj.com\/blog\/","name":"Lajme nga Ulqini","description":"Lajme,Vijesti,Ulqini,Ulqin,Crna Gora,Mali i Zi","potentialAction":[{"@type":"SearchAction","target":{"@type":"EntryPoint","urlTemplate":"https:\/\/www.visit-ulcinj.com\/blog\/?s={search_term_string}"},"query-input":"required name=search_term_string"}],"inLanguage":"en-US"},{"@type":"ImageObject","inLanguage":"en-US","@id":"https:\/\/www.visit-ulcinj.com\/blog\/2013\/04\/25\/ulqini-po-angazhohet-per-terheqjen-e-investitoreve-ne-hotelieri\/#primaryimage","url":"https:\/\/www.visit-ulcinj.com\/blog\/wp-content\/uploads\/2013\/04\/Plazhi-i-vogel-ne-Ulqin.jpg","contentUrl":"https:\/\/www.visit-ulcinj.com\/blog\/wp-content\/uploads\/2013\/04\/Plazhi-i-vogel-ne-Ulqin.jpg","width":1260,"height":825},{"@type":"WebPage","@id":"https:\/\/www.visit-ulcinj.com\/blog\/2013\/04\/25\/ulqini-po-angazhohet-per-terheqjen-e-investitoreve-ne-hotelieri\/#webpage","url":"https:\/\/www.visit-ulcinj.com\/blog\/2013\/04\/25\/ulqini-po-angazhohet-per-terheqjen-e-investitoreve-ne-hotelieri\/","name":"Ulqini po angazhohet p\u00ebr t\u00ebrheqjen e investitor\u00ebve n\u00eb hotelieri - Lajme nga Ulqini","isPartOf":{"@id":"https:\/\/www.visit-ulcinj.com\/blog\/#website"},"primaryImageOfPage":{"@id":"https:\/\/www.visit-ulcinj.com\/blog\/2013\/04\/25\/ulqini-po-angazhohet-per-terheqjen-e-investitoreve-ne-hotelieri\/#primaryimage"},"datePublished":"2013-04-25T06:30:11+00:00","dateModified":"2013-04-25T07:02:20+00:00","author":{"@id":"https:\/\/www.visit-ulcinj.com\/blog\/#\/schema\/person\/dcab619c614d3038751c63bc2aadc06d"},"description":"Komuna e Ulqinit p\u00ebrve\u00e7 q\u00eb \u00ebsht\u00eb duke u angazhuar p\u00ebr t\u00ebrheqjen e turist\u00ebve, po angazhohet edhe p\u00ebr t\u00ebrheqjen e investitor\u00ebve n\u00eb hotelieri, duke zbritur","breadcrumb":{"@id":"https:\/\/www.visit-ulcinj.com\/blog\/2013\/04\/25\/ulqini-po-angazhohet-per-terheqjen-e-investitoreve-ne-hotelieri\/#breadcrumb"},"inLanguage":"en-US","potentialAction":[{"@type":"ReadAction","target":["https:\/\/www.visit-ulcinj.com\/blog\/2013\/04\/25\/ulqini-po-angazhohet-per-terheqjen-e-investitoreve-ne-hotelieri\/"]}]},{"@type":"BreadcrumbList","@id":"https:\/\/www.visit-ulcinj.com\/blog\/2013\/04\/25\/ulqini-po-angazhohet-per-terheqjen-e-investitoreve-ne-hotelieri\/#breadcrumb","itemListElement":[{"@type":"ListItem","position":1,"name":"Ulqini po angazhohet p\u00ebr t\u00ebrheqjen e investitor\u00ebve n\u00eb hotelieri"}]},{"@type":"Person","@id":"https:\/\/www.visit-ulcinj.com\/blog\/#\/schema\/person\/dcab619c614d3038751c63bc2aadc06d","name":"ulqini","sameAs":["http:\/\/www.visit-ulcinj.com"],"url":"https:\/\/www.visit-ulcinj.com\/blog\/author\/admin\/"}]}},"jetpack_featured_media_url":"","jetpack_sharing_enabled":true,"jetpack_shortlink":"https:\/\/wp.me\/pe6lTn-ipO","_links":{"self":[{"href":"https:\/\/www.visit-ulcinj.com\/blog\/wp-json\/wp\/v2\/posts\/70792"}],"collection":[{"href":"https:\/\/www.visit-ulcinj.com\/blog\/wp-json\/wp\/v2\/posts"}],"about":[{"href":"https:\/\/www.visit-ulcinj.com\/blog\/wp-json\/wp\/v2\/types\/post"}],"author":[{"embeddable":true,"href":"https:\/\/www.visit-ulcinj.com\/blog\/wp-json\/wp\/v2\/users\/1"}],"replies":[{"embeddable":true,"href":"https:\/\/www.visit-ulcinj.com\/blog\/wp-json\/wp\/v2\/comments?post=70792"}],"version-history":[{"count":2,"href":"https:\/\/www.visit-ulcinj.com\/blog\/wp-json\/wp\/v2\/posts\/70792\/revisions"}],"predecessor-version":[{"id":70803,"href":"https:\/\/www.visit-ulcinj.com\/blog\/wp-json\/wp\/v2\/posts\/70792\/revisions\/70803"}],"wp:attachment":[{"href":"https:\/\/www.visit-ulcinj.com\/blog\/wp-json\/wp\/v2\/media?parent=70792"}],"wp:term":[{"taxonomy":"category","embeddable":true,"href":"https:\/\/www.visit-ulcinj.com\/blog\/wp-json\/wp\/v2\/categories?post=70792"},{"taxonomy":"post_tag","embeddable":true,"href":"https:\/\/www.visit-ulcinj.com\/blog\/wp-json\/wp\/v2\/tags?post=70792"}],"curies":[{"name":"wp","href":"https:\/\/api.w.org\/{rel}","templated":true}]}}