{"id":70809,"date":"2013-04-25T08:18:17","date_gmt":"2013-04-25T07:18:17","guid":{"rendered":"http:\/\/www.visit-ulcinj.com\/blog\/?p=70809"},"modified":"2013-04-25T08:22:48","modified_gmt":"2013-04-25T07:22:48","slug":"ryan-air-in-montenegro-from-june","status":"publish","type":"post","link":"https:\/\/www.visit-ulcinj.com\/blog\/2013\/04\/25\/ryan-air-in-montenegro-from-june\/","title":{"rendered":"\u201cRyan Air\u201d in Montenegro from June"},"content":{"rendered":"<div>\n<div>\n<div>\n<div>\n<div>\n<p><a href=\"http:\/\/www.ryanair.com\/en\" target=\"_blank\"><img loading=\"lazy\" class=\"alignleft size-full wp-image-70807\" alt=\"Ryanair -MontEnegro\" src=\"http:\/\/www.visit-ulcinj.com\/blog\/wp-content\/uploads\/2013\/04\/Ryanair-MontEnegro.jpg\" width=\"508\" height=\"213\" srcset=\"https:\/\/www.visit-ulcinj.com\/blog\/wp-content\/uploads\/2013\/04\/Ryanair-MontEnegro.jpg 508w, https:\/\/www.visit-ulcinj.com\/blog\/wp-content\/uploads\/2013\/04\/Ryanair-MontEnegro-300x125.jpg 300w\" sizes=\"(max-width: 508px) 100vw, 508px\" \/><\/a>Government ofMontenegroshould soon sign a four-year contract with the low-cost airline company \u201cRyan Air\u201d, said Deputy Minister of Sustainable Development and Tourism, Neboj\u0161a Popovi\u0107, after the Government session.<\/p>\n<p>Popovi\u0107 said that that company should fly toMontenegroeight months a year, i.e. from March to October. This year first flight is expected in June. Also, ticket prices are expected to range from \u20ac15 to \u20ac20.<\/p>\n<p>\u201cWe have agreed to start operating from June 2012 to late October, but there is a possibility to extend flights throughout the year, but only after the adequate market assessments have been conducted,\u201d said Popovi\u0107.<\/p>\n<p>This year we will start flying towards a minimum number of destinations and that is three, and this number will increase from year to year, so in 2013 it will amount to four and in 2014 and 2015 to six.<\/p>\n<p>\u201cA list of destinations has been defined but their Board of Directors will select destinations. However, it is our desire to have first lines established with three destinations in Central andWestern Europe. Tomorrow is a meeting of the Board of Directors of \u201cRyan Air\u201d and it is when it will be decided about destinations for 2012. These include a few important destinations inGermany, several cities ofGreat BritainandFrance. Unofficially, during the negotiations we have agreed about the possibility of introducing the flights toBrussels,LondonandMilanthis year. Once again I have to repeat \u2013 this is the unofficial information,\u201d said Popovi\u0107.<\/p>\n<p><strong>National Tourism Organisation of Montenegro<\/strong><\/p>\n<\/div>\n<\/div>\n<\/div>\n<\/div>\n<\/div>\n","protected":false},"excerpt":{"rendered":"<p>Government ofMontenegroshould soon sign a four-year contract with the low-cost airline company \u201cRyan Air\u201d, said Deputy Minister of Sustainable Development and Tourism, Neboj\u0161a Popovi\u0107, after the Government session. Popovi\u0107 said that that company should fly toMontenegroeight months a year, i.e. from March to October. This year first flight is expected in June. Also, ticket prices [&hellip;]<\/p>\n","protected":false},"author":1,"featured_media":0,"comment_status":"open","ping_status":"closed","sticky":false,"template":"","format":"standard","meta":{"spay_email":"","jetpack_publicize_message":"","jetpack_is_tweetstorm":false,"jetpack_publicize_feature_enabled":true},"categories":[7],"tags":[],"jetpack_publicize_connections":[],"yoast_head":"<!-- This site is optimized with the Yoast SEO plugin v19.1 - https:\/\/yoast.com\/wordpress\/plugins\/seo\/ -->\n<title>\u201cRyan Air\u201d in Montenegro from June - Lajme nga Ulqini<\/title>\n<meta name=\"description\" content=\"Government ofMontenegroshould soon sign a four-year contract with the low-cost airline company \u201cRyan Air\u201d, said Deputy Minister of Sustainable Development\" \/>\n<meta name=\"robots\" content=\"index, follow, max-snippet:-1, max-image-preview:large, max-video-preview:-1\" \/>\n<link rel=\"canonical\" href=\"https:\/\/www.visit-ulcinj.com\/blog\/2013\/04\/25\/ryan-air-in-montenegro-from-june\/\" \/>\n<meta property=\"og:locale\" content=\"en_US\" \/>\n<meta property=\"og:type\" content=\"article\" \/>\n<meta property=\"og:title\" content=\"\u201cRyan Air\u201d in Montenegro from June - Lajme nga Ulqini\" \/>\n<meta property=\"og:description\" content=\"Government ofMontenegroshould soon sign a four-year contract with the low-cost airline company \u201cRyan Air\u201d, said Deputy Minister of Sustainable Development\" \/>\n<meta property=\"og:url\" content=\"https:\/\/www.visit-ulcinj.com\/blog\/2013\/04\/25\/ryan-air-in-montenegro-from-june\/\" \/>\n<meta property=\"og:site_name\" content=\"Lajme nga Ulqini\" \/>\n<meta property=\"article:published_time\" content=\"2013-04-25T07:18:17+00:00\" \/>\n<meta property=\"article:modified_time\" content=\"2013-04-25T07:22:48+00:00\" \/>\n<meta property=\"og:image\" content=\"http:\/\/www.visit-ulcinj.com\/blog\/wp-content\/uploads\/2013\/04\/Ryanair-MontEnegro.jpg\" \/>\n<meta name=\"twitter:label1\" content=\"Written by\" \/>\n\t<meta name=\"twitter:data1\" content=\"ulqini\" \/>\n\t<meta name=\"twitter:label2\" content=\"Est. reading time\" \/>\n\t<meta name=\"twitter:data2\" content=\"1 minute\" \/>\n<script type=\"application\/ld+json\" class=\"yoast-schema-graph\">{\"@context\":\"https:\/\/schema.org\",\"@graph\":[{\"@type\":\"WebSite\",\"@id\":\"https:\/\/www.visit-ulcinj.com\/blog\/#website\",\"url\":\"https:\/\/www.visit-ulcinj.com\/blog\/\",\"name\":\"Lajme nga Ulqini\",\"description\":\"Lajme,Vijesti,Ulqini,Ulqin,Crna Gora,Mali i Zi\",\"potentialAction\":[{\"@type\":\"SearchAction\",\"target\":{\"@type\":\"EntryPoint\",\"urlTemplate\":\"https:\/\/www.visit-ulcinj.com\/blog\/?s={search_term_string}\"},\"query-input\":\"required name=search_term_string\"}],\"inLanguage\":\"en-US\"},{\"@type\":\"ImageObject\",\"inLanguage\":\"en-US\",\"@id\":\"https:\/\/www.visit-ulcinj.com\/blog\/2013\/04\/25\/ryan-air-in-montenegro-from-june\/#primaryimage\",\"url\":\"https:\/\/www.visit-ulcinj.com\/blog\/wp-content\/uploads\/2013\/04\/Ryanair-MontEnegro.jpg\",\"contentUrl\":\"https:\/\/www.visit-ulcinj.com\/blog\/wp-content\/uploads\/2013\/04\/Ryanair-MontEnegro.jpg\",\"width\":508,\"height\":213},{\"@type\":\"WebPage\",\"@id\":\"https:\/\/www.visit-ulcinj.com\/blog\/2013\/04\/25\/ryan-air-in-montenegro-from-june\/#webpage\",\"url\":\"https:\/\/www.visit-ulcinj.com\/blog\/2013\/04\/25\/ryan-air-in-montenegro-from-june\/\",\"name\":\"\u201cRyan Air\u201d in Montenegro from June - Lajme nga Ulqini\",\"isPartOf\":{\"@id\":\"https:\/\/www.visit-ulcinj.com\/blog\/#website\"},\"primaryImageOfPage\":{\"@id\":\"https:\/\/www.visit-ulcinj.com\/blog\/2013\/04\/25\/ryan-air-in-montenegro-from-june\/#primaryimage\"},\"datePublished\":\"2013-04-25T07:18:17+00:00\",\"dateModified\":\"2013-04-25T07:22:48+00:00\",\"author\":{\"@id\":\"https:\/\/www.visit-ulcinj.com\/blog\/#\/schema\/person\/dcab619c614d3038751c63bc2aadc06d\"},\"description\":\"Government ofMontenegroshould soon sign a four-year contract with the low-cost airline company \u201cRyan Air\u201d, said Deputy Minister of Sustainable Development\",\"breadcrumb\":{\"@id\":\"https:\/\/www.visit-ulcinj.com\/blog\/2013\/04\/25\/ryan-air-in-montenegro-from-june\/#breadcrumb\"},\"inLanguage\":\"en-US\",\"potentialAction\":[{\"@type\":\"ReadAction\",\"target\":[\"https:\/\/www.visit-ulcinj.com\/blog\/2013\/04\/25\/ryan-air-in-montenegro-from-june\/\"]}]},{\"@type\":\"BreadcrumbList\",\"@id\":\"https:\/\/www.visit-ulcinj.com\/blog\/2013\/04\/25\/ryan-air-in-montenegro-from-june\/#breadcrumb\",\"itemListElement\":[{\"@type\":\"ListItem\",\"position\":1,\"name\":\"\u201cRyan Air\u201d in Montenegro from June\"}]},{\"@type\":\"Person\",\"@id\":\"https:\/\/www.visit-ulcinj.com\/blog\/#\/schema\/person\/dcab619c614d3038751c63bc2aadc06d\",\"name\":\"ulqini\",\"sameAs\":[\"http:\/\/www.visit-ulcinj.com\"],\"url\":\"https:\/\/www.visit-ulcinj.com\/blog\/author\/admin\/\"}]}<\/script>\n<!-- \/ Yoast SEO plugin. -->","yoast_head_json":{"title":"\u201cRyan Air\u201d in Montenegro from June - Lajme nga Ulqini","description":"Government ofMontenegroshould soon sign a four-year contract with the low-cost airline company \u201cRyan Air\u201d, said Deputy Minister of Sustainable Development","robots":{"index":"index","follow":"follow","max-snippet":"max-snippet:-1","max-image-preview":"max-image-preview:large","max-video-preview":"max-video-preview:-1"},"canonical":"https:\/\/www.visit-ulcinj.com\/blog\/2013\/04\/25\/ryan-air-in-montenegro-from-june\/","og_locale":"en_US","og_type":"article","og_title":"\u201cRyan Air\u201d in Montenegro from June - Lajme nga Ulqini","og_description":"Government ofMontenegroshould soon sign a four-year contract with the low-cost airline company \u201cRyan Air\u201d, said Deputy Minister of Sustainable Development","og_url":"https:\/\/www.visit-ulcinj.com\/blog\/2013\/04\/25\/ryan-air-in-montenegro-from-june\/","og_site_name":"Lajme nga Ulqini","article_published_time":"2013-04-25T07:18:17+00:00","article_modified_time":"2013-04-25T07:22:48+00:00","og_image":[{"url":"http:\/\/www.visit-ulcinj.com\/blog\/wp-content\/uploads\/2013\/04\/Ryanair-MontEnegro.jpg"}],"twitter_misc":{"Written by":"ulqini","Est. reading time":"1 minute"},"schema":{"@context":"https:\/\/schema.org","@graph":[{"@type":"WebSite","@id":"https:\/\/www.visit-ulcinj.com\/blog\/#website","url":"https:\/\/www.visit-ulcinj.com\/blog\/","name":"Lajme nga Ulqini","description":"Lajme,Vijesti,Ulqini,Ulqin,Crna Gora,Mali i Zi","potentialAction":[{"@type":"SearchAction","target":{"@type":"EntryPoint","urlTemplate":"https:\/\/www.visit-ulcinj.com\/blog\/?s={search_term_string}"},"query-input":"required name=search_term_string"}],"inLanguage":"en-US"},{"@type":"ImageObject","inLanguage":"en-US","@id":"https:\/\/www.visit-ulcinj.com\/blog\/2013\/04\/25\/ryan-air-in-montenegro-from-june\/#primaryimage","url":"https:\/\/www.visit-ulcinj.com\/blog\/wp-content\/uploads\/2013\/04\/Ryanair-MontEnegro.jpg","contentUrl":"https:\/\/www.visit-ulcinj.com\/blog\/wp-content\/uploads\/2013\/04\/Ryanair-MontEnegro.jpg","width":508,"height":213},{"@type":"WebPage","@id":"https:\/\/www.visit-ulcinj.com\/blog\/2013\/04\/25\/ryan-air-in-montenegro-from-june\/#webpage","url":"https:\/\/www.visit-ulcinj.com\/blog\/2013\/04\/25\/ryan-air-in-montenegro-from-june\/","name":"\u201cRyan Air\u201d in Montenegro from June - Lajme nga Ulqini","isPartOf":{"@id":"https:\/\/www.visit-ulcinj.com\/blog\/#website"},"primaryImageOfPage":{"@id":"https:\/\/www.visit-ulcinj.com\/blog\/2013\/04\/25\/ryan-air-in-montenegro-from-june\/#primaryimage"},"datePublished":"2013-04-25T07:18:17+00:00","dateModified":"2013-04-25T07:22:48+00:00","author":{"@id":"https:\/\/www.visit-ulcinj.com\/blog\/#\/schema\/person\/dcab619c614d3038751c63bc2aadc06d"},"description":"Government ofMontenegroshould soon sign a four-year contract with the low-cost airline company \u201cRyan Air\u201d, said Deputy Minister of Sustainable Development","breadcrumb":{"@id":"https:\/\/www.visit-ulcinj.com\/blog\/2013\/04\/25\/ryan-air-in-montenegro-from-june\/#breadcrumb"},"inLanguage":"en-US","potentialAction":[{"@type":"ReadAction","target":["https:\/\/www.visit-ulcinj.com\/blog\/2013\/04\/25\/ryan-air-in-montenegro-from-june\/"]}]},{"@type":"BreadcrumbList","@id":"https:\/\/www.visit-ulcinj.com\/blog\/2013\/04\/25\/ryan-air-in-montenegro-from-june\/#breadcrumb","itemListElement":[{"@type":"ListItem","position":1,"name":"\u201cRyan Air\u201d in Montenegro from June"}]},{"@type":"Person","@id":"https:\/\/www.visit-ulcinj.com\/blog\/#\/schema\/person\/dcab619c614d3038751c63bc2aadc06d","name":"ulqini","sameAs":["http:\/\/www.visit-ulcinj.com"],"url":"https:\/\/www.visit-ulcinj.com\/blog\/author\/admin\/"}]}},"jetpack_featured_media_url":"","jetpack_sharing_enabled":true,"jetpack_shortlink":"https:\/\/wp.me\/pe6lTn-iq5","_links":{"self":[{"href":"https:\/\/www.visit-ulcinj.com\/blog\/wp-json\/wp\/v2\/posts\/70809"}],"collection":[{"href":"https:\/\/www.visit-ulcinj.com\/blog\/wp-json\/wp\/v2\/posts"}],"about":[{"href":"https:\/\/www.visit-ulcinj.com\/blog\/wp-json\/wp\/v2\/types\/post"}],"author":[{"embeddable":true,"href":"https:\/\/www.visit-ulcinj.com\/blog\/wp-json\/wp\/v2\/users\/1"}],"replies":[{"embeddable":true,"href":"https:\/\/www.visit-ulcinj.com\/blog\/wp-json\/wp\/v2\/comments?post=70809"}],"version-history":[{"count":3,"href":"https:\/\/www.visit-ulcinj.com\/blog\/wp-json\/wp\/v2\/posts\/70809\/revisions"}],"predecessor-version":[{"id":70815,"href":"https:\/\/www.visit-ulcinj.com\/blog\/wp-json\/wp\/v2\/posts\/70809\/revisions\/70815"}],"wp:attachment":[{"href":"https:\/\/www.visit-ulcinj.com\/blog\/wp-json\/wp\/v2\/media?parent=70809"}],"wp:term":[{"taxonomy":"category","embeddable":true,"href":"https:\/\/www.visit-ulcinj.com\/blog\/wp-json\/wp\/v2\/categories?post=70809"},{"taxonomy":"post_tag","embeddable":true,"href":"https:\/\/www.visit-ulcinj.com\/blog\/wp-json\/wp\/v2\/tags?post=70809"}],"curies":[{"name":"wp","href":"https:\/\/api.w.org\/{rel}","templated":true}]}}