{"id":7081,"date":"2008-12-10T19:56:29","date_gmt":"2008-12-10T18:56:29","guid":{"rendered":"http:\/\/www.visit-ulcinj.com\/blog\/?p=7081"},"modified":"2008-12-10T19:56:29","modified_gmt":"2008-12-10T18:56:29","slug":"xuxi-gati-per-rikthim-ne-skenen-muzikore","status":"publish","type":"post","link":"https:\/\/www.visit-ulcinj.com\/blog\/2008\/12\/10\/xuxi-gati-per-rikthim-ne-skenen-muzikore\/","title":{"rendered":"Xuxi, gati p\u00ebr rikthim n\u00eb sken\u00ebn muzikore"},"content":{"rendered":"<p><a href=\"http:\/\/www.visit-ulcinj.com\/blog\/wp-content\/uploads\/2008\/12\/naim-bunjaku_xuxi.jpg\"><img loading=\"lazy\" class=\"alignleft size-medium wp-image-7082\" title=\"naim-bunjaku_xuxi\" src=\"http:\/\/www.visit-ulcinj.com\/blog\/wp-content\/uploads\/2008\/12\/naim-bunjaku_xuxi-203x300.jpg\" alt=\"\" width=\"281\" height=\"300\" \/><\/a>Pas videoprojektit muzikor \u201cFanky ty t\u00eb z\u00ebvend\u00ebson\u201d, ka koh\u00eb q\u00eb Xuxi, emri i v\u00ebrtet\u00eb i t\u00eb cilit \u00ebsht\u00eb Naim Bunjaku, nuk \u00ebsht\u00eb prezantuar n\u00eb mediat tona me ndonj\u00eb k\u00ebng\u00eb apo videoklip t\u00eb ri. Kjo ka ndodhur si pasoj\u00eb e rrethanave t\u00eb krijuara n\u00eb tregun ton\u00eb muzikor vjet\u00ebve t\u00eb fundit, q\u00eb k\u00ebng\u00ebtari e quan \u201cjo rregull\u201d. Megjith\u00ebk\u00ebt\u00eb, tani p\u00ebr tani, nuk mungojn\u00eb t\u00eb rejat n\u00eb karrier\u00ebn e tij muzikore. Teksti i k\u00ebng\u00ebs \u00ebsht\u00eb shkruar nga Xuxi n\u00eb bashk\u00ebpunim me Adnanin, p\u00ebrderisa muzika \u00ebsht\u00eb b\u00ebr\u00eb nga vet\u00eb Adnani. K\u00ebnga flet p\u00ebr nj\u00eb fem\u00ebr, e cila i jep vetes liri jasht\u00eb limitit. Xuxi ka b\u00ebr\u00eb t\u00eb ditur se kan\u00eb n\u00eb plan q\u00eb k\u00ebng\u00ebs t\u2019i realizojn\u00eb videoklip, p\u00ebr t\u00eb cilin ka th\u00ebn\u00eb se do t\u00eb jet\u00eb nj\u00eb videoklip jokomercial. Xuxi do t\u00eb jet\u00eb pjes\u00eb e organizimit t\u00eb koncertit n\u00eb sheshin \u201cN\u00ebn\u00eb Tereza\u201d m\u00eb 31 dhjetor, p\u00ebr nder t\u00eb Vitit t\u00eb Ri, i cili do t\u00eb organizohet nga Komuna e Prishtin\u00ebs dhe kompania \u201cIPKO\u201d.<br \/>\n<strong>Koha Vizion<\/strong><\/p>\n<!--Dailymotion error: bad or missing ID-->\n","protected":false},"excerpt":{"rendered":"<p>Pas videoprojektit muzikor \u201cFanky ty t\u00eb z\u00ebvend\u00ebson\u201d, ka koh\u00eb q\u00eb Xuxi, emri i v\u00ebrtet\u00eb i t\u00eb cilit \u00ebsht\u00eb Naim Bunjaku, nuk \u00ebsht\u00eb prezantuar n\u00eb mediat tona me ndonj\u00eb k\u00ebng\u00eb apo videoklip t\u00eb ri. Kjo ka ndodhur si pasoj\u00eb e rrethanave t\u00eb krijuara n\u00eb tregun ton\u00eb muzikor vjet\u00ebve t\u00eb fundit, q\u00eb k\u00ebng\u00ebtari e quan \u201cjo rregull\u201d. [&hellip;]<\/p>\n","protected":false},"author":1,"featured_media":0,"comment_status":"open","ping_status":"closed","sticky":false,"template":"","format":"standard","meta":{"spay_email":"","jetpack_publicize_message":"","jetpack_is_tweetstorm":false,"jetpack_publicize_feature_enabled":true},"categories":[1],"tags":[5199,5200],"jetpack_publicize_connections":[],"yoast_head":"<!-- This site is optimized with the Yoast SEO plugin v19.1 - https:\/\/yoast.com\/wordpress\/plugins\/seo\/ -->\n<title>Xuxi, gati p\u00ebr rikthim n\u00eb sken\u00ebn muzikore - Lajme nga Ulqini<\/title>\n<meta name=\"description\" content=\"Pas videoprojektit muzikor \u201cFanky ty t\u00eb z\u00ebvend\u00ebson\u201d, ka koh\u00eb q\u00eb Xuxi, emri i v\u00ebrtet\u00eb i t\u00eb cilit \u00ebsht\u00eb Naim Bunjaku, nuk \u00ebsht\u00eb prezantuar n\u00eb mediat tona me\" \/>\n<meta name=\"robots\" content=\"index, follow, max-snippet:-1, max-image-preview:large, max-video-preview:-1\" \/>\n<link rel=\"canonical\" href=\"https:\/\/www.visit-ulcinj.com\/blog\/2008\/12\/10\/xuxi-gati-per-rikthim-ne-skenen-muzikore\/\" \/>\n<meta property=\"og:locale\" content=\"en_US\" \/>\n<meta property=\"og:type\" content=\"article\" \/>\n<meta property=\"og:title\" content=\"Xuxi, gati p\u00ebr rikthim n\u00eb sken\u00ebn muzikore - Lajme nga Ulqini\" \/>\n<meta property=\"og:description\" content=\"Pas videoprojektit muzikor \u201cFanky ty t\u00eb z\u00ebvend\u00ebson\u201d, ka koh\u00eb q\u00eb Xuxi, emri i v\u00ebrtet\u00eb i t\u00eb cilit \u00ebsht\u00eb Naim Bunjaku, nuk \u00ebsht\u00eb prezantuar n\u00eb mediat tona me\" \/>\n<meta property=\"og:url\" content=\"https:\/\/www.visit-ulcinj.com\/blog\/2008\/12\/10\/xuxi-gati-per-rikthim-ne-skenen-muzikore\/\" \/>\n<meta property=\"og:site_name\" content=\"Lajme nga Ulqini\" \/>\n<meta property=\"article:published_time\" content=\"2008-12-10T18:56:29+00:00\" \/>\n<meta property=\"og:image\" content=\"http:\/\/www.visit-ulcinj.com\/blog\/wp-content\/uploads\/2008\/12\/naim-bunjaku_xuxi-203x300.jpg\" \/>\n<meta name=\"twitter:label1\" content=\"Written by\" \/>\n\t<meta name=\"twitter:data1\" content=\"ulqini\" \/>\n\t<meta name=\"twitter:label2\" content=\"Est. reading time\" \/>\n\t<meta name=\"twitter:data2\" content=\"1 minute\" \/>\n<script type=\"application\/ld+json\" class=\"yoast-schema-graph\">{\"@context\":\"https:\/\/schema.org\",\"@graph\":[{\"@type\":\"WebSite\",\"@id\":\"https:\/\/www.visit-ulcinj.com\/blog\/#website\",\"url\":\"https:\/\/www.visit-ulcinj.com\/blog\/\",\"name\":\"Lajme nga Ulqini\",\"description\":\"Lajme,Vijesti,Ulqini,Ulqin,Crna Gora,Mali i Zi\",\"potentialAction\":[{\"@type\":\"SearchAction\",\"target\":{\"@type\":\"EntryPoint\",\"urlTemplate\":\"https:\/\/www.visit-ulcinj.com\/blog\/?s={search_term_string}\"},\"query-input\":\"required name=search_term_string\"}],\"inLanguage\":\"en-US\"},{\"@type\":\"ImageObject\",\"inLanguage\":\"en-US\",\"@id\":\"https:\/\/www.visit-ulcinj.com\/blog\/2008\/12\/10\/xuxi-gati-per-rikthim-ne-skenen-muzikore\/#primaryimage\",\"url\":\"http:\/\/www.visit-ulcinj.com\/blog\/wp-content\/uploads\/2008\/12\/naim-bunjaku_xuxi-203x300.jpg\",\"contentUrl\":\"http:\/\/www.visit-ulcinj.com\/blog\/wp-content\/uploads\/2008\/12\/naim-bunjaku_xuxi-203x300.jpg\"},{\"@type\":\"WebPage\",\"@id\":\"https:\/\/www.visit-ulcinj.com\/blog\/2008\/12\/10\/xuxi-gati-per-rikthim-ne-skenen-muzikore\/#webpage\",\"url\":\"https:\/\/www.visit-ulcinj.com\/blog\/2008\/12\/10\/xuxi-gati-per-rikthim-ne-skenen-muzikore\/\",\"name\":\"Xuxi, gati p\u00ebr rikthim n\u00eb sken\u00ebn muzikore - Lajme nga Ulqini\",\"isPartOf\":{\"@id\":\"https:\/\/www.visit-ulcinj.com\/blog\/#website\"},\"primaryImageOfPage\":{\"@id\":\"https:\/\/www.visit-ulcinj.com\/blog\/2008\/12\/10\/xuxi-gati-per-rikthim-ne-skenen-muzikore\/#primaryimage\"},\"datePublished\":\"2008-12-10T18:56:29+00:00\",\"dateModified\":\"2008-12-10T18:56:29+00:00\",\"author\":{\"@id\":\"https:\/\/www.visit-ulcinj.com\/blog\/#\/schema\/person\/dcab619c614d3038751c63bc2aadc06d\"},\"description\":\"Pas videoprojektit muzikor \u201cFanky ty t\u00eb z\u00ebvend\u00ebson\u201d, ka koh\u00eb q\u00eb Xuxi, emri i v\u00ebrtet\u00eb i t\u00eb cilit \u00ebsht\u00eb Naim Bunjaku, nuk \u00ebsht\u00eb prezantuar n\u00eb mediat tona me\",\"breadcrumb\":{\"@id\":\"https:\/\/www.visit-ulcinj.com\/blog\/2008\/12\/10\/xuxi-gati-per-rikthim-ne-skenen-muzikore\/#breadcrumb\"},\"inLanguage\":\"en-US\",\"potentialAction\":[{\"@type\":\"ReadAction\",\"target\":[\"https:\/\/www.visit-ulcinj.com\/blog\/2008\/12\/10\/xuxi-gati-per-rikthim-ne-skenen-muzikore\/\"]}]},{\"@type\":\"BreadcrumbList\",\"@id\":\"https:\/\/www.visit-ulcinj.com\/blog\/2008\/12\/10\/xuxi-gati-per-rikthim-ne-skenen-muzikore\/#breadcrumb\",\"itemListElement\":[{\"@type\":\"ListItem\",\"position\":1,\"name\":\"Xuxi, gati p\u00ebr rikthim n\u00eb sken\u00ebn muzikore\"}]},{\"@type\":\"Person\",\"@id\":\"https:\/\/www.visit-ulcinj.com\/blog\/#\/schema\/person\/dcab619c614d3038751c63bc2aadc06d\",\"name\":\"ulqini\",\"sameAs\":[\"http:\/\/www.visit-ulcinj.com\"],\"url\":\"https:\/\/www.visit-ulcinj.com\/blog\/author\/admin\/\"}]}<\/script>\n<!-- \/ Yoast SEO plugin. -->","yoast_head_json":{"title":"Xuxi, gati p\u00ebr rikthim n\u00eb sken\u00ebn muzikore - Lajme nga Ulqini","description":"Pas videoprojektit muzikor \u201cFanky ty t\u00eb z\u00ebvend\u00ebson\u201d, ka koh\u00eb q\u00eb Xuxi, emri i v\u00ebrtet\u00eb i t\u00eb cilit \u00ebsht\u00eb Naim Bunjaku, nuk \u00ebsht\u00eb prezantuar n\u00eb mediat tona me","robots":{"index":"index","follow":"follow","max-snippet":"max-snippet:-1","max-image-preview":"max-image-preview:large","max-video-preview":"max-video-preview:-1"},"canonical":"https:\/\/www.visit-ulcinj.com\/blog\/2008\/12\/10\/xuxi-gati-per-rikthim-ne-skenen-muzikore\/","og_locale":"en_US","og_type":"article","og_title":"Xuxi, gati p\u00ebr rikthim n\u00eb sken\u00ebn muzikore - Lajme nga Ulqini","og_description":"Pas videoprojektit muzikor \u201cFanky ty t\u00eb z\u00ebvend\u00ebson\u201d, ka koh\u00eb q\u00eb Xuxi, emri i v\u00ebrtet\u00eb i t\u00eb cilit \u00ebsht\u00eb Naim Bunjaku, nuk \u00ebsht\u00eb prezantuar n\u00eb mediat tona me","og_url":"https:\/\/www.visit-ulcinj.com\/blog\/2008\/12\/10\/xuxi-gati-per-rikthim-ne-skenen-muzikore\/","og_site_name":"Lajme nga Ulqini","article_published_time":"2008-12-10T18:56:29+00:00","og_image":[{"url":"http:\/\/www.visit-ulcinj.com\/blog\/wp-content\/uploads\/2008\/12\/naim-bunjaku_xuxi-203x300.jpg"}],"twitter_misc":{"Written by":"ulqini","Est. reading time":"1 minute"},"schema":{"@context":"https:\/\/schema.org","@graph":[{"@type":"WebSite","@id":"https:\/\/www.visit-ulcinj.com\/blog\/#website","url":"https:\/\/www.visit-ulcinj.com\/blog\/","name":"Lajme nga Ulqini","description":"Lajme,Vijesti,Ulqini,Ulqin,Crna Gora,Mali i Zi","potentialAction":[{"@type":"SearchAction","target":{"@type":"EntryPoint","urlTemplate":"https:\/\/www.visit-ulcinj.com\/blog\/?s={search_term_string}"},"query-input":"required name=search_term_string"}],"inLanguage":"en-US"},{"@type":"ImageObject","inLanguage":"en-US","@id":"https:\/\/www.visit-ulcinj.com\/blog\/2008\/12\/10\/xuxi-gati-per-rikthim-ne-skenen-muzikore\/#primaryimage","url":"http:\/\/www.visit-ulcinj.com\/blog\/wp-content\/uploads\/2008\/12\/naim-bunjaku_xuxi-203x300.jpg","contentUrl":"http:\/\/www.visit-ulcinj.com\/blog\/wp-content\/uploads\/2008\/12\/naim-bunjaku_xuxi-203x300.jpg"},{"@type":"WebPage","@id":"https:\/\/www.visit-ulcinj.com\/blog\/2008\/12\/10\/xuxi-gati-per-rikthim-ne-skenen-muzikore\/#webpage","url":"https:\/\/www.visit-ulcinj.com\/blog\/2008\/12\/10\/xuxi-gati-per-rikthim-ne-skenen-muzikore\/","name":"Xuxi, gati p\u00ebr rikthim n\u00eb sken\u00ebn muzikore - Lajme nga Ulqini","isPartOf":{"@id":"https:\/\/www.visit-ulcinj.com\/blog\/#website"},"primaryImageOfPage":{"@id":"https:\/\/www.visit-ulcinj.com\/blog\/2008\/12\/10\/xuxi-gati-per-rikthim-ne-skenen-muzikore\/#primaryimage"},"datePublished":"2008-12-10T18:56:29+00:00","dateModified":"2008-12-10T18:56:29+00:00","author":{"@id":"https:\/\/www.visit-ulcinj.com\/blog\/#\/schema\/person\/dcab619c614d3038751c63bc2aadc06d"},"description":"Pas videoprojektit muzikor \u201cFanky ty t\u00eb z\u00ebvend\u00ebson\u201d, ka koh\u00eb q\u00eb Xuxi, emri i v\u00ebrtet\u00eb i t\u00eb cilit \u00ebsht\u00eb Naim Bunjaku, nuk \u00ebsht\u00eb prezantuar n\u00eb mediat tona me","breadcrumb":{"@id":"https:\/\/www.visit-ulcinj.com\/blog\/2008\/12\/10\/xuxi-gati-per-rikthim-ne-skenen-muzikore\/#breadcrumb"},"inLanguage":"en-US","potentialAction":[{"@type":"ReadAction","target":["https:\/\/www.visit-ulcinj.com\/blog\/2008\/12\/10\/xuxi-gati-per-rikthim-ne-skenen-muzikore\/"]}]},{"@type":"BreadcrumbList","@id":"https:\/\/www.visit-ulcinj.com\/blog\/2008\/12\/10\/xuxi-gati-per-rikthim-ne-skenen-muzikore\/#breadcrumb","itemListElement":[{"@type":"ListItem","position":1,"name":"Xuxi, gati p\u00ebr rikthim n\u00eb sken\u00ebn muzikore"}]},{"@type":"Person","@id":"https:\/\/www.visit-ulcinj.com\/blog\/#\/schema\/person\/dcab619c614d3038751c63bc2aadc06d","name":"ulqini","sameAs":["http:\/\/www.visit-ulcinj.com"],"url":"https:\/\/www.visit-ulcinj.com\/blog\/author\/admin\/"}]}},"jetpack_featured_media_url":"","jetpack_sharing_enabled":true,"jetpack_shortlink":"https:\/\/wp.me\/pe6lTn-1Qd","_links":{"self":[{"href":"https:\/\/www.visit-ulcinj.com\/blog\/wp-json\/wp\/v2\/posts\/7081"}],"collection":[{"href":"https:\/\/www.visit-ulcinj.com\/blog\/wp-json\/wp\/v2\/posts"}],"about":[{"href":"https:\/\/www.visit-ulcinj.com\/blog\/wp-json\/wp\/v2\/types\/post"}],"author":[{"embeddable":true,"href":"https:\/\/www.visit-ulcinj.com\/blog\/wp-json\/wp\/v2\/users\/1"}],"replies":[{"embeddable":true,"href":"https:\/\/www.visit-ulcinj.com\/blog\/wp-json\/wp\/v2\/comments?post=7081"}],"version-history":[{"count":0,"href":"https:\/\/www.visit-ulcinj.com\/blog\/wp-json\/wp\/v2\/posts\/7081\/revisions"}],"wp:attachment":[{"href":"https:\/\/www.visit-ulcinj.com\/blog\/wp-json\/wp\/v2\/media?parent=7081"}],"wp:term":[{"taxonomy":"category","embeddable":true,"href":"https:\/\/www.visit-ulcinj.com\/blog\/wp-json\/wp\/v2\/categories?post=7081"},{"taxonomy":"post_tag","embeddable":true,"href":"https:\/\/www.visit-ulcinj.com\/blog\/wp-json\/wp\/v2\/tags?post=7081"}],"curies":[{"name":"wp","href":"https:\/\/api.w.org\/{rel}","templated":true}]}}